{"id":4035,"date":"2016-06-01T11:00:57","date_gmt":"2016-06-01T11:00:57","guid":{"rendered":"http:\/\/www.biancoscuro.it\/site\/?p=4035"},"modified":"2016-06-07T20:51:03","modified_gmt":"2016-06-07T20:51:03","slug":"lopinione-etienne-de-bricassarde","status":"publish","type":"post","link":"https:\/\/www.biancoscuro.it\/site\/lopinione-etienne-de-bricassarde\/","title":{"rendered":"L\u2019Opinione di \u00c9tienne de Bricassarde"},"content":{"rendered":"<span class=\"span-reading-time rt-reading-time\" style=\"display: block;\"><span class=\"rt-label rt-prefix\">\u23f0 lettura <\/span> <span class=\"rt-time\"> 2<\/span> <span class=\"rt-label rt-postfix\">min. <br><br><\/span><\/span><h3><b><i><img loading=\"lazy\" decoding=\"async\" class=\" wp-image-4037 alignleft\" src=\"http:\/\/www.biancoscuro.it\/site\/wp-content\/uploads\/2016\/06\/etiennedebricassarde500.jpg\" alt=\"Etiennne de Bricassarde\" width=\"334\" height=\"575\" srcset=\"https:\/\/www.biancoscuro.it\/site\/wp-content\/uploads\/2016\/06\/etiennedebricassarde500.jpg 500w, https:\/\/www.biancoscuro.it\/site\/wp-content\/uploads\/2016\/06\/etiennedebricassarde500-174x300.jpg 174w, https:\/\/www.biancoscuro.it\/site\/wp-content\/uploads\/2016\/06\/etiennedebricassarde500-300x517.jpg 300w\" sizes=\"auto, (max-width: 334px) 100vw, 334px\" \/>Frapp\u00e8<\/i><\/b> contemporaneo<\/h3>\n<p><b>Non accetto nella maniera pi\u00f9 categorica che si massifichi tutto a mescolanza di stili ed epoche<\/b>, mescolando l\u2019Arte moderna con l\u2019Arte contemporanea e relative specializzazioni e continuit\u00e0 del passato. Vanno penalizzati i galleristi che mescolano epoche e stili, cos\u00ec come il proporre artisti che perpetuano copiando stili assodati del passato, e quindi riproposti ad un mercato di molti <i>ingombranti ignorantelli di corte<\/i> che nemmeno sanno o hanno studiato la Storia dell\u2019Arte e le sue epoche. Quindi un frullare il gi\u00e0 frullato. Arriviamo cos\u00ec oggi a diseducazione e improvvisazione, oltre che ad una grande poca volont\u00e0 di ricerca, perch\u00e9 pi\u00f9 \u201crischiosa\u201d.<\/p>\n<p><i>Non si pu\u00f2 pensare di vendere Arte rimanendo seduti impettiti dietro ad un<\/i> \u201c<b><i>Mac<\/i><\/b>\u201d, sempre se c\u2019\u00e8, ovviamente. Il \u201c<b><i>Mac<\/i><\/b>\u201d non \u00e8 uno smoking da indossare per mostrarsi finti snob. Inoltre, a mio parere, le fiere, come strutturate oggi, andrebbero riviste su base di persone preparate in materia. Le esposizioni dovrebbero dividere per sempre le epoche, svincolando l\u2019Arte contemporanea fatta di ricerca, e non di <i>copiatura di un claustrofobico passato<\/i> fatto di opere invendute che oggi ci ripropongono. Credo, a questo punto, che andrebbero gettate tutte quelle opere invendute che non sono assolutamente contemporanee, nonostante ci sia chi vuole farle passare per l\u2019Arte odierna. Il collezionista d\u2019oggi \u00e8 un trentacinquenne disilluso, che conosce le regole dell\u2019Arte contemporanea e del suo perpetuo meccanismo orientato al puro marketing, decodificato a suo tempo da <i>un pubblicitario, un certo Warhol<\/i>, pioniere e precursore di ci\u00f2 che oggi \u00e8 la regola, fedele a quel suo concetto primordiale del <i>\u201cchi sa vendersi meglio\u201d<\/i>.<\/p>\n<p><b>Non vedremmo pi\u00f9 quarantenni chiedere di Fontana<\/b>. Credo che si sia fatto <b>un enorme frullato privo di solidit\u00e0<\/b>, una crisi mentale, pi\u00f9 che di denaro a mio avviso, ma oggi non pi\u00f9 accettabile. <i>Il moderno non sar\u00e0 mai contemporaneo,<\/i> quindi esporre un patchwork di stili che disorientano il cliente finale (per l\u2019uno e per l\u2019altro settore), va evitato.<\/p>\n<p>Si impari a diversificare le epoche, le et\u00e0, creando saloni esclusivi per emergenti veri: solo cos\u00ec si potr\u00e0 scremare <i>un groviglio di vecchie e subdole regole del passato<\/i>. <b><i>Bruciate i de Chirico innalzate la giovent\u00f9<\/i><\/b>, quella che detter\u00e0 il futuro dell\u2019oggi, gi\u00e0 legge di pensiero e regola di professione.<\/p>\n<p><img loading=\"lazy\" decoding=\"async\" class=\"alignnone size-full wp-image-4036\" src=\"http:\/\/www.biancoscuro.it\/site\/wp-content\/uploads\/2016\/06\/firmaetiennneDB.jpg\" alt=\"firmaetiennneDB\" width=\"400\" height=\"65\" srcset=\"https:\/\/www.biancoscuro.it\/site\/wp-content\/uploads\/2016\/06\/firmaetiennneDB.jpg 400w, https:\/\/www.biancoscuro.it\/site\/wp-content\/uploads\/2016\/06\/firmaetiennneDB-300x49.jpg 300w\" sizes=\"auto, (max-width: 400px) 100vw, 400px\" \/><\/p>\n<p>\u00c9tienne de Bricassarde<br \/>\nOpinionista<\/p>\n","protected":false},"excerpt":{"rendered":"<p><span class=\"span-reading-time rt-reading-time\" style=\"display: block;\"><span class=\"rt-label rt-prefix\">\u23f0 lettura <\/span> <span class=\"rt-time\"> 2<\/span> <span class=\"rt-label rt-postfix\">min. <\/p>\n<p><\/span><\/span>Frapp\u00e8 contemporaneo Non accetto nella maniera pi\u00f9 categorica che si massifichi tutto a mescolanza di stili ed epoche, mescolando l\u2019Arte moderna con l\u2019Arte contemporanea e relative specializzazioni e continuit\u00e0 del passato. Vanno penalizzati i galleristi che mescolano epoche e stili, cos\u00ec come il proporre artisti che perpetuano copiando stili assodati del passato, e quindi riproposti&hellip;&nbsp;<a href=\"https:\/\/www.biancoscuro.it\/site\/lopinione-etienne-de-bricassarde\/\" rel=\"bookmark\">Leggi tutto &raquo;<span class=\"screen-reader-text\">L\u2019Opinione di \u00c9tienne de Bricassarde<\/span><\/a><\/p>\n","protected":false},"author":984,"featured_media":4037,"comment_status":"closed","ping_status":"closed","sticky":false,"template":"","format":"standard","meta":{"neve_meta_sidebar":"","neve_meta_container":"","neve_meta_enable_content_width":"","neve_meta_content_width":0,"neve_meta_title_alignment":"","neve_meta_author_avatar":"","neve_post_elements_order":"","neve_meta_disable_header":"","neve_meta_disable_footer":"","neve_meta_disable_title":"","advanced_seo_description":"","jetpack_seo_html_title":"","jetpack_seo_noindex":false,"footnotes":""},"categories":[470,5,32,692,15],"tags":[],"class_list":["post-4035","post","type-post","status-publish","format-standard","has-post-thumbnail","hentry","category-art-magazine","category-arte","category-editoria","category-opinione","category-rivista-darte"],"jetpack_featured_media_url":"https:\/\/www.biancoscuro.it\/site\/wp-content\/uploads\/2016\/06\/etiennedebricassarde500.jpg","jetpack_sharing_enabled":true,"jetpack-related-posts":[{"id":4524,"url":"https:\/\/www.biancoscuro.it\/site\/lopinione-etienne-de-bricassarde-2\/","url_meta":{"origin":4035,"position":0},"title":"L\u2019Opinione di \u00c9tienne de Bricassarde","author":"\u00c9tienne de Bricassarde","date":"1 Ottobre 2016","format":false,"excerpt":"Alla Koons o alla Leroy Merlin? Gli artisti si possono suddividere tra quelli alla \u201cKoons\u201d e quelli alla \u201cLeroy Merlin\u201d: nella prima gli Artisti con la A maiuscola, nella seconda gli Hobbisti con la H. A questo riguardo abbiamo assistito a una grande confusione negli ultimi 5 anni. Cercher\u00f2, in\u2026","rel":"","context":"In &quot;arte&quot;","block_context":{"text":"arte","link":"https:\/\/www.biancoscuro.it\/site\/category\/arte\/"},"img":{"alt_text":"","src":"https:\/\/i0.wp.com\/www.biancoscuro.it\/site\/wp-content\/uploads\/2016\/06\/etiennedebricassarde500.jpg?resize=350%2C200&ssl=1","width":350,"height":200},"classes":[]},{"id":10652,"url":"https:\/\/www.biancoscuro.it\/site\/click-art-lo-scatto-dellarte-una-nuova-attivita-didattica-della-fondazione-ragghianti-disponibile-sul-web\/","url_meta":{"origin":4035,"position":1},"title":"CLICK ART | lo scatto dell&#8217;arte","author":"Chiara","date":"28 Maggio 2020","format":false,"excerpt":"Una nuova attivit\u00e0 didattica della Fondazione Ragghianti disponibile sul web Nell\u2019impossibilit\u00e0 di svolgere \u201cin presenza\u201d i laboratori artistici che avrebbero coinvolto decine di classi delle scuole della provincia di Lucca, la Fondazione Ragghianti propone un progetto online per stimolare anche a distanza la curiosit\u00e0 e il desiderio di conoscenza dei\u2026","rel":"","context":"In &quot;arte&quot;","block_context":{"text":"arte","link":"https:\/\/www.biancoscuro.it\/site\/category\/arte\/"},"img":{"alt_text":"","src":"https:\/\/i0.wp.com\/www.biancoscuro.it\/site\/wp-content\/uploads\/2020\/05\/LAB-WEB-MODI-0.jpg?resize=350%2C200&ssl=1","width":350,"height":200,"srcset":"https:\/\/i0.wp.com\/www.biancoscuro.it\/site\/wp-content\/uploads\/2020\/05\/LAB-WEB-MODI-0.jpg?resize=350%2C200&ssl=1 1x, https:\/\/i0.wp.com\/www.biancoscuro.it\/site\/wp-content\/uploads\/2020\/05\/LAB-WEB-MODI-0.jpg?resize=525%2C300&ssl=1 1.5x, https:\/\/i0.wp.com\/www.biancoscuro.it\/site\/wp-content\/uploads\/2020\/05\/LAB-WEB-MODI-0.jpg?resize=700%2C400&ssl=1 2x"},"classes":[]},{"id":18510,"url":"https:\/\/www.biancoscuro.it\/site\/giovanni-fattori\/","url_meta":{"origin":4035,"position":2},"title":"Giovanni Fattori | La mostra a duecento anni dalla sua nascita","author":"Redazione BIANCOSCURO","date":"19 Maggio 2025","format":false,"excerpt":"L\u2019arte di Giovanni Fattori, uno dei padri del movimento dei Macchiaioli, viene celebrata nella mostra \u201cGiovanni Fattori 1825-1908. Il genio dei Macchiaioli\u201d presso XNL Piacenza dal 29 marzo al 29 giugno 2025. Questa esposizione (in collaborazione con la Galleria d\u2019Arte Moderna Ricci Oddi), curata da Fernando Mazzocca, Giorgio Marini ed\u2026","rel":"","context":"In &quot;arte&quot;","block_context":{"text":"arte","link":"https:\/\/www.biancoscuro.it\/site\/category\/arte\/"},"img":{"alt_text":"","src":"https:\/\/i0.wp.com\/www.biancoscuro.it\/site\/wp-content\/uploads\/2025\/05\/102BIS.La-strada-bianca_796_13152-2.jpg?resize=350%2C200&ssl=1","width":350,"height":200,"srcset":"https:\/\/i0.wp.com\/www.biancoscuro.it\/site\/wp-content\/uploads\/2025\/05\/102BIS.La-strada-bianca_796_13152-2.jpg?resize=350%2C200&ssl=1 1x, https:\/\/i0.wp.com\/www.biancoscuro.it\/site\/wp-content\/uploads\/2025\/05\/102BIS.La-strada-bianca_796_13152-2.jpg?resize=525%2C300&ssl=1 1.5x, https:\/\/i0.wp.com\/www.biancoscuro.it\/site\/wp-content\/uploads\/2025\/05\/102BIS.La-strada-bianca_796_13152-2.jpg?resize=700%2C400&ssl=1 2x"},"classes":[]},{"id":17924,"url":"https:\/\/www.biancoscuro.it\/site\/larte-nei-videogiochi-e-larte-dei-videogiochi\/","url_meta":{"origin":4035,"position":3},"title":"L\u2019arte nei videogiochi e l\u2019arte dei videogiochi","author":"Redazione BIANCOSCURO","date":"2 Dicembre 2024","format":false,"excerpt":"\u00c8 probabile che, parlando di arte e videogiochi, la prima associazione fatta sia una provocazione. Dal momento che il concetto di arte si \u00e8 esteso, inglobando mondi relativamente giovani come quello del cinema o del fumetto, \u00e8 abbastanza naturale che in molti casi si vogliano considerare anche alcuni videogiochi come\u2026","rel":"","context":"In &quot;arte&quot;","block_context":{"text":"arte","link":"https:\/\/www.biancoscuro.it\/site\/category\/arte\/"},"img":{"alt_text":"","src":"https:\/\/i0.wp.com\/www.biancoscuro.it\/site\/wp-content\/uploads\/2024\/12\/videogame-photo-2883074.jpg?resize=350%2C200&ssl=1","width":350,"height":200,"srcset":"https:\/\/i0.wp.com\/www.biancoscuro.it\/site\/wp-content\/uploads\/2024\/12\/videogame-photo-2883074.jpg?resize=350%2C200&ssl=1 1x, https:\/\/i0.wp.com\/www.biancoscuro.it\/site\/wp-content\/uploads\/2024\/12\/videogame-photo-2883074.jpg?resize=525%2C300&ssl=1 1.5x"},"classes":[]},{"id":13560,"url":"https:\/\/www.biancoscuro.it\/site\/urban-classic-by-slasky\/","url_meta":{"origin":4035,"position":4},"title":"Urban Classic By SLASKY","author":"Annarita Luongo","date":"26 Maggio 2022","format":false,"excerpt":"La galleria Bit Gallery presenta la mostra Urban Classic, con vernissage domenica 5 Giugno. Dalle ore 15.00, per i pi\u00f9 piccoli, sar\u00e0 possibile partecipare ad un laboratorio d\u2019arte, che vedr\u00e0 protagoniste le opere di Slasky, all\u2019interno del quale i bambini potranno sentirsi liberi di creare e giocare con varie immagini\u2026","rel":"","context":"In &quot;arte&quot;","block_context":{"text":"arte","link":"https:\/\/www.biancoscuro.it\/site\/category\/arte\/"},"img":{"alt_text":"Urban Classic by slasky","src":"https:\/\/i0.wp.com\/www.biancoscuro.it\/site\/wp-content\/uploads\/2022\/06\/Urban_CLassic_999x.jpg?resize=350%2C200&ssl=1","width":350,"height":200,"srcset":"https:\/\/i0.wp.com\/www.biancoscuro.it\/site\/wp-content\/uploads\/2022\/06\/Urban_CLassic_999x.jpg?resize=350%2C200&ssl=1 1x, https:\/\/i0.wp.com\/www.biancoscuro.it\/site\/wp-content\/uploads\/2022\/06\/Urban_CLassic_999x.jpg?resize=525%2C300&ssl=1 1.5x, https:\/\/i0.wp.com\/www.biancoscuro.it\/site\/wp-content\/uploads\/2022\/06\/Urban_CLassic_999x.jpg?resize=700%2C400&ssl=1 2x"},"classes":[]},{"id":11405,"url":"https:\/\/www.biancoscuro.it\/site\/a-cosa-serve-la-storia-dellarte\/","url_meta":{"origin":4035,"position":5},"title":"A cosa serve la storia dell&#8217;arte","author":"Chiara","date":"16 Dicembre 2020","format":false,"excerpt":"E' uscito per Skira editore il nuovo libro di Luca Nannipieri, critico d'arte e saggista, che si interroga su un quesito fondamentale: a cosa serve la storia dell'arte? E accanto a questo, su altri quesiti fondativi:\u00a0qual \u00e8 il compito dello storico dell\u2019arte? Perch\u00e9 si conservano i manufatti e le opere?\u2026","rel":"","context":"In &quot;arte&quot;","block_context":{"text":"arte","link":"https:\/\/www.biancoscuro.it\/site\/category\/arte\/"},"img":{"alt_text":"","src":"https:\/\/i0.wp.com\/www.biancoscuro.it\/site\/wp-content\/uploads\/2020\/12\/Nannipieri-Storia-dellarte.jpg?resize=350%2C200&ssl=1","width":350,"height":200,"srcset":"https:\/\/i0.wp.com\/www.biancoscuro.it\/site\/wp-content\/uploads\/2020\/12\/Nannipieri-Storia-dellarte.jpg?resize=350%2C200&ssl=1 1x, https:\/\/i0.wp.com\/www.biancoscuro.it\/site\/wp-content\/uploads\/2020\/12\/Nannipieri-Storia-dellarte.jpg?resize=525%2C300&ssl=1 1.5x, https:\/\/i0.wp.com\/www.biancoscuro.it\/site\/wp-content\/uploads\/2020\/12\/Nannipieri-Storia-dellarte.jpg?resize=700%2C400&ssl=1 2x"},"classes":[]}],"_links":{"self":[{"href":"https:\/\/www.biancoscuro.it\/site\/wp-json\/wp\/v2\/posts\/4035","targetHints":{"allow":["GET"]}}],"collection":[{"href":"https:\/\/www.biancoscuro.it\/site\/wp-json\/wp\/v2\/posts"}],"about":[{"href":"https:\/\/www.biancoscuro.it\/site\/wp-json\/wp\/v2\/types\/post"}],"author":[{"embeddable":true,"href":"https:\/\/www.biancoscuro.it\/site\/wp-json\/wp\/v2\/users\/984"}],"replies":[{"embeddable":true,"href":"https:\/\/www.biancoscuro.it\/site\/wp-json\/wp\/v2\/comments?post=4035"}],"version-history":[{"count":0,"href":"https:\/\/www.biancoscuro.it\/site\/wp-json\/wp\/v2\/posts\/4035\/revisions"}],"wp:featuredmedia":[{"embeddable":true,"href":"https:\/\/www.biancoscuro.it\/site\/wp-json\/wp\/v2\/media\/4037"}],"wp:attachment":[{"href":"https:\/\/www.biancoscuro.it\/site\/wp-json\/wp\/v2\/media?parent=4035"}],"wp:term":[{"taxonomy":"category","embeddable":true,"href":"https:\/\/www.biancoscuro.it\/site\/wp-json\/wp\/v2\/categories?post=4035"},{"taxonomy":"post_tag","embeddable":true,"href":"https:\/\/www.biancoscuro.it\/site\/wp-json\/wp\/v2\/tags?post=4035"}],"curies":[{"name":"wp","href":"https:\/\/api.w.org\/{rel}","templated":true}]}}