{"id":4076,"date":"2016-06-16T11:50:00","date_gmt":"2016-06-16T11:50:00","guid":{"rendered":"http:\/\/www.biancoscuro.it\/site\/?p=4076"},"modified":"2016-07-06T10:11:41","modified_gmt":"2016-07-06T10:11:41","slug":"grande-attesa-per-art-basel-2016","status":"publish","type":"post","link":"https:\/\/www.biancoscuro.it\/site\/grande-attesa-per-art-basel-2016\/","title":{"rendered":"Grande attesa per ART Basel 2016"},"content":{"rendered":"<span class=\"span-reading-time rt-reading-time\" style=\"display: block;\"><span class=\"rt-label rt-prefix\">\u23f0 lettura <\/span> <span class=\"rt-time\"> 3<\/span> <span class=\"rt-label rt-postfix\">min. <br><br><\/span><\/span><h2>L&#8217;attesa per ART Basel 2016 \u00e8 finita.<\/h2>\n<h3>Grande inaugurazione mercoled\u00ec 15 giugno a Basilea: Signori, <b>Art Basel 2016<\/b> si \u00e8 ufficialmente mostrata al mondo.<\/h3>\n<figure id=\"attachment_4083\" aria-describedby=\"caption-attachment-4083\" style=\"width: 1000px\" class=\"wp-caption alignnone\"><img loading=\"lazy\" decoding=\"async\" class=\"size-full wp-image-4083\" src=\"http:\/\/www.biancoscuro.it\/site\/wp-content\/uploads\/2016\/06\/ABB16__General_Impressions__Misc__PR___84B0416_HiRes.jpg\" alt=\"\u00a9 Art Basel\" width=\"1000\" height=\"667\" srcset=\"https:\/\/www.biancoscuro.it\/site\/wp-content\/uploads\/2016\/06\/ABB16__General_Impressions__Misc__PR___84B0416_HiRes.jpg 1000w, https:\/\/www.biancoscuro.it\/site\/wp-content\/uploads\/2016\/06\/ABB16__General_Impressions__Misc__PR___84B0416_HiRes-300x200.jpg 300w, https:\/\/www.biancoscuro.it\/site\/wp-content\/uploads\/2016\/06\/ABB16__General_Impressions__Misc__PR___84B0416_HiRes-768x512.jpg 768w, https:\/\/www.biancoscuro.it\/site\/wp-content\/uploads\/2016\/06\/ABB16__General_Impressions__Misc__PR___84B0416_HiRes-600x400.jpg 600w\" sizes=\"auto, (max-width: 1000px) 100vw, 1000px\" \/><figcaption id=\"caption-attachment-4083\" class=\"wp-caption-text\">\u00a9 Art Basel<\/figcaption><\/figure>\n<p>L&#8217;appuntamento pi\u00f9 importante per l&#8217;Arte moderna e contemporanea \u00e8 giunto alla sua <b>47esima edizione<\/b>, e continua ad essere un vero e proprio \u201ctermometro\u201d che mostra evoluzioni ed involuzioni del fare Arte. Autori (oltre 4.000), opere, gallerie rinomate (286), Art Basel \u00e8 ancora una volta <b>il fulcro di tutto<\/b>: \u00e8 qui che i maggiori collezionisti mondiali si recano per il loro shopping artistico, \u00e8 qui che si decide il mercato, \u00e8 qui che si viene consacrati (se ancora non lo si \u00e8 abbastanza). Tra le Gallerie italiane presenti possiamo annoverare <b>Galleria Continua<\/b> di San Giminiano, <b>Galleria Franco Noero<\/b> e <b>Mazzoleni<\/b>, entrambe di Torino, <b>Magazzino<\/b> di Roma, <b>Zero<\/b> di Milano e altri; <b>Tornabuoni<\/b> \u00e8 invece presente con la sua sede parigina.<\/p>\n<figure id=\"attachment_4085\" aria-describedby=\"caption-attachment-4085\" style=\"width: 1000px\" class=\"wp-caption alignnone\"><img loading=\"lazy\" decoding=\"async\" class=\"size-full wp-image-4085\" src=\"http:\/\/www.biancoscuro.it\/site\/wp-content\/uploads\/2016\/06\/ABB16__Unlimited__Mitchell_Innes_and_Nash__Pope_L__PR___DSC9457.j_HiRes.jpg\" alt=\"Mitchell Innes and Nash | Pope L \u00a9 Art Basel\" width=\"1000\" height=\"666\" srcset=\"https:\/\/www.biancoscuro.it\/site\/wp-content\/uploads\/2016\/06\/ABB16__Unlimited__Mitchell_Innes_and_Nash__Pope_L__PR___DSC9457.j_HiRes.jpg 1000w, https:\/\/www.biancoscuro.it\/site\/wp-content\/uploads\/2016\/06\/ABB16__Unlimited__Mitchell_Innes_and_Nash__Pope_L__PR___DSC9457.j_HiRes-300x200.jpg 300w, https:\/\/www.biancoscuro.it\/site\/wp-content\/uploads\/2016\/06\/ABB16__Unlimited__Mitchell_Innes_and_Nash__Pope_L__PR___DSC9457.j_HiRes-768x511.jpg 768w, https:\/\/www.biancoscuro.it\/site\/wp-content\/uploads\/2016\/06\/ABB16__Unlimited__Mitchell_Innes_and_Nash__Pope_L__PR___DSC9457.j_HiRes-600x400.jpg 600w\" sizes=\"auto, (max-width: 1000px) 100vw, 1000px\" \/><figcaption id=\"caption-attachment-4085\" class=\"wp-caption-text\">Mitchell Innes and Nash | Pope L \u00a9 Art Basel<\/figcaption><\/figure>\n<figure id=\"attachment_4082\" aria-describedby=\"caption-attachment-4082\" style=\"width: 1000px\" class=\"wp-caption alignnone\"><img loading=\"lazy\" decoding=\"async\" class=\"size-full wp-image-4082\" src=\"http:\/\/www.biancoscuro.it\/site\/wp-content\/uploads\/2016\/06\/ABB16__Galleries__PR__Tucci_Russo_Studio_per_l_Arte_Contemporanea_HiRes.jpg\" alt=\"Tucci Russo | Studio per l'Arte Contemporanea \u00a9 Art Basel\" width=\"1000\" height=\"667\" srcset=\"https:\/\/www.biancoscuro.it\/site\/wp-content\/uploads\/2016\/06\/ABB16__Galleries__PR__Tucci_Russo_Studio_per_l_Arte_Contemporanea_HiRes.jpg 1000w, https:\/\/www.biancoscuro.it\/site\/wp-content\/uploads\/2016\/06\/ABB16__Galleries__PR__Tucci_Russo_Studio_per_l_Arte_Contemporanea_HiRes-300x200.jpg 300w, https:\/\/www.biancoscuro.it\/site\/wp-content\/uploads\/2016\/06\/ABB16__Galleries__PR__Tucci_Russo_Studio_per_l_Arte_Contemporanea_HiRes-768x512.jpg 768w, https:\/\/www.biancoscuro.it\/site\/wp-content\/uploads\/2016\/06\/ABB16__Galleries__PR__Tucci_Russo_Studio_per_l_Arte_Contemporanea_HiRes-600x400.jpg 600w\" sizes=\"auto, (max-width: 1000px) 100vw, 1000px\" \/><figcaption id=\"caption-attachment-4082\" class=\"wp-caption-text\">Tucci Russo | Studio per l&#8217;Arte Contemporanea \u00a9 Art Basel<\/figcaption><\/figure>\n<p>Art Basel \u00e8 composta da pi\u00f9 settori, che insieme comprendono una vasta gamma di mezzi artistici, tra cui dipinti, sculture, installazioni, film e video, multipli, stampe, fotografia e performance dal vivo: <i>\u201cGalleries\u201d<\/i> e <i>\u201cFeature\u201d<\/i> per gli artisti storicizzati, <i>\u201cStatement\u201d<\/i> per i solo show degli artisti emergenti, in lizza per il Premio Art Baloise, <i>\u201cUnlimited\u201d<\/i> per i grandi progetti d&#8217;avanguardia e <i>\u201cParcours\u201d<\/i> che riunisce storicizzati ed emergenti al di fuori degli spazi fieristici, <i>\u201cEdition\u201d<\/i>, settore in cui i creatori di opere a tiratura limitata mostrano i frutti della collaborazione con Artisti famosi, ed infine <i>\u201cFilm\u201d<\/i>, proiezioni di fimati sperimentali.<\/p>\n<figure id=\"attachment_4080\" aria-describedby=\"caption-attachment-4080\" style=\"width: 1000px\" class=\"wp-caption alignnone\"><img loading=\"lazy\" decoding=\"async\" class=\"size-full wp-image-4080\" src=\"http:\/\/www.biancoscuro.it\/site\/wp-content\/uploads\/2016\/06\/ABB16__Feature__PR__Salvatore_Scarpitta__Tornabuoni_Art___Q4Q0019_HiRes.jpg\" alt=\"Salvatore Scarpitta | Tornabuoni Art \u00a9 Art Basel\" width=\"1000\" height=\"667\" srcset=\"https:\/\/www.biancoscuro.it\/site\/wp-content\/uploads\/2016\/06\/ABB16__Feature__PR__Salvatore_Scarpitta__Tornabuoni_Art___Q4Q0019_HiRes.jpg 1000w, https:\/\/www.biancoscuro.it\/site\/wp-content\/uploads\/2016\/06\/ABB16__Feature__PR__Salvatore_Scarpitta__Tornabuoni_Art___Q4Q0019_HiRes-300x200.jpg 300w, https:\/\/www.biancoscuro.it\/site\/wp-content\/uploads\/2016\/06\/ABB16__Feature__PR__Salvatore_Scarpitta__Tornabuoni_Art___Q4Q0019_HiRes-768x512.jpg 768w, https:\/\/www.biancoscuro.it\/site\/wp-content\/uploads\/2016\/06\/ABB16__Feature__PR__Salvatore_Scarpitta__Tornabuoni_Art___Q4Q0019_HiRes-600x400.jpg 600w\" sizes=\"auto, (max-width: 1000px) 100vw, 1000px\" \/><figcaption id=\"caption-attachment-4080\" class=\"wp-caption-text\">Salvatore Scarpitta | Tornabuoni Art \u00a9 Art Basel<\/figcaption><\/figure>\n<figure id=\"attachment_4081\" aria-describedby=\"caption-attachment-4081\" style=\"width: 1000px\" class=\"wp-caption alignnone\"><img loading=\"lazy\" decoding=\"async\" class=\"size-full wp-image-4081\" src=\"http:\/\/www.biancoscuro.it\/site\/wp-content\/uploads\/2016\/06\/ABB16__Galleri_Nicolai_Wallner__Galleries__PR___84B1458_HiRes.jpg\" alt=\"Galleri Nicolai Wallner | Galleries \u00a9 Art Basel\" width=\"1000\" height=\"667\" srcset=\"https:\/\/www.biancoscuro.it\/site\/wp-content\/uploads\/2016\/06\/ABB16__Galleri_Nicolai_Wallner__Galleries__PR___84B1458_HiRes.jpg 1000w, https:\/\/www.biancoscuro.it\/site\/wp-content\/uploads\/2016\/06\/ABB16__Galleri_Nicolai_Wallner__Galleries__PR___84B1458_HiRes-300x200.jpg 300w, https:\/\/www.biancoscuro.it\/site\/wp-content\/uploads\/2016\/06\/ABB16__Galleri_Nicolai_Wallner__Galleries__PR___84B1458_HiRes-768x512.jpg 768w, https:\/\/www.biancoscuro.it\/site\/wp-content\/uploads\/2016\/06\/ABB16__Galleri_Nicolai_Wallner__Galleries__PR___84B1458_HiRes-600x400.jpg 600w\" sizes=\"auto, (max-width: 1000px) 100vw, 1000px\" \/><figcaption id=\"caption-attachment-4081\" class=\"wp-caption-text\">Galleri Nicolai Wallner | Galleries \u00a9 Art Basel<\/figcaption><\/figure>\n<p><b>Art Basel \u00e8 aperta al pubblico sino a domenica 19 giugno<\/b>, e se spesso basta un giorno per farsi un&#8217;idea del percorso espositivo, ad Art Basel sono necessari tutti e quattro i giorni di apertura, per immergersi nell&#8217;Arte e nel mercato odierno, per ammirare e stupirsi (si spera) dell&#8217;innovazione artistica.<\/p>\n<figure id=\"attachment_4079\" aria-describedby=\"caption-attachment-4079\" style=\"width: 1000px\" class=\"wp-caption alignnone\"><img loading=\"lazy\" decoding=\"async\" class=\"size-full wp-image-4079\" src=\"http:\/\/www.biancoscuro.it\/site\/wp-content\/uploads\/2016\/06\/ABB16__Davide_Balula__Gagosian_Gallery__galerie_frank_elbaz__PR___HiRes.jpg\" alt=\"Davide Balula | Gagosian Gallery | galerie frank elba \u00a9 Art Basel\" width=\"1000\" height=\"666\" srcset=\"https:\/\/www.biancoscuro.it\/site\/wp-content\/uploads\/2016\/06\/ABB16__Davide_Balula__Gagosian_Gallery__galerie_frank_elbaz__PR___HiRes.jpg 1000w, https:\/\/www.biancoscuro.it\/site\/wp-content\/uploads\/2016\/06\/ABB16__Davide_Balula__Gagosian_Gallery__galerie_frank_elbaz__PR___HiRes-300x200.jpg 300w, https:\/\/www.biancoscuro.it\/site\/wp-content\/uploads\/2016\/06\/ABB16__Davide_Balula__Gagosian_Gallery__galerie_frank_elbaz__PR___HiRes-768x511.jpg 768w, https:\/\/www.biancoscuro.it\/site\/wp-content\/uploads\/2016\/06\/ABB16__Davide_Balula__Gagosian_Gallery__galerie_frank_elbaz__PR___HiRes-600x400.jpg 600w\" sizes=\"auto, (max-width: 1000px) 100vw, 1000px\" \/><figcaption id=\"caption-attachment-4079\" class=\"wp-caption-text\">Davide Balula | Gagosian Gallery | galerie frank elba \u00a9 Art Basel<\/figcaption><\/figure>\n<figure id=\"attachment_4078\" aria-describedby=\"caption-attachment-4078\" style=\"width: 1000px\" class=\"wp-caption alignnone\"><img loading=\"lazy\" decoding=\"async\" class=\"size-full wp-image-4078\" src=\"http:\/\/www.biancoscuro.it\/site\/wp-content\/uploads\/2016\/06\/ABB16__Dan_Graham__Lisson_Gallery__PR__Unlimited___DSC9139_HiRes.jpg\" alt=\"Dan_Graham | Lisson_Gallery \u00a9 Art Basel\" width=\"1000\" height=\"666\" srcset=\"https:\/\/www.biancoscuro.it\/site\/wp-content\/uploads\/2016\/06\/ABB16__Dan_Graham__Lisson_Gallery__PR__Unlimited___DSC9139_HiRes.jpg 1000w, https:\/\/www.biancoscuro.it\/site\/wp-content\/uploads\/2016\/06\/ABB16__Dan_Graham__Lisson_Gallery__PR__Unlimited___DSC9139_HiRes-300x200.jpg 300w, https:\/\/www.biancoscuro.it\/site\/wp-content\/uploads\/2016\/06\/ABB16__Dan_Graham__Lisson_Gallery__PR__Unlimited___DSC9139_HiRes-768x511.jpg 768w, https:\/\/www.biancoscuro.it\/site\/wp-content\/uploads\/2016\/06\/ABB16__Dan_Graham__Lisson_Gallery__PR__Unlimited___DSC9139_HiRes-600x400.jpg 600w\" sizes=\"auto, (max-width: 1000px) 100vw, 1000px\" \/><figcaption id=\"caption-attachment-4078\" class=\"wp-caption-text\">Dan_Graham | Lisson_Gallery \u00a9 Art Basel<\/figcaption><\/figure>\n<p>&nbsp;<\/p>\n<p>&nbsp;<\/p>\n","protected":false},"excerpt":{"rendered":"<p><span class=\"span-reading-time rt-reading-time\" style=\"display: block;\"><span class=\"rt-label rt-prefix\">\u23f0 lettura <\/span> <span class=\"rt-time\"> 3<\/span> <span class=\"rt-label rt-postfix\">min. <\/p>\n<p><\/span><\/span>L&#8217;attesa per ART Basel 2016 \u00e8 finita. Grande inaugurazione mercoled\u00ec 15 giugno a Basilea: Signori, Art Basel 2016 si \u00e8 ufficialmente mostrata al mondo. L&#8217;appuntamento pi\u00f9 importante per l&#8217;Arte moderna e contemporanea \u00e8 giunto alla sua 47esima edizione, e continua ad essere un vero e proprio \u201ctermometro\u201d che mostra evoluzioni ed involuzioni del fare Arte.&hellip;&nbsp;<a href=\"https:\/\/www.biancoscuro.it\/site\/grande-attesa-per-art-basel-2016\/\" rel=\"bookmark\">Leggi tutto &raquo;<span class=\"screen-reader-text\">Grande attesa per ART Basel 2016<\/span><\/a><\/p>\n","protected":false},"author":909,"featured_media":4084,"comment_status":"closed","ping_status":"closed","sticky":false,"template":"","format":"standard","meta":{"neve_meta_sidebar":"","neve_meta_container":"","neve_meta_enable_content_width":"","neve_meta_content_width":0,"neve_meta_title_alignment":"","neve_meta_author_avatar":"","neve_post_elements_order":"","neve_meta_disable_header":"","neve_meta_disable_footer":"","neve_meta_disable_title":"","advanced_seo_description":"","jetpack_seo_html_title":"","jetpack_seo_noindex":false,"footnotes":""},"categories":[5,26,25,8,27,24,15],"tags":[704,714,712,703,706,705,709,708,707,711,713,710,715],"class_list":["post-4076","post","type-post","status-publish","format-standard","has-post-thumbnail","hentry","category-arte","category-eventi","category-fiere","category-fotografia","category-manifestazione","category-mostre","category-rivista-darte","tag-art-basel","tag-edition","tag-feature","tag-galleria-continua","tag-galleria-franco-mazzoleni","tag-galleria-franco-noero","tag-galleria-magazzino","tag-galleria-tornabuoni","tag-galleria-zero","tag-galleries","tag-parcours","tag-statement","tag-unlimited"],"jetpack_featured_media_url":"https:\/\/www.biancoscuro.it\/site\/wp-content\/uploads\/2016\/06\/ABB16__General_Impressions__Misc__PR___Q4Q0053_HiRes.jpg","jetpack_sharing_enabled":true,"jetpack-related-posts":[{"id":8296,"url":"https:\/\/www.biancoscuro.it\/site\/art-basel-miami-beach\/","url_meta":{"origin":4076,"position":0},"title":"Art Basel Miami Beach","author":"Redazione BIANCOSCURO","date":"6 Dicembre 2018","format":false,"excerpt":"Oltre 200 tra le pi\u00f9 importanti gallerie internazionali Aperta ufficialmente il 6 dicembre la 17a edizione di Art Basel Miami Beach.Oltre 200 gallerie leader, di cui 29 ad Art Basel a Miami Beach per la prima volta. Anche quest\u2019anno \u00e8 forte presenza di gallerie e artisti latinoamericani, che riflettono l\u2019importanza\u2026","rel":"","context":"In &quot;art magazine&quot;","block_context":{"text":"art magazine","link":"https:\/\/www.biancoscuro.it\/site\/category\/art-magazine\/"},"img":{"alt_text":"","src":"https:\/\/i0.wp.com\/www.biancoscuro.it\/site\/wp-content\/uploads\/2018\/12\/ABMB18__Misc__General_Impressions__PR_7162_HiRes1000.jpg?resize=350%2C200&ssl=1","width":350,"height":200,"srcset":"https:\/\/i0.wp.com\/www.biancoscuro.it\/site\/wp-content\/uploads\/2018\/12\/ABMB18__Misc__General_Impressions__PR_7162_HiRes1000.jpg?resize=350%2C200&ssl=1 1x, https:\/\/i0.wp.com\/www.biancoscuro.it\/site\/wp-content\/uploads\/2018\/12\/ABMB18__Misc__General_Impressions__PR_7162_HiRes1000.jpg?resize=525%2C300&ssl=1 1.5x, https:\/\/i0.wp.com\/www.biancoscuro.it\/site\/wp-content\/uploads\/2018\/12\/ABMB18__Misc__General_Impressions__PR_7162_HiRes1000.jpg?resize=700%2C400&ssl=1 2x, https:\/\/i0.wp.com\/www.biancoscuro.it\/site\/wp-content\/uploads\/2018\/12\/ABMB18__Misc__General_Impressions__PR_7162_HiRes1000.jpg?resize=1050%2C600&ssl=1 3x, https:\/\/i0.wp.com\/www.biancoscuro.it\/site\/wp-content\/uploads\/2018\/12\/ABMB18__Misc__General_Impressions__PR_7162_HiRes1000.jpg?resize=1400%2C800&ssl=1 4x"},"classes":[]},{"id":8909,"url":"https:\/\/www.biancoscuro.it\/site\/art-basel-hong-kong\/","url_meta":{"origin":4076,"position":1},"title":"Art Basel Hong Kong","author":"Redazione BIANCOSCURO","date":"27 Marzo 2019","format":false,"excerpt":"Al via il 29 marzo all\u2019Hong Kong Convention and Exhibition Centre Art Basel in Hong Kong 2019 - \u00a9 Art Basel. Courtesy Art Basel La settima edizione di Art Basel ad Hong Kong aprir\u00e0 ufficialmente il 29 marzo (vernissage 28 marzo) e vedr\u00e0 242 gallerie internazionali, di 36 paesi diversi,\u2026","rel":"","context":"In &quot;arte&quot;","block_context":{"text":"arte","link":"https:\/\/www.biancoscuro.it\/site\/category\/arte\/"},"img":{"alt_text":"Art Basel in Hong Kong 2019 \u00a9 Art Basel","src":"https:\/\/i0.wp.com\/www.biancoscuro.it\/site\/wp-content\/uploads\/2019\/03\/ABHK19__Misc__Signage__PR_ABHK19__Misc__Signage__PR_0S0A0014_HiRes.jpg?resize=350%2C200&ssl=1","width":350,"height":200,"srcset":"https:\/\/i0.wp.com\/www.biancoscuro.it\/site\/wp-content\/uploads\/2019\/03\/ABHK19__Misc__Signage__PR_ABHK19__Misc__Signage__PR_0S0A0014_HiRes.jpg?resize=350%2C200&ssl=1 1x, https:\/\/i0.wp.com\/www.biancoscuro.it\/site\/wp-content\/uploads\/2019\/03\/ABHK19__Misc__Signage__PR_ABHK19__Misc__Signage__PR_0S0A0014_HiRes.jpg?resize=525%2C300&ssl=1 1.5x, https:\/\/i0.wp.com\/www.biancoscuro.it\/site\/wp-content\/uploads\/2019\/03\/ABHK19__Misc__Signage__PR_ABHK19__Misc__Signage__PR_0S0A0014_HiRes.jpg?resize=700%2C400&ssl=1 2x, https:\/\/i0.wp.com\/www.biancoscuro.it\/site\/wp-content\/uploads\/2019\/03\/ABHK19__Misc__Signage__PR_ABHK19__Misc__Signage__PR_0S0A0014_HiRes.jpg?resize=1050%2C600&ssl=1 3x, https:\/\/i0.wp.com\/www.biancoscuro.it\/site\/wp-content\/uploads\/2019\/03\/ABHK19__Misc__Signage__PR_ABHK19__Misc__Signage__PR_0S0A0014_HiRes.jpg?resize=1400%2C800&ssl=1 4x"},"classes":[]},{"id":16297,"url":"https:\/\/www.biancoscuro.it\/site\/art-basel-2023-is-coming\/","url_meta":{"origin":4076,"position":2},"title":"Art Basel 2023 is coming","author":"Redazione BIANCOSCURO","date":"12 Giugno 2023","format":false,"excerpt":"A Basilea, dal 15 al 18 giugno Torna puntuale, come solo gli svizzeri sanno essere, Art Basel in Basel. Per l\u2019edizione 2023 della fiera d\u2019arte pi\u00f9 importante al mondo, saranno 284 gli espositori presenti da 38 paesi del mondo, 21 le gallerie che parteciperanno per la prima volta, tra cui\u2026","rel":"","context":"In &quot;art magazine&quot;","block_context":{"text":"art magazine","link":"https:\/\/www.biancoscuro.it\/site\/category\/art-magazine\/"},"img":{"alt_text":"","src":"https:\/\/i0.wp.com\/www.biancoscuro.it\/site\/wp-content\/uploads\/2023\/06\/ART_BASEL_2022_IMG_20220615_173530_1.jpg?resize=350%2C200&ssl=1","width":350,"height":200,"srcset":"https:\/\/i0.wp.com\/www.biancoscuro.it\/site\/wp-content\/uploads\/2023\/06\/ART_BASEL_2022_IMG_20220615_173530_1.jpg?resize=350%2C200&ssl=1 1x, https:\/\/i0.wp.com\/www.biancoscuro.it\/site\/wp-content\/uploads\/2023\/06\/ART_BASEL_2022_IMG_20220615_173530_1.jpg?resize=525%2C300&ssl=1 1.5x, https:\/\/i0.wp.com\/www.biancoscuro.it\/site\/wp-content\/uploads\/2023\/06\/ART_BASEL_2022_IMG_20220615_173530_1.jpg?resize=700%2C400&ssl=1 2x"},"classes":[]},{"id":16712,"url":"https:\/\/www.biancoscuro.it\/site\/paris-par-art-basel-2\/","url_meta":{"origin":4076,"position":3},"title":"Paris+ par Art Basel","author":"Daniela Malabaila","date":"18 Ottobre 2023","format":false,"excerpt":"Al Grand Palais \u00c9ph\u00e9m\u00e8re, dal 19 al 22 ottobre 2023 Tutto \u00e8 pronto per la seconda edizione di Paris+ par Art Basel, la nuova Fiera d'Arte del gruppo\u00a0 che lo scorso anno ha esordito con un successo memorabile. L\u2019anteprima per gli invitati sar\u00e0 il 18 ottobre, mentre dal 19 si\u2026","rel":"","context":"In &quot;art basel&quot;","block_context":{"text":"art basel","link":"https:\/\/www.biancoscuro.it\/site\/category\/art-basel\/"},"img":{"alt_text":"","src":"https:\/\/i0.wp.com\/www.biancoscuro.it\/site\/wp-content\/uploads\/2023\/10\/ArtBasel-ParisTOUR-EIFFEL_KEV5491.jpg?resize=350%2C200&ssl=1","width":350,"height":200,"srcset":"https:\/\/i0.wp.com\/www.biancoscuro.it\/site\/wp-content\/uploads\/2023\/10\/ArtBasel-ParisTOUR-EIFFEL_KEV5491.jpg?resize=350%2C200&ssl=1 1x, https:\/\/i0.wp.com\/www.biancoscuro.it\/site\/wp-content\/uploads\/2023\/10\/ArtBasel-ParisTOUR-EIFFEL_KEV5491.jpg?resize=525%2C300&ssl=1 1.5x, https:\/\/i0.wp.com\/www.biancoscuro.it\/site\/wp-content\/uploads\/2023\/10\/ArtBasel-ParisTOUR-EIFFEL_KEV5491.jpg?resize=700%2C400&ssl=1 2x"},"classes":[]},{"id":9258,"url":"https:\/\/www.biancoscuro.it\/site\/art-basel-2019-le-anticipazioni-della-prossima-edizione\/","url_meta":{"origin":4076,"position":4},"title":"Art Basel 2019. Le anticipazioni della prossima edizione","author":"Vincenzo Chetta","date":"27 Maggio 2019","format":false,"excerpt":"290 gallerie tra le pi\u00f9 importanti al mondo 4.000 artisti tra i pi\u00f9 famosi e quotati: questa \u00e8 Art Basel Il piazzale di Art Basel 2018 con l'installazione \u201cBasilea\u201d del gruppo Creative Time La 49\u00aa edizione di Art Basel, che aprir\u00e0 al pubblico dal 13 al 16 giugno, ma gi\u00e0\u2026","rel":"","context":"In &quot;arte&quot;","block_context":{"text":"arte","link":"https:\/\/www.biancoscuro.it\/site\/category\/arte\/"},"img":{"alt_text":"","src":"https:\/\/i0.wp.com\/www.biancoscuro.it\/site\/wp-content\/uploads\/2019\/06\/KEV5217-HEAD.jpg?resize=350%2C200&ssl=1","width":350,"height":200,"srcset":"https:\/\/i0.wp.com\/www.biancoscuro.it\/site\/wp-content\/uploads\/2019\/06\/KEV5217-HEAD.jpg?resize=350%2C200&ssl=1 1x, https:\/\/i0.wp.com\/www.biancoscuro.it\/site\/wp-content\/uploads\/2019\/06\/KEV5217-HEAD.jpg?resize=525%2C300&ssl=1 1.5x, https:\/\/i0.wp.com\/www.biancoscuro.it\/site\/wp-content\/uploads\/2019\/06\/KEV5217-HEAD.jpg?resize=700%2C400&ssl=1 2x, https:\/\/i0.wp.com\/www.biancoscuro.it\/site\/wp-content\/uploads\/2019\/06\/KEV5217-HEAD.jpg?resize=1050%2C600&ssl=1 3x, https:\/\/i0.wp.com\/www.biancoscuro.it\/site\/wp-content\/uploads\/2019\/06\/KEV5217-HEAD.jpg?resize=1400%2C800&ssl=1 4x"},"classes":[]},{"id":7317,"url":"https:\/\/www.biancoscuro.it\/site\/artbasel-2018-is-coming\/","url_meta":{"origin":4076,"position":5},"title":"Art Basel 2018 is coming","author":"Redazione BIANCOSCURO","date":"30 Maggio 2018","format":false,"excerpt":"A Basilea, dal 14 al 17 giugno Torna l'appuntamento con Art Basel a Basilea, dal 14 al 17 giugno, con i numeri da sempre in crescita, aumentano anche gli espositori che passano dai 291 del 2017 a 293. Come sempre, tante le sezioni della Fiera: Galleries (dove le principali gallerie\u2026","rel":"","context":"In &quot;arte&quot;","block_context":{"text":"arte","link":"https:\/\/www.biancoscuro.it\/site\/category\/arte\/"},"img":{"alt_text":"","src":"https:\/\/i0.wp.com\/www.biancoscuro.it\/site\/wp-content\/uploads\/2018\/05\/KEV0134low.jpg?resize=350%2C200&ssl=1","width":350,"height":200,"srcset":"https:\/\/i0.wp.com\/www.biancoscuro.it\/site\/wp-content\/uploads\/2018\/05\/KEV0134low.jpg?resize=350%2C200&ssl=1 1x, https:\/\/i0.wp.com\/www.biancoscuro.it\/site\/wp-content\/uploads\/2018\/05\/KEV0134low.jpg?resize=525%2C300&ssl=1 1.5x, https:\/\/i0.wp.com\/www.biancoscuro.it\/site\/wp-content\/uploads\/2018\/05\/KEV0134low.jpg?resize=700%2C400&ssl=1 2x, https:\/\/i0.wp.com\/www.biancoscuro.it\/site\/wp-content\/uploads\/2018\/05\/KEV0134low.jpg?resize=1050%2C600&ssl=1 3x, https:\/\/i0.wp.com\/www.biancoscuro.it\/site\/wp-content\/uploads\/2018\/05\/KEV0134low.jpg?resize=1400%2C800&ssl=1 4x"},"classes":[]}],"_links":{"self":[{"href":"https:\/\/www.biancoscuro.it\/site\/wp-json\/wp\/v2\/posts\/4076","targetHints":{"allow":["GET"]}}],"collection":[{"href":"https:\/\/www.biancoscuro.it\/site\/wp-json\/wp\/v2\/posts"}],"about":[{"href":"https:\/\/www.biancoscuro.it\/site\/wp-json\/wp\/v2\/types\/post"}],"author":[{"embeddable":true,"href":"https:\/\/www.biancoscuro.it\/site\/wp-json\/wp\/v2\/users\/909"}],"replies":[{"embeddable":true,"href":"https:\/\/www.biancoscuro.it\/site\/wp-json\/wp\/v2\/comments?post=4076"}],"version-history":[{"count":0,"href":"https:\/\/www.biancoscuro.it\/site\/wp-json\/wp\/v2\/posts\/4076\/revisions"}],"wp:featuredmedia":[{"embeddable":true,"href":"https:\/\/www.biancoscuro.it\/site\/wp-json\/wp\/v2\/media\/4084"}],"wp:attachment":[{"href":"https:\/\/www.biancoscuro.it\/site\/wp-json\/wp\/v2\/media?parent=4076"}],"wp:term":[{"taxonomy":"category","embeddable":true,"href":"https:\/\/www.biancoscuro.it\/site\/wp-json\/wp\/v2\/categories?post=4076"},{"taxonomy":"post_tag","embeddable":true,"href":"https:\/\/www.biancoscuro.it\/site\/wp-json\/wp\/v2\/tags?post=4076"}],"curies":[{"name":"wp","href":"https:\/\/api.w.org\/{rel}","templated":true}]}}