{"id":4092,"date":"2016-06-21T22:09:03","date_gmt":"2016-06-21T22:09:03","guid":{"rendered":"http:\/\/www.biancoscuro.it\/site\/?p=4092"},"modified":"2016-06-22T21:36:07","modified_gmt":"2016-06-22T21:36:07","slug":"art-basel-2016-unlimited-e-designmiami-opere-introvabili-non-semplici-rarita","status":"publish","type":"post","link":"https:\/\/www.biancoscuro.it\/site\/art-basel-2016-unlimited-e-designmiami-opere-introvabili-non-semplici-rarita\/","title":{"rendered":"Art Basel 2016, Unlimited e DesignMiami. Opere introvabili, non semplici rarit\u00e0"},"content":{"rendered":"<span class=\"span-reading-time rt-reading-time\" style=\"display: block;\"><span class=\"rt-label rt-prefix\">\u23f0 lettura <\/span> <span class=\"rt-time\"> 3<\/span> <span class=\"rt-label rt-postfix\">min. <br><br><\/span><\/span><h3 class=\"r _U6c\"><\/h3>\n<h3 class=\"st\">Art Basel, colosso internazionale, continua a dettar legge nel\u00a0mercato globale dell&#8217;arte<\/h3>\n<p>La 47a edizione di Art Basel \u00a0si \u00e8 conclusa domenica 19 giugno, con notizie di grandi vendite, soprattutto all&#8217;interno del settore Unlimited (effettivamente il pi\u00f9 interessante e stimolante). La partecipazione da parte di collezionisti e istituzioni internazionali \u00e8 stata ancora una volta molto forte, con nuovi collezionisti provenienti da tutto il mondo, rappresentati paesi di\u00a0 tutta l&#8217;Africa, ex Unione Sovietica, Iran, Libano, Giappone, Corea, Filippine e Thailandia, arrivati alla fiera per la prima volta.<\/p>\n<figure id=\"attachment_4094\" aria-describedby=\"caption-attachment-4094\" style=\"width: 1000px\" class=\"wp-caption alignnone\"><img loading=\"lazy\" decoding=\"async\" class=\"size-full wp-image-4094\" src=\"http:\/\/www.biancoscuro.it\/site\/wp-content\/uploads\/2016\/06\/KEV2894.jpg\" alt=\"Flugzeug (Airplane) \/ Thomas Bayrle, 1982-1983 \/ Courtesy of Gavin Brown Gallery - ArtBasel - Unlimited\" width=\"1000\" height=\"665\" srcset=\"https:\/\/www.biancoscuro.it\/site\/wp-content\/uploads\/2016\/06\/KEV2894.jpg 1000w, https:\/\/www.biancoscuro.it\/site\/wp-content\/uploads\/2016\/06\/KEV2894-300x200.jpg 300w, https:\/\/www.biancoscuro.it\/site\/wp-content\/uploads\/2016\/06\/KEV2894-768x511.jpg 768w, https:\/\/www.biancoscuro.it\/site\/wp-content\/uploads\/2016\/06\/KEV2894-600x399.jpg 600w\" sizes=\"auto, (max-width: 1000px) 100vw, 1000px\" \/><figcaption id=\"caption-attachment-4094\" class=\"wp-caption-text\">Flugzeug (Airplane) \/ Thomas Bayrle, 1982-1983 \/ Courtesy of Gavin Brown Gallery &#8211;<br \/>ArtBasel &#8211; Unlimited<\/figcaption><\/figure>\n<p>Questa edizione ha dimostrato che continua ad esserci una forte domanda di alta qualit\u00e0: il mercato brilla quando ad incontrarsi sono le Gallerie pi\u00f9 quotate ed i collezionisti pi\u00f9 importanti di tutto il mondo, in pratica Art Basel funziona e funzioner\u00e0 sempre fin quando ci saranno Musei e Fondazioni a vendere ed acquisire opere.<\/p>\n<p>Quest&#8217;anno Art Basel ha contato la partecipazione di 95.000 persone nei sei giorni di manifestazione, leggermente meno dell&#8217;anno passato, ma il morale tra le gallerie espositrici \u00e8 alto; naturalmente la crisi economica dell&#8217;Arte non tocca i pezzi museali presenti in fiera e neanche le opere degli artisti viventi con quotazioni stellari, ma molti galleristi sono concordi sul fatto che oltre i conosciuti collezionisti inizino ad essercene di nuovi, preparati, attenti e dunque rapidi nelle trattative.<\/p>\n<figure id=\"attachment_4097\" aria-describedby=\"caption-attachment-4097\" style=\"width: 1000px\" class=\"wp-caption alignnone\"><img loading=\"lazy\" decoding=\"async\" class=\"size-full wp-image-4097\" src=\"http:\/\/www.biancoscuro.it\/site\/wp-content\/uploads\/2016\/06\/KEV2967.jpg\" alt=\"930\/7 Strip \/ Gerhard Richter, 2015 \/ Courtesy of Marian Goodman Gallery - ArtBasel - Galleries\" width=\"1000\" height=\"665\" srcset=\"https:\/\/www.biancoscuro.it\/site\/wp-content\/uploads\/2016\/06\/KEV2967.jpg 1000w, https:\/\/www.biancoscuro.it\/site\/wp-content\/uploads\/2016\/06\/KEV2967-300x200.jpg 300w, https:\/\/www.biancoscuro.it\/site\/wp-content\/uploads\/2016\/06\/KEV2967-768x511.jpg 768w, https:\/\/www.biancoscuro.it\/site\/wp-content\/uploads\/2016\/06\/KEV2967-600x399.jpg 600w\" sizes=\"auto, (max-width: 1000px) 100vw, 1000px\" \/><figcaption id=\"caption-attachment-4097\" class=\"wp-caption-text\">930\/7 Strip \/ Gerhard Richter, 2015 \/ Courtesy of Marian Goodman Gallery &#8211;<br \/>ArtBasel &#8211; Galleries<\/figcaption><\/figure>\n<p>Il Premio Arte Baloise \u00e8 stato assegnato all&#8217; artista canadese Sara Cwynar, presentata da Foxy Production (New York) e Mary Reid Kelley dagli Stati Uniti, esposta da Arratia Beer (Berlino). Il premio di CHF 30.000 \u00e8 stato offerto ai due artisti da una giuria di esperti internazionali, e le opere dei vincitori sono state acquisite dal Gruppo Basilese e donate al MMK Museum f\u00fcr Moderne Kunst, Frankfurt am Main e MUDAM, Lussemburgo.<\/p>\n<p>Aldil\u00e0 delle tante critiche utopistiche che si possono fare, \u00e8 comunque un piacere la vista di opere di grandi Artisti di ogni tempo, da Warhol a Murakami (opere introvabili, non semplici rarit\u00e0), da Ai Weiwei a Christo, da Hirst a Picasso (la presenza di innumerevoli opere dei \u201csoliti noti moderni\u201d \u00e8 scontata, e noiosa, non tanto per l&#8217;esimio autore, quanto per il tipo di opere).<\/p>\n<figure id=\"attachment_4095\" aria-describedby=\"caption-attachment-4095\" style=\"width: 1000px\" class=\"wp-caption alignnone\"><img loading=\"lazy\" decoding=\"async\" class=\"size-full wp-image-4095\" src=\"http:\/\/www.biancoscuro.it\/site\/wp-content\/uploads\/2016\/06\/KEV2925.jpg\" alt=\"White House \/ Ai Weiwei, 2015 \/ Courtesy of Neugerriemschneider Gallery - ArtBasel - Unlimited\" width=\"1000\" height=\"665\" srcset=\"https:\/\/www.biancoscuro.it\/site\/wp-content\/uploads\/2016\/06\/KEV2925.jpg 1000w, https:\/\/www.biancoscuro.it\/site\/wp-content\/uploads\/2016\/06\/KEV2925-300x200.jpg 300w, https:\/\/www.biancoscuro.it\/site\/wp-content\/uploads\/2016\/06\/KEV2925-768x511.jpg 768w, https:\/\/www.biancoscuro.it\/site\/wp-content\/uploads\/2016\/06\/KEV2925-600x399.jpg 600w\" sizes=\"auto, (max-width: 1000px) 100vw, 1000px\" \/><figcaption id=\"caption-attachment-4095\" class=\"wp-caption-text\">White House \/ Ai Weiwei, 2015 \/ Courtesy of Neugerriemschneider Gallery &#8211;<br \/>ArtBasel &#8211; Unlimited<\/figcaption><\/figure>\n<p>Da citare l&#8217;11\u00b0 edizione del DesignMiami Basel che ha presentato pi\u00f9 di 40 gallerie espositrici del design storico e contemporaneo, oggetti che sono ormai opere d&#8217;Arte indiscusse.<\/p>\n<figure id=\"attachment_4098\" aria-describedby=\"caption-attachment-4098\" style=\"width: 1000px\" class=\"wp-caption alignnone\"><img loading=\"lazy\" decoding=\"async\" class=\"size-full wp-image-4098\" src=\"http:\/\/www.biancoscuro.it\/site\/wp-content\/uploads\/2016\/06\/DSC_4766.jpg\" alt=\"Kengo Kuma's - OWAN - presented by Galerie Philippe Gravier\" width=\"1000\" height=\"664\" srcset=\"https:\/\/www.biancoscuro.it\/site\/wp-content\/uploads\/2016\/06\/DSC_4766.jpg 1000w, https:\/\/www.biancoscuro.it\/site\/wp-content\/uploads\/2016\/06\/DSC_4766-300x199.jpg 300w, https:\/\/www.biancoscuro.it\/site\/wp-content\/uploads\/2016\/06\/DSC_4766-768x510.jpg 768w, https:\/\/www.biancoscuro.it\/site\/wp-content\/uploads\/2016\/06\/DSC_4766-600x398.jpg 600w\" sizes=\"auto, (max-width: 1000px) 100vw, 1000px\" \/><figcaption id=\"caption-attachment-4098\" class=\"wp-caption-text\">Owan \/ Kengo Kuma, 2016 \/ Courtesy of Galerie Philippe Gravier &#8211;<br \/>ArtBasel &#8211; DesignMiami<\/figcaption><\/figure>\n<p>Art Basel sar\u00e0 a Miami Beach a dicembre, ad Hong Kong a marzo 2017 e nuovamente a casa, a Basilea, dal 15 al 18 giugno 2017, per decretare ancora una volta, i nuovi vincitori del mercato dell&#8217;Arte.<\/p>\n","protected":false},"excerpt":{"rendered":"<p><span class=\"span-reading-time rt-reading-time\" style=\"display: block;\"><span class=\"rt-label rt-prefix\">\u23f0 lettura <\/span> <span class=\"rt-time\"> 3<\/span> <span class=\"rt-label rt-postfix\">min. <\/p>\n<p><\/span><\/span>Art Basel, colosso internazionale, continua a dettar legge nel\u00a0mercato globale dell&#8217;arte La 47a edizione di Art Basel \u00a0si \u00e8 conclusa domenica 19 giugno, con notizie di grandi vendite, soprattutto all&#8217;interno del settore Unlimited (effettivamente il pi\u00f9 interessante e stimolante). La partecipazione da parte di collezionisti e istituzioni internazionali \u00e8 stata ancora una volta molto forte,&hellip;&nbsp;<a href=\"https:\/\/www.biancoscuro.it\/site\/art-basel-2016-unlimited-e-designmiami-opere-introvabili-non-semplici-rarita\/\" rel=\"bookmark\">Leggi tutto &raquo;<span class=\"screen-reader-text\">Art Basel 2016, Unlimited e DesignMiami. Opere introvabili, non semplici rarit\u00e0<\/span><\/a><\/p>\n","protected":false},"author":909,"featured_media":4093,"comment_status":"closed","ping_status":"closed","sticky":false,"template":"","format":"standard","meta":{"neve_meta_sidebar":"","neve_meta_container":"","neve_meta_enable_content_width":"","neve_meta_content_width":0,"neve_meta_title_alignment":"","neve_meta_author_avatar":"","neve_post_elements_order":"","neve_meta_disable_header":"","neve_meta_disable_footer":"","neve_meta_disable_title":"","advanced_seo_description":"","jetpack_seo_html_title":"","jetpack_seo_noindex":false,"footnotes":""},"categories":[5,26,25,8,27,24,676,6,23,15,7,659,9,680],"tags":[],"class_list":["post-4092","post","type-post","status-publish","format-standard","has-post-thumbnail","hentry","category-arte","category-eventi","category-fiere","category-fotografia","category-manifestazione","category-mostre","category-performance","category-pittura","category-pubblicazione-2","category-rivista-darte","category-scultura","category-street-art","category-video","category-videoarte"],"jetpack_featured_media_url":"https:\/\/www.biancoscuro.it\/site\/wp-content\/uploads\/2016\/06\/KEV2892.jpg","jetpack_sharing_enabled":true,"jetpack-related-posts":[{"id":16297,"url":"https:\/\/www.biancoscuro.it\/site\/art-basel-2023-is-coming\/","url_meta":{"origin":4092,"position":0},"title":"Art Basel 2023 is coming","author":"Redazione BIANCOSCURO","date":"12 Giugno 2023","format":false,"excerpt":"A Basilea, dal 15 al 18 giugno Torna puntuale, come solo gli svizzeri sanno essere, Art Basel in Basel. Per l\u2019edizione 2023 della fiera d\u2019arte pi\u00f9 importante al mondo, saranno 284 gli espositori presenti da 38 paesi del mondo, 21 le gallerie che parteciperanno per la prima volta, tra cui\u2026","rel":"","context":"In &quot;art magazine&quot;","block_context":{"text":"art magazine","link":"https:\/\/www.biancoscuro.it\/site\/category\/art-magazine\/"},"img":{"alt_text":"","src":"https:\/\/i0.wp.com\/www.biancoscuro.it\/site\/wp-content\/uploads\/2023\/06\/ART_BASEL_2022_IMG_20220615_173530_1.jpg?resize=350%2C200&ssl=1","width":350,"height":200,"srcset":"https:\/\/i0.wp.com\/www.biancoscuro.it\/site\/wp-content\/uploads\/2023\/06\/ART_BASEL_2022_IMG_20220615_173530_1.jpg?resize=350%2C200&ssl=1 1x, https:\/\/i0.wp.com\/www.biancoscuro.it\/site\/wp-content\/uploads\/2023\/06\/ART_BASEL_2022_IMG_20220615_173530_1.jpg?resize=525%2C300&ssl=1 1.5x, https:\/\/i0.wp.com\/www.biancoscuro.it\/site\/wp-content\/uploads\/2023\/06\/ART_BASEL_2022_IMG_20220615_173530_1.jpg?resize=700%2C400&ssl=1 2x"},"classes":[]},{"id":4076,"url":"https:\/\/www.biancoscuro.it\/site\/grande-attesa-per-art-basel-2016\/","url_meta":{"origin":4092,"position":1},"title":"Grande attesa per ART Basel 2016","author":"Vincenzo Chetta","date":"16 Giugno 2016","format":false,"excerpt":"L'attesa per ART Basel 2016 \u00e8 finita. Grande inaugurazione mercoled\u00ec 15 giugno a Basilea: Signori, Art Basel 2016 si \u00e8 ufficialmente mostrata al mondo. L'appuntamento pi\u00f9 importante per l'Arte moderna e contemporanea \u00e8 giunto alla sua 47esima edizione, e continua ad essere un vero e proprio \u201ctermometro\u201d che mostra evoluzioni\u2026","rel":"","context":"In &quot;arte&quot;","block_context":{"text":"arte","link":"https:\/\/www.biancoscuro.it\/site\/category\/arte\/"},"img":{"alt_text":"","src":"https:\/\/i0.wp.com\/www.biancoscuro.it\/site\/wp-content\/uploads\/2016\/06\/ABB16__General_Impressions__Misc__PR___Q4Q0053_HiRes.jpg?resize=350%2C200&ssl=1","width":350,"height":200,"srcset":"https:\/\/i0.wp.com\/www.biancoscuro.it\/site\/wp-content\/uploads\/2016\/06\/ABB16__General_Impressions__Misc__PR___Q4Q0053_HiRes.jpg?resize=350%2C200&ssl=1 1x, https:\/\/i0.wp.com\/www.biancoscuro.it\/site\/wp-content\/uploads\/2016\/06\/ABB16__General_Impressions__Misc__PR___Q4Q0053_HiRes.jpg?resize=525%2C300&ssl=1 1.5x, https:\/\/i0.wp.com\/www.biancoscuro.it\/site\/wp-content\/uploads\/2016\/06\/ABB16__General_Impressions__Misc__PR___Q4Q0053_HiRes.jpg?resize=700%2C400&ssl=1 2x, https:\/\/i0.wp.com\/www.biancoscuro.it\/site\/wp-content\/uploads\/2016\/06\/ABB16__General_Impressions__Misc__PR___Q4Q0053_HiRes.jpg?resize=1050%2C600&ssl=1 3x, https:\/\/i0.wp.com\/www.biancoscuro.it\/site\/wp-content\/uploads\/2016\/06\/ABB16__General_Impressions__Misc__PR___Q4Q0053_HiRes.jpg?resize=1400%2C800&ssl=1 4x"},"classes":[]},{"id":18639,"url":"https:\/\/www.biancoscuro.it\/site\/art-basel-unlimited-art-tour-video\/","url_meta":{"origin":4092,"position":2},"title":"Art Basel &#8211; Unlimited &#8211; Art Tour [VIDEO]","author":"Redazione BIANCOSCURO","date":"23 Giugno 2025","format":false,"excerpt":"Un'esplorazione in 4K di Art Basel UNLIMITED, la sezione dedicata alle opere MONUMENTALI, guidata dall'occhio esperto di BIANCOSCURO Art Magazine. Art Basel in Basel si \u00e8 da poco conclusa, se te la sei persa non temere... puoi ancora recuperare. A guidarci in un itinerario esclusivo attraverso le gigantesche opere \u00e8\u2026","rel":"","context":"In &quot;Art Tour&quot;","block_context":{"text":"Art Tour","link":"https:\/\/www.biancoscuro.it\/site\/category\/art-tour\/"},"img":{"alt_text":"","src":"https:\/\/i0.wp.com\/www.biancoscuro.it\/site\/wp-content\/uploads\/2025\/06\/ArtBaselUNLIMITED25-IMG_2516SITO.jpg?resize=350%2C200&ssl=1","width":350,"height":200,"srcset":"https:\/\/i0.wp.com\/www.biancoscuro.it\/site\/wp-content\/uploads\/2025\/06\/ArtBaselUNLIMITED25-IMG_2516SITO.jpg?resize=350%2C200&ssl=1 1x, https:\/\/i0.wp.com\/www.biancoscuro.it\/site\/wp-content\/uploads\/2025\/06\/ArtBaselUNLIMITED25-IMG_2516SITO.jpg?resize=525%2C300&ssl=1 1.5x, https:\/\/i0.wp.com\/www.biancoscuro.it\/site\/wp-content\/uploads\/2025\/06\/ArtBaselUNLIMITED25-IMG_2516SITO.jpg?resize=700%2C400&ssl=1 2x"},"classes":[]},{"id":4102,"url":"https:\/\/www.biancoscuro.it\/site\/rhy-art-fair-basel-2016\/","url_meta":{"origin":4092,"position":3},"title":"Rhy ART Fair BASEL 2016","author":"Redazione BIANCOSCURO","date":"23 Giugno 2016","format":false,"excerpt":"Uno spazio di incontro per gli amanti dell'arte contemporanea. Rhy\u00a0ART\u00a0fair\u00a0Basel \u00e8 un giovane fiera d'arte contemporanea internazionale, aperta durante la grande settimana dell'Arte a Basilea, in concomitanza con la pi\u00f9 blasonata Art Basel. Quattro giorni per presentare le opere di artisti emergenti, alcuni gi\u00e0 noti sulle scene internazionali (come Nadia\u2026","rel":"","context":"In &quot;art magazine&quot;","block_context":{"text":"art magazine","link":"https:\/\/www.biancoscuro.it\/site\/category\/art-magazine\/"},"img":{"alt_text":"","src":"https:\/\/i0.wp.com\/www.biancoscuro.it\/site\/wp-content\/uploads\/2016\/06\/DSC_4684-1.jpg?resize=350%2C200&ssl=1","width":350,"height":200,"srcset":"https:\/\/i0.wp.com\/www.biancoscuro.it\/site\/wp-content\/uploads\/2016\/06\/DSC_4684-1.jpg?resize=350%2C200&ssl=1 1x, https:\/\/i0.wp.com\/www.biancoscuro.it\/site\/wp-content\/uploads\/2016\/06\/DSC_4684-1.jpg?resize=525%2C300&ssl=1 1.5x, https:\/\/i0.wp.com\/www.biancoscuro.it\/site\/wp-content\/uploads\/2016\/06\/DSC_4684-1.jpg?resize=700%2C400&ssl=1 2x"},"classes":[]},{"id":12685,"url":"https:\/\/www.biancoscuro.it\/site\/art-basel-miami-beach-il-report\/","url_meta":{"origin":4092,"position":4},"title":"Art Basel Miami Beach, il report","author":"Redazione BIANCOSCURO","date":"5 Dicembre 2021","format":false,"excerpt":"La prima Art Basel Miami Beach dall'inizio della pandemia si \u00e8 chiusa sabato 4 dicembre 2021, tra segnalazioni di grosse vendite in tutti i settori dello show, con oltre 60.000 visitatori durante i suoi giorni di apertura (30 novembre-1 dicembre per la VIP preview e 2-4 dicembre per l\u2019apertura al\u2026","rel":"","context":"In &quot;arte&quot;","block_context":{"text":"arte","link":"https:\/\/www.biancoscuro.it\/site\/category\/arte\/"},"img":{"alt_text":"","src":"https:\/\/i0.wp.com\/www.biancoscuro.it\/site\/wp-content\/uploads\/2021\/12\/Print_approx_21_x_14_cm-ABMB21__Misc__General_Impressions__Public.jpg?resize=350%2C200&ssl=1","width":350,"height":200,"srcset":"https:\/\/i0.wp.com\/www.biancoscuro.it\/site\/wp-content\/uploads\/2021\/12\/Print_approx_21_x_14_cm-ABMB21__Misc__General_Impressions__Public.jpg?resize=350%2C200&ssl=1 1x, https:\/\/i0.wp.com\/www.biancoscuro.it\/site\/wp-content\/uploads\/2021\/12\/Print_approx_21_x_14_cm-ABMB21__Misc__General_Impressions__Public.jpg?resize=525%2C300&ssl=1 1.5x, https:\/\/i0.wp.com\/www.biancoscuro.it\/site\/wp-content\/uploads\/2021\/12\/Print_approx_21_x_14_cm-ABMB21__Misc__General_Impressions__Public.jpg?resize=700%2C400&ssl=1 2x, https:\/\/i0.wp.com\/www.biancoscuro.it\/site\/wp-content\/uploads\/2021\/12\/Print_approx_21_x_14_cm-ABMB21__Misc__General_Impressions__Public.jpg?resize=1050%2C600&ssl=1 3x, https:\/\/i0.wp.com\/www.biancoscuro.it\/site\/wp-content\/uploads\/2021\/12\/Print_approx_21_x_14_cm-ABMB21__Misc__General_Impressions__Public.jpg?resize=1400%2C800&ssl=1 4x"},"classes":[]},{"id":4059,"url":"https:\/\/www.biancoscuro.it\/site\/rhy-art-fair-basel-2016-giovani-artisti-basilea\/","url_meta":{"origin":4092,"position":5},"title":"Rhy ART Fair Basel 2016 &#8211; Giovani artisti a Basilea","author":"Redazione BIANCOSCURO","date":"14 Giugno 2016","format":false,"excerpt":"RHY ART FAIR Basel 2016 The Show for young and emerging Art in Basel RHY ART FAIR 2016 RHY ART FAIR seconda edizione della\u00a0fiera d'arte \"emergente\" per artisti \"emergenti\". RHY ART FAIR \u00e8 a BASILEA,\u00a0in contemporanea\u00a0alla famosissima\u00a0ART Basel. La fiera Rhy Art fair BASEL\u00a0\u00e8 un punto di \u00a0incontro per\u00a0artisti e\u2026","rel":"","context":"In &quot;art magazine&quot;","block_context":{"text":"art magazine","link":"https:\/\/www.biancoscuro.it\/site\/category\/art-magazine\/"},"img":{"alt_text":"","src":"https:\/\/i0.wp.com\/www.biancoscuro.it\/site\/wp-content\/uploads\/2016\/06\/rhyartfairbasel2015-IMG_247.jpg?resize=350%2C200&ssl=1","width":350,"height":200,"srcset":"https:\/\/i0.wp.com\/www.biancoscuro.it\/site\/wp-content\/uploads\/2016\/06\/rhyartfairbasel2015-IMG_247.jpg?resize=350%2C200&ssl=1 1x, https:\/\/i0.wp.com\/www.biancoscuro.it\/site\/wp-content\/uploads\/2016\/06\/rhyartfairbasel2015-IMG_247.jpg?resize=525%2C300&ssl=1 1.5x, https:\/\/i0.wp.com\/www.biancoscuro.it\/site\/wp-content\/uploads\/2016\/06\/rhyartfairbasel2015-IMG_247.jpg?resize=700%2C400&ssl=1 2x, https:\/\/i0.wp.com\/www.biancoscuro.it\/site\/wp-content\/uploads\/2016\/06\/rhyartfairbasel2015-IMG_247.jpg?resize=1050%2C600&ssl=1 3x, https:\/\/i0.wp.com\/www.biancoscuro.it\/site\/wp-content\/uploads\/2016\/06\/rhyartfairbasel2015-IMG_247.jpg?resize=1400%2C800&ssl=1 4x"},"classes":[]}],"_links":{"self":[{"href":"https:\/\/www.biancoscuro.it\/site\/wp-json\/wp\/v2\/posts\/4092","targetHints":{"allow":["GET"]}}],"collection":[{"href":"https:\/\/www.biancoscuro.it\/site\/wp-json\/wp\/v2\/posts"}],"about":[{"href":"https:\/\/www.biancoscuro.it\/site\/wp-json\/wp\/v2\/types\/post"}],"author":[{"embeddable":true,"href":"https:\/\/www.biancoscuro.it\/site\/wp-json\/wp\/v2\/users\/909"}],"replies":[{"embeddable":true,"href":"https:\/\/www.biancoscuro.it\/site\/wp-json\/wp\/v2\/comments?post=4092"}],"version-history":[{"count":0,"href":"https:\/\/www.biancoscuro.it\/site\/wp-json\/wp\/v2\/posts\/4092\/revisions"}],"wp:featuredmedia":[{"embeddable":true,"href":"https:\/\/www.biancoscuro.it\/site\/wp-json\/wp\/v2\/media\/4093"}],"wp:attachment":[{"href":"https:\/\/www.biancoscuro.it\/site\/wp-json\/wp\/v2\/media?parent=4092"}],"wp:term":[{"taxonomy":"category","embeddable":true,"href":"https:\/\/www.biancoscuro.it\/site\/wp-json\/wp\/v2\/categories?post=4092"},{"taxonomy":"post_tag","embeddable":true,"href":"https:\/\/www.biancoscuro.it\/site\/wp-json\/wp\/v2\/tags?post=4092"}],"curies":[{"name":"wp","href":"https:\/\/api.w.org\/{rel}","templated":true}]}}