{"id":4265,"date":"2016-07-27T20:28:17","date_gmt":"2016-07-27T20:28:17","guid":{"rendered":"http:\/\/www.biancoscuro.it\/site\/?p=4265"},"modified":"2016-07-27T20:28:17","modified_gmt":"2016-07-27T20:28:17","slug":"camerini-cambi-dartista-un-progetto-artisti%c2%a7innocenti-le-vetrine-mas-magazzini-allo-statuto-roma","status":"publish","type":"post","link":"https:\/\/www.biancoscuro.it\/site\/camerini-cambi-dartista-un-progetto-artisti%c2%a7innocenti-le-vetrine-mas-magazzini-allo-statuto-roma\/","title":{"rendered":"CAMERINI \/ cambi d\u2019artista  un progetto di artisti\u00a7innocenti per le vetrine di MAS &#8211; Magazzini Allo Statuto Roma"},"content":{"rendered":"<span class=\"span-reading-time rt-reading-time\" style=\"display: block;\"><span class=\"rt-label rt-prefix\">\u23f0 lettura <\/span> <span class=\"rt-time\"> 2<\/span> <span class=\"rt-label rt-postfix\">min. <br><br><\/span><\/span><p style=\"text-align: center\"><img loading=\"lazy\" decoding=\"async\" class=\"aligncenter size-full wp-image-4267\" src=\"http:\/\/www.biancoscuro.it\/site\/wp-content\/uploads\/2016\/07\/CAMERINI-mail.jpeg\" alt=\"CAMERINI mail\" width=\"620\" height=\"452\" srcset=\"https:\/\/www.biancoscuro.it\/site\/wp-content\/uploads\/2016\/07\/CAMERINI-mail.jpeg 620w, https:\/\/www.biancoscuro.it\/site\/wp-content\/uploads\/2016\/07\/CAMERINI-mail-300x219.jpeg 300w, https:\/\/www.biancoscuro.it\/site\/wp-content\/uploads\/2016\/07\/CAMERINI-mail-600x437.jpeg 600w\" sizes=\"auto, (max-width: 620px) 100vw, 620px\" \/><\/p>\n<p><strong>CAMERINI \/ cambi d\u2019artista<\/strong><br \/>\nun progetto di <strong>artisti\u00a7innocenti <\/strong>per le vetrine di <strong>MAS &#8211; <\/strong>Magazzini Allo Statuto Roma<\/p>\n<p><strong>10 agosto 2016 ore 18 | <\/strong><strong>MAS &#8211; Magazzini Allo Statuto | Roma<br \/>\n<\/strong><\/p>\n<p><strong>OPENING VERNICE<\/strong> con artista in vetrina*<em>:<br \/>\n<\/em><strong>mercoled\u00ec 10 agosto 2016 ore 18.00 &gt; 20.00<br \/>\n<\/strong>seguente appuntamento notturno <em>ore 22,30<\/em> per:<br \/>\n<strong>SCIE MUSICALI<\/strong> con <strong>LUCA VENITUCCI*<\/strong>,<br \/>\n<strong>STELLE CADENTI<\/strong> (piccole luci guida sulle vetrine)<br \/>\ne <strong>REALTA\u2019 AUMENTATE<\/strong> degli <strong>artisti\u00a7innocenti<br \/>\n<\/strong><\/p>\n<p>in vivace collaborazione con:<br \/>\n<strong>Anna Cestelli Guidi<\/strong>, Direzione Annunci e Confezioni;<strong><br \/>\nHelia Hamedani<\/strong>, Responsabile Correlazione Ludica;<strong><br \/>\nRoberta Melasecca<\/strong>, Caposezione Volantinaggio Mediatico<br \/>\ne con il Gentile Patrocinio di <strong>MAS<\/strong><\/p>\n<p>Artisti vetrinisti:<br \/>\n<strong>GIOVANNI ALBANESE, ALI ASSAF, ANDREA FOGLI , <\/strong><strong>TANCREDI FORNASETTI, <\/strong><strong>DONATELLA LANDI, FELICE LEVINI, H. H. LIM, IGINIO DE LUCA, CARLO DE MEO, MASSIMO ORSI, LUANA PERILLI, GIOACCHINO PONTRELLI, LUIGI PUXEDDU, GUENDALINA SALINI<\/strong><br \/>\nInterventi interstiziali degli <strong>artisti\u00a7innocenti:<br \/>\nPETRA ARNDT, RITA MANDOLINI, RICCARDO MARZIALI, FRANCO OTTAVIANELLI, PRUNO GANI, DANIELE VILLA<\/strong><\/p>\n<p><strong>CAMERINI \/ cambi d\u2019artista<\/strong><\/p>\n<p>\u201cCon quest\u2019iniziativa l\u2019arte rende omaggio al tempio dell\u2019abbigliamento popolare, MAS, per tutti i romani luogo fondante dell\u2019immaginario della citt\u00e0, meta favorita e ispiratrice soprattutto di artisti, scenografi e costumisti. Magazzino economico, tempio del <em>bricolage <\/em>e della <em>trouvaille<\/em>, dove il tempo sembra ripetersi senza fine. Prima della chiusura definitiva, l\u2019arte entra nello spazio vuoto e ne occupa le grandi vetrine e le bacheche su strada con una mostra collettiva, CAMERINI \/ Cambi d\u2019Artista, dedicata ai passanti, alla gente comune che \u00e8 solita transitare quotidianamente su quelle vie.<\/p>\n<p>Le bacheche e le grandi vetrine del centro commerciale allo Statuto vengono fugacemente abitate dagli artisti e trasformate in camerini: luoghi intimi e allo stesso tempo aperti a tutti. Gli spazi, un tempo appannaggio del vetrinista impegnato a trovare soluzioni fantasiose e originali per attrarre lo sguardo rapido dei passanti, accolgono ora la sfida dell\u2019artista che predispone un \u201capparato d\u2019attenzione\u201d dove non si rimanda a un altrove: \u00e8 l\u2019arte stessa che si mostra e si offre. Il camerino-vetrina diventa cos\u00ec stage, palcoscenico di ogni possibile installazione.<\/p>\n<p>Il risultato del progetto \u00e8 un cambio d\u2019uso generato dall\u2019arte, che realizza una concatenazione di ambienti: tutti, stanza dopo stanza, pannello dopo pannello, a formare contigui imprevedibili panorami. La visione flagrante di un mondo condiviso e caro che gi\u00e0 non sar\u00e0 pi\u00f9. Ennesimo luogo storico dell\u2019immaginario che sparisce, restando ancora solo per poco a disposizione di chiunque.\u201d (<em>Anna Cestelli Guidi<\/em>)<\/p>\n<p style=\"text-align: center\"><img loading=\"lazy\" decoding=\"async\" class=\"aligncenter size-full wp-image-4266\" src=\"http:\/\/www.biancoscuro.it\/site\/wp-content\/uploads\/2016\/07\/CAMERINI-image.jpeg\" alt=\"CAMERINI image\" width=\"576\" height=\"809\" srcset=\"https:\/\/www.biancoscuro.it\/site\/wp-content\/uploads\/2016\/07\/CAMERINI-image.jpeg 576w, https:\/\/www.biancoscuro.it\/site\/wp-content\/uploads\/2016\/07\/CAMERINI-image-214x300.jpeg 214w, https:\/\/www.biancoscuro.it\/site\/wp-content\/uploads\/2016\/07\/CAMERINI-image-300x421.jpeg 300w\" sizes=\"auto, (max-width: 576px) 100vw, 576px\" \/><\/p>\n<p><strong>CAMERINI \/ cambi d\u2019artista<\/strong><\/p>\n<p><strong>MAS &#8211; Magazzini Allo Statuto<br \/>\nVia dello Statuto, 11, 00185 Roma <\/strong><br \/>\n<strong>Esposizione: 10 agosto &gt; 8 settembre 2016<br \/>\nApertura: tutti i giorni ore 09,00 &gt; 19,45 <\/strong><\/p>\n<p><strong>OPENING VERNICE<\/strong> con artista in vetrina*<em>:<br \/>\n<\/em><strong>mercoled\u00ec 10 agosto 2016 ore 18.00 &gt; 20.00<br \/>\n<\/strong>seguente appuntamento notturno <em>ore 22,30<\/em> per:<br \/>\n<strong>SCIE MUSICALI<\/strong> con <strong>LUCA VENITUCCI*<\/strong>,<br \/>\n<strong>STELLE CADENTI<\/strong> (piccole luci guida sulle vetrine)<br \/>\ne <strong>REALTA\u2019 AUMENTATE<\/strong> degli <strong>artisti\u00a7innocenti<\/strong><\/p>\n<p><strong>Info: 342 5511608 &#8211; <\/strong><a href=\"mailto:camerinicamerini@gmail.com\"><strong>camerinicamerini@gmail.com<\/strong><\/a><strong><br \/>\n<\/strong>Cartellonista elettronico <strong>CARLO DE MEO<\/strong><\/p>\n<p><strong>PRESS OFFICE <\/strong><strong><br \/>\n<\/strong><a href=\"http:\/\/www.comunicadesidera.com\">ComunicaDesidera\u00a0\u00a0<\/a><strong><br \/>\n<\/strong><strong>Roberta Melasecca Architect\/Editor\/Pr<\/strong><br \/>\n<a href=\"http:\/\/www.comunicadesidera.com\">www.comunicadesidera.com<\/a><br \/>\n<a href=\"mailto:info@comunicadesidera.com\"><strong>info@comunicadesidera.com<\/strong><\/a><strong>\u00a0 349.4945612<\/strong><\/p>\n","protected":false},"excerpt":{"rendered":"<p><span class=\"span-reading-time rt-reading-time\" style=\"display: block;\"><span class=\"rt-label rt-prefix\">\u23f0 lettura <\/span> <span class=\"rt-time\"> 2<\/span> <span class=\"rt-label rt-postfix\">min. <\/p>\n<p><\/span><\/span>CAMERINI \/ cambi d\u2019artista un progetto di artisti\u00a7innocenti per le vetrine di MAS &#8211; Magazzini Allo Statuto Roma 10 agosto 2016 ore 18 | MAS &#8211; Magazzini Allo Statuto | Roma OPENING VERNICE con artista in vetrina*: mercoled\u00ec 10 agosto 2016 ore 18.00 &gt; 20.00 seguente appuntamento notturno ore 22,30 per: SCIE MUSICALI con LUCA&hellip;&nbsp;<a href=\"https:\/\/www.biancoscuro.it\/site\/camerini-cambi-dartista-un-progetto-artisti%c2%a7innocenti-le-vetrine-mas-magazzini-allo-statuto-roma\/\" rel=\"bookmark\">Leggi tutto &raquo;<span class=\"screen-reader-text\">CAMERINI \/ cambi d\u2019artista  un progetto di artisti\u00a7innocenti per le vetrine di MAS &#8211; Magazzini Allo Statuto Roma<\/span><\/a><\/p>\n","protected":false},"author":980,"featured_media":4267,"comment_status":"closed","ping_status":"closed","sticky":false,"template":"","format":"standard","meta":{"neve_meta_sidebar":"","neve_meta_container":"","neve_meta_enable_content_width":"","neve_meta_content_width":0,"neve_meta_title_alignment":"","neve_meta_author_avatar":"","neve_post_elements_order":"","neve_meta_disable_header":"","neve_meta_disable_footer":"","neve_meta_disable_title":"","advanced_seo_description":"","jetpack_seo_html_title":"","jetpack_seo_noindex":false,"footnotes":""},"categories":[5,26,334,24,676],"tags":[678,752,635],"class_list":["post-4265","post","type-post","status-publish","format-standard","has-post-thumbnail","hentry","category-arte","category-eventi","category-installazioni","category-mostre","category-performance","tag-artistiinnocenti","tag-mas","tag-roma"],"jetpack_featured_media_url":"https:\/\/www.biancoscuro.it\/site\/wp-content\/uploads\/2016\/07\/CAMERINI-mail.jpeg","jetpack_sharing_enabled":true,"jetpack-related-posts":[{"id":5270,"url":"https:\/\/www.biancoscuro.it\/site\/floralia-dialogo-senza-tempo\/","url_meta":{"origin":4265,"position":0},"title":"Floralia | Dialogo senza tempo","author":"Roberta Melasecca","date":"29 Marzo 2017","format":false,"excerpt":"Floralia | Dialogo senza tempo a cura di Antonietta Campilongo e Jada Mucerino 8 aprile 2017 ore 18.00 | Case Romane del Celio | Roma Sabato 8 aprile 2017 alle ore 18.00 si inaugura presso le Case Romane del Celio la mostra Floralia | Dialogo senza tempo, a cura di\u2026","rel":"","context":"In &quot;arte&quot;","block_context":{"text":"arte","link":"https:\/\/www.biancoscuro.it\/site\/category\/arte\/"},"img":{"alt_text":"","src":"https:\/\/i0.wp.com\/www.biancoscuro.it\/site\/wp-content\/uploads\/2017\/03\/floralia-web-1.jpg?resize=350%2C200","width":350,"height":200,"srcset":"https:\/\/i0.wp.com\/www.biancoscuro.it\/site\/wp-content\/uploads\/2017\/03\/floralia-web-1.jpg?resize=350%2C200 1x, https:\/\/i0.wp.com\/www.biancoscuro.it\/site\/wp-content\/uploads\/2017\/03\/floralia-web-1.jpg?resize=525%2C300 1.5x"},"classes":[]},{"id":4003,"url":"https:\/\/www.biancoscuro.it\/site\/appuntamenti-fluxus-2_-sessione-riccioli-zampironi-medagliere-fluxus-marmitta\/","url_meta":{"origin":4265,"position":1},"title":"Appuntamenti in Fluxus \/ 2_ Sessione Riccioli con Zampironi, Medagliere Fluxus e Marmitta","author":"Roberta Melasecca","date":"4 Giugno 2016","format":false,"excerpt":"Appuntamenti in Fluxus \/ 2_ Sessione Riccioli con Zampironi,\u00a0Medagliere Fluxus e Marmitta Conversazioni, suoni, piccoli gesti\u2026. AuditoriumArte Maggio - Giugno 2016 Auditorium Parco della Musica Roma Secondo incontro: marted\u00ec 7 giugno ore 19.00 \u00a0 L\u2019idea del progetto nasce dal desiderio di avvalersi dell\u2019occasione offerta dalla mostra Sense Sound \/ Sound\u2026","rel":"","context":"In &quot;arte&quot;","block_context":{"text":"arte","link":"https:\/\/www.biancoscuro.it\/site\/category\/arte\/"},"img":{"alt_text":"","src":"https:\/\/i0.wp.com\/www.biancoscuro.it\/site\/wp-content\/uploads\/2016\/06\/sessione-riccioli-Copia.jpeg?resize=350%2C200&ssl=1","width":350,"height":200,"srcset":"https:\/\/i0.wp.com\/www.biancoscuro.it\/site\/wp-content\/uploads\/2016\/06\/sessione-riccioli-Copia.jpeg?resize=350%2C200&ssl=1 1x, https:\/\/i0.wp.com\/www.biancoscuro.it\/site\/wp-content\/uploads\/2016\/06\/sessione-riccioli-Copia.jpeg?resize=525%2C300&ssl=1 1.5x"},"classes":[]},{"id":6817,"url":"https:\/\/www.biancoscuro.it\/site\/constanza-zimmer-pensionato-signorile-in-piramide-performance-spettacolo-ad-episodi-degli-artisti%c2%a7innocenti\/","url_meta":{"origin":4265,"position":2},"title":"Constanza Zimmer &#8211; Pensionato Signorile in Piramide","author":"Roberta Melasecca","date":"13 Marzo 2018","format":false,"excerpt":"18 marzo 2018 ore 17.30-22.30 -\u00a0performance\/spettacolo ad episodi degli artisti\u00a7innocenti La performance Constanza Zimmer \u00e8 una performance\/spettacolo seriale degli artisti\u00a7innocenti, con cadenza variabile, ad episodi indipendenti. La Vedova Constanza Zimmer, affittacamere d\u2019eccezione, ci accoglie nel suo elegante pensionato romano con vista sulla Piramide, popolato da numerosi ed eccentrici affittuari, ansiosi\u2026","rel":"","context":"In &quot;arte&quot;","block_context":{"text":"arte","link":"https:\/\/www.biancoscuro.it\/site\/category\/arte\/"},"img":{"alt_text":"","src":"https:\/\/i0.wp.com\/www.biancoscuro.it\/site\/wp-content\/uploads\/2018\/03\/constanza-zimmer_artisti-innocenti.jpg?resize=350%2C200&ssl=1","width":350,"height":200,"srcset":"https:\/\/i0.wp.com\/www.biancoscuro.it\/site\/wp-content\/uploads\/2018\/03\/constanza-zimmer_artisti-innocenti.jpg?resize=350%2C200&ssl=1 1x, https:\/\/i0.wp.com\/www.biancoscuro.it\/site\/wp-content\/uploads\/2018\/03\/constanza-zimmer_artisti-innocenti.jpg?resize=525%2C300&ssl=1 1.5x, https:\/\/i0.wp.com\/www.biancoscuro.it\/site\/wp-content\/uploads\/2018\/03\/constanza-zimmer_artisti-innocenti.jpg?resize=700%2C400&ssl=1 2x, https:\/\/i0.wp.com\/www.biancoscuro.it\/site\/wp-content\/uploads\/2018\/03\/constanza-zimmer_artisti-innocenti.jpg?resize=1050%2C600&ssl=1 3x"},"classes":[]},{"id":6440,"url":"https:\/\/www.biancoscuro.it\/site\/bordo-piscina_evento-anfibio\/","url_meta":{"origin":4265,"position":3},"title":"A Bordo\u00a0Piscina_evento\u00a0anfibio","author":"Roberta Melasecca","date":"1 Febbraio 2018","format":false,"excerpt":"A Bordo\u00a0Piscina_evento\u00a0anfibio 4 febbraio 2018 ore 18.00-20.00 | Monteverde Club | Roma Il giorno 4 febbraio 2018 dalle ore 18.00 alle ore 20.00, presso Monteverde Club, si svolger\u00e0 l\u2019evento \"A Bordo Piscina\", introdotto da Vittorio Florio, che vedr\u00e0 Caterina Boccardi presentare il suo secondo romanzo \"Verde Pallido\" in compagnia di\u2026","rel":"","context":"In &quot;eventi&quot;","block_context":{"text":"eventi","link":"https:\/\/www.biancoscuro.it\/site\/category\/eventi\/"},"img":{"alt_text":"","src":"https:\/\/i0.wp.com\/www.biancoscuro.it\/site\/wp-content\/uploads\/2018\/02\/a-bordo-piscina.jpg?resize=350%2C200&ssl=1","width":350,"height":200,"srcset":"https:\/\/i0.wp.com\/www.biancoscuro.it\/site\/wp-content\/uploads\/2018\/02\/a-bordo-piscina.jpg?resize=350%2C200&ssl=1 1x, https:\/\/i0.wp.com\/www.biancoscuro.it\/site\/wp-content\/uploads\/2018\/02\/a-bordo-piscina.jpg?resize=525%2C300&ssl=1 1.5x, https:\/\/i0.wp.com\/www.biancoscuro.it\/site\/wp-content\/uploads\/2018\/02\/a-bordo-piscina.jpg?resize=700%2C400&ssl=1 2x, https:\/\/i0.wp.com\/www.biancoscuro.it\/site\/wp-content\/uploads\/2018\/02\/a-bordo-piscina.jpg?resize=1050%2C600&ssl=1 3x, https:\/\/i0.wp.com\/www.biancoscuro.it\/site\/wp-content\/uploads\/2018\/02\/a-bordo-piscina.jpg?resize=1400%2C800&ssl=1 4x"},"classes":[]},{"id":7284,"url":"https:\/\/www.biancoscuro.it\/site\/transponder\/","url_meta":{"origin":4265,"position":4},"title":"Transponder","author":"Roberta Melasecca","date":"21 Maggio 2018","format":false,"excerpt":"Transponder A cura di Carlo Caloro e ArtQ13 Venerd\u00ec 25 maggio 2018 dalle ore 20.30 a mezzanotte Lungotevere Castel Sant\u2019Angelo | Roma Venerd\u00ec 25 maggio alle ore 20.30, artQ13 inaugura Transponder, progetto espositivo ideato da Carlo Caloro e prodotto da artQ13. Allestito sulla banchina del Lungotevere Castello e su di\u2026","rel":"","context":"In &quot;arte&quot;","block_context":{"text":"arte","link":"https:\/\/www.biancoscuro.it\/site\/category\/arte\/"},"img":{"alt_text":"","src":"https:\/\/i0.wp.com\/www.biancoscuro.it\/site\/wp-content\/uploads\/2018\/05\/transponder-1-per-web-copy_1.jpg?resize=350%2C200&ssl=1","width":350,"height":200,"srcset":"https:\/\/i0.wp.com\/www.biancoscuro.it\/site\/wp-content\/uploads\/2018\/05\/transponder-1-per-web-copy_1.jpg?resize=350%2C200&ssl=1 1x, https:\/\/i0.wp.com\/www.biancoscuro.it\/site\/wp-content\/uploads\/2018\/05\/transponder-1-per-web-copy_1.jpg?resize=525%2C300&ssl=1 1.5x, https:\/\/i0.wp.com\/www.biancoscuro.it\/site\/wp-content\/uploads\/2018\/05\/transponder-1-per-web-copy_1.jpg?resize=700%2C400&ssl=1 2x, https:\/\/i0.wp.com\/www.biancoscuro.it\/site\/wp-content\/uploads\/2018\/05\/transponder-1-per-web-copy_1.jpg?resize=1050%2C600&ssl=1 3x, https:\/\/i0.wp.com\/www.biancoscuro.it\/site\/wp-content\/uploads\/2018\/05\/transponder-1-per-web-copy_1.jpg?resize=1400%2C800&ssl=1 4x"},"classes":[]},{"id":14436,"url":"https:\/\/www.biancoscuro.it\/site\/il-gioco-degli-archetipi-act-one\/","url_meta":{"origin":4265,"position":5},"title":"Il Gioco degli Archetipi, Act One &#8211; The Archetypists di via Giulia","author":"Roberta Melasecca","date":"17 Ottobre 2022","format":false,"excerpt":"Il Gioco degli Archetipi, Act One \u00e8 la prima rappresentazione del Collettivo\u00a0di ispirazione junghiana \u201cThe Archetypists di via Giulia\u201d -Luisa Valeriani la MAGA, DuminDa l\u2019INNOCENTE, Ivo Cotani l\u2019INNAMORATO- che esporr\u00e0 in occasione di Rome Art Week presso lo Spazio DuminDa, uno spazio d\u2019artista condiviso in via Giulia 187 a\/b a\u2026","rel":"","context":"In &quot;arte&quot;","block_context":{"text":"arte","link":"https:\/\/www.biancoscuro.it\/site\/category\/arte\/"},"img":{"alt_text":"","src":"https:\/\/i0.wp.com\/www.biancoscuro.it\/site\/wp-content\/uploads\/2022\/10\/IL-GIOCO-DEGLI-ARCHETIPI-visual-e1666080451966.jpg?resize=350%2C200&ssl=1","width":350,"height":200},"classes":[]}],"_links":{"self":[{"href":"https:\/\/www.biancoscuro.it\/site\/wp-json\/wp\/v2\/posts\/4265","targetHints":{"allow":["GET"]}}],"collection":[{"href":"https:\/\/www.biancoscuro.it\/site\/wp-json\/wp\/v2\/posts"}],"about":[{"href":"https:\/\/www.biancoscuro.it\/site\/wp-json\/wp\/v2\/types\/post"}],"author":[{"embeddable":true,"href":"https:\/\/www.biancoscuro.it\/site\/wp-json\/wp\/v2\/users\/980"}],"replies":[{"embeddable":true,"href":"https:\/\/www.biancoscuro.it\/site\/wp-json\/wp\/v2\/comments?post=4265"}],"version-history":[{"count":0,"href":"https:\/\/www.biancoscuro.it\/site\/wp-json\/wp\/v2\/posts\/4265\/revisions"}],"wp:featuredmedia":[{"embeddable":true,"href":"https:\/\/www.biancoscuro.it\/site\/wp-json\/wp\/v2\/media\/4267"}],"wp:attachment":[{"href":"https:\/\/www.biancoscuro.it\/site\/wp-json\/wp\/v2\/media?parent=4265"}],"wp:term":[{"taxonomy":"category","embeddable":true,"href":"https:\/\/www.biancoscuro.it\/site\/wp-json\/wp\/v2\/categories?post=4265"},{"taxonomy":"post_tag","embeddable":true,"href":"https:\/\/www.biancoscuro.it\/site\/wp-json\/wp\/v2\/tags?post=4265"}],"curies":[{"name":"wp","href":"https:\/\/api.w.org\/{rel}","templated":true}]}}