{"id":4464,"date":"2016-09-29T09:55:27","date_gmt":"2016-09-29T09:55:27","guid":{"rendered":"http:\/\/www.biancoscuro.it\/site\/?p=4464"},"modified":"2016-09-29T14:47:26","modified_gmt":"2016-09-29T14:47:26","slug":"do-ut-do-2016-grande-progetto-benefico-ad-alto-tasso-creativita","status":"publish","type":"post","link":"https:\/\/www.biancoscuro.it\/site\/do-ut-do-2016-grande-progetto-benefico-ad-alto-tasso-creativita\/","title":{"rendered":"DO UT DO 2016 Grande progetto benefico ad alto tasso di creativit\u00e0"},"content":{"rendered":"<span class=\"span-reading-time rt-reading-time\" style=\"display: block;\"><span class=\"rt-label rt-prefix\">\u23f0 lettura <\/span> <span class=\"rt-time\"> 2<\/span> <span class=\"rt-label rt-postfix\">min. <br><br><\/span><\/span><h3>DO UT DO 2016 arriva a Bologna, dal 7 ottobre al MAMbo e dal 16 ottobre alla Pinacoteca Nazionale<\/h3>\n<h4>Dopo le esposizioni a Caserta, Napoli e Roma, DO UT DO, bellissimo progetto umanitario ad alto tasso di creativit\u00e0 promosso dall\u2019Associazione Amici della Fondazione Hospice Ser\u00e0gnoli, arriva a Bologna.<\/h4>\n<p>Dal 7 al 23 ottobre la CASA DO UT DO, disegnata dal grande architetto Alessandro Mendini, sar\u00e0 visitabile virtualmente al MAMbo di Bologna.<br \/>\nDal 16 ottobre al 13 novembre alla Pinacoteca Nazionale di Bologna saranno esposte tutte le opere di arte contemporanea e gli oggetti di design donati dai grandi designer e artisti che hanno aderito all\u2019iniziativa.<\/p>\n<p>\u201cdo ut do\u201d \u00e8 un progetto benefico biennale promosso dall\u2019Associazione Amici della Fondazione Hospice Ser\u00e0gnoli, che ha lo scopo di raccogliere fondi in favore delle attivit\u00e0 della Fondazione Hospice Ser\u00e0gnoli, organizzazione non-profit che dal 2002 opera nel campo dell\u2019assistenza, formazione, ricerca e divulgazione della cultura delle cure palliative.<\/p>\n<p><img loading=\"lazy\" decoding=\"async\" class=\"alignnone size-full wp-image-4470\" src=\"http:\/\/www.biancoscuro.it\/site\/wp-content\/uploads\/2016\/09\/alessandromendini_video.jpg\" alt=\"alessandromendini_video\" width=\"1000\" height=\"663\" srcset=\"https:\/\/www.biancoscuro.it\/site\/wp-content\/uploads\/2016\/09\/alessandromendini_video.jpg 1000w, https:\/\/www.biancoscuro.it\/site\/wp-content\/uploads\/2016\/09\/alessandromendini_video-300x199.jpg 300w, https:\/\/www.biancoscuro.it\/site\/wp-content\/uploads\/2016\/09\/alessandromendini_video-768x509.jpg 768w, https:\/\/www.biancoscuro.it\/site\/wp-content\/uploads\/2016\/09\/alessandromendini_video-600x398.jpg 600w\" sizes=\"auto, (max-width: 1000px) 100vw, 1000px\" \/><\/p>\n<p>Dopo il successo della prima edizione nel 2012 dedicata all\u2019arte contemporanea e della seconda nel 2014 sul design internazionale, la terza edizione 2016 ha per tema la Casa do ut do di Alessandro Mendini, le cui stanze sono progettate da importanti architetti e designer.<\/p>\n<p>La terza edizione, in una societ\u00e0 sempre pi\u00f9 tecnologica e connessa, \u00e8 nel segno del virtuale. Il grande attore e Premio Nobel <strong>Dario Fo ha accettato di esserne il padrino<\/strong> e tredici tra celebri architetti e designer hanno disegnato le stanze della casa progettata da <strong>Alessandro Mendini: Alberto Biagetti, Mario Cucinella, Riccardo Dalisi, Michele De Lucchi, Stefano Giovannoni, Alessandro Guerriero, Massimo Iosa Ghini, Daniel Libeskind, Angelo Naj Oleari, Terri Pecora, Renzo Piano, Claudio Silvestrin, Nanda Vigo<\/strong>.<\/p>\n<p>Ogni stanza \u00e8 dedicata a un VALORE che i vari progettisti hanno scelto tra quelli che compongono la qualit\u00e0 della vita e formano il senso pi\u00f9 profondo di una casa, cos\u00ec come di una comunit\u00e0, di una citt\u00e0, di un paese: vitalit\u00e0, empatia, sogno, civilt\u00e0, gioco, attesa, inclusione, natura, complicit\u00e0, luce, amore, incontro, il coraggio (delle donne).<br \/>\nAll\u2019interno della casa do ut do sono visibili le opere d\u2019arte contemporanea e i pezzi unici di design donati alla Fondazione Hospice Ser\u00e0gnoli e oggetto dell\u2019estrazione a sorte conclusiva.<br \/>\nLa visita virtuale alla casa \u00e8 accompagnata da un brano inedito realizzato da Gaetano Curreri e Saverio Grandi con testo di Saverio Grandi.<\/p>\n<p><img loading=\"lazy\" decoding=\"async\" class=\"alignnone size-full wp-image-4471\" src=\"http:\/\/www.biancoscuro.it\/site\/wp-content\/uploads\/2016\/09\/casamendini_oculus.jpg\" alt=\"casamendini_oculus\" width=\"1000\" height=\"736\" srcset=\"https:\/\/www.biancoscuro.it\/site\/wp-content\/uploads\/2016\/09\/casamendini_oculus.jpg 1000w, https:\/\/www.biancoscuro.it\/site\/wp-content\/uploads\/2016\/09\/casamendini_oculus-300x221.jpg 300w, https:\/\/www.biancoscuro.it\/site\/wp-content\/uploads\/2016\/09\/casamendini_oculus-768x565.jpg 768w, https:\/\/www.biancoscuro.it\/site\/wp-content\/uploads\/2016\/09\/casamendini_oculus-600x442.jpg 600w\" sizes=\"auto, (max-width: 1000px) 100vw, 1000px\" \/><\/p>\n<pre>INFO\r\nDO UT DO 2016\r\nLa casa do ut do si pu\u00f2 visitare tramite un sistema di navigazione in virtual reality 3D, sia sul web che nei musei e nelle sedi espositive che aderiscono al progetto, in video e in navigazione con visori 3D, oltre che in navigazione libera su smartphone e tablet, e sul sito dedicato.\r\nwww.doutdo.it\r\nwww.vitruviovirtualmuseum.com\/doutdo\r\n<\/pre>\n","protected":false},"excerpt":{"rendered":"<p><span class=\"span-reading-time rt-reading-time\" style=\"display: block;\"><span class=\"rt-label rt-prefix\">\u23f0 lettura <\/span> <span class=\"rt-time\"> 2<\/span> <span class=\"rt-label rt-postfix\">min. <\/p>\n<p><\/span><\/span>DO UT DO 2016 arriva a Bologna, dal 7 ottobre al MAMbo e dal 16 ottobre alla Pinacoteca Nazionale Dopo le esposizioni a Caserta, Napoli e Roma, DO UT DO, bellissimo progetto umanitario ad alto tasso di creativit\u00e0 promosso dall\u2019Associazione Amici della Fondazione Hospice Ser\u00e0gnoli, arriva a Bologna. Dal 7 al 23 ottobre la CASA&hellip;&nbsp;<a href=\"https:\/\/www.biancoscuro.it\/site\/do-ut-do-2016-grande-progetto-benefico-ad-alto-tasso-creativita\/\" rel=\"bookmark\">Leggi tutto &raquo;<span class=\"screen-reader-text\">DO UT DO 2016 Grande progetto benefico ad alto tasso di creativit\u00e0<\/span><\/a><\/p>\n","protected":false},"author":917,"featured_media":4471,"comment_status":"closed","ping_status":"closed","sticky":false,"template":"","format":"standard","meta":{"neve_meta_sidebar":"","neve_meta_container":"","neve_meta_enable_content_width":"","neve_meta_content_width":0,"neve_meta_title_alignment":"","neve_meta_author_avatar":"","neve_post_elements_order":"","neve_meta_disable_header":"","neve_meta_disable_footer":"","neve_meta_disable_title":"","advanced_seo_description":"","jetpack_seo_html_title":"","jetpack_seo_noindex":false,"footnotes":""},"categories":[5],"tags":[],"class_list":["post-4464","post","type-post","status-publish","format-standard","has-post-thumbnail","hentry","category-arte"],"jetpack_featured_media_url":"https:\/\/www.biancoscuro.it\/site\/wp-content\/uploads\/2016\/09\/casamendini_oculus.jpg","jetpack_sharing_enabled":true,"jetpack-related-posts":[{"id":3401,"url":"https:\/\/www.biancoscuro.it\/site\/biennale-fotoindustria-2015\/","url_meta":{"origin":4464,"position":0},"title":"Biennale FOTO\/INDUSTRIA 2015","author":"Redazione BIANCOSCURO","date":"2 Ottobre 2015","format":false,"excerpt":"14 esposizioni raccontano il mondo del lavoro La seconda edizione della Biennale Foto\/Industria apre i battenti il 2 ottobre nuovamente nella citt\u00e0 di Bologna. Dodici luoghi per quattordici esposizioni che raccontano, attraverso la fotografia d\u2019autore, il mondo del lavoro in tutte le sue fasi, dalla creazione al riciclaggio. La rassegna\u2026","rel":"","context":"In &quot;arte&quot;","block_context":{"text":"arte","link":"https:\/\/www.biancoscuro.it\/site\/category\/arte\/"},"img":{"alt_text":"","src":"https:\/\/i0.wp.com\/www.biancoscuro.it\/site\/wp-content\/uploads\/2015\/11\/01-david-lachapelle.jpg?resize=350%2C200&ssl=1","width":350,"height":200,"srcset":"https:\/\/i0.wp.com\/www.biancoscuro.it\/site\/wp-content\/uploads\/2015\/11\/01-david-lachapelle.jpg?resize=350%2C200&ssl=1 1x, https:\/\/i0.wp.com\/www.biancoscuro.it\/site\/wp-content\/uploads\/2015\/11\/01-david-lachapelle.jpg?resize=525%2C300&ssl=1 1.5x, https:\/\/i0.wp.com\/www.biancoscuro.it\/site\/wp-content\/uploads\/2015\/11\/01-david-lachapelle.jpg?resize=700%2C400&ssl=1 2x"},"classes":[]},{"id":10461,"url":"https:\/\/www.biancoscuro.it\/site\/musei-chiusi-per-rischio-contagio-al-mambo-di-bologna-la-mostra-va-in-streaming\/","url_meta":{"origin":4464,"position":1},"title":"Musei chiusi per rischio contagio? Al MAMbo di Bologna la mostra va in streaming","author":"Redazione BIANCOSCURO","date":"26 Febbraio 2020","format":false,"excerpt":"Da gioved\u00ec a domenica visibile performance di Ragnar Kjartansson Vedere l\u2019installazione-performance centrale di una grande mostra in diretta streaming mentre il museo rimane chiuso a scopo precauzionale per l\u2019emergenza coronavirus: \u00e8 quanto sar\u00e0 possibile da gioved\u00ec 27 febbraio con Bonjour, performance ambientale di Ragnar Kjartansson, esposta al MAMbo \u2013 Museo\u2026","rel":"","context":"In &quot;arte&quot;","block_context":{"text":"arte","link":"https:\/\/www.biancoscuro.it\/site\/category\/arte\/"},"img":{"alt_text":"","src":"https:\/\/i0.wp.com\/www.biancoscuro.it\/site\/wp-content\/uploads\/2020\/02\/13_Kjartansson_MAMbo999.jpg?resize=350%2C200&ssl=1","width":350,"height":200,"srcset":"https:\/\/i0.wp.com\/www.biancoscuro.it\/site\/wp-content\/uploads\/2020\/02\/13_Kjartansson_MAMbo999.jpg?resize=350%2C200&ssl=1 1x, https:\/\/i0.wp.com\/www.biancoscuro.it\/site\/wp-content\/uploads\/2020\/02\/13_Kjartansson_MAMbo999.jpg?resize=525%2C300&ssl=1 1.5x, https:\/\/i0.wp.com\/www.biancoscuro.it\/site\/wp-content\/uploads\/2020\/02\/13_Kjartansson_MAMbo999.jpg?resize=700%2C400&ssl=1 2x"},"classes":[]},{"id":14773,"url":"https:\/\/www.biancoscuro.it\/site\/mambo-presenta-the-floating-collection\/","url_meta":{"origin":4464,"position":2},"title":"MAMbo presenta The Floating Collection","author":"Elena Seno","date":"9 Novembre 2022","format":false,"excerpt":"Bologna \u00e8 una citt\u00e0 ricca di storia e cultura.Basti pensare che il concetto di universit\u00e0 in Europa nacque proprio qui, nel 1088, con la prima facolt\u00e0 di giurisprudenza.Tra portici, piazze, chiese, musei e il merito di essere uno storico polo universitario internazionale, la citt\u00e0 \u00e8 immersa nella storia, ed ogni\u2026","rel":"","context":"In &quot;arte&quot;","block_context":{"text":"arte","link":"https:\/\/www.biancoscuro.it\/site\/category\/arte\/"},"img":{"alt_text":"","src":"https:\/\/i0.wp.com\/www.biancoscuro.it\/site\/wp-content\/uploads\/2022\/11\/The_Floating_Collection_1.jpg?resize=350%2C200&ssl=1","width":350,"height":200},"classes":[]},{"id":12520,"url":"https:\/\/www.biancoscuro.it\/site\/a-bologna-la-quinta-edizione-di-foto-industria-e-dedicata-al-tema-dellalimentazione\/","url_meta":{"origin":4464,"position":3},"title":"A Bologna la quinta edizione di Foto\/Industria","author":"Chiara","date":"8 Novembre 2021","format":false,"excerpt":"La Fondazione MAST porta nel cuore di Bologna la quinta edizione della Biennale Foto\/Industria, la prima Biennale al mondo dedicata alla fotografia dell\u2019Industria e del Lavoro, dedicata quest'anno al tema FOOD, sotto la direzione artistica di Francesco Zanot. 11 le mostre a ingresso gratuito che animano la manifestazione, 3 i\u2026","rel":"","context":"In &quot;arte&quot;","block_context":{"text":"arte","link":"https:\/\/www.biancoscuro.it\/site\/category\/arte\/"},"img":{"alt_text":"","src":"https:\/\/i0.wp.com\/www.biancoscuro.it\/site\/wp-content\/uploads\/2021\/11\/ANDO-GILARDI-02-Mondine-delle-noci-al-lavoro-sulla-pulitura-dal-mallo.jpg?resize=350%2C200&ssl=1","width":350,"height":200,"srcset":"https:\/\/i0.wp.com\/www.biancoscuro.it\/site\/wp-content\/uploads\/2021\/11\/ANDO-GILARDI-02-Mondine-delle-noci-al-lavoro-sulla-pulitura-dal-mallo.jpg?resize=350%2C200&ssl=1 1x, https:\/\/i0.wp.com\/www.biancoscuro.it\/site\/wp-content\/uploads\/2021\/11\/ANDO-GILARDI-02-Mondine-delle-noci-al-lavoro-sulla-pulitura-dal-mallo.jpg?resize=525%2C300&ssl=1 1.5x, https:\/\/i0.wp.com\/www.biancoscuro.it\/site\/wp-content\/uploads\/2021\/11\/ANDO-GILARDI-02-Mondine-delle-noci-al-lavoro-sulla-pulitura-dal-mallo.jpg?resize=700%2C400&ssl=1 2x"},"classes":[]},{"id":6068,"url":"https:\/\/www.biancoscuro.it\/site\/biennale-foto-industria-2017-terza-edizione\/","url_meta":{"origin":4464,"position":4},"title":"BIENNALE FOTO INDUSTRIA 2017 Terza edizione","author":"Chiara","date":"27 Ottobre 2017","format":false,"excerpt":"Ha inaugurato lo scorso 12 ottobre a Bologna la terza edizione della BIENNALE FOTO\/INDUSTRIA, la prima Biennale al mondo dedicata alla fotografia dell'industria e del lavoro, promossa dalla Fondazione MAST. Con la direzione artistica di Fran\u00e7ois H\u00e9bel, la manifestazione presenta fino al 19 novembre 14 mostre a ingresso gratuito allestite\u2026","rel":"","context":"In &quot;biennale&quot;","block_context":{"text":"biennale","link":"https:\/\/www.biancoscuro.it\/site\/category\/biennale\/"},"img":{"alt_text":"Mitch Epstein - Amos Coal Power Plant, Raymond, West Virginia, from \u201cAmerican Power,\u201d 2004 C-print Courtesy the artist and The Walther Collection","src":"https:\/\/i0.wp.com\/www.biancoscuro.it\/site\/wp-content\/uploads\/2017\/10\/7.1.-Mitch-Epstein_Amos-Coal-Power-Plant-Raymond-West-Virginia-2004.jpg?resize=350%2C200&ssl=1","width":350,"height":200,"srcset":"https:\/\/i0.wp.com\/www.biancoscuro.it\/site\/wp-content\/uploads\/2017\/10\/7.1.-Mitch-Epstein_Amos-Coal-Power-Plant-Raymond-West-Virginia-2004.jpg?resize=350%2C200&ssl=1 1x, https:\/\/i0.wp.com\/www.biancoscuro.it\/site\/wp-content\/uploads\/2017\/10\/7.1.-Mitch-Epstein_Amos-Coal-Power-Plant-Raymond-West-Virginia-2004.jpg?resize=525%2C300&ssl=1 1.5x, https:\/\/i0.wp.com\/www.biancoscuro.it\/site\/wp-content\/uploads\/2017\/10\/7.1.-Mitch-Epstein_Amos-Coal-Power-Plant-Raymond-West-Virginia-2004.jpg?resize=700%2C400&ssl=1 2x, https:\/\/i0.wp.com\/www.biancoscuro.it\/site\/wp-content\/uploads\/2017\/10\/7.1.-Mitch-Epstein_Amos-Coal-Power-Plant-Raymond-West-Virginia-2004.jpg?resize=1050%2C600&ssl=1 3x"},"classes":[]},{"id":12880,"url":"https:\/\/www.biancoscuro.it\/site\/caterina-morigi-sectilia\/","url_meta":{"origin":4464,"position":5},"title":"Caterina Morigi &#8211; Sectilia","author":"Roberta Melasecca","date":"9 Febbraio 2022","format":false,"excerpt":"Caterina MorigiSectiliaA cura di Irene Angenica Opening 17 febbraio 2022 ore 18.30 - 21.00Curva Pura - Roma Fino al 13 marzo 2022 Il giorno 17 febbraio 2022 Curva Pura presenta la mostra personale Sectilia di Caterina Morigi, a cura di Irene Angenica.\u00a0 Sectilia \u00e8 ispirata alle texture lapidee e all\u2019immaginario\u2026","rel":"","context":"In &quot;arte&quot;","block_context":{"text":"arte","link":"https:\/\/www.biancoscuro.it\/site\/category\/arte\/"},"img":{"alt_text":"","src":"https:\/\/i0.wp.com\/www.biancoscuro.it\/site\/wp-content\/uploads\/2022\/02\/Morigi-SECTILIA.jpg?resize=350%2C200&ssl=1","width":350,"height":200,"srcset":"https:\/\/i0.wp.com\/www.biancoscuro.it\/site\/wp-content\/uploads\/2022\/02\/Morigi-SECTILIA.jpg?resize=350%2C200&ssl=1 1x, https:\/\/i0.wp.com\/www.biancoscuro.it\/site\/wp-content\/uploads\/2022\/02\/Morigi-SECTILIA.jpg?resize=525%2C300&ssl=1 1.5x, https:\/\/i0.wp.com\/www.biancoscuro.it\/site\/wp-content\/uploads\/2022\/02\/Morigi-SECTILIA.jpg?resize=700%2C400&ssl=1 2x"},"classes":[]}],"_links":{"self":[{"href":"https:\/\/www.biancoscuro.it\/site\/wp-json\/wp\/v2\/posts\/4464","targetHints":{"allow":["GET"]}}],"collection":[{"href":"https:\/\/www.biancoscuro.it\/site\/wp-json\/wp\/v2\/posts"}],"about":[{"href":"https:\/\/www.biancoscuro.it\/site\/wp-json\/wp\/v2\/types\/post"}],"author":[{"embeddable":true,"href":"https:\/\/www.biancoscuro.it\/site\/wp-json\/wp\/v2\/users\/917"}],"replies":[{"embeddable":true,"href":"https:\/\/www.biancoscuro.it\/site\/wp-json\/wp\/v2\/comments?post=4464"}],"version-history":[{"count":0,"href":"https:\/\/www.biancoscuro.it\/site\/wp-json\/wp\/v2\/posts\/4464\/revisions"}],"wp:featuredmedia":[{"embeddable":true,"href":"https:\/\/www.biancoscuro.it\/site\/wp-json\/wp\/v2\/media\/4471"}],"wp:attachment":[{"href":"https:\/\/www.biancoscuro.it\/site\/wp-json\/wp\/v2\/media?parent=4464"}],"wp:term":[{"taxonomy":"category","embeddable":true,"href":"https:\/\/www.biancoscuro.it\/site\/wp-json\/wp\/v2\/categories?post=4464"},{"taxonomy":"post_tag","embeddable":true,"href":"https:\/\/www.biancoscuro.it\/site\/wp-json\/wp\/v2\/tags?post=4464"}],"curies":[{"name":"wp","href":"https:\/\/api.w.org\/{rel}","templated":true}]}}