{"id":4483,"date":"2016-09-29T14:55:37","date_gmt":"2016-09-29T14:55:37","guid":{"rendered":"http:\/\/www.biancoscuro.it\/site\/?p=4483"},"modified":"2016-09-29T17:12:08","modified_gmt":"2016-09-29T17:12:08","slug":"grande-artista-danese-kirkeby-mostra-al-museo-darte-mendrisio","status":"publish","type":"post","link":"https:\/\/www.biancoscuro.it\/site\/grande-artista-danese-kirkeby-mostra-al-museo-darte-mendrisio\/","title":{"rendered":"Il grande artista danese PER KIRKEBY in mostra al Museo d&#8217;arte di Mendrisio"},"content":{"rendered":"<span class=\"span-reading-time rt-reading-time\" style=\"display: block;\"><span class=\"rt-label rt-prefix\">\u23f0 lettura <\/span> <span class=\"rt-time\"> 3<\/span> <span class=\"rt-label rt-postfix\">min. <br><br><\/span><\/span><p><em><strong>PER KIRKEBY\u00a0 I luoghi dell&#8217;anima del grande maestro scandinavo<\/strong><\/em><\/p>\n<p><strong>2 ottobre 2016 \u2013 29 gennaio 2017<br \/>\n<\/strong><strong>Museo d\u2019arte di Mendrisio<\/strong><\/p>\n<p><img loading=\"lazy\" decoding=\"async\" class=\" wp-image-4490\" src=\"http:\/\/www.biancoscuro.it\/site\/wp-content\/uploads\/2016\/09\/11.-KIRKEBY-1249-300x203.jpg\" alt=\"PK_1249\" width=\"330\" height=\"223\" srcset=\"https:\/\/www.biancoscuro.it\/site\/wp-content\/uploads\/2016\/09\/11.-KIRKEBY-1249-300x203.jpg 300w, https:\/\/www.biancoscuro.it\/site\/wp-content\/uploads\/2016\/09\/11.-KIRKEBY-1249-768x519.jpg 768w, https:\/\/www.biancoscuro.it\/site\/wp-content\/uploads\/2016\/09\/11.-KIRKEBY-1249-1024x692.jpg 1024w, https:\/\/www.biancoscuro.it\/site\/wp-content\/uploads\/2016\/09\/11.-KIRKEBY-1249-600x406.jpg 600w\" sizes=\"auto, (max-width: 330px) 100vw, 330px\" \/><\/p>\n<p><strong>Acclamato in tutta Europa per gli straordinari risultati raggiunti in campo artistico, Per Kirkeby \u00e8 certamente uno tra i maggiori protagonisti della scena culturale scandinava del Novecento. Si \u00e8 imposto come imprescindibile figura di riferimento per una generazione di artisti a partire dagli anni Sessanta fino ad oggi. Basti pensare che la sua opera \u00e8 stata esposta in ampie retrospettive nei Musei di Strasburgo, Monaco, D\u00fcsseldorf, Copenaghen, Berlino, Edimburgo, Colonia, Bruxelles, Parigi e Londra.<\/strong><\/p>\n<p><strong>La mostra organizzata al Museo d\u2019arte di Mendrisio, curata dal Direttore Simone Soldini, \u00e8 la prima importante retrospettiva in area italiana.<\/strong><\/p>\n<p><strong>L&#8217;esposizione intende ripercorrere 30 anni della carriera di Per Kirkeby concentrandosi sul periodo della maturit\u00e0 (1983-2012), quando l\u2019artista danese abbandona la sua posizione di rilievo nell\u2019avanguardia artistica per inoltrarsi in un percorso esclusivamente pittorico. Un iter suggestivo, che fa dell\u2019unit\u00e0 il suo punto forte.<\/strong><\/p>\n<p>Con <strong>33 tele di grandi dimensioni, 30 opere su carta e 6 sculture<\/strong> (di cui una alta quasi 4 metri collocata nel chiostro del Museo), la mostra sintetizza buona parte del suo lavoro. Dei vari aspetti della sua poliedrica produzione (che lo vede attivo in veste di pittore, geologo, poeta, scultore, creatore di luoghi architettonici, scrittore d\u2019arte, uomo di teatro e cinema &#8211; ha creato costumi e scenografie per gli spettacoli del Teatro Reale di Copenaghen e il New York City Ballet, \u00a0e \u00a0ha lavorato con Lars von Trier realizzando i titoli nei singoli capitoli del film \u201cLe onde del destino\u201d) il Museo d\u2019arte di Mendrisio intende favorire quella personale stagione lirico-informale, strettamente legata ai paesaggi esplorati durante i suoi lunghi viaggi e caratterizzata da impressionanti dipinti di grande formato, che Kirkeby sviluppa \u2013 in una ricerca ininterrotta fino alle ultime opere del 2012 \u2013 dopo essere stato tra i protagonisti delle nuove tendenze espressive degli anni Settanta unitamente a Gerhard Richter, Sigmar Polke, A.R.Penck, Markus L\u00fcpertz, Georg Baselitz e dopo un forte interesse per l\u2019arte minimalista e un iniziale avvicinamento a Fluxus e alla Pop Art. La svolta verso una pittura pi\u00f9 materica e informale comincia a partire dal 1980 circa, anno che segna l\u2019inizio di uno sviluppo costante, profondo e ragionato di un personalissimo linguaggio pittorico, fortemente ispirato dalla natura.<\/p>\n<p>Accanto alle opere pittoriche si dar\u00e0 il giusto rilievo alla meravigliosa produzione su carta, testimonianza del Kirkeby instancabile viaggiatore ed esploratore, attraverso una scelta particolarmente attenta di acquerelli realizzati nei suggestivi paesaggi della Groenlandia, campo di ricerca dell\u2019artista geologo dalla fine degli anni Cinquanta ai primi del 2000, e che ben sottolineano il rapporto complesso e molto intenso con l\u2019elemento circostante.<br \/>\nGli acquerelli di Kirkeby sono s\u00ec appunti di viaggio, presi duranti i soggiorni in Groenlandia, Messico, Egitto, Nuova Zelanda, ma di una qualit\u00e0 tale da competere a pari livello con gli altri principali capitoli della sua produzione artistica.<\/p>\n<p><strong>Oggi molte delle opere di Per Kirkeby sono custodite nelle prestigiose collezioni di alcuni dei pi\u00f9 importanti musei internazionali, dal Metropolitan e il MOMA di New York al Centre Pompidou di Parigi e la Tate Gallery di Londra. Sue sculture si trovano in Germania, Danimarca, Spagna, Olanda, Irlanda, Scozia, Svezia e Italia.<\/strong><\/p>\n<p>La mostra di Mendrisio, frutto di una collaborazione con la storica Galerie Michael Werner di Berlino, la Bo Bjerggaard Galleri di Copenaghen (per la parte relativa alle opere su carta) e con il contributo della Galerie Knoell di Basilea, si configura come la prima grande mostra di Kirkeby in area italiana. Per l\u2019occasione sar\u00e0 edito un catalogo di circa 150 pagine con un testo critico di Sigfried Gohr (il maggiore studioso della sua opera), Erik Steffensen (biografo e curatore di alcune recenti esposizioni), e con schede a commento delle sue molteplici attivit\u00e0 artistiche.<\/p>\n<p>Una mostra davvero speciale per scoprire un grande maestro del Novecento, tuttora in attivit\u00e0.<\/p>\n<p><strong><img loading=\"lazy\" decoding=\"async\" class=\"alignnone size-medium wp-image-4488\" src=\"http:\/\/www.biancoscuro.it\/site\/wp-content\/uploads\/2016\/09\/3.-KIRKEBY-393-195x300.jpg\" alt=\"3-kirkeby-393\" width=\"195\" height=\"300\" srcset=\"https:\/\/www.biancoscuro.it\/site\/wp-content\/uploads\/2016\/09\/3.-KIRKEBY-393-195x300.jpg 195w, https:\/\/www.biancoscuro.it\/site\/wp-content\/uploads\/2016\/09\/3.-KIRKEBY-393-768x1181.jpg 768w, https:\/\/www.biancoscuro.it\/site\/wp-content\/uploads\/2016\/09\/3.-KIRKEBY-393-666x1024.jpg 666w, https:\/\/www.biancoscuro.it\/site\/wp-content\/uploads\/2016\/09\/3.-KIRKEBY-393-600x923.jpg 600w, https:\/\/www.biancoscuro.it\/site\/wp-content\/uploads\/2016\/09\/3.-KIRKEBY-393-300x461.jpg 300w, https:\/\/www.biancoscuro.it\/site\/wp-content\/uploads\/2016\/09\/3.-KIRKEBY-393.jpg 800w\" sizes=\"auto, (max-width: 195px) 100vw, 195px\" \/>\u00a0\u00a0 <img loading=\"lazy\" decoding=\"async\" class=\"alignnone size-medium wp-image-4489\" src=\"http:\/\/www.biancoscuro.it\/site\/wp-content\/uploads\/2016\/09\/6.-KIRKEBY-670-194x300.jpg\" alt=\"6-kirkeby-670\" width=\"194\" height=\"300\" srcset=\"https:\/\/www.biancoscuro.it\/site\/wp-content\/uploads\/2016\/09\/6.-KIRKEBY-670-194x300.jpg 194w, https:\/\/www.biancoscuro.it\/site\/wp-content\/uploads\/2016\/09\/6.-KIRKEBY-670-768x1188.jpg 768w, https:\/\/www.biancoscuro.it\/site\/wp-content\/uploads\/2016\/09\/6.-KIRKEBY-670-662x1024.jpg 662w, https:\/\/www.biancoscuro.it\/site\/wp-content\/uploads\/2016\/09\/6.-KIRKEBY-670-600x929.jpg 600w, https:\/\/www.biancoscuro.it\/site\/wp-content\/uploads\/2016\/09\/6.-KIRKEBY-670-300x464.jpg 300w, https:\/\/www.biancoscuro.it\/site\/wp-content\/uploads\/2016\/09\/6.-KIRKEBY-670.jpg 800w\" sizes=\"auto, (max-width: 194px) 100vw, 194px\" \/>\u00a0 <\/strong>\u00a0\u00a0<img loading=\"lazy\" decoding=\"async\" class=\"alignnone size-medium wp-image-4491\" src=\"http:\/\/www.biancoscuro.it\/site\/wp-content\/uploads\/2016\/09\/18.-KIREKEBY-11-052-Untitled-Gr\u00f8nland-acquerello-300x223.jpg\" alt=\"18-kirekeby-11-052-untitled-gronland-acquerello\" width=\"300\" height=\"223\" srcset=\"https:\/\/www.biancoscuro.it\/site\/wp-content\/uploads\/2016\/09\/18.-KIREKEBY-11-052-Untitled-Gr\u00f8nland-acquerello-300x223.jpg 300w, https:\/\/www.biancoscuro.it\/site\/wp-content\/uploads\/2016\/09\/18.-KIREKEBY-11-052-Untitled-Gr\u00f8nland-acquerello-768x572.jpg 768w, https:\/\/www.biancoscuro.it\/site\/wp-content\/uploads\/2016\/09\/18.-KIREKEBY-11-052-Untitled-Gr\u00f8nland-acquerello-1024x763.jpg 1024w, https:\/\/www.biancoscuro.it\/site\/wp-content\/uploads\/2016\/09\/18.-KIREKEBY-11-052-Untitled-Gr\u00f8nland-acquerello-600x447.jpg 600w, https:\/\/www.biancoscuro.it\/site\/wp-content\/uploads\/2016\/09\/18.-KIREKEBY-11-052-Untitled-Gr\u00f8nland-acquerello.jpg 1074w\" sizes=\"auto, (max-width: 300px) 100vw, 300px\" \/><\/p>\n<pre>Per informazioni:\r\nwww.mendrisio.ch\/museo\r\nmuseo@mendrisio.ch<\/pre>\n","protected":false},"excerpt":{"rendered":"<p><span class=\"span-reading-time rt-reading-time\" style=\"display: block;\"><span class=\"rt-label rt-prefix\">\u23f0 lettura <\/span> <span class=\"rt-time\"> 3<\/span> <span class=\"rt-label rt-postfix\">min. <\/p>\n<p><\/span><\/span>PER KIRKEBY\u00a0 I luoghi dell&#8217;anima del grande maestro scandinavo 2 ottobre 2016 \u2013 29 gennaio 2017 Museo d\u2019arte di Mendrisio Acclamato in tutta Europa per gli straordinari risultati raggiunti in campo artistico, Per Kirkeby \u00e8 certamente uno tra i maggiori protagonisti della scena culturale scandinava del Novecento. Si \u00e8 imposto come imprescindibile figura di riferimento&hellip;&nbsp;<a href=\"https:\/\/www.biancoscuro.it\/site\/grande-artista-danese-kirkeby-mostra-al-museo-darte-mendrisio\/\" rel=\"bookmark\">Leggi tutto &raquo;<span class=\"screen-reader-text\">Il grande artista danese PER KIRKEBY in mostra al Museo d&#8217;arte di Mendrisio<\/span><\/a><\/p>\n","protected":false},"author":917,"featured_media":0,"comment_status":"closed","ping_status":"closed","sticky":false,"template":"","format":"standard","meta":{"neve_meta_sidebar":"","neve_meta_container":"","neve_meta_enable_content_width":"","neve_meta_content_width":0,"neve_meta_title_alignment":"","neve_meta_author_avatar":"","neve_post_elements_order":"","neve_meta_disable_header":"","neve_meta_disable_footer":"","neve_meta_disable_title":"","advanced_seo_description":"","jetpack_seo_html_title":"","jetpack_seo_noindex":false,"footnotes":""},"categories":[5],"tags":[],"class_list":["post-4483","post","type-post","status-publish","format-standard","hentry","category-arte"],"jetpack_featured_media_url":"","jetpack_sharing_enabled":true,"jetpack-related-posts":[{"id":7020,"url":"https:\/\/www.biancoscuro.it\/site\/le-sculture-di-franca-ghitti-in-mostra-al-museo-darte-a-mendrisio\/","url_meta":{"origin":4483,"position":0},"title":"Le sculture di Franca Ghitti in mostra al Museo d&#8217;arte a Mendrisio","author":"Chiara","date":"9 Aprile 2018","format":false,"excerpt":"Inaugura il 14 aprile al Museo d'arte a Mendrisio una importante esposizione dedicata\u00a0ai lavori scultorei di Franca Ghitti (Erbanno, 1932 \u2013 Brescia, 2012), che intende presentare una selezione accurata dei principali capitoli espressivi di questa artista, nata in Valle Camonica e sempre particolarmente attenta alla ricerca intorno alle testimonianze e\u2026","rel":"","context":"In &quot;arte&quot;","block_context":{"text":"arte","link":"https:\/\/www.biancoscuro.it\/site\/category\/arte\/"},"img":{"alt_text":"","src":"https:\/\/i0.wp.com\/www.biancoscuro.it\/site\/wp-content\/uploads\/2018\/04\/2.-GHITTI-Mappa-dei-campi-arati-1.jpg?resize=350%2C200&ssl=1","width":350,"height":200,"srcset":"https:\/\/i0.wp.com\/www.biancoscuro.it\/site\/wp-content\/uploads\/2018\/04\/2.-GHITTI-Mappa-dei-campi-arati-1.jpg?resize=350%2C200&ssl=1 1x, https:\/\/i0.wp.com\/www.biancoscuro.it\/site\/wp-content\/uploads\/2018\/04\/2.-GHITTI-Mappa-dei-campi-arati-1.jpg?resize=525%2C300&ssl=1 1.5x, https:\/\/i0.wp.com\/www.biancoscuro.it\/site\/wp-content\/uploads\/2018\/04\/2.-GHITTI-Mappa-dei-campi-arati-1.jpg?resize=700%2C400&ssl=1 2x"},"classes":[]},{"id":12502,"url":"https:\/\/www.biancoscuro.it\/site\/a-r-penck-a-mendrisio-una-grande-retrospettiva-dedicata-al-maestro-tedesco\/","url_meta":{"origin":4483,"position":1},"title":"A.R. Penck. A Mendrisio una grande retrospettiva dedicata al maestro tedesco","author":"Chiara","date":"27 Ottobre 2021","format":false,"excerpt":"Il Museo d'arte di Mendrisio presenta fino al 13 febbraio 2022 una grande retrospettiva dedicata a A.R. Penck (pseudonimo di Ralf Winkler), tra i pi\u00f9 importanti artisti tedeschi della seconda met\u00e0 del Novecento, scomparso a Zurigo nel 2017. Curata da Simone Soldini, Ulf Jensen, Barbara Paltenghi Malacrida, la mostra, che\u2026","rel":"","context":"In &quot;arte&quot;","block_context":{"text":"arte","link":"https:\/\/www.biancoscuro.it\/site\/category\/arte\/"},"img":{"alt_text":"","src":"https:\/\/i0.wp.com\/www.biancoscuro.it\/site\/wp-content\/uploads\/2021\/10\/3.-PENCK-Standart-1969.jpg?resize=350%2C200&ssl=1","width":350,"height":200,"srcset":"https:\/\/i0.wp.com\/www.biancoscuro.it\/site\/wp-content\/uploads\/2021\/10\/3.-PENCK-Standart-1969.jpg?resize=350%2C200&ssl=1 1x, https:\/\/i0.wp.com\/www.biancoscuro.it\/site\/wp-content\/uploads\/2021\/10\/3.-PENCK-Standart-1969.jpg?resize=525%2C300&ssl=1 1.5x, https:\/\/i0.wp.com\/www.biancoscuro.it\/site\/wp-content\/uploads\/2021\/10\/3.-PENCK-Standart-1969.jpg?resize=700%2C400&ssl=1 2x"},"classes":[]},{"id":8066,"url":"https:\/\/www.biancoscuro.it\/site\/max-beckmann-al-museo-darte-a-mendrisio-una-grande-antologica-dedicata-al-maestro-tedesco\/","url_meta":{"origin":4483,"position":2},"title":"MAX BECKMANN Al Museo d&#8217;arte a Mendrisio una grande antologica dedicata al maestro tedesco","author":"Chiara","date":"25 Ottobre 2018","format":false,"excerpt":"Max Beckmann \u00e8, insieme a Pablo Picasso ed Henri Matisse, uno dei massimi Maestri dell\u2019arte moderna. Con loro figura nelle sale dei pi\u00f9 importanti musei del mondo. Nonostante la sua maestria pittorica, plastica e grafica, le sue opere - inquietanti, enigmatiche e sensuali - continuano a essere una sfida per\u2026","rel":"","context":"In &quot;arte&quot;","block_context":{"text":"arte","link":"https:\/\/www.biancoscuro.it\/site\/category\/arte\/"},"img":{"alt_text":"","src":"https:\/\/i0.wp.com\/www.biancoscuro.it\/site\/wp-content\/uploads\/2018\/10\/BECKMANN-509-Autoritratto-su-fondo-verde-con-camicia-verde.jpg?resize=350%2C200&ssl=1","width":350,"height":200,"srcset":"https:\/\/i0.wp.com\/www.biancoscuro.it\/site\/wp-content\/uploads\/2018\/10\/BECKMANN-509-Autoritratto-su-fondo-verde-con-camicia-verde.jpg?resize=350%2C200&ssl=1 1x, https:\/\/i0.wp.com\/www.biancoscuro.it\/site\/wp-content\/uploads\/2018\/10\/BECKMANN-509-Autoritratto-su-fondo-verde-con-camicia-verde.jpg?resize=525%2C300&ssl=1 1.5x, https:\/\/i0.wp.com\/www.biancoscuro.it\/site\/wp-content\/uploads\/2018\/10\/BECKMANN-509-Autoritratto-su-fondo-verde-con-camicia-verde.jpg?resize=700%2C400&ssl=1 2x"},"classes":[]},{"id":9976,"url":"https:\/\/www.biancoscuro.it\/site\/arte-indiana-a-mendrisio\/","url_meta":{"origin":4483,"position":3},"title":"Arte indiana a Mendrisio","author":"Chiara","date":"14 Novembre 2019","format":false,"excerpt":"Fino al 26 gennaio 2020 al Museo d'arte Mendrisio \u00e8 possibile ammirare una straordinaria selezione di capolavori dell'arte indiana, oltre 70 sculture provenienti da diverse regioni dell\u2019India, Pakistan e Afghanistan - che\u00a0coprono un arco temporale di quattordici secoli, dal II secolo a.C. al XII secolo d.C. - riuniti nella mostra\u2026","rel":"","context":"In &quot;arte&quot;","block_context":{"text":"arte","link":"https:\/\/www.biancoscuro.it\/site\/category\/arte\/"},"img":{"alt_text":"","src":"https:\/\/i0.wp.com\/www.biancoscuro.it\/site\/wp-content\/uploads\/2019\/11\/23.-Testa-del-Budda.jpg?resize=350%2C200&ssl=1","width":350,"height":200,"srcset":"https:\/\/i0.wp.com\/www.biancoscuro.it\/site\/wp-content\/uploads\/2019\/11\/23.-Testa-del-Budda.jpg?resize=350%2C200&ssl=1 1x, https:\/\/i0.wp.com\/www.biancoscuro.it\/site\/wp-content\/uploads\/2019\/11\/23.-Testa-del-Budda.jpg?resize=525%2C300&ssl=1 1.5x, https:\/\/i0.wp.com\/www.biancoscuro.it\/site\/wp-content\/uploads\/2019\/11\/23.-Testa-del-Budda.jpg?resize=700%2C400&ssl=1 2x"},"classes":[]},{"id":7516,"url":"https:\/\/www.biancoscuro.it\/site\/ultimi-giorni-per-la-mostra-dedicata-a-franca-ghitti-a-mendrisio\/","url_meta":{"origin":4483,"position":4},"title":"Ultimi giorni per la mostra dedicata a Franca Ghitti a Mendrisio","author":"Chiara","date":"3 Luglio 2018","format":false,"excerpt":"E' aperta fino al 15 luglio la mostra FRANCA GHITTI Scultrice al Museo d'arte a Mendrisio.\u00a0 Nella splendida cornice del settecentesco convento dei Serviti, sede del Museo, sono esposte le opere pi\u00f9 significative delle principali tappe del cammino artistico di Franca Ghitti (Erbanno, 1932-Brescia, 2012) a partire dalla produzione lignea\u2026","rel":"","context":"In &quot;arte&quot;","block_context":{"text":"arte","link":"https:\/\/www.biancoscuro.it\/site\/category\/arte\/"},"img":{"alt_text":"","src":"https:\/\/i0.wp.com\/www.biancoscuro.it\/site\/wp-content\/uploads\/2018\/07\/GHITTI-allestimento-Alberi.jpg?resize=350%2C200&ssl=1","width":350,"height":200,"srcset":"https:\/\/i0.wp.com\/www.biancoscuro.it\/site\/wp-content\/uploads\/2018\/07\/GHITTI-allestimento-Alberi.jpg?resize=350%2C200&ssl=1 1x, https:\/\/i0.wp.com\/www.biancoscuro.it\/site\/wp-content\/uploads\/2018\/07\/GHITTI-allestimento-Alberi.jpg?resize=525%2C300&ssl=1 1.5x, https:\/\/i0.wp.com\/www.biancoscuro.it\/site\/wp-content\/uploads\/2018\/07\/GHITTI-allestimento-Alberi.jpg?resize=700%2C400&ssl=1 2x, https:\/\/i0.wp.com\/www.biancoscuro.it\/site\/wp-content\/uploads\/2018\/07\/GHITTI-allestimento-Alberi.jpg?resize=1050%2C600&ssl=1 3x"},"classes":[]},{"id":8975,"url":"https:\/\/www.biancoscuro.it\/site\/piero-guccione-la-pittura-come-il-mare\/","url_meta":{"origin":4483,"position":5},"title":"Piero Guccione La pittura come il mare","author":"Chiara","date":"3 Aprile 2019","format":false,"excerpt":"Da domenica 7 aprile in mostra al Museo d'arte Mendrisio le opere del grande artista siciliano, scomparso nel 2018, nella prima importante retrospettiva post mortem a lui dedicata. \u00abMi attira l'assoluta immobilit\u00e0 del mare, che per\u00f2 \u00e8 costantemente in movimento.\u00bb \u00c8 questa la grande impresa che quotidianamente ha affrontato Piero\u2026","rel":"","context":"In &quot;arte&quot;","block_context":{"text":"arte","link":"https:\/\/www.biancoscuro.it\/site\/category\/arte\/"},"img":{"alt_text":"","src":"https:\/\/i0.wp.com\/www.biancoscuro.it\/site\/wp-content\/uploads\/2019\/04\/29.-GUCCIOME-Luna-dAgosto.jpg?resize=350%2C200&ssl=1","width":350,"height":200,"srcset":"https:\/\/i0.wp.com\/www.biancoscuro.it\/site\/wp-content\/uploads\/2019\/04\/29.-GUCCIOME-Luna-dAgosto.jpg?resize=350%2C200&ssl=1 1x, https:\/\/i0.wp.com\/www.biancoscuro.it\/site\/wp-content\/uploads\/2019\/04\/29.-GUCCIOME-Luna-dAgosto.jpg?resize=525%2C300&ssl=1 1.5x, https:\/\/i0.wp.com\/www.biancoscuro.it\/site\/wp-content\/uploads\/2019\/04\/29.-GUCCIOME-Luna-dAgosto.jpg?resize=700%2C400&ssl=1 2x, https:\/\/i0.wp.com\/www.biancoscuro.it\/site\/wp-content\/uploads\/2019\/04\/29.-GUCCIOME-Luna-dAgosto.jpg?resize=1050%2C600&ssl=1 3x"},"classes":[]}],"_links":{"self":[{"href":"https:\/\/www.biancoscuro.it\/site\/wp-json\/wp\/v2\/posts\/4483","targetHints":{"allow":["GET"]}}],"collection":[{"href":"https:\/\/www.biancoscuro.it\/site\/wp-json\/wp\/v2\/posts"}],"about":[{"href":"https:\/\/www.biancoscuro.it\/site\/wp-json\/wp\/v2\/types\/post"}],"author":[{"embeddable":true,"href":"https:\/\/www.biancoscuro.it\/site\/wp-json\/wp\/v2\/users\/917"}],"replies":[{"embeddable":true,"href":"https:\/\/www.biancoscuro.it\/site\/wp-json\/wp\/v2\/comments?post=4483"}],"version-history":[{"count":0,"href":"https:\/\/www.biancoscuro.it\/site\/wp-json\/wp\/v2\/posts\/4483\/revisions"}],"wp:attachment":[{"href":"https:\/\/www.biancoscuro.it\/site\/wp-json\/wp\/v2\/media?parent=4483"}],"wp:term":[{"taxonomy":"category","embeddable":true,"href":"https:\/\/www.biancoscuro.it\/site\/wp-json\/wp\/v2\/categories?post=4483"},{"taxonomy":"post_tag","embeddable":true,"href":"https:\/\/www.biancoscuro.it\/site\/wp-json\/wp\/v2\/tags?post=4483"}],"curies":[{"name":"wp","href":"https:\/\/api.w.org\/{rel}","templated":true}]}}