{"id":4714,"date":"2016-11-28T15:49:07","date_gmt":"2016-11-28T13:49:07","guid":{"rendered":"http:\/\/www.biancoscuro.it\/site\/?p=4714"},"modified":"2018-05-31T17:03:55","modified_gmt":"2018-05-31T15:03:55","slug":"biancoscuro-leditoriale-dicembre16-gennaio17","status":"publish","type":"post","link":"https:\/\/www.biancoscuro.it\/site\/biancoscuro-leditoriale-dicembre16-gennaio17\/","title":{"rendered":"BIANCOSCURO, l\u2019editoriale di dicembre&#8217;16-gennaio&#8217;17"},"content":{"rendered":"<span class=\"span-reading-time rt-reading-time\" style=\"display: block;\"><span class=\"rt-label rt-prefix\">\u23f0 lettura <\/span> <span class=\"rt-time\"> &lt; 1<\/span> <span class=\"rt-label rt-postfix\">min. <br><br><\/span><\/span><p>L\u2019ultima uscita del 2016 di <b>BIANCOSCURO<\/b>: un altro anno \u00e8 gi\u00e0 passato, \u00e8 tempo di bilanci.<\/p>\n<p>Qualcuno sta per tirare le somme, qualcuno sta gi\u00e0 preparandosi per il 2017, <b>noi di BIANCOSCURO stiamo facendo entrambe le cose<\/b>, per ricordare il passato e guardare al futuro con fiducia. <b>Fiducia nelle nostre capacit\u00e0<\/b>, fiducia nei nostri servizi e prodotti, ma soprattutto nelle persone che collaborano con noi (dalle segretarie ai grafici, dai fotografi ai giornalisti, dai critici agli scouter, ecc.). <b>Nel nuovo anno vorrei incontrare pi\u00f9 positivit\u00e0 e meno arroganza<\/b>, vorrei conoscere meno furbastri dell\u2019ultimo minuto e pi\u00f9 imprenditori seri,<b> vorrei che le persone che si avvicinano all\u2019Arte sappiano essere professionali e sappiano riconoscere la professionalit\u00e0<\/b>. E poi soprattutto, vorrei non ricevere mai pi\u00f9 &#8220;curriculum vitae cantati&#8221; (non sto scherzando\u2026). Se state ancora cercando un buon dono per una persona cara, <b>vi ricordo che \u00e8 possibile regalare l\u2019abbonamento a BIANCOSCURO<\/b>, vi far\u00e0 ricordare per un anno intero!<\/p>\n<p><b>Buone feste, buon 2017 e, soprattutto, buona lettura<\/b>.<\/p>\n<p><img loading=\"lazy\" decoding=\"async\" class=\"wp-image-3226 alignnone\" src=\"http:\/\/www.biancoscuro.it\/site\/wp-content\/uploads\/2015\/10\/firmaVincenzoChettaDirettoreBiancoscuro-300x103.jpg\" alt=\"Vincenzo Chetta Direttore Biancoscuro\" width=\"265\" height=\"91\" srcset=\"https:\/\/www.biancoscuro.it\/site\/wp-content\/uploads\/2015\/10\/firmaVincenzoChettaDirettoreBiancoscuro-300x103.jpg 300w, https:\/\/www.biancoscuro.it\/site\/wp-content\/uploads\/2015\/10\/firmaVincenzoChettaDirettoreBiancoscuro.jpg 500w\" sizes=\"auto, (max-width: 265px) 100vw, 265px\" \/><br \/>\nVincenzo Chetta<br \/>\nDirettore<br \/>\nBIANCOSCURO Art Magazine<\/p>\n<p><img loading=\"lazy\" decoding=\"async\" class=\"alignnone wp-image-4715 size-full\" src=\"http:\/\/www.biancoscuro.it\/site\/wp-content\/uploads\/2016\/11\/edito19quad.jpg\" alt=\"edito19quad\" width=\"600\" height=\"600\" srcset=\"https:\/\/www.biancoscuro.it\/site\/wp-content\/uploads\/2016\/11\/edito19quad.jpg 600w, https:\/\/www.biancoscuro.it\/site\/wp-content\/uploads\/2016\/11\/edito19quad-150x150.jpg 150w, https:\/\/www.biancoscuro.it\/site\/wp-content\/uploads\/2016\/11\/edito19quad-300x300.jpg 300w\" sizes=\"auto, (max-width: 600px) 100vw, 600px\" \/><\/p>\n<p>&nbsp;<\/p>\n","protected":false},"excerpt":{"rendered":"<p><span class=\"span-reading-time rt-reading-time\" style=\"display: block;\"><span class=\"rt-label rt-prefix\">\u23f0 lettura <\/span> <span class=\"rt-time\"> &lt; 1<\/span> <span class=\"rt-label rt-postfix\">min. <\/p>\n<p><\/span><\/span>L\u2019ultima uscita del 2016 di BIANCOSCURO: un altro anno \u00e8 gi\u00e0 passato, \u00e8 tempo di bilanci. Qualcuno sta per tirare le somme, qualcuno sta gi\u00e0 preparandosi per il 2017, noi di BIANCOSCURO stiamo facendo entrambe le cose, per ricordare il passato e guardare al futuro con fiducia. Fiducia nelle nostre capacit\u00e0, fiducia nei nostri servizi&hellip;&nbsp;<a href=\"https:\/\/www.biancoscuro.it\/site\/biancoscuro-leditoriale-dicembre16-gennaio17\/\" rel=\"bookmark\">Leggi tutto &raquo;<span class=\"screen-reader-text\">BIANCOSCURO, l\u2019editoriale di dicembre&#8217;16-gennaio&#8217;17<\/span><\/a><\/p>\n","protected":false},"author":909,"featured_media":4944,"comment_status":"closed","ping_status":"closed","sticky":false,"template":"","format":"standard","meta":{"neve_meta_sidebar":"","neve_meta_container":"","neve_meta_enable_content_width":"","neve_meta_content_width":0,"neve_meta_title_alignment":"","neve_meta_author_avatar":"","neve_post_elements_order":"","neve_meta_disable_header":"","neve_meta_disable_footer":"","neve_meta_disable_title":"","advanced_seo_description":"","jetpack_seo_html_title":"","jetpack_seo_noindex":false,"footnotes":""},"categories":[470,5,469,26,23,15],"tags":[39,185,583,408],"class_list":["post-4714","post","type-post","status-publish","format-standard","has-post-thumbnail","hentry","category-art-magazine","category-arte","category-editoriale","category-eventi","category-pubblicazione-2","category-rivista-darte","tag-biancoscuro","tag-biancoscuro-art-magazine","tag-editoriale","tag-vincenzo-chetta"],"jetpack_featured_media_url":"https:\/\/www.biancoscuro.it\/site\/wp-content\/uploads\/2016\/11\/edito19quad-1.jpg","jetpack_sharing_enabled":true,"jetpack-related-posts":[{"id":5301,"url":"https:\/\/www.biancoscuro.it\/site\/biancoscuro-leditoriale-di-aprile-maggio-2017\/","url_meta":{"origin":4714,"position":0},"title":"BIANCOSCURO, l\u2019editoriale di aprile-maggio 2017","author":"Vincenzo Chetta","date":"1 Aprile 2017","format":false,"excerpt":"In questi primi 90 giorni del 2017 sono stato gi\u00e0 troppo buono. Ho gi\u00e0 risposto troppe volte a domande inutili, ho evitato di essere scortese con il 90% delle persone che si sono approcciate con la solita arroganza del \u201clei non sa chi sono io\u201d, ho cercato il \u201cbello\u201d anche\u2026","rel":"","context":"In &quot;art magazine&quot;","block_context":{"text":"art magazine","link":"https:\/\/www.biancoscuro.it\/site\/category\/art-magazine\/"},"img":{"alt_text":"","src":"https:\/\/i0.wp.com\/www.biancoscuro.it\/site\/wp-content\/uploads\/2017\/03\/gogna_KEV8102.jpg?resize=350%2C200&ssl=1","width":350,"height":200},"classes":[]},{"id":3661,"url":"https:\/\/www.biancoscuro.it\/site\/biancoscuro-leditoriale-dicembre-2015-gennaio-2016\/","url_meta":{"origin":4714,"position":1},"title":"BIANCOSCURO, l\u2019editoriale di dicembre 2015","author":"Vincenzo Chetta","date":"1 Dicembre 2015","format":false,"excerpt":"Rileggendo l\u2019editoriale del precedente numero di Biancoscuro, mi chiedevo se non fossi stato troppo duro, in fondo tutti possono sbagliare toni e modi, e magari noi eravamo solo incappati in un periodo di luna calante molto duro da superare... Poi per\u00f2 ho pensato ai due mesi trascorsi dalla sua stesura,\u2026","rel":"","context":"In &quot;art magazine&quot;","block_context":{"text":"art magazine","link":"https:\/\/www.biancoscuro.it\/site\/category\/art-magazine\/"},"img":{"alt_text":"","src":"https:\/\/i0.wp.com\/www.biancoscuro.it\/site\/wp-content\/uploads\/2014\/02\/blocco-partner-biancoscuro-1.jpg?resize=350%2C200&ssl=1","width":350,"height":200,"srcset":"https:\/\/i0.wp.com\/www.biancoscuro.it\/site\/wp-content\/uploads\/2014\/02\/blocco-partner-biancoscuro-1.jpg?resize=350%2C200&ssl=1 1x, https:\/\/i0.wp.com\/www.biancoscuro.it\/site\/wp-content\/uploads\/2014\/02\/blocco-partner-biancoscuro-1.jpg?resize=525%2C300&ssl=1 1.5x"},"classes":[]},{"id":8267,"url":"https:\/\/www.biancoscuro.it\/site\/biancoscuro-leditoriale-di-dicembre18-gennaio-19\/","url_meta":{"origin":4714,"position":2},"title":"BIANCOSCURO, l\u2019editoriale di dicembre&#8217;18 \/ gennaio &#8217;19","author":"Vincenzo Chetta","date":"30 Novembre 2018","format":false,"excerpt":"Pensare che questo \u00e8 gi\u00e0 l\u2019ultimo numero del 2018, porta un po\u2019 di... Stupore! In questa societ\u00e0 in continua accelerazione, siamo come sempre un passo davanti agli altri, il nostro ultimo numero del 2018, \u00e8 anche il primo del 2019! Di solito dicembre \u00e8 il momento per fare il bilancio\u2026","rel":"","context":"In &quot;art magazine&quot;","block_context":{"text":"art magazine","link":"https:\/\/www.biancoscuro.it\/site\/category\/art-magazine\/"},"img":{"alt_text":"Art Basel Miami Beach \u00a9 Courtesy Art Basel","src":"https:\/\/i0.wp.com\/www.biancoscuro.it\/site\/wp-content\/uploads\/2018\/11\/ABMB17__General_Impressions__PR_9059_HiRes600px.jpg?resize=350%2C200&ssl=1","width":350,"height":200,"srcset":"https:\/\/i0.wp.com\/www.biancoscuro.it\/site\/wp-content\/uploads\/2018\/11\/ABMB17__General_Impressions__PR_9059_HiRes600px.jpg?resize=350%2C200&ssl=1 1x, https:\/\/i0.wp.com\/www.biancoscuro.it\/site\/wp-content\/uploads\/2018\/11\/ABMB17__General_Impressions__PR_9059_HiRes600px.jpg?resize=525%2C300&ssl=1 1.5x"},"classes":[]},{"id":10080,"url":"https:\/\/www.biancoscuro.it\/site\/biancoscuro-leditoriale-di-dicembre-2019-gennaio-2020\/","url_meta":{"origin":4714,"position":3},"title":"BIANCOSCURO, l\u2019editoriale di dicembre 2019 &#8211; gennaio 2020","author":"Vincenzo Chetta","date":"2 Dicembre 2019","format":false,"excerpt":"Anche questo 2019 sta finendo e, come di consueto nello scrivere l\u2019ultimo numero dell\u2019anno, volgiamo uno sguardo indietro per gettare le basi per il nuovo anno che arriver\u00e0. Non voglio essere banale o retorico, ma non posso esimermi dal pensare ai fatti di novembre, un mese terribile per l\u2019Italia per\u2026","rel":"","context":"In &quot;art magazine&quot;","block_context":{"text":"art magazine","link":"https:\/\/www.biancoscuro.it\/site\/category\/art-magazine\/"},"img":{"alt_text":"","src":"https:\/\/i0.wp.com\/www.biancoscuro.it\/site\/wp-content\/uploads\/2019\/12\/Piazza-San-Marco-Venezia-900.jpg?resize=350%2C200&ssl=1","width":350,"height":200,"srcset":"https:\/\/i0.wp.com\/www.biancoscuro.it\/site\/wp-content\/uploads\/2019\/12\/Piazza-San-Marco-Venezia-900.jpg?resize=350%2C200&ssl=1 1x, https:\/\/i0.wp.com\/www.biancoscuro.it\/site\/wp-content\/uploads\/2019\/12\/Piazza-San-Marco-Venezia-900.jpg?resize=525%2C300&ssl=1 1.5x, https:\/\/i0.wp.com\/www.biancoscuro.it\/site\/wp-content\/uploads\/2019\/12\/Piazza-San-Marco-Venezia-900.jpg?resize=700%2C400&ssl=1 2x"},"classes":[]},{"id":4894,"url":"https:\/\/www.biancoscuro.it\/site\/biancoscuro-leditoriale-febbraio-marzo-2017\/","url_meta":{"origin":4714,"position":4},"title":"BIANCOSCURO, l\u2019editoriale di febbraio-marzo 2017","author":"Vincenzo Chetta","date":"1 Febbraio 2017","format":false,"excerpt":"Siamo nel pieno della stagione post festivit\u00e0, tornano gli eventi fieristici blasonati da cui \u201cgli esperti\u201d misurano la temperatura del mercato, ecco riaffiorare statistiche e previsioni per il nuovo anno: appuntamenti corali in cui l\u2019Arte viene scambiata per alta finanza. Certo, \u00e8 vero, come per tutte le \u201ccose materiali\u201d, anche\u2026","rel":"","context":"In &quot;art magazine&quot;","block_context":{"text":"art magazine","link":"https:\/\/www.biancoscuro.it\/site\/category\/art-magazine\/"},"img":{"alt_text":"","src":"https:\/\/i0.wp.com\/www.biancoscuro.it\/site\/wp-content\/uploads\/2017\/01\/DSC_5123.jpg?resize=350%2C200&ssl=1","width":350,"height":200},"classes":[]},{"id":6240,"url":"https:\/\/www.biancoscuro.it\/site\/biancoscuro-leditoriale-di-dicembre17-gennaio18\/","url_meta":{"origin":4714,"position":5},"title":"BIANCOSCURO, l\u2019editoriale di dicembre&#8217;17","author":"Vincenzo Chetta","date":"1 Dicembre 2017","format":false,"excerpt":"Mai come questa volta, mi viene difficile scegliere di cosa parlare, in quale parte del mondo artistico portarvi, se rimanere sul politicamente corretto (adatto al tema natalizio che ormai dicembre porta con\u00a0s\u00e9), o se rendere noti alcuni problemi di questo luogo fisico e mentale che \u00e8 l\u2019Arte. Potrei raccontarvi delle\u2026","rel":"","context":"In &quot;art magazine&quot;","block_context":{"text":"art magazine","link":"https:\/\/www.biancoscuro.it\/site\/category\/art-magazine\/"},"img":{"alt_text":"","src":"https:\/\/i0.wp.com\/www.biancoscuro.it\/site\/wp-content\/uploads\/2017\/11\/editoriale25.jpg?resize=350%2C200&ssl=1","width":350,"height":200},"classes":[]}],"_links":{"self":[{"href":"https:\/\/www.biancoscuro.it\/site\/wp-json\/wp\/v2\/posts\/4714","targetHints":{"allow":["GET"]}}],"collection":[{"href":"https:\/\/www.biancoscuro.it\/site\/wp-json\/wp\/v2\/posts"}],"about":[{"href":"https:\/\/www.biancoscuro.it\/site\/wp-json\/wp\/v2\/types\/post"}],"author":[{"embeddable":true,"href":"https:\/\/www.biancoscuro.it\/site\/wp-json\/wp\/v2\/users\/909"}],"replies":[{"embeddable":true,"href":"https:\/\/www.biancoscuro.it\/site\/wp-json\/wp\/v2\/comments?post=4714"}],"version-history":[{"count":0,"href":"https:\/\/www.biancoscuro.it\/site\/wp-json\/wp\/v2\/posts\/4714\/revisions"}],"wp:featuredmedia":[{"embeddable":true,"href":"https:\/\/www.biancoscuro.it\/site\/wp-json\/wp\/v2\/media\/4944"}],"wp:attachment":[{"href":"https:\/\/www.biancoscuro.it\/site\/wp-json\/wp\/v2\/media?parent=4714"}],"wp:term":[{"taxonomy":"category","embeddable":true,"href":"https:\/\/www.biancoscuro.it\/site\/wp-json\/wp\/v2\/categories?post=4714"},{"taxonomy":"post_tag","embeddable":true,"href":"https:\/\/www.biancoscuro.it\/site\/wp-json\/wp\/v2\/tags?post=4714"}],"curies":[{"name":"wp","href":"https:\/\/api.w.org\/{rel}","templated":true}]}}