{"id":4730,"date":"2016-11-30T08:03:31","date_gmt":"2016-11-30T08:03:31","guid":{"rendered":"http:\/\/www.biancoscuro.it\/site\/?p=4730"},"modified":"2016-11-30T08:05:47","modified_gmt":"2016-11-30T08:05:47","slug":"biancoscuro-art-contest-winter-edition-2016","status":"publish","type":"post","link":"https:\/\/www.biancoscuro.it\/site\/biancoscuro-art-contest-winter-edition-2016\/","title":{"rendered":"Biancoscuro ART contest WINTER EDITION 2016"},"content":{"rendered":"<span class=\"span-reading-time rt-reading-time\" style=\"display: block;\"><span class=\"rt-label rt-prefix\">\u23f0 lettura <\/span> <span class=\"rt-time\"> 2<\/span> <span class=\"rt-label rt-postfix\">min. <br><br><\/span><\/span><h3>Da quest&#8217;anno, anche per l&#8217;edizione invernale del BIANCOSCURO Art Contest,\u00a0<strong>ci sar\u00e0 in palio la copertina della rivista<\/strong>!<\/h3>\n<p>Biancoscuro ART contest WINTER EDITION 2016, giunto ormai alla terza edizione, il premio prevede la <strong>pubblicazione di tutti i partecipanti sulla rivista d&#8217;arte BIANCOSCURO<\/strong>\u00a0aprile\/maggio e\u00a0sul sito internet dedicato\u00a0<a href=\"http:\/\/artcontest.biancoscuro.it\">artcontest.biancoscuro.it<\/a>\u00a0per 12 mesi,\u00a0tra tutti i partecipanti verranno selezionate 16 opere che verranno esposte ad Art Parma 2017 e tra le quali verr\u00e0 selezionata l&#8217;opera vincitrice. Inoltre\u00a0l\u2019opera che, sulla nostra fan page Facebook, ricever\u00e0 pi\u00f9 like e condivisioni in assoluto, verr\u00e0 esposta insieme a quelle vincitrici. L\u2019opera si aggiunger\u00e0 a\u00a0quelle <span class=\"text_exposed_show\">selezionate e tra le quali verr\u00e0 scelta\u00a0quella\u00a0che verr\u00e0 pubblicata sulla copertina di BIANCOSCURO.<br \/>\n<\/span><\/p>\n<p>\u2605\u2605\u2605\u2605\u2605\u00a0<strong><a href=\"http:\/\/artcontest.biancoscuro.it\/site\/iscrizione-winter-edition\/\">ISCRIVITI SUBITO, CLICCA QUI!<\/a>\u00a0\u2605\u2605\u2605\u2605\u2605\u00a0<\/strong><\/p>\n<p>Partecipare \u00e8 semplice, si pu\u00f2 partecipare con opere di pittura, scultura, fotografia e grafica. Il tema \u00e8 libero.<\/p>\n<p><a href=\"http:\/\/artcontest.biancoscuro.it\/site\/iscrizione-winter-edition\/\"><img loading=\"lazy\" decoding=\"async\" class=\"alignnone wp-image-1958 size-full\" src=\"http:\/\/www.biancoscuro.it\/site\/wp-content\/uploads\/2014\/11\/BIANCOSCURO_ART_CONTEST_WINTER2.jpg\" alt=\"BIANCOSCURO_ART_CONTEST_WINTER_edition\" width=\"595\" height=\"363\" srcset=\"https:\/\/www.biancoscuro.it\/site\/wp-content\/uploads\/2014\/11\/BIANCOSCURO_ART_CONTEST_WINTER2.jpg 595w, https:\/\/www.biancoscuro.it\/site\/wp-content\/uploads\/2014\/11\/BIANCOSCURO_ART_CONTEST_WINTER2-300x183.jpg 300w\" sizes=\"auto, (max-width: 595px) 100vw, 595px\" \/><\/a><\/p>\n<p><strong><span style=\"text-decoration: underline;\">Per partecipare<\/span>:<\/strong><\/p>\n<p>La redazione\u00a0di Biancoscuro valuter\u00e0 e decreter\u00e0 l&#8217;opera vincitrice che verr\u00e0\u00a0riprodotta sulla copertina di AGOSTO-SETTEMBRE, numero che, tra gli impegni pi\u00f9 importanti, verr\u00e0 distribuito come di consueto alla BERLIN ART WEEK, oltre alla spedizione in abbonamento a personaggi del mondo dell&#8217;arte, critici, galleristi e collezionisti.\u00a0Il termine ultimo per la partecipazione \u00e8 il<strong>\u00a028 gennaio 2017!<\/strong><\/p>\n<p><a href=\"http:\/\/artcontest.biancoscuro.it\/site\/iscrizione-winter-edition\/\"><strong>ISCRIVITI SUBITO, CLICCA QUI!<\/strong><\/a><\/p>\n<p style=\"padding-left: 30px;\"><strong>RIEPILOGO<\/strong><br \/>\nPubblicazione opere sul nostro\u00a0<a href=\"http:\/\/artcontest.biancoscuro.it\">sito internet<\/a>:\u00a0entro 7 giorni dall&#8217;iscrizione<br \/>\nPubblicazione opere sulla <a href=\"https:\/\/www.facebook.com\/artcontest.biancoscuro\">nostra pagina Facebook<\/a>:\u00a0entro 7 giorni dall&#8217;iscrizione<br \/>\nEsposizione opere:\u00a0Art Parma il 25-16 febbraio e 3-4-5 marzo 2017<br \/>\nPubblicazione opere sulla rivista: APRILE-MAGGIO 2017<br \/>\nPubblicazione copertina:\u00a0AGOSTO-SETTEMBRE 2017<\/p>\n<p>&nbsp;<\/p>\n<p><strong>Biancoscuro augura buona arte a tutti!<\/strong><\/p>\n<figure id=\"attachment_4731\" aria-describedby=\"caption-attachment-4731\" style=\"width: 800px\" class=\"wp-caption alignnone\"><a href=\"http:\/\/artcontest.biancoscuro.it\/site\/iscrizione-winter-edition\/\"><img loading=\"lazy\" decoding=\"async\" class=\"wp-image-4731\" src=\"http:\/\/www.biancoscuro.it\/site\/wp-content\/uploads\/2016\/11\/CUTRANOpremiatoMONTECARLO-L.jpg\" alt=\"cutranopremiatomontecarlo-l\" width=\"800\" height=\"533\" srcset=\"https:\/\/www.biancoscuro.it\/site\/wp-content\/uploads\/2016\/11\/CUTRANOpremiatoMONTECARLO-L.jpg 1000w, https:\/\/www.biancoscuro.it\/site\/wp-content\/uploads\/2016\/11\/CUTRANOpremiatoMONTECARLO-L-300x200.jpg 300w, https:\/\/www.biancoscuro.it\/site\/wp-content\/uploads\/2016\/11\/CUTRANOpremiatoMONTECARLO-L-768x511.jpg 768w, https:\/\/www.biancoscuro.it\/site\/wp-content\/uploads\/2016\/11\/CUTRANOpremiatoMONTECARLO-L-600x400.jpg 600w\" sizes=\"auto, (max-width: 800px) 100vw, 800px\" \/><\/a><figcaption id=\"caption-attachment-4731\" class=\"wp-caption-text\">Il Direttore di BIANCOSCURO Vincenzo Chetta con Paolo Cutrano vincitore della passata edizione del BIANCOSCURO Art Contest durante la premiazione a Monte-Carlo<\/figcaption><\/figure>\n<p>&nbsp;<\/p>\n","protected":false},"excerpt":{"rendered":"<p><span class=\"span-reading-time rt-reading-time\" style=\"display: block;\"><span class=\"rt-label rt-prefix\">\u23f0 lettura <\/span> <span class=\"rt-time\"> 2<\/span> <span class=\"rt-label rt-postfix\">min. <\/p>\n<p><\/span><\/span>Da quest&#8217;anno, anche per l&#8217;edizione invernale del BIANCOSCURO Art Contest,\u00a0ci sar\u00e0 in palio la copertina della rivista! Biancoscuro ART contest WINTER EDITION 2016, giunto ormai alla terza edizione, il premio prevede la pubblicazione di tutti i partecipanti sulla rivista d&#8217;arte BIANCOSCURO\u00a0aprile\/maggio e\u00a0sul sito internet dedicato\u00a0artcontest.biancoscuro.it\u00a0per 12 mesi,\u00a0tra tutti i partecipanti verranno selezionate 16 opere che&hellip;&nbsp;<a href=\"https:\/\/www.biancoscuro.it\/site\/biancoscuro-art-contest-winter-edition-2016\/\" rel=\"bookmark\">Leggi tutto &raquo;<span class=\"screen-reader-text\">Biancoscuro ART contest WINTER EDITION 2016<\/span><\/a><\/p>\n","protected":false},"author":1,"featured_media":1958,"comment_status":"closed","ping_status":"closed","sticky":false,"template":"","format":"standard","meta":{"neve_meta_sidebar":"","neve_meta_container":"","neve_meta_enable_content_width":"","neve_meta_content_width":0,"neve_meta_title_alignment":"","neve_meta_author_avatar":"","neve_post_elements_order":"","neve_meta_disable_header":"","neve_meta_disable_footer":"","neve_meta_disable_title":"","advanced_seo_description":"","jetpack_seo_html_title":"","jetpack_seo_noindex":false,"footnotes":""},"categories":[5,26,24,15],"tags":[839,514,40,513,449,644,39,185,636,279],"class_list":["post-4730","post","type-post","status-publish","format-standard","has-post-thumbnail","hentry","category-arte","category-eventi","category-mostre","category-rivista-darte","tag-839","tag-art-contest","tag-art-magazine","tag-art-parma","tag-arte","tag-bac","tag-biancoscuro","tag-biancoscuro-art-magazine","tag-copertina","tag-winter-edition"],"jetpack_featured_media_url":"https:\/\/www.biancoscuro.it\/site\/wp-content\/uploads\/2014\/11\/BIANCOSCURO_ART_CONTEST_WINTER2.jpg","jetpack_sharing_enabled":true,"jetpack-related-posts":[{"id":1957,"url":"https:\/\/www.biancoscuro.it\/site\/biancoscuro-art-contest-winter-edition\/","url_meta":{"origin":4730,"position":0},"title":"BIANCOSCURO ART Contest &#8211; Winter Edition!","author":"Redazione BIANCOSCURO","date":"3 Novembre 2014","format":false,"excerpt":"Biancoscuro ART contest WINTER EDITION! [Aggiornamento del 27 Novembre 2014] La redazione Biancoscuro ha decretato il vincitore del BIANCOSCURO ART CONTEST WinterEdition! Il vincitore \u00e8\u00a0GIUSEPPE DI BELLA che con l'opera\u00a0\"Buon Natale\"\u00a0 acrilico su lastra di plexiglass gestito in ordine inverso (l'artista vede l'opera solo quando \u00e8 terminata)\u00a0 dimensioni 100x50 cm.\u2026","rel":"","context":"In &quot;arte&quot;","block_context":{"text":"arte","link":"https:\/\/www.biancoscuro.it\/site\/category\/arte\/"},"img":{"alt_text":"BIANCOSCURO_ART_CONTEST_WINTER_edition","src":"https:\/\/i0.wp.com\/www.biancoscuro.it\/site\/wp-content\/uploads\/2014\/11\/BIANCOSCURO_ART_CONTEST_WINTER2.jpg?resize=350%2C200","width":350,"height":200,"srcset":"https:\/\/i0.wp.com\/www.biancoscuro.it\/site\/wp-content\/uploads\/2014\/11\/BIANCOSCURO_ART_CONTEST_WINTER2.jpg?resize=350%2C200 1x, https:\/\/i0.wp.com\/www.biancoscuro.it\/site\/wp-content\/uploads\/2014\/11\/BIANCOSCURO_ART_CONTEST_WINTER2.jpg?resize=525%2C300 1.5x"},"classes":[]},{"id":3443,"url":"https:\/\/www.biancoscuro.it\/site\/art-parma-4a-edizione-con-importanti-novita\/","url_meta":{"origin":4730,"position":1},"title":"Art Parma 4\u00aa edizione con importanti novit\u00e0","author":"Redazione BIANCOSCURO","date":"24 Dicembre 2015","format":false,"excerpt":"Art Parma Fair, Mostra\u00a0 Mercato d\u2019Arte Moderna e Contemporanea, ritorna a Parma, luogo molto\u00a0sensibile all\u2019arte con un pubblico scelto e interessato, come di consueto in due week end il 27 e 28 febbraio e il 4-5-6 marzo 2016. Nell'edizione 2016 una novit\u00e0:\u00a0l\u2019unione con NEF (Nord Est Fair gi\u00e0 organizzatori di\u2026","rel":"","context":"In &quot;arte&quot;","block_context":{"text":"arte","link":"https:\/\/www.biancoscuro.it\/site\/category\/arte\/"},"img":{"alt_text":"","src":"https:\/\/i0.wp.com\/www.biancoscuro.it\/site\/wp-content\/uploads\/2015\/12\/cover.jpg?resize=350%2C200&ssl=1","width":350,"height":200,"srcset":"https:\/\/i0.wp.com\/www.biancoscuro.it\/site\/wp-content\/uploads\/2015\/12\/cover.jpg?resize=350%2C200&ssl=1 1x, https:\/\/i0.wp.com\/www.biancoscuro.it\/site\/wp-content\/uploads\/2015\/12\/cover.jpg?resize=525%2C300&ssl=1 1.5x, https:\/\/i0.wp.com\/www.biancoscuro.it\/site\/wp-content\/uploads\/2015\/12\/cover.jpg?resize=700%2C400&ssl=1 2x, https:\/\/i0.wp.com\/www.biancoscuro.it\/site\/wp-content\/uploads\/2015\/12\/cover.jpg?resize=1050%2C600&ssl=1 3x, https:\/\/i0.wp.com\/www.biancoscuro.it\/site\/wp-content\/uploads\/2015\/12\/cover.jpg?resize=1400%2C800&ssl=1 4x"},"classes":[]},{"id":13674,"url":"https:\/\/www.biancoscuro.it\/site\/biancoscuro-art-contest-9a-edizione\/","url_meta":{"origin":4730,"position":2},"title":"BIANCOSCURO Art Contest 9\u00aa edizione","author":"Redazione BIANCOSCURO","date":"8 Giugno 2022","format":false,"excerpt":"In palio\u00a0la COPERTINA sul bimestrale, esposizioni\u00a0a Monte-Carlo\u00a0nel Principato di Monaco, Montreux (Svizzera),\u00a0Marbella (Spagna),\u00a0Innsbruck (Austria) Varese\u00a0e Parma (Italia), premiazione\u00a0a settembre a Milano (Italia)! Inoltre Premio Speciale BAC - collezione BIANCOSCURO BIANCOSCURO Art Contest, il\u00a0contest ideato da BIANCOSCURO\u00a0per\u00a0opere pittoriche, scultoree, fotografiche, video, grafiche e performance, \u00e8\u00a0giunto con successo alla nona edizione. Il\u2026","rel":"","context":"In &quot;arte&quot;","block_context":{"text":"arte","link":"https:\/\/www.biancoscuro.it\/site\/category\/arte\/"},"img":{"alt_text":"BIANCOSCURO ART CONTEST 2022 - iscriviti subito","src":"https:\/\/i0.wp.com\/www.biancoscuro.it\/site\/wp-content\/uploads\/2022\/06\/ADV_BAC22_it2.jpg?resize=350%2C200&ssl=1","width":350,"height":200,"srcset":"https:\/\/i0.wp.com\/www.biancoscuro.it\/site\/wp-content\/uploads\/2022\/06\/ADV_BAC22_it2.jpg?resize=350%2C200&ssl=1 1x, https:\/\/i0.wp.com\/www.biancoscuro.it\/site\/wp-content\/uploads\/2022\/06\/ADV_BAC22_it2.jpg?resize=525%2C300&ssl=1 1.5x, https:\/\/i0.wp.com\/www.biancoscuro.it\/site\/wp-content\/uploads\/2022\/06\/ADV_BAC22_it2.jpg?resize=700%2C400&ssl=1 2x"},"classes":[]},{"id":11829,"url":"https:\/\/www.biancoscuro.it\/site\/biancoscuro-art-contest-8a-edizione\/","url_meta":{"origin":4730,"position":3},"title":"BIANCOSCURO Art Contest 8\u00aa edizione","author":"Redazione BIANCOSCURO","date":"11 Maggio 2021","format":false,"excerpt":"In palio\u00a0la COPERTINA sul bimestrale, esposizioni\u00a0a Monte-Carlo\u00a0nel Principato di Monaco, Montreux (Svizzera),\u00a0Marbella (Spagna),\u00a0Varese\u00a0e Parma (Italia), premiazione\u00a0a settembre a Milano (Italia)! Novit\u00e0 2021 - Premio Speciale BAC: 3.000,00 \u20ac BIANCOSCURO Art Contest, il\u00a0contest ideato da BIANCOSCURO\u00a0per\u00a0pittori, scultori, fotografi e grafici, \u00e8\u00a0giunto con successo alla ottava edizione. Il concorso d\u00e0\u00a0la\u00a0possibilit\u00e0 di essere\u2026","rel":"","context":"In &quot;arte&quot;","block_context":{"text":"arte","link":"https:\/\/www.biancoscuro.it\/site\/category\/arte\/"},"img":{"alt_text":"","src":"https:\/\/i0.wp.com\/www.biancoscuro.it\/site\/wp-content\/uploads\/2014\/02\/LogoBAC2016-1000px.jpg?resize=350%2C200&ssl=1","width":350,"height":200,"srcset":"https:\/\/i0.wp.com\/www.biancoscuro.it\/site\/wp-content\/uploads\/2014\/02\/LogoBAC2016-1000px.jpg?resize=350%2C200&ssl=1 1x, https:\/\/i0.wp.com\/www.biancoscuro.it\/site\/wp-content\/uploads\/2014\/02\/LogoBAC2016-1000px.jpg?resize=525%2C300&ssl=1 1.5x, https:\/\/i0.wp.com\/www.biancoscuro.it\/site\/wp-content\/uploads\/2014\/02\/LogoBAC2016-1000px.jpg?resize=700%2C400&ssl=1 2x"},"classes":[]},{"id":3890,"url":"https:\/\/www.biancoscuro.it\/site\/biancoscuro-art-contest-2016-la-terza-edizione-importanti-premi\/","url_meta":{"origin":4730,"position":4},"title":"BIANCOSCURO Art Contest 2016. La terza edizione","author":"Redazione BIANCOSCURO","date":"16 Maggio 2016","format":false,"excerpt":"Ultimi giorni per vincere la COPERTINA, la mostra personale a Montreux o\u00a0la mostra personale a Marbella! BIANCOSCURO Art Contest 2016. La terza edizione con importanti premi BIANCOSCURO Art Contest, il\u00a0contest ideato da BIANCOSCURO\u00a0per pittori, scultori, fotografi e grafici, \u00e8\u00a0giunto alla terza edizione. Il concorso d\u00e0\u00a0la\u00a0possibilit\u00e0 di essere \"in prima pagina\"\u2026","rel":"","context":"In &quot;art magazine&quot;","block_context":{"text":"art magazine","link":"https:\/\/www.biancoscuro.it\/site\/category\/art-magazine\/"},"img":{"alt_text":"","src":"https:\/\/i0.wp.com\/www.biancoscuro.it\/site\/wp-content\/uploads\/2014\/02\/BIANCOSCURO_ART_CONTEST-L.jpg?resize=350%2C200&ssl=1","width":350,"height":200,"srcset":"https:\/\/i0.wp.com\/www.biancoscuro.it\/site\/wp-content\/uploads\/2014\/02\/BIANCOSCURO_ART_CONTEST-L.jpg?resize=350%2C200&ssl=1 1x, https:\/\/i0.wp.com\/www.biancoscuro.it\/site\/wp-content\/uploads\/2014\/02\/BIANCOSCURO_ART_CONTEST-L.jpg?resize=525%2C300&ssl=1 1.5x"},"classes":[]},{"id":10613,"url":"https:\/\/www.biancoscuro.it\/site\/biancoscuro-art-contest-7a-edizione\/","url_meta":{"origin":4730,"position":5},"title":"BIANCOSCURO Art Contest 7\u00aa edizione","author":"Redazione BIANCOSCURO","date":"20 Maggio 2020","format":false,"excerpt":"In palio\u00a0la COPERTINA sul bimestrale, mostre\u00a0a Montreux (Svizzera),\u00a0Marbella (Spagna),\u00a0Varese\u00a0e Parma (Italia), premiazione\u00a0a Monte-Carlo\u00a0nel Principato di Monaco! Novit\u00e0 2020 - Premio Speciale BAC: 3.000,00 \u20ac BIANCOSCURO Art Contest, il\u00a0contest ideato da BIANCOSCURO\u00a0per\u00a0pittori, scultori, fotografi e grafici, \u00e8\u00a0giunto con successo alla settima edizione. Il concorso d\u00e0\u00a0la\u00a0possibilit\u00e0 di essere \u201cin prima pagina\u201d o\u2026","rel":"","context":"In &quot;arte&quot;","block_context":{"text":"arte","link":"https:\/\/www.biancoscuro.it\/site\/category\/arte\/"},"img":{"alt_text":"BIANCOSCURO Art Contest 21 settembre 2019 Cerimonia di premiazione a Monte-Carlo (Monaco) Ph. Enrico Mangano","src":"https:\/\/i0.wp.com\/www.biancoscuro.it\/site\/wp-content\/uploads\/2019\/09\/Vincenzo-Chetta-Monte-Carlo2.jpg?resize=350%2C200&ssl=1","width":350,"height":200,"srcset":"https:\/\/i0.wp.com\/www.biancoscuro.it\/site\/wp-content\/uploads\/2019\/09\/Vincenzo-Chetta-Monte-Carlo2.jpg?resize=350%2C200&ssl=1 1x, https:\/\/i0.wp.com\/www.biancoscuro.it\/site\/wp-content\/uploads\/2019\/09\/Vincenzo-Chetta-Monte-Carlo2.jpg?resize=525%2C300&ssl=1 1.5x, https:\/\/i0.wp.com\/www.biancoscuro.it\/site\/wp-content\/uploads\/2019\/09\/Vincenzo-Chetta-Monte-Carlo2.jpg?resize=700%2C400&ssl=1 2x"},"classes":[]}],"_links":{"self":[{"href":"https:\/\/www.biancoscuro.it\/site\/wp-json\/wp\/v2\/posts\/4730","targetHints":{"allow":["GET"]}}],"collection":[{"href":"https:\/\/www.biancoscuro.it\/site\/wp-json\/wp\/v2\/posts"}],"about":[{"href":"https:\/\/www.biancoscuro.it\/site\/wp-json\/wp\/v2\/types\/post"}],"author":[{"embeddable":true,"href":"https:\/\/www.biancoscuro.it\/site\/wp-json\/wp\/v2\/users\/1"}],"replies":[{"embeddable":true,"href":"https:\/\/www.biancoscuro.it\/site\/wp-json\/wp\/v2\/comments?post=4730"}],"version-history":[{"count":0,"href":"https:\/\/www.biancoscuro.it\/site\/wp-json\/wp\/v2\/posts\/4730\/revisions"}],"wp:featuredmedia":[{"embeddable":true,"href":"https:\/\/www.biancoscuro.it\/site\/wp-json\/wp\/v2\/media\/1958"}],"wp:attachment":[{"href":"https:\/\/www.biancoscuro.it\/site\/wp-json\/wp\/v2\/media?parent=4730"}],"wp:term":[{"taxonomy":"category","embeddable":true,"href":"https:\/\/www.biancoscuro.it\/site\/wp-json\/wp\/v2\/categories?post=4730"},{"taxonomy":"post_tag","embeddable":true,"href":"https:\/\/www.biancoscuro.it\/site\/wp-json\/wp\/v2\/tags?post=4730"}],"curies":[{"name":"wp","href":"https:\/\/api.w.org\/{rel}","templated":true}]}}