{"id":4838,"date":"2017-01-17T14:37:08","date_gmt":"2017-01-17T14:37:08","guid":{"rendered":"http:\/\/www.biancoscuro.it\/site\/?p=4838"},"modified":"2017-02-06T23:44:54","modified_gmt":"2017-02-06T22:44:54","slug":"jacob-gils-movements","status":"publish","type":"post","link":"https:\/\/www.biancoscuro.it\/site\/jacob-gils-movements\/","title":{"rendered":"Jacob Gils \u2013 Movements"},"content":{"rendered":"<span class=\"span-reading-time rt-reading-time\" style=\"display: block;\"><span class=\"rt-label rt-prefix\">\u23f0 lettura <\/span> <span class=\"rt-time\"> 3<\/span> <span class=\"rt-label rt-postfix\">min. <br><br><\/span><\/span><h3>Per la prima volta in mostra alla galleria ProjectB il fotografo danese Jacob Gils<\/h3>\n<p>Dal 18 gennaio a Milano in mostra sette opere, esempio d\u2019impeccabile perizia tecnica e compositiva, caratterizzate dal forte desiderio di rottura nei confronti di questi stessi dettami che imprigionano la fotografia, rendendola eccessivamente controllata e prevedibile.\u00a0Il danese Gils\u00a0esplora il potenziale della fotografia, superando i confini della stessa, affrontando nuove sfide sia dal punto di vista creativo, che tecnico, ampliando cos\u00ec il vocabolario visivo dei generi fotografici.<\/p>\n<p>La <strong>stratificazione di molteplici scatti<\/strong> della serie Movements genera interpretazioni coinvolgenti di strutture iconiche, come le <strong>cabine telefoniche londinesi<\/strong> e il <strong>Duomo di Milano<\/strong>. Si tratta di immagini frammentate, drappeggiate e distorte, che chiedono allo spettatore non solo di essere guardate, ma anche di avvicinarsi e prestare attenzione a dettagli che non si rivelano a distanza.<br \/>\nA prima vista le opere possono apparire sfocate e mosse, in realt\u00e0 <strong>si tratta di una sovrapposizione di diverse fotografie perfettamente a fuoco dello stesso soggetto<\/strong>, che Gils realizza spostando quasi impercettibilmente la macchina fotografica tra uno scatto e l\u2019altro, creando cos\u00ec l\u2019illusione del movimento. La stratificazione di queste immagini d\u00e0 spesso vita a una seconda forma traslucida, che si traduce in uno stile vicino ai dipinti impressionisti, ma che, a<strong> un esame pi\u00f9 attento, rivela i dettagli della fotografia moderna, realizzando immagini in bilico tra sogno e realt\u00e0, tra astrazione e realismo<\/strong>.<\/p>\n<figure id=\"attachment_4840\" aria-describedby=\"caption-attachment-4840\" style=\"width: 700px\" class=\"wp-caption alignnone\"><img loading=\"lazy\" decoding=\"async\" class=\"size-full wp-image-4840\" src=\"http:\/\/www.biancoscuro.it\/site\/wp-content\/uploads\/2017\/01\/182__gils.jpg\" alt=\"Jacob Gils, Milan #2, 2015, C-print, 125x180 cm, Ed. of 3\" width=\"700\" height=\"467\" srcset=\"https:\/\/www.biancoscuro.it\/site\/wp-content\/uploads\/2017\/01\/182__gils.jpg 700w, https:\/\/www.biancoscuro.it\/site\/wp-content\/uploads\/2017\/01\/182__gils-300x200.jpg 300w, https:\/\/www.biancoscuro.it\/site\/wp-content\/uploads\/2017\/01\/182__gils-600x400.jpg 600w\" sizes=\"auto, (max-width: 700px) 100vw, 700px\" \/><figcaption id=\"caption-attachment-4840\" class=\"wp-caption-text\">Jacob Gils, Milan #2, 2015, C-print, 125&#215;180 cm, Ed. of 3<\/figcaption><\/figure>\n<p>Le prime sperimentazioni lo portarono a trasferire le Polaroid su carta acquerello, dividendo consapevolmente la fotografia in pi\u00f9 campi. Tecnica che permette di esprimere organicit\u00e0 e sensualit\u00e0, evidenti nei nudi della serie Limit To Your Love, che spinge lo spettatore a riflettere sulla vita e la sua rappresentazione, attraverso l\u2019inserimento di una campitura bianca che circonda l\u2019immagine; un elemento di disturbo volto a sottolineare la rottura con la vita quotidiana a cui siamo abituati.<\/p>\n<figure id=\"attachment_4839\" aria-describedby=\"caption-attachment-4839\" style=\"width: 700px\" class=\"wp-caption alignnone\"><img loading=\"lazy\" decoding=\"async\" class=\"size-full wp-image-4839\" src=\"http:\/\/www.biancoscuro.it\/site\/wp-content\/uploads\/2017\/01\/182__2.jpg\" alt=\"Jacob Gils, London #8, 2012, C-print, 110x73, Ed. of 6 cm\" width=\"700\" height=\"1050\" srcset=\"https:\/\/www.biancoscuro.it\/site\/wp-content\/uploads\/2017\/01\/182__2.jpg 700w, https:\/\/www.biancoscuro.it\/site\/wp-content\/uploads\/2017\/01\/182__2-200x300.jpg 200w, https:\/\/www.biancoscuro.it\/site\/wp-content\/uploads\/2017\/01\/182__2-683x1024.jpg 683w, https:\/\/www.biancoscuro.it\/site\/wp-content\/uploads\/2017\/01\/182__2-600x900.jpg 600w, https:\/\/www.biancoscuro.it\/site\/wp-content\/uploads\/2017\/01\/182__2-300x450.jpg 300w\" sizes=\"auto, (max-width: 700px) 100vw, 700px\" \/><figcaption id=\"caption-attachment-4839\" class=\"wp-caption-text\">Jacob Gils, London #8, 2012, C-print, 110&#215;73, Ed. of 6 cm<\/figcaption><\/figure>\n<h1><span style=\"color: #808080;\"><em>Jacob Gils \u2013 Movements<\/em><\/span><\/h1>\n<h3><span style=\"color: #808080;\"><em>ProjectB is pleased to present the first exhibition at the gallery of the Danish photographer Jacob Gils. <\/em><\/span><\/h3>\n<p><span style=\"color: #808080;\"><em>The show includes seven works of impeccable technical and compositional expertise. The two different series \u2013 Movements and Limit to Your Love \u2013 are both marked by a strong desire to break away from the dictates that imprison photography, making it overly controlled and predictable. Gils explores the potential of the medium, going beyond its theoretical and stylistic boundaries to approach new creative and technical challenges, expanding the visual vocabulary of photographic genres.<\/em><\/span><\/p>\n<p><span style=\"color: #808080;\"><em>The layering of multiple shots in the Movements series generates engaging interpretations of iconic structures, like London red telephone boxes or the cathedral of Milan. These are fragmented, draped, distorted images that require the viewer not only to observe, but also to approach, to pay attention to details that are not evident from a distance.<\/em><\/span><\/p>\n<p><span style=\"color: #808080;\"><em>At first glance the works may seem blurry, out of focus; but they are actually the overlaying of different perfectly focused photographs of the same subject, which Gils makes by almost imperceptibly moving the camera between one shot and the next, creating the illusion of movement. The layering of these images often gives rise to a second, translucent form that translates into a style close to that of Impressionist painting; but upon closer examination the details of modern photography emerge, triggering images balanced between dream and reality, abstraction and realism.<\/em><\/span><\/p>\n<figure id=\"attachment_4841\" aria-describedby=\"caption-attachment-4841\" style=\"width: 700px\" class=\"wp-caption alignnone\"><img loading=\"lazy\" decoding=\"async\" class=\"size-full wp-image-4841\" src=\"http:\/\/www.biancoscuro.it\/site\/wp-content\/uploads\/2017\/01\/182__1.jpg\" alt=\"Jacob Gils, Milan #1, 2015, C-print, 90x180 cm, Ed. of 3\" width=\"700\" height=\"350\" srcset=\"https:\/\/www.biancoscuro.it\/site\/wp-content\/uploads\/2017\/01\/182__1.jpg 700w, https:\/\/www.biancoscuro.it\/site\/wp-content\/uploads\/2017\/01\/182__1-300x150.jpg 300w, https:\/\/www.biancoscuro.it\/site\/wp-content\/uploads\/2017\/01\/182__1-600x300.jpg 600w\" sizes=\"auto, (max-width: 700px) 100vw, 700px\" \/><figcaption id=\"caption-attachment-4841\" class=\"wp-caption-text\"><\/em><\/span> <span style=\"color: #000000;\">Jacob Gils, Milan #1, 2015, C-print, 90&#215;180 cm, Ed. of 3<\/span><\/figcaption><\/figure>\n<p><span style=\"color: #808080;\"><em>The first experiments involved the transfer of Polaroids onto watercolor paper, consciously dividing the photograph into multiple fields. This technique makes it possible to express wholeness and sensuality, as seen in the nudes of the Limit to Your Love series, which prompt the viewer to think about life and its representation, through the insertion of a white field that surrounds the image, a factor of disturbance aimed at emphasizing the break with the everyday life to which we are accustomed.<\/em><\/span><\/p>\n<p>&nbsp;<\/p>\n<p>&nbsp;<\/p>\n<pre>Jacob Gils \u2013 Movements\r\n19 gennaio \u2013 24 febbraio 2017\r\nVia Pietro Maroncelli, 7 \u2013 20154 Milano\r\nwww.projectb.eu<\/pre>\n","protected":false},"excerpt":{"rendered":"<p><span class=\"span-reading-time rt-reading-time\" style=\"display: block;\"><span class=\"rt-label rt-prefix\">\u23f0 lettura <\/span> <span class=\"rt-time\"> 3<\/span> <span class=\"rt-label rt-postfix\">min. <\/p>\n<p><\/span><\/span>Per la prima volta in mostra alla galleria ProjectB il fotografo danese Jacob Gils Dal 18 gennaio a Milano in mostra sette opere, esempio d\u2019impeccabile perizia tecnica e compositiva, caratterizzate dal forte desiderio di rottura nei confronti di questi stessi dettami che imprigionano la fotografia, rendendola eccessivamente controllata e prevedibile.\u00a0Il danese Gils\u00a0esplora il potenziale della&hellip;&nbsp;<a href=\"https:\/\/www.biancoscuro.it\/site\/jacob-gils-movements\/\" rel=\"bookmark\">Leggi tutto &raquo;<span class=\"screen-reader-text\">Jacob Gils \u2013 Movements<\/span><\/a><\/p>\n","protected":false},"author":1,"featured_media":4943,"comment_status":"closed","ping_status":"closed","sticky":false,"template":"","format":"standard","meta":{"neve_meta_sidebar":"","neve_meta_container":"","neve_meta_enable_content_width":"","neve_meta_content_width":0,"neve_meta_title_alignment":"","neve_meta_author_avatar":"","neve_post_elements_order":"","neve_meta_disable_header":"","neve_meta_disable_footer":"","neve_meta_disable_title":"","advanced_seo_description":"","jetpack_seo_html_title":"","jetpack_seo_noindex":false,"footnotes":""},"categories":[5,26,8],"tags":[452,911,906,912,464,909,907,910,908],"class_list":["post-4838","post","type-post","status-publish","format-standard","has-post-thumbnail","hentry","category-arte","category-eventi","category-fotografia","tag-fotografia","tag-galleria-projectb","tag-jacob-gils","tag-limit-to-your-love","tag-milano","tag-movements","tag-polaroid","tag-projectb","tag-sperimentazioni"],"jetpack_featured_media_url":"https:\/\/www.biancoscuro.it\/site\/wp-content\/uploads\/2016\/11\/182__gils.jpg","jetpack_sharing_enabled":true,"jetpack-related-posts":[{"id":7734,"url":"https:\/\/www.biancoscuro.it\/site\/la-milano-prima-di-oggi-gli-scali-ferroviari-negli-scatti-di-introini-e-radino\/","url_meta":{"origin":4838,"position":0},"title":"La Milano prima di oggi | Gli scali ferroviari negli scatti di Introini e Radino","author":"Mario Gambatesa","date":"6 Agosto 2018","format":false,"excerpt":"Milano... Una delle citt\u00e0 italiane pi\u00f9 belle, una di quelle citt\u00e0 che affascinano. Milano contagia, illude e disillude, ricarica i sentimenti; Milano \u00e8 cultura, ha la Scala, il Duomo, il risotto giallo, ma soprattutto ha gli scali ferroviari pi\u00f9 belli e di certo, i pi\u00f9 documentati. Il tema di questi\u2026","rel":"","context":"In &quot;arte&quot;","block_context":{"text":"arte","link":"https:\/\/www.biancoscuro.it\/site\/category\/arte\/"},"img":{"alt_text":"","src":"https:\/\/i0.wp.com\/www.biancoscuro.it\/site\/wp-content\/uploads\/2018\/08\/Francesco-Radino_Scalo-Porta-Romana_2018_stampa-su-carta-di-cotone_cm-67x100-2.jpg?resize=350%2C200&ssl=1","width":350,"height":200,"srcset":"https:\/\/i0.wp.com\/www.biancoscuro.it\/site\/wp-content\/uploads\/2018\/08\/Francesco-Radino_Scalo-Porta-Romana_2018_stampa-su-carta-di-cotone_cm-67x100-2.jpg?resize=350%2C200&ssl=1 1x, https:\/\/i0.wp.com\/www.biancoscuro.it\/site\/wp-content\/uploads\/2018\/08\/Francesco-Radino_Scalo-Porta-Romana_2018_stampa-su-carta-di-cotone_cm-67x100-2.jpg?resize=525%2C300&ssl=1 1.5x, https:\/\/i0.wp.com\/www.biancoscuro.it\/site\/wp-content\/uploads\/2018\/08\/Francesco-Radino_Scalo-Porta-Romana_2018_stampa-su-carta-di-cotone_cm-67x100-2.jpg?resize=700%2C400&ssl=1 2x, https:\/\/i0.wp.com\/www.biancoscuro.it\/site\/wp-content\/uploads\/2018\/08\/Francesco-Radino_Scalo-Porta-Romana_2018_stampa-su-carta-di-cotone_cm-67x100-2.jpg?resize=1050%2C600&ssl=1 3x, https:\/\/i0.wp.com\/www.biancoscuro.it\/site\/wp-content\/uploads\/2018\/08\/Francesco-Radino_Scalo-Porta-Romana_2018_stampa-su-carta-di-cotone_cm-67x100-2.jpg?resize=1400%2C800&ssl=1 4x"},"classes":[]},{"id":14909,"url":"https:\/\/www.biancoscuro.it\/site\/un-mese-con-david-lachapelle-a-milano-poems-and-fevers\/","url_meta":{"origin":4838,"position":1},"title":"Un mese con David LaChapelle a Milano, POEMS AND FEVERS","author":"Elena Seno","date":"15 Novembre 2022","format":false,"excerpt":"David LaChapelle torna a Milano dopo il successo della grande mostra I Believe In Miracles al Mudec, che lo ha visto esporre pi\u00f9 di 90 opere.Dal 17 novembre sar\u00e0 il turno della galleria Deodato Arte, dove il celeberrimo fotografo inaugurer\u00e0 una sua personale mostra dal titolo POEMS AND FEVERS, che\u2026","rel":"","context":"In &quot;arte&quot;","block_context":{"text":"arte","link":"https:\/\/www.biancoscuro.it\/site\/category\/arte\/"},"img":{"alt_text":"","src":"https:\/\/i0.wp.com\/www.biancoscuro.it\/site\/wp-content\/uploads\/2022\/11\/David-LaChapelle-After-the-Deluge-Museum-Los-Angeles-2007-%C2%A9David-LaChapelle.jpg?resize=350%2C200&ssl=1","width":350,"height":200},"classes":[]},{"id":8752,"url":"https:\/\/www.biancoscuro.it\/site\/i-percorsi-dellanima\/","url_meta":{"origin":4838,"position":2},"title":"I Percorsi dell&#8217;Anima","author":"Claudia Migliore","date":"24 Febbraio 2019","format":false,"excerpt":"I Percorsi dell'Anima, mostra fotografica collettiva, giunge alla sua ultima esposizione dopo un \u201cpercorso\u201d durato quasi nove mesi e partito da lontano. L'idea iniziale nasce da un progetto, per il Photofestival 2018, esposto per la prima volta in Acquario Civico a Milano e successivamente, con implementazione continua di fotografi ed\u2026","rel":"","context":"In &quot;arte&quot;","block_context":{"text":"arte","link":"https:\/\/www.biancoscuro.it\/site\/category\/arte\/"},"img":{"alt_text":"","src":"https:\/\/i0.wp.com\/www.biancoscuro.it\/site\/wp-content\/uploads\/2019\/02\/Transition-room-1000.jpg?resize=350%2C200&ssl=1","width":350,"height":200,"srcset":"https:\/\/i0.wp.com\/www.biancoscuro.it\/site\/wp-content\/uploads\/2019\/02\/Transition-room-1000.jpg?resize=350%2C200&ssl=1 1x, https:\/\/i0.wp.com\/www.biancoscuro.it\/site\/wp-content\/uploads\/2019\/02\/Transition-room-1000.jpg?resize=525%2C300&ssl=1 1.5x, https:\/\/i0.wp.com\/www.biancoscuro.it\/site\/wp-content\/uploads\/2019\/02\/Transition-room-1000.jpg?resize=700%2C400&ssl=1 2x, https:\/\/i0.wp.com\/www.biancoscuro.it\/site\/wp-content\/uploads\/2019\/02\/Transition-room-1000.jpg?resize=1050%2C600&ssl=1 3x"},"classes":[]},{"id":16561,"url":"https:\/\/www.biancoscuro.it\/site\/rosso-sahel\/","url_meta":{"origin":4838,"position":3},"title":"&#8220;Rosso Sahel&#8221;","author":"Luca Casonato","date":"28 Settembre 2023","format":false,"excerpt":"mostra di Luca Casonato \u201cRosso Sahel \u00e8 il diario visivo del viaggio intrapreso dal fotografo in Niger, come membro del Comitato tecnico del Padiglione della Repubblica del Niger alla Biennale di Architettura di Venezia 2023. Rosso Sahel \u00e8 anche l'incontro con il bisogno, la povert\u00e0 e un invito a compiere\u2026","rel":"","context":"In &quot;arte&quot;","block_context":{"text":"arte","link":"https:\/\/www.biancoscuro.it\/site\/category\/arte\/"},"img":{"alt_text":"","src":"https:\/\/i0.wp.com\/www.biancoscuro.it\/site\/wp-content\/uploads\/2023\/10\/A01_Rosso-Sahel_01_Casonato-Luca.jpg?resize=350%2C200&ssl=1","width":350,"height":200,"srcset":"https:\/\/i0.wp.com\/www.biancoscuro.it\/site\/wp-content\/uploads\/2023\/10\/A01_Rosso-Sahel_01_Casonato-Luca.jpg?resize=350%2C200&ssl=1 1x, https:\/\/i0.wp.com\/www.biancoscuro.it\/site\/wp-content\/uploads\/2023\/10\/A01_Rosso-Sahel_01_Casonato-Luca.jpg?resize=525%2C300&ssl=1 1.5x, https:\/\/i0.wp.com\/www.biancoscuro.it\/site\/wp-content\/uploads\/2023\/10\/A01_Rosso-Sahel_01_Casonato-Luca.jpg?resize=700%2C400&ssl=1 2x"},"classes":[]},{"id":14555,"url":"https:\/\/www.biancoscuro.it\/site\/oliviero-chez-mazzoleni-alla-galleria-mazzoleni-di-torino\/","url_meta":{"origin":4838,"position":4},"title":"OLIVIERO TOSCANI alla Galleria Mazzoleni di Torino","author":"Elena Seno","date":"25 Ottobre 2022","format":false,"excerpt":"Oliviero Toscani, classe \u201942, compie quest\u2019anno 80 anni.Fotografo, politico, attivista e scomodo personaggio per alcuni, ha saputo, attraverso i suoi scatti, contestare numerose ingiustizie e sensibilizzare il pubblico su diversi temi, non di rado facendo infuriare personalit\u00e0 pi\u00f9 conservatrici.Conosciuto per aver rivoluzionato la fotografia attraverso i suoi dissacranti scatti, dopo\u2026","rel":"","context":"In &quot;foto&quot;","block_context":{"text":"foto","link":"https:\/\/www.biancoscuro.it\/site\/category\/foto\/"},"img":{"alt_text":"","src":"https:\/\/i0.wp.com\/www.biancoscuro.it\/site\/wp-content\/uploads\/2022\/10\/Oliviero-Toscani-Cretto-di-Burri-2018.-Copyright-Oliviero-Toscani-1.jpg?resize=350%2C200&ssl=1","width":350,"height":200,"srcset":"https:\/\/i0.wp.com\/www.biancoscuro.it\/site\/wp-content\/uploads\/2022\/10\/Oliviero-Toscani-Cretto-di-Burri-2018.-Copyright-Oliviero-Toscani-1.jpg?resize=350%2C200&ssl=1 1x, https:\/\/i0.wp.com\/www.biancoscuro.it\/site\/wp-content\/uploads\/2022\/10\/Oliviero-Toscani-Cretto-di-Burri-2018.-Copyright-Oliviero-Toscani-1.jpg?resize=525%2C300&ssl=1 1.5x, https:\/\/i0.wp.com\/www.biancoscuro.it\/site\/wp-content\/uploads\/2022\/10\/Oliviero-Toscani-Cretto-di-Burri-2018.-Copyright-Oliviero-Toscani-1.jpg?resize=700%2C400&ssl=1 2x, https:\/\/i0.wp.com\/www.biancoscuro.it\/site\/wp-content\/uploads\/2022\/10\/Oliviero-Toscani-Cretto-di-Burri-2018.-Copyright-Oliviero-Toscani-1.jpg?resize=1050%2C600&ssl=1 3x, https:\/\/i0.wp.com\/www.biancoscuro.it\/site\/wp-content\/uploads\/2022\/10\/Oliviero-Toscani-Cretto-di-Burri-2018.-Copyright-Oliviero-Toscani-1.jpg?resize=1400%2C800&ssl=1 4x"},"classes":[]},{"id":18432,"url":"https:\/\/www.biancoscuro.it\/site\/architetture-e-visioni-il-racconto-fotografico-lungo-trentanni-di-alberto-lagomaggiore-a-villa-ghirlanda\/","url_meta":{"origin":4838,"position":5},"title":"Architetture e visioni","author":"Chiara","date":"6 Maggio 2025","format":false,"excerpt":"Il racconto fotografico lungo trent\u2019anni di Alberto Lagomaggiore\u00a0A VILLA GHIRLANDA Sabato 17 maggio alle ore 16 inaugura nelle sale di Villa Ghirlanda a Cinisello Balsamo (MI) la mostra personale di Alberto Lagomaggiore \u201cFotografie di architettura 1994-2024\u201d, a cura di Maria Fratelli e Giorgio Olivero, che ripercorre trent\u2019anni di fotografia d\u2019architettura\u2026","rel":"","context":"In &quot;arte&quot;","block_context":{"text":"arte","link":"https:\/\/www.biancoscuro.it\/site\/category\/arte\/"},"img":{"alt_text":"","src":"https:\/\/i0.wp.com\/www.biancoscuro.it\/site\/wp-content\/uploads\/2025\/05\/9-Villa-Belgiojoso-Bonaparte-Milano-2004-%C2%A9-Alberto-Lagomaggiore.jpg?resize=350%2C200&ssl=1","width":350,"height":200},"classes":[]}],"_links":{"self":[{"href":"https:\/\/www.biancoscuro.it\/site\/wp-json\/wp\/v2\/posts\/4838","targetHints":{"allow":["GET"]}}],"collection":[{"href":"https:\/\/www.biancoscuro.it\/site\/wp-json\/wp\/v2\/posts"}],"about":[{"href":"https:\/\/www.biancoscuro.it\/site\/wp-json\/wp\/v2\/types\/post"}],"author":[{"embeddable":true,"href":"https:\/\/www.biancoscuro.it\/site\/wp-json\/wp\/v2\/users\/1"}],"replies":[{"embeddable":true,"href":"https:\/\/www.biancoscuro.it\/site\/wp-json\/wp\/v2\/comments?post=4838"}],"version-history":[{"count":0,"href":"https:\/\/www.biancoscuro.it\/site\/wp-json\/wp\/v2\/posts\/4838\/revisions"}],"wp:featuredmedia":[{"embeddable":true,"href":"https:\/\/www.biancoscuro.it\/site\/wp-json\/wp\/v2\/media\/4943"}],"wp:attachment":[{"href":"https:\/\/www.biancoscuro.it\/site\/wp-json\/wp\/v2\/media?parent=4838"}],"wp:term":[{"taxonomy":"category","embeddable":true,"href":"https:\/\/www.biancoscuro.it\/site\/wp-json\/wp\/v2\/categories?post=4838"},{"taxonomy":"post_tag","embeddable":true,"href":"https:\/\/www.biancoscuro.it\/site\/wp-json\/wp\/v2\/tags?post=4838"}],"curies":[{"name":"wp","href":"https:\/\/api.w.org\/{rel}","templated":true}]}}