{"id":4997,"date":"2017-02-22T16:37:28","date_gmt":"2017-02-22T15:37:28","guid":{"rendered":"http:\/\/www.biancoscuro.it\/site\/?p=4997"},"modified":"2017-03-15T20:17:14","modified_gmt":"2017-03-15T19:17:14","slug":"art-parma-fair-6a-edizione-gli-artisti-selezionati-al-biancoscuro","status":"publish","type":"post","link":"https:\/\/www.biancoscuro.it\/site\/art-parma-fair-6a-edizione-gli-artisti-selezionati-al-biancoscuro\/","title":{"rendered":"Art Parma Fair, 6\u00aa edizione con gli artisti selezionati al BIANCOSCURO"},"content":{"rendered":"<span class=\"span-reading-time rt-reading-time\" style=\"display: block;\"><span class=\"rt-label rt-prefix\">\u23f0 lettura <\/span> <span class=\"rt-time\"> 3<\/span> <span class=\"rt-label rt-postfix\">min. <br><br><\/span><\/span><h3>Due fine settimana dedicati all\u2019Arte a Fiere di Parma<\/h3>\n<p>Ritorna\u00a0<b>ART PARMA FAIR<\/b>, fiera dedicata all\u2019arte moderna e contemporanea, nelle date\u00a0<b>25-26 febbraio<\/b>\u00a0e <strong>3<\/strong><b>-4-5 marzo 2016<\/b>\u00a0presso il quartiere fieristico parmense, in concomitanza con\u00a0<b>Mercanteinfiera<\/b>\u00a0e\u00a0<strong>Italian Golf Show<\/strong>.<br \/>\nGli ottimi\u00a0risultati delle vendite dell\u2019edizioni precedenti hanno riconosciuto l\u2019importanza di una piazza come Parma, che a buon titolo potr\u00e0 collocarsi negli anni tra le fiere pi\u00f9 importanti d\u2019Italia.<br \/>\nUn collezionismo colto e sofisticato che viene dall\u2019imprenditoria e dall\u2019industria percorre il padiglione cercando le opere di autori importanti come\u00a0<b>Damien Hirst, Christo, Mario Schifano, Mimmo Rotella, Piero Gilardi, Michelangelo Pistoletto, Alighiero Boetti, <\/b>solo per citare alcuni ma anche<b> Andy Warhol<\/b>\u00a0e altri esponenti della pop-art.<\/p>\n<p><img loading=\"lazy\" decoding=\"async\" class=\"alignnone size-full wp-image-3445\" src=\"http:\/\/www.biancoscuro.it\/site\/wp-content\/uploads\/2015\/12\/DSC_1287.jpg\" alt=\"DSC_1287\" width=\"1000\" height=\"664\" srcset=\"https:\/\/www.biancoscuro.it\/site\/wp-content\/uploads\/2015\/12\/DSC_1287.jpg 1000w, https:\/\/www.biancoscuro.it\/site\/wp-content\/uploads\/2015\/12\/DSC_1287-300x199.jpg 300w, https:\/\/www.biancoscuro.it\/site\/wp-content\/uploads\/2015\/12\/DSC_1287-768x510.jpg 768w, https:\/\/www.biancoscuro.it\/site\/wp-content\/uploads\/2015\/12\/DSC_1287-600x398.jpg 600w\" sizes=\"auto, (max-width: 1000px) 100vw, 1000px\" \/><\/p>\n<p><strong>Art Parma Fair<\/strong>, un vero e proprio viaggio nelle molteplici tendenze dell\u2019Arte moderna e contemporanea che dopo il successo dell\u2019edizione autunnale svoltasi ad ottobre, riporta la citt\u00e0 emiliana ad essere centro di gravit\u00e0 delle pi\u00f9 autorevoli correnti della pittura, del design, della fotografia, delle arti grafiche e scultoree.<br \/>\nUn intero padiglione, diventer\u00e0 per 5 giorni il <strong>Quartiere dell\u2019Arte<\/strong>. Molto pi\u00f9, dunque, di una mostra-mercato di Gallerie, ma una ragionata e analitica vetrina di tutte le correnti artistiche pi\u00f9 influenti o emergenti \u2013 dal Futurismo all\u2019Astrattismo e Metafisica, dalla Pop Art all\u2019Informale sino all\u2019Arte concettuale &#8211; con un focus speciale posto proprio sulle ultime tendenze e sugli artisti che meglio le rappresentano. <strong>Il tutto senza mai perdere di vista e dimenticare l\u2019importanza dell\u2019Arte in senso tradizionale<\/strong>.<\/p>\n<p>Inoltre,\u00a0<strong>Art Parma Fair<\/strong>\u00a0propone anche in questa edizione una variegata ed esaustiva panoramica di eventi collaterali, un\u2019occasione per investire su talento e creativit\u00e0 e dare corpo a un collezionismo alto, per porre il focus su\u00a0nuovi modi di fare arte, soluzioni innovative e installazioni inconsuete.<\/p>\n<p><img loading=\"lazy\" decoding=\"async\" class=\"alignnone size-full wp-image-3447\" src=\"http:\/\/www.biancoscuro.it\/site\/wp-content\/uploads\/2015\/12\/DSC_1466.jpg\" alt=\"DSC_1466\" width=\"1000\" height=\"664\" srcset=\"https:\/\/www.biancoscuro.it\/site\/wp-content\/uploads\/2015\/12\/DSC_1466.jpg 1000w, https:\/\/www.biancoscuro.it\/site\/wp-content\/uploads\/2015\/12\/DSC_1466-300x199.jpg 300w, https:\/\/www.biancoscuro.it\/site\/wp-content\/uploads\/2015\/12\/DSC_1466-768x510.jpg 768w, https:\/\/www.biancoscuro.it\/site\/wp-content\/uploads\/2015\/12\/DSC_1466-600x398.jpg 600w\" sizes=\"auto, (max-width: 1000px) 100vw, 1000px\" \/><\/p>\n<p><strong>ArtParma Fair<\/strong>\u00a0\u00e8 un importante momento di scambio e di confronto tra galleristi e pubblico, un appuntamento per i collezionisti alla ricerca dell\u2019opera su cui fare investimento, un\u2019occasione per esperti del settore alla ricerca di nuovi talenti.<br \/>\nTalentuosi artistici contemporanei infatti saranno presenti nello stand <strong>BIANCOSCURO<\/strong> \u00a0il quale\u00a0presente ad ArtParma Fair con il suo stand editoriale propone al pubblico i suoi artisti\u00a0selezionati al<strong> <a href=\"http:\/\/artcontest.biancoscuro.it\">BIANCOSCURO Art Contest Winter Edition<\/a>.<br \/>\n<\/strong>Tra le opere selezionate ed esposte verr\u00e0 scelta la pi\u00f9 ammirata dal pubblico dei collezionisti e sar\u00e0 pubblicata sulla<strong>\u00a0<a href=\"http:\/\/www.biancoscuro.it\/site\/rivista-darte\/\">COPERTINA di BIANCOSCURO Rivista d&#8217;Arte di Agosto-Settembre<\/a><\/strong><\/p>\n<p><img loading=\"lazy\" decoding=\"async\" class=\"alignnone size-full wp-image-3448\" src=\"http:\/\/www.biancoscuro.it\/site\/wp-content\/uploads\/2015\/12\/DSC_1677.jpg\" alt=\"DSC_1677\" width=\"1000\" height=\"664\" srcset=\"https:\/\/www.biancoscuro.it\/site\/wp-content\/uploads\/2015\/12\/DSC_1677.jpg 1000w, https:\/\/www.biancoscuro.it\/site\/wp-content\/uploads\/2015\/12\/DSC_1677-300x199.jpg 300w, https:\/\/www.biancoscuro.it\/site\/wp-content\/uploads\/2015\/12\/DSC_1677-768x510.jpg 768w, https:\/\/www.biancoscuro.it\/site\/wp-content\/uploads\/2015\/12\/DSC_1677-600x398.jpg 600w\" sizes=\"auto, (max-width: 1000px) 100vw, 1000px\" \/><\/p>\n<h3>Biancoscuro &#8211; <em>Contemporary Selected Artist<\/em>, questi gli artisti selezionati epresentati:<\/h3>\n<table dir=\"ltr\" style=\"width: 663px;\" border=\"1\" cellspacing=\"0\" cellpadding=\"0\">\n<colgroup>\n<col width=\"100\" \/>\n<col width=\"100\" \/>\n<col width=\"365\" \/><\/colgroup>\n<tbody>\n<tr>\n<td style=\"width: 98.890625px;\" data-sheets-value=\"{&quot;1&quot;:2,&quot;2&quot;:&quot;Aino&quot;}\"><strong>Aino<\/strong><\/td>\n<td style=\"width: 462px;\" data-sheets-value=\"{&quot;1&quot;:2,&quot;2&quot;:&quot;http:\/\/artcontest.biancoscuro.it\/site\/aino\/&quot;}\"><a class=\"in-cell-link\" href=\"http:\/\/artcontest.biancoscuro.it\/site\/aino\/\" target=\"_blank\">artcontest.biancoscuro.it\/site\/aino\/<\/a><\/td>\n<\/tr>\n<tr>\n<td style=\"width: 98.890625px;\" data-sheets-value=\"{&quot;1&quot;:2,&quot;2&quot;:&quot;Arianna&quot;}\"><strong>Arianna\u00a0Angelini<\/strong><\/td>\n<td style=\"width: 462px;\" data-sheets-value=\"{&quot;1&quot;:2,&quot;2&quot;:&quot;http:\/\/artcontest.biancoscuro.it\/site\/arianna-angelini\/&quot;}\"><a class=\"in-cell-link\" href=\"http:\/\/artcontest.biancoscuro.it\/site\/arianna-angelini\/\" target=\"_blank\">artcontest.biancoscuro.it\/site\/arianna-angelini\/<\/a><\/td>\n<\/tr>\n<tr>\n<td style=\"width: 98.890625px;\" data-sheets-value=\"{&quot;1&quot;:2,&quot;2&quot;:&quot;Adele&quot;}\"><strong>Adele\u00a0Arati<\/strong><\/td>\n<td style=\"width: 462px;\" data-sheets-value=\"{&quot;1&quot;:2,&quot;2&quot;:&quot;http:\/\/artcontest.biancoscuro.it\/site\/adele-arati\/&quot;}\"><a class=\"in-cell-link\" href=\"http:\/\/artcontest.biancoscuro.it\/site\/adele-arati\/\" target=\"_blank\">artcontest.biancoscuro.it\/site\/adele-arati\/<\/a><\/td>\n<\/tr>\n<tr>\n<td style=\"width: 98.890625px;\" data-sheets-value=\"{&quot;1&quot;:2,&quot;2&quot;:&quot;Manss&quot;}\"><strong>Manss\u00a0Aval<\/strong><\/td>\n<td style=\"width: 462px;\" data-sheets-value=\"{&quot;1&quot;:2,&quot;2&quot;:&quot;http:\/\/artcontest.biancoscuro.it\/site\/manss-aval-9\/&quot;}\"><a class=\"in-cell-link\" href=\"http:\/\/artcontest.biancoscuro.it\/site\/manss-aval-9\/\" target=\"_blank\">artcontest.biancoscuro.it\/site\/manss-aval-9\/<\/a><\/td>\n<\/tr>\n<tr>\n<td style=\"width: 98.890625px;\" data-sheets-value=\"{&quot;1&quot;:2,&quot;2&quot;:&quot;Nadia&quot;}\"><strong>Nadia\u00a0Buroni<\/strong><\/td>\n<td style=\"width: 462px;\" data-sheets-value=\"{&quot;1&quot;:2,&quot;2&quot;:&quot;http:\/\/artcontest.biancoscuro.it\/site\/nadia-buroni-4\/&quot;}\"><a class=\"in-cell-link\" href=\"http:\/\/artcontest.biancoscuro.it\/site\/nadia-buroni-4\/\" target=\"_blank\">artcontest.biancoscuro.it\/site\/nadia-buroni-4\/<\/a><\/td>\n<\/tr>\n<tr>\n<td style=\"width: 98.890625px;\" data-sheets-value=\"{&quot;1&quot;:2,&quot;2&quot;:&quot;Luciano&quot;}\"><strong>Luciano\u00a0Caggianello<\/strong><\/td>\n<td style=\"width: 462px;\" data-sheets-value=\"{&quot;1&quot;:2,&quot;2&quot;:&quot;http:\/\/artcontest.biancoscuro.it\/site\/luciano-caggianello-2\/&quot;}\"><a class=\"in-cell-link\" href=\"http:\/\/artcontest.biancoscuro.it\/site\/luciano-caggianello-2\/\" target=\"_blank\">artcontest.biancoscuro.it\/site\/luciano-caggianello-2\/<\/a><\/td>\n<\/tr>\n<tr>\n<td style=\"width: 98.890625px;\" data-sheets-value=\"{&quot;1&quot;:2,&quot;2&quot;:&quot;Mark&quot;}\"><strong>Mark\u00a0Cattaneo<\/strong><\/td>\n<td style=\"width: 462px;\" data-sheets-value=\"{&quot;1&quot;:2,&quot;2&quot;:&quot;http:\/\/artcontest.biancoscuro.it\/site\/mark-cattaneo-2\/&quot;}\"><a class=\"in-cell-link\" href=\"http:\/\/artcontest.biancoscuro.it\/site\/mark-cattaneo-2\/\" target=\"_blank\">artcontest.biancoscuro.it\/site\/mark-cattaneo-2\/<\/a><\/td>\n<\/tr>\n<tr>\n<td style=\"width: 98.890625px;\" data-sheets-value=\"{&quot;1&quot;:2,&quot;2&quot;:&quot;Franco&quot;}\"><strong>Franco\u00a0Cola<\/strong><\/td>\n<td style=\"width: 462px;\" data-sheets-value=\"{&quot;1&quot;:2,&quot;2&quot;:&quot;http:\/\/artcontest.biancoscuro.it\/site\/franco-cola\/&quot;}\"><a class=\"in-cell-link\" href=\"http:\/\/artcontest.biancoscuro.it\/site\/franco-cola\/\" target=\"_blank\">artcontest.biancoscuro.it\/site\/franco-cola\/<\/a><\/td>\n<\/tr>\n<tr>\n<td style=\"width: 98.890625px;\" data-sheets-value=\"{&quot;1&quot;:2,&quot;2&quot;:&quot;Gianni&quot;}\"><strong>Gianni\u00a0De Paoli<\/strong><\/td>\n<td style=\"width: 462px;\" data-sheets-value=\"{&quot;1&quot;:2,&quot;2&quot;:&quot;http:\/\/artcontest.biancoscuro.it\/site\/gianni-depaoli-3\/&quot;}\"><a class=\"in-cell-link\" href=\"http:\/\/artcontest.biancoscuro.it\/site\/gianni-depaoli-3\/\" target=\"_blank\">artcontest.biancoscuro.it\/site\/gianni-depaoli-3\/<\/a><\/td>\n<\/tr>\n<tr>\n<td style=\"width: 98.890625px;\" data-sheets-value=\"{&quot;1&quot;:2,&quot;2&quot;:&quot;Pieralberto&quot;}\"><strong>Pieralberto\u00a0Filippi<\/strong><\/td>\n<td style=\"width: 462px;\" data-sheets-value=\"{&quot;1&quot;:2,&quot;2&quot;:&quot;http:\/\/artcontest.biancoscuro.it\/site\/pieralberto-filippi\/&quot;}\"><a class=\"in-cell-link\" href=\"http:\/\/artcontest.biancoscuro.it\/site\/pieralberto-filippi\/\" target=\"_blank\">artcontest.biancoscuro.it\/site\/pieralberto-filippi\/<\/a><\/td>\n<\/tr>\n<tr>\n<td style=\"width: 98.890625px;\" data-sheets-value=\"{&quot;1&quot;:2,&quot;2&quot;:&quot;Katia&quot;}\"><strong>Katia\u00a0Longoni<\/strong><\/td>\n<td style=\"width: 462px;\" data-sheets-value=\"{&quot;1&quot;:2,&quot;2&quot;:&quot;http:\/\/artcontest.biancoscuro.it\/site\/katia-longoni-2\/&quot;}\"><a class=\"in-cell-link\" href=\"http:\/\/artcontest.biancoscuro.it\/site\/katia-longoni-2\/\" target=\"_blank\">artcontest.biancoscuro.it\/site\/katia-longoni-2\/<\/a><\/td>\n<\/tr>\n<tr>\n<td style=\"width: 98.890625px;\" data-sheets-value=\"{&quot;1&quot;:2,&quot;2&quot;:&quot;Roberto&quot;}\"><strong>Roberto\u00a0Parmagnani<\/strong><\/td>\n<td style=\"width: 462px;\" data-sheets-value=\"{&quot;1&quot;:2,&quot;2&quot;:&quot;http:\/\/artcontest.biancoscuro.it\/site\/roberto-parmagnani-4\/&quot;}\"><a class=\"in-cell-link\" href=\"http:\/\/artcontest.biancoscuro.it\/site\/roberto-parmagnani-4\/\" target=\"_blank\">artcontest.biancoscuro.it\/site\/roberto-parmagnani-4\/<\/a><\/td>\n<\/tr>\n<tr>\n<td style=\"width: 98.890625px;\" data-sheets-value=\"{&quot;1&quot;:2,&quot;2&quot;:&quot;Ivan&quot;}\"><strong>Ivan\u00a0Pili<\/strong><\/td>\n<td style=\"width: 462px;\" data-sheets-value=\"{&quot;1&quot;:2,&quot;2&quot;:&quot;http:\/\/artcontest.biancoscuro.it\/site\/ivan-pili-2\/&quot;}\"><a class=\"in-cell-link\" href=\"http:\/\/artcontest.biancoscuro.it\/site\/ivan-pili-2\/\" target=\"_blank\">artcontest.biancoscuro.it\/site\/ivan-pili-2\/<\/a><\/td>\n<\/tr>\n<tr>\n<td style=\"width: 98.890625px;\" data-sheets-value=\"{&quot;1&quot;:2,&quot;2&quot;:&quot;Mirko &quot;}\"><strong>Mirko\u00a0Roncelli<\/strong><\/td>\n<td style=\"width: 462px;\" data-sheets-value=\"{&quot;1&quot;:2,&quot;2&quot;:&quot;http:\/\/artcontest.biancoscuro.it\/site\/mirko-roncelli-13\/&quot;}\"><a class=\"in-cell-link\" href=\"http:\/\/artcontest.biancoscuro.it\/site\/mirko-roncelli-13\/\" target=\"_blank\">artcontest.biancoscuro.it\/site\/mirko-roncelli-13\/<\/a><\/td>\n<\/tr>\n<tr>\n<td style=\"width: 98.890625px;\" data-sheets-value=\"{&quot;1&quot;:2,&quot;2&quot;:&quot;Dario&quot;}\"><strong>Dario\u00a0<\/strong>Sgarzini<\/td>\n<td style=\"width: 462px;\" data-sheets-value=\"{&quot;1&quot;:2,&quot;2&quot;:&quot;http:\/\/artcontest.biancoscuro.it\/site\/dario-sgarzini-3\/&quot;}\"><a class=\"in-cell-link\" href=\"http:\/\/artcontest.biancoscuro.it\/site\/dario-sgarzini-3\/\" target=\"_blank\">artcontest.biancoscuro.it\/site\/dario-sgarzini-3\/<\/a><\/td>\n<\/tr>\n<tr>\n<td style=\"width: 98.890625px;\" data-sheets-value=\"{&quot;1&quot;:2,&quot;2&quot;:&quot;Giulia&quot;}\"><strong>Giulia\u00a0Sollazzo<\/strong><\/td>\n<td style=\"width: 462px;\" data-sheets-value=\"{&quot;1&quot;:2,&quot;2&quot;:&quot;http:\/\/artcontest.biancoscuro.it\/site\/giulia-sollazzo-gbri-3\/&quot;}\"><a class=\"in-cell-link\" href=\"http:\/\/artcontest.biancoscuro.it\/site\/giulia-sollazzo-gbri-3\/\" target=\"_blank\">artcontest.biancoscuro.it\/site\/giulia-sollazzo-gbri-3\/<\/a><\/td>\n<\/tr>\n<\/tbody>\n<\/table>\n<p>a questi artisti si aggiunge l&#8217;opera premiata dalla giuria popolare:<br \/>\n<strong>Federica Pecoraro<\/strong> <a href=\"http:\/\/artcontest.biancoscuro.it\/site\/federica-pecoraro-scanio\">artcontest.biancoscuro.it\/site\/federica-pecoraro-scanio<\/a><\/p>\n<p>Cliccando qui sotto \u00e8 possibile sfogliare il catalogo BIANCOSCURO<br \/>\n<iframe loading=\"lazy\" style=\"width: 525px; height: 371px;\" src=\"\/\/e.issuu.com\/embed.html#10029596\/44740755\" width=\"300\" height=\"150\" frameborder=\"0\" allowfullscreen=\"allowfullscreen\"><\/iframe><\/p>\n<pre>ART PARMA FAIR primavera 2017 \r\nsabato 25 e domenica 26 febbraio 2016 dalle 10.00 alle 19.00 \r\nvenerd\u00ec 3, sabato 4 e domenica 5 marzo 2016 dalle 10.00 alle 19.00 \r\nFIERE DI PARMA\r\nviale delle Esposizioni, 393A<\/pre>\n<p><img loading=\"lazy\" decoding=\"async\" class=\"alignnone size-full wp-image-4999\" src=\"http:\/\/www.biancoscuro.it\/site\/wp-content\/uploads\/2014\/02\/BIANCOSCUROartparmaMediaPartner.jpg\" alt=\"\" width=\"600\" height=\"660\" srcset=\"https:\/\/www.biancoscuro.it\/site\/wp-content\/uploads\/2014\/02\/BIANCOSCUROartparmaMediaPartner.jpg 600w, https:\/\/www.biancoscuro.it\/site\/wp-content\/uploads\/2014\/02\/BIANCOSCUROartparmaMediaPartner-273x300.jpg 273w\" sizes=\"auto, (max-width: 600px) 100vw, 600px\" \/><\/p>\n","protected":false},"excerpt":{"rendered":"<p><span class=\"span-reading-time rt-reading-time\" style=\"display: block;\"><span class=\"rt-label rt-prefix\">\u23f0 lettura <\/span> <span class=\"rt-time\"> 3<\/span> <span class=\"rt-label rt-postfix\">min. <\/p>\n<p><\/span><\/span>Due fine settimana dedicati all\u2019Arte a Fiere di Parma Ritorna\u00a0ART PARMA FAIR, fiera dedicata all\u2019arte moderna e contemporanea, nelle date\u00a025-26 febbraio\u00a0e 3-4-5 marzo 2016\u00a0presso il quartiere fieristico parmense, in concomitanza con\u00a0Mercanteinfiera\u00a0e\u00a0Italian Golf Show. Gli ottimi\u00a0risultati delle vendite dell\u2019edizioni precedenti hanno riconosciuto l\u2019importanza di una piazza come Parma, che a buon titolo potr\u00e0 collocarsi negli anni&hellip;&nbsp;<a href=\"https:\/\/www.biancoscuro.it\/site\/art-parma-fair-6a-edizione-gli-artisti-selezionati-al-biancoscuro\/\" rel=\"bookmark\">Leggi tutto &raquo;<span class=\"screen-reader-text\">Art Parma Fair, 6\u00aa edizione con gli artisti selezionati al BIANCOSCURO<\/span><\/a><\/p>\n","protected":false},"author":1,"featured_media":5002,"comment_status":"closed","ping_status":"closed","sticky":false,"template":"","format":"standard","meta":{"neve_meta_sidebar":"","neve_meta_container":"","neve_meta_enable_content_width":"","neve_meta_content_width":0,"neve_meta_title_alignment":"","neve_meta_author_avatar":"","neve_post_elements_order":"","neve_meta_disable_header":"","neve_meta_disable_footer":"","neve_meta_disable_title":"","advanced_seo_description":"","jetpack_seo_html_title":"","jetpack_seo_noindex":false,"footnotes":""},"categories":[5,25,27,15],"tags":[],"class_list":["post-4997","post","type-post","status-publish","format-standard","has-post-thumbnail","hentry","category-arte","category-fiere","category-manifestazione","category-rivista-darte"],"jetpack_featured_media_url":"https:\/\/www.biancoscuro.it\/site\/wp-content\/uploads\/2017\/02\/artParma1.jpg","jetpack_sharing_enabled":true,"jetpack-related-posts":[{"id":3030,"url":"https:\/\/www.biancoscuro.it\/site\/art-parma-fair-arte-forli-contemporanea-2\/","url_meta":{"origin":4997,"position":0},"title":"Art Parma Fair &#038; Arte Forl\u00ec CONTEMPORANEA","author":"Redazione BIANCOSCURO","date":"20 Agosto 2015","format":false,"excerpt":"BIANCOSCURO Media Partner ufficiale di Romagna Fiere,\u00a0in collaborazione con\u00a0ArteExp\u00f2 Gallery,\u00a0propone \u00a0ad artisti meritevoli la possibilit\u00e0 di partecipare ad ART PARMA FAIR 2015\u00a0e ARTE FORLI' CONTEMPORANEA 2015! Per maggiori informazioni o ricevere il bando di partecipazione contattaci subito allo 0382.1902778 oppure scrivi\u00a0info@biancoscuro.it Informiamo che sono in corso le\u00a0selezioni per esposizioni riservate\u2026","rel":"","context":"In &quot;arte&quot;","block_context":{"text":"arte","link":"https:\/\/www.biancoscuro.it\/site\/category\/arte\/"},"img":{"alt_text":"","src":"https:\/\/i0.wp.com\/www.biancoscuro.it\/site\/wp-content\/uploads\/2014\/02\/Schermata-2015-08-20-alle-11.05.57.png?resize=350%2C200&ssl=1","width":350,"height":200,"srcset":"https:\/\/i0.wp.com\/www.biancoscuro.it\/site\/wp-content\/uploads\/2014\/02\/Schermata-2015-08-20-alle-11.05.57.png?resize=350%2C200&ssl=1 1x, https:\/\/i0.wp.com\/www.biancoscuro.it\/site\/wp-content\/uploads\/2014\/02\/Schermata-2015-08-20-alle-11.05.57.png?resize=525%2C300&ssl=1 1.5x"},"classes":[]},{"id":1649,"url":"https:\/\/www.biancoscuro.it\/site\/art-parma-fair-arte-forli-contemporanea\/","url_meta":{"origin":4997,"position":1},"title":"Art Parma Fair + Arte Forl\u00ec CONTEMPORANEA","author":"Redazione BIANCOSCURO","date":"5 Agosto 2014","format":false,"excerpt":"Biancoscuro\u00a0in collaborazione con\u00a0ArteExp\u00f2 Gallery\u00a0propone \u00a0ad artisti meritevoli la possibilit\u00e0 di partecipare ad ART PARMA FAIR 2014 e ARTE FORLI' CONTEMPORANEA 2014! Per maggiori informazioni o ricevere il bando di partecipazione contattaci subito allo 0382.1902778 oppure scrivi\u00a0info@biancoscuro.it La partecipazione alle fiere d'arte ART PARMA FAIR 2014\u00a0e\u00a0ARTE FORLI' CONTEMPORANEA 2014\u00a0prevede in abbinata\u2026","rel":"","context":"In &quot;arte&quot;","block_context":{"text":"arte","link":"https:\/\/www.biancoscuro.it\/site\/category\/arte\/"},"img":{"alt_text":"ARTPARMA2014 biancoscuro","src":"https:\/\/i0.wp.com\/www.biancoscuro.it\/site\/wp-content\/uploads\/2014\/05\/ARTPARMA2014-150x150.jpg?resize=350%2C200","width":350,"height":200},"classes":[]},{"id":17027,"url":"https:\/\/www.biancoscuro.it\/site\/art-parma-fair-primavera-2024\/","url_meta":{"origin":4997,"position":2},"title":"Art Parma Fair &#8211; primavera 2024","author":"Redazione BIANCOSCURO","date":"23 Febbraio 2024","format":false,"excerpt":"Due fine settimana dedicati all\u2019Arte a Fiere di Parma Ritorna\u00a0ART PARMA FAIR, fiera dedicata all\u2019arte moderna e contemporanea, nelle date\u00a02-3\u00a0e 8-9-10 marzo 2024\u00a0presso il quartiere fieristico parmense, in concomitanza con\u00a0Mercanteinfiera.Gli ottimi\u00a0risultati delle vendite dell\u2019edizioni precedenti hanno riconosciuto l\u2019importanza di una piazza come Parma, che a buon titolo potr\u00e0 collocarsi negli\u2026","rel":"","context":"In &quot;arte&quot;","block_context":{"text":"arte","link":"https:\/\/www.biancoscuro.it\/site\/category\/arte\/"},"img":{"alt_text":"","src":"https:\/\/i0.wp.com\/www.biancoscuro.it\/site\/wp-content\/uploads\/2024\/02\/art-parma-aut-220.jpg?resize=350%2C200&ssl=1","width":350,"height":200,"srcset":"https:\/\/i0.wp.com\/www.biancoscuro.it\/site\/wp-content\/uploads\/2024\/02\/art-parma-aut-220.jpg?resize=350%2C200&ssl=1 1x, https:\/\/i0.wp.com\/www.biancoscuro.it\/site\/wp-content\/uploads\/2024\/02\/art-parma-aut-220.jpg?resize=525%2C300&ssl=1 1.5x, https:\/\/i0.wp.com\/www.biancoscuro.it\/site\/wp-content\/uploads\/2024\/02\/art-parma-aut-220.jpg?resize=700%2C400&ssl=1 2x"},"classes":[]},{"id":3210,"url":"https:\/\/www.biancoscuro.it\/site\/art-parma-fair-edizione-autunnale\/","url_meta":{"origin":4997,"position":3},"title":"Art Parma Fair, edizione autunnale","author":"Redazione BIANCOSCURO","date":"30 Settembre 2015","format":false,"excerpt":"Due fine settimana dedicati all\u2019Arte a Fiere di Parma Parma torna ad essere il centro dell\u2019arte con Art Parma Fair, mostra-mercato dedicata all\u2019arte moderna e contemporanea, presso il quartiere fieristico parmense, in concomitanza con Mercanteinfiera e Mercanteinauto. L\u2019ottimo risultato delle vendite dell\u2019edizione primaverile ha riconosciuto l\u2019importanza di una piazza come\u2026","rel":"","context":"In &quot;arte&quot;","block_context":{"text":"arte","link":"https:\/\/www.biancoscuro.it\/site\/category\/arte\/"},"img":{"alt_text":"","src":"https:\/\/i0.wp.com\/www.biancoscuro.it\/site\/wp-content\/uploads\/2015\/09\/COP.jpg?resize=350%2C200&ssl=1","width":350,"height":200,"srcset":"https:\/\/i0.wp.com\/www.biancoscuro.it\/site\/wp-content\/uploads\/2015\/09\/COP.jpg?resize=350%2C200&ssl=1 1x, https:\/\/i0.wp.com\/www.biancoscuro.it\/site\/wp-content\/uploads\/2015\/09\/COP.jpg?resize=525%2C300&ssl=1 1.5x"},"classes":[]},{"id":3443,"url":"https:\/\/www.biancoscuro.it\/site\/art-parma-4a-edizione-con-importanti-novita\/","url_meta":{"origin":4997,"position":4},"title":"Art Parma 4\u00aa edizione con importanti novit\u00e0","author":"Redazione BIANCOSCURO","date":"24 Dicembre 2015","format":false,"excerpt":"Art Parma Fair, Mostra\u00a0 Mercato d\u2019Arte Moderna e Contemporanea, ritorna a Parma, luogo molto\u00a0sensibile all\u2019arte con un pubblico scelto e interessato, come di consueto in due week end il 27 e 28 febbraio e il 4-5-6 marzo 2016. Nell'edizione 2016 una novit\u00e0:\u00a0l\u2019unione con NEF (Nord Est Fair gi\u00e0 organizzatori di\u2026","rel":"","context":"In &quot;arte&quot;","block_context":{"text":"arte","link":"https:\/\/www.biancoscuro.it\/site\/category\/arte\/"},"img":{"alt_text":"","src":"https:\/\/i0.wp.com\/www.biancoscuro.it\/site\/wp-content\/uploads\/2015\/12\/cover.jpg?resize=350%2C200&ssl=1","width":350,"height":200,"srcset":"https:\/\/i0.wp.com\/www.biancoscuro.it\/site\/wp-content\/uploads\/2015\/12\/cover.jpg?resize=350%2C200&ssl=1 1x, https:\/\/i0.wp.com\/www.biancoscuro.it\/site\/wp-content\/uploads\/2015\/12\/cover.jpg?resize=525%2C300&ssl=1 1.5x, https:\/\/i0.wp.com\/www.biancoscuro.it\/site\/wp-content\/uploads\/2015\/12\/cover.jpg?resize=700%2C400&ssl=1 2x, https:\/\/i0.wp.com\/www.biancoscuro.it\/site\/wp-content\/uploads\/2015\/12\/cover.jpg?resize=1050%2C600&ssl=1 3x, https:\/\/i0.wp.com\/www.biancoscuro.it\/site\/wp-content\/uploads\/2015\/12\/cover.jpg?resize=1400%2C800&ssl=1 4x"},"classes":[]},{"id":3587,"url":"https:\/\/www.biancoscuro.it\/site\/art-parma-fair-4a-edizione-primavera-2016\/","url_meta":{"origin":4997,"position":5},"title":"Art Parma Fair, 4\u00aa edizione &#8211; primavera 2016","author":"Redazione BIANCOSCURO","date":"25 Febbraio 2016","format":false,"excerpt":"Due fine settimana dedicati all\u2019Arte a Fiere di Parma Ritorna\u00a0ART PARMA FAIR, fiera dedicata all\u2019arte moderna e contemporanea, nelle date\u00a027-28 febbraio\u00a0e\u00a04-5-6 marzo 2016\u00a0presso il quartiere fieristico parmense, in concomitanza con\u00a0Mercanteinfiera\u00a0e\u00a0Mercanteinauto. Gli ottimi\u00a0risultati delle vendite dell\u2019edizioni precedenti hanno riconosciuto l\u2019importanza di una piazza come Parma, che a buon titolo potr\u00e0 collocarsi\u2026","rel":"","context":"In &quot;arte&quot;","block_context":{"text":"arte","link":"https:\/\/www.biancoscuro.it\/site\/category\/arte\/"},"img":{"alt_text":"","src":"https:\/\/i0.wp.com\/www.biancoscuro.it\/site\/wp-content\/uploads\/2016\/02\/aaa.jpg?resize=350%2C200&ssl=1","width":350,"height":200,"srcset":"https:\/\/i0.wp.com\/www.biancoscuro.it\/site\/wp-content\/uploads\/2016\/02\/aaa.jpg?resize=350%2C200&ssl=1 1x, https:\/\/i0.wp.com\/www.biancoscuro.it\/site\/wp-content\/uploads\/2016\/02\/aaa.jpg?resize=525%2C300&ssl=1 1.5x, https:\/\/i0.wp.com\/www.biancoscuro.it\/site\/wp-content\/uploads\/2016\/02\/aaa.jpg?resize=700%2C400&ssl=1 2x, https:\/\/i0.wp.com\/www.biancoscuro.it\/site\/wp-content\/uploads\/2016\/02\/aaa.jpg?resize=1050%2C600&ssl=1 3x, https:\/\/i0.wp.com\/www.biancoscuro.it\/site\/wp-content\/uploads\/2016\/02\/aaa.jpg?resize=1400%2C800&ssl=1 4x"},"classes":[]}],"_links":{"self":[{"href":"https:\/\/www.biancoscuro.it\/site\/wp-json\/wp\/v2\/posts\/4997","targetHints":{"allow":["GET"]}}],"collection":[{"href":"https:\/\/www.biancoscuro.it\/site\/wp-json\/wp\/v2\/posts"}],"about":[{"href":"https:\/\/www.biancoscuro.it\/site\/wp-json\/wp\/v2\/types\/post"}],"author":[{"embeddable":true,"href":"https:\/\/www.biancoscuro.it\/site\/wp-json\/wp\/v2\/users\/1"}],"replies":[{"embeddable":true,"href":"https:\/\/www.biancoscuro.it\/site\/wp-json\/wp\/v2\/comments?post=4997"}],"version-history":[{"count":0,"href":"https:\/\/www.biancoscuro.it\/site\/wp-json\/wp\/v2\/posts\/4997\/revisions"}],"wp:featuredmedia":[{"embeddable":true,"href":"https:\/\/www.biancoscuro.it\/site\/wp-json\/wp\/v2\/media\/5002"}],"wp:attachment":[{"href":"https:\/\/www.biancoscuro.it\/site\/wp-json\/wp\/v2\/media?parent=4997"}],"wp:term":[{"taxonomy":"category","embeddable":true,"href":"https:\/\/www.biancoscuro.it\/site\/wp-json\/wp\/v2\/categories?post=4997"},{"taxonomy":"post_tag","embeddable":true,"href":"https:\/\/www.biancoscuro.it\/site\/wp-json\/wp\/v2\/tags?post=4997"}],"curies":[{"name":"wp","href":"https:\/\/api.w.org\/{rel}","templated":true}]}}