{"id":5173,"date":"2017-03-21T12:58:40","date_gmt":"2017-03-21T11:58:40","guid":{"rendered":"http:\/\/www.biancoscuro.it\/site\/?p=5173"},"modified":"2017-03-21T12:58:59","modified_gmt":"2017-03-21T11:58:59","slug":"herbert-hamak-at-the-end-of-the-rainbow","status":"publish","type":"post","link":"https:\/\/www.biancoscuro.it\/site\/herbert-hamak-at-the-end-of-the-rainbow\/","title":{"rendered":"Herbert Hamak | At the end of the rainbow"},"content":{"rendered":"<span class=\"span-reading-time rt-reading-time\" style=\"display: block;\"><span class=\"rt-label rt-prefix\">\u23f0 lettura <\/span> <span class=\"rt-time\"> 3<\/span> <span class=\"rt-label rt-postfix\">min. <br><br><\/span><\/span><p>Inaugurazione\u00a0venerd\u00ec 31 marzo 2017, ore 18.00, in concomitanza con <strong>Miart<\/strong> e durante la <strong>design week milanese<\/strong>, Studio la Citt\u00e0 presenta la mostra dell\u2019artista tedesco <strong>Herbert Hamak<\/strong>: <strong>At the end of the rainbow<\/strong>, allestito per l\u2019occasione all\u2019interno del temporary space <strong>Doubletrouble95<\/strong>, in zona Navigli, e inserito all\u2019interno del circuito Fuori Salone.<br \/>\nIl titolo \u00e8 molto significativo e racchiude in s\u00e9 l\u2019epilogo di questa ricerca. <strong>L\u2019opera chiave dell\u2019esposizione \u00e8 per l\u2019appunto una grande installazione multicolore, concepita per invadere di luce rifratta l\u2019ingresso dello spazio espositivo, proprio come un arcobaleno<\/strong>.<br \/>\nHamak trae ispirazione da un\u2019antica leggenda irlandese, secondo la quale alla fine dell\u2019arcobaleno si troverebbe un tesoro, o meglio, una pentola di monete d\u2019oro custodita gelosamente dagli elfi. Arrivare al tesoro, secondo l\u2019artista significa non tanto appropriarsi della ricompensa ma piuttosto percorrere una via, fatta, come i colori dell\u2019arcobaleno, di molte sfumature; essa esiste, ma non \u00e8 da tutti, n\u00e9 vederla, n\u00e9 crederci. Quando si mostra, la devi intraprendere senza paure, consapevole che stai lasciando ci\u00f2 che conosci, per un tesoro posto in alto, che scoprirai nella sua interezza solo al termine della salita. Per l\u2019artista il tesoro \u00e8 l\u2019arcobaleno stesso.<\/p>\n<p><img loading=\"lazy\" decoding=\"async\" class=\"alignnone size-full wp-image-5182\" src=\"http:\/\/www.biancoscuro.it\/site\/wp-content\/uploads\/2017\/03\/IMG_2902.jpg\" alt=\"\" width=\"800\" height=\"534\" srcset=\"https:\/\/www.biancoscuro.it\/site\/wp-content\/uploads\/2017\/03\/IMG_2902.jpg 800w, https:\/\/www.biancoscuro.it\/site\/wp-content\/uploads\/2017\/03\/IMG_2902-300x200.jpg 300w, https:\/\/www.biancoscuro.it\/site\/wp-content\/uploads\/2017\/03\/IMG_2902-768x513.jpg 768w, https:\/\/www.biancoscuro.it\/site\/wp-content\/uploads\/2017\/03\/IMG_2902-600x401.jpg 600w\" sizes=\"auto, (max-width: 800px) 100vw, 800px\" \/><\/p>\n<p><strong>Per questa nuova serie di lavori<\/strong>, progettati con forme particolari e con diverse stratificazioni di colori,<strong> il rapporto con la sua prima opera policroma del 2015 \u00e8 evidente<\/strong>. Millefiori, esposta nello stesso anno presso il Museo Maffeiano di Verona, all\u2019interno della mostra Il Tesoro Misterioso, organizzata come evento collaterale dell\u2019undicesima edizione di ArtVerona, pu\u00f2 essere considerata, in un certo senso, come \u201cl\u2019opera madre\u201d di questo progetto.<br \/>\nTra la selezione di opere in mostra, oltre a lavori appesi a parete e sculture a terra di varie dimensioni e forme, saranno presentate anche alcune \u201ccolonne\u201d adatte ad essere esposte all\u2019esterno. Sar\u00e0 inoltre pubblicato un pieghevole corredato da inserto con testo di Michael Haggerty, a disposizione presso il temporary space.\u00a0<strong>Questa importante mostra personale, si inserisce in un programma di esposizioni internazionali, che vedranno coinvolto l\u2019artista nella realizzazione di sue importanti installazioni site-specific a Cannes e New York<\/strong> e, successivamente, con una mostra personale in Brasile, presso la galleria Raquel Arnaud di San Paolo.<\/p>\n<p><img loading=\"lazy\" decoding=\"async\" class=\"alignnone size-full wp-image-5181\" src=\"http:\/\/www.biancoscuro.it\/site\/wp-content\/uploads\/2017\/03\/Hamak001.jpg\" alt=\"\" width=\"500\" height=\"500\" srcset=\"https:\/\/www.biancoscuro.it\/site\/wp-content\/uploads\/2017\/03\/Hamak001.jpg 500w, https:\/\/www.biancoscuro.it\/site\/wp-content\/uploads\/2017\/03\/Hamak001-150x150.jpg 150w, https:\/\/www.biancoscuro.it\/site\/wp-content\/uploads\/2017\/03\/Hamak001-300x300.jpg 300w\" sizes=\"auto, (max-width: 500px) 100vw, 500px\" \/><br \/>\n<strong>Herbert Hamak<\/strong> \u00e8 nato nel 1952 a Unterfranken. Vive e lavora a Hammelburg. I suoi non sono lavori canonici di scultura, l\u2019artista utilizza spesso nella sua ricerca sul colore, gli edifici, le loro facciate, i loro spazi come un pittore pu\u00f2 utilizzare la tela o il telaio. Una delle chiavi della sua ricerca \u00e8 il passaggio: di stato di, condizione, in cui colore e tridimensionalit\u00e0 nello spazio convivono in perfetta armonia. I suoi lavori pi\u00f9 recenti presentano forme pi\u00f9 complesse rispetto alle precedenti: richiami ulteriori a certi tagli dell\u2019architettura, ma anche a certe forme della pittura rinascimentale. Tra le sue importanti mostre recenti sono da ricordare: nel 2016, The Adventure of Our Collection I al Kaiser Wilhelm Museum di Krefeld e, nello stesso anno, Un racconto in sei stanze, a Palazzo Barb\u00f2 di Torre Pallavicina; Il tesoro misterioso, nel 2015 al Museo Lapidario Maffeiano di Verona, Point Alpha, sempre nel 2015 presso la galleria Studio la Citt\u00e0, Verona; le personali del 2013 alle gallerie Xippas di Parigi e Tanit di Monaco; nel 2010 l\u2019esposizione al Museum Haus Lange di Krefeld, curata da Martin Hentschel. Tra i suoi maggiori interventi pubblici, sono da annoverare le installazioni presso la nuova sede dell\u2019Universit\u00e0 Bocconi di Milano (2008), all\u2019Archiginnasio di Bologna (2008), al Museo di Castelvecchio, Verona (2007) e sulla facciata della Cattedrale di Atri, Teramo (2003).<\/p>\n<p><img loading=\"lazy\" decoding=\"async\" class=\"alignnone size-full wp-image-5184\" src=\"http:\/\/www.biancoscuro.it\/site\/wp-content\/uploads\/2017\/03\/PEL_0027.jpg\" alt=\"\" width=\"600\" height=\"899\" srcset=\"https:\/\/www.biancoscuro.it\/site\/wp-content\/uploads\/2017\/03\/PEL_0027.jpg 600w, https:\/\/www.biancoscuro.it\/site\/wp-content\/uploads\/2017\/03\/PEL_0027-200x300.jpg 200w\" sizes=\"auto, (max-width: 600px) 100vw, 600px\" \/><\/p>\n<pre>INFO\r\nHERBERT HAMAK\r\n At the end of the rainbow\r\n 1 \u2013 22 aprile 2017\r\n Opening: venerd\u00ec 31 marzo 2017, ore 18.00\r\n Studio la Citt\u00e0 Temporary Space\r\n evento Fuori Salone in collaborazione con DOUBLETROUBLE95\r\n via Pestalozzi, 4 - Milano<\/pre>\n","protected":false},"excerpt":{"rendered":"<p><span class=\"span-reading-time rt-reading-time\" style=\"display: block;\"><span class=\"rt-label rt-prefix\">\u23f0 lettura <\/span> <span class=\"rt-time\"> 3<\/span> <span class=\"rt-label rt-postfix\">min. <\/p>\n<p><\/span><\/span>Inaugurazione\u00a0venerd\u00ec 31 marzo 2017, ore 18.00, in concomitanza con Miart e durante la design week milanese, Studio la Citt\u00e0 presenta la mostra dell\u2019artista tedesco Herbert Hamak: At the end of the rainbow, allestito per l\u2019occasione all\u2019interno del temporary space Doubletrouble95, in zona Navigli, e inserito all\u2019interno del circuito Fuori Salone. Il titolo \u00e8 molto significativo&hellip;&nbsp;<a href=\"https:\/\/www.biancoscuro.it\/site\/herbert-hamak-at-the-end-of-the-rainbow\/\" rel=\"bookmark\">Leggi tutto &raquo;<span class=\"screen-reader-text\">Herbert Hamak | At the end of the rainbow<\/span><\/a><\/p>\n","protected":false},"author":1,"featured_media":5180,"comment_status":"closed","ping_status":"closed","sticky":false,"template":"","format":"standard","meta":{"neve_meta_sidebar":"","neve_meta_container":"","neve_meta_enable_content_width":"","neve_meta_content_width":0,"neve_meta_title_alignment":"","neve_meta_author_avatar":"","neve_post_elements_order":"","neve_meta_disable_header":"","neve_meta_disable_footer":"","neve_meta_disable_title":"","advanced_seo_description":"","jetpack_seo_html_title":"","jetpack_seo_noindex":false,"footnotes":""},"categories":[5,718,334],"tags":[1094,1096,1095,1098,1093,1097,1099],"class_list":["post-5173","post","type-post","status-publish","format-standard","has-post-thumbnail","hentry","category-arte","category-design","category-installazioni","tag-at-the-end-of-the-rainbow","tag-design-week-milanese","tag-doubletrouble95","tag-fuori-salone","tag-herbert-hamak","tag-michael-haggerty","tag-studio-la-citta"],"jetpack_featured_media_url":"https:\/\/www.biancoscuro.it\/site\/wp-content\/uploads\/2017\/03\/300IMG_2902.jpg","jetpack_sharing_enabled":true,"jetpack-related-posts":[{"id":9402,"url":"https:\/\/www.biancoscuro.it\/site\/nanda-vigo-light-project\/","url_meta":{"origin":5173,"position":0},"title":"Nanda Vigo | Light Project","author":"Redazione BIANCOSCURO","date":"10 Luglio 2019","format":false,"excerpt":"Palazzo Reale - Milano23 luglio - 29 settembre 2019a cura di Marco Meneguzzo Nanda Vigo, \"Global Chronotopic Experience\", 2017, Spazio San Celso, Milano, (Ph. Marco Poma) Promossa dal Comune di Milano, in collaborazione con l\u2019Archivio Nanda Vigo, la mostra si inserisce nel percorso esplorativo estivo dedicato all\u2019arte contemporanea, approfondendo e\u2026","rel":"","context":"In &quot;arte&quot;","block_context":{"text":"arte","link":"https:\/\/www.biancoscuro.it\/site\/category\/arte\/"},"img":{"alt_text":"","src":"https:\/\/i0.wp.com\/www.biancoscuro.it\/site\/wp-content\/uploads\/2019\/07\/2018_Mostra-Sky-tracksTrigger-of-the-Space-installation-view-Galleria-San-Fedele-Milano-foto-Marco-PomaTOP.jpg?resize=350%2C200&ssl=1","width":350,"height":200,"srcset":"https:\/\/i0.wp.com\/www.biancoscuro.it\/site\/wp-content\/uploads\/2019\/07\/2018_Mostra-Sky-tracksTrigger-of-the-Space-installation-view-Galleria-San-Fedele-Milano-foto-Marco-PomaTOP.jpg?resize=350%2C200&ssl=1 1x, https:\/\/i0.wp.com\/www.biancoscuro.it\/site\/wp-content\/uploads\/2019\/07\/2018_Mostra-Sky-tracksTrigger-of-the-Space-installation-view-Galleria-San-Fedele-Milano-foto-Marco-PomaTOP.jpg?resize=525%2C300&ssl=1 1.5x, https:\/\/i0.wp.com\/www.biancoscuro.it\/site\/wp-content\/uploads\/2019\/07\/2018_Mostra-Sky-tracksTrigger-of-the-Space-installation-view-Galleria-San-Fedele-Milano-foto-Marco-PomaTOP.jpg?resize=700%2C400&ssl=1 2x, https:\/\/i0.wp.com\/www.biancoscuro.it\/site\/wp-content\/uploads\/2019\/07\/2018_Mostra-Sky-tracksTrigger-of-the-Space-installation-view-Galleria-San-Fedele-Milano-foto-Marco-PomaTOP.jpg?resize=1050%2C600&ssl=1 3x, https:\/\/i0.wp.com\/www.biancoscuro.it\/site\/wp-content\/uploads\/2019\/07\/2018_Mostra-Sky-tracksTrigger-of-the-Space-installation-view-Galleria-San-Fedele-Milano-foto-Marco-PomaTOP.jpg?resize=1400%2C800&ssl=1 4x"},"classes":[]},{"id":705,"url":"https:\/\/www.biancoscuro.it\/site\/dal-20-al-23-febbraio-biancoscuro-ad-art-innsbruck\/","url_meta":{"origin":5173,"position":1},"title":"Dal 20 al 23 Febbraio BIANCOSCURO ad ART Innsbruck","author":"Redazione BIANCOSCURO","date":"18 Febbraio 2014","format":false,"excerpt":"Dal\u00a020 al 23 Febbraio 2014 BIANCOSCURO Rivista d'Arte sar\u00e0 presente alla 18\u00aa edizione di ART Innsbruck! Abbiamo anche l'onore di essere presenti tra i media partner (http:\/\/www.art-innsbruck.at\/index.php\/en\/partner) Su BIANCOSCURO\u00a0Rivista d'Arte\u00a0\u00e8 presente uno speciale di 6 pagine (inglese \/ italiano) sulla 18\u00aa edizione dell'evento austriaco, sulla passione e \u00a0organizzazione di Johanna\u2026","rel":"","context":"In &quot;arte&quot;","block_context":{"text":"arte","link":"https:\/\/www.biancoscuro.it\/site\/category\/arte\/"},"img":{"alt_text":"biancoscuro art innsbruck","src":"https:\/\/i0.wp.com\/www.biancoscuro.it\/site\/wp-content\/uploads\/2014\/01\/200x133_ARTinn14.jpg?resize=350%2C200","width":350,"height":200},"classes":[]},{"id":5500,"url":"https:\/\/www.biancoscuro.it\/site\/the-end-of-utopia-jacob-hashimoto-emil-lukas\/","url_meta":{"origin":5173,"position":2},"title":"The end of Utopia | Jacob Hashimoto \u2013 Emil Lukas","author":"Redazione BIANCOSCURO","date":"8 Maggio 2017","format":false,"excerpt":"Venezia, Palazzo Flangini, due artisti americani conosciuti a livello internazionale sono stati invitati da Studio la Citt\u00e0 per allestire una mostra site-specific dedicata al tema della fine dell\u2019utopia. Decenni di sfruttamento ambientale ci hanno lasciato pericolosamente in bilico su tutti i fronti: politico, sociale, economico, naturale, tecnologico e ecologico, l\u2019umanit\u00e0\u2026","rel":"","context":"In &quot;arte&quot;","block_context":{"text":"arte","link":"https:\/\/www.biancoscuro.it\/site\/category\/arte\/"},"img":{"alt_text":"","src":"https:\/\/i0.wp.com\/www.biancoscuro.it\/site\/wp-content\/uploads\/2017\/05\/02-700x745.jpg?resize=350%2C200&ssl=1","width":350,"height":200,"srcset":"https:\/\/i0.wp.com\/www.biancoscuro.it\/site\/wp-content\/uploads\/2017\/05\/02-700x745.jpg?resize=350%2C200&ssl=1 1x, https:\/\/i0.wp.com\/www.biancoscuro.it\/site\/wp-content\/uploads\/2017\/05\/02-700x745.jpg?resize=525%2C300&ssl=1 1.5x, https:\/\/i0.wp.com\/www.biancoscuro.it\/site\/wp-content\/uploads\/2017\/05\/02-700x745.jpg?resize=700%2C400&ssl=1 2x"},"classes":[]},{"id":3105,"url":"https:\/\/www.biancoscuro.it\/site\/20-anni-di-arte-nel-tirolo-art-innsbruck\/","url_meta":{"origin":5173,"position":3},"title":"20 anni di arte nel Tirolo: ART Innsbruck 2016","author":"Redazione BIANCOSCURO","date":"23 Novembre 2015","format":false,"excerpt":"1996-2016, 20 anni di Arte nel Tirolo: ART Innsbruck Innsbruck, 2016 un'importante anniversario: Johanna Penz, fondatrice e direttrice di ART Innsbruck, punta sul rinnovamento: oltre all'edizione invernale dal 28 al 31 gennaio 2016, viene proposta per la prima volta ART Innsbruck Complementary, un'integrazione in programma dal 20 al 23 ottobre\u2026","rel":"","context":"In &quot;arte&quot;","block_context":{"text":"arte","link":"https:\/\/www.biancoscuro.it\/site\/category\/arte\/"},"img":{"alt_text":"","src":"https:\/\/i0.wp.com\/www.biancoscuro.it\/site\/wp-content\/uploads\/2015\/09\/DSC_5243.jpg?resize=350%2C200&ssl=1","width":350,"height":200,"srcset":"https:\/\/i0.wp.com\/www.biancoscuro.it\/site\/wp-content\/uploads\/2015\/09\/DSC_5243.jpg?resize=350%2C200&ssl=1 1x, https:\/\/i0.wp.com\/www.biancoscuro.it\/site\/wp-content\/uploads\/2015\/09\/DSC_5243.jpg?resize=525%2C300&ssl=1 1.5x, https:\/\/i0.wp.com\/www.biancoscuro.it\/site\/wp-content\/uploads\/2015\/09\/DSC_5243.jpg?resize=700%2C400&ssl=1 2x, https:\/\/i0.wp.com\/www.biancoscuro.it\/site\/wp-content\/uploads\/2015\/09\/DSC_5243.jpg?resize=1050%2C600&ssl=1 3x, https:\/\/i0.wp.com\/www.biancoscuro.it\/site\/wp-content\/uploads\/2015\/09\/DSC_5243.jpg?resize=1400%2C800&ssl=1 4x"},"classes":[]},{"id":2907,"url":"https:\/\/www.biancoscuro.it\/site\/la-rosa-di-fuoco-la-barcellona-di-picasso-e-gaudi\/","url_meta":{"origin":5173,"position":4},"title":"La rosa di fuoco La Barcellona di Picasso e Gaud\u00ec","author":"Redazione BIANCOSCURO","date":"12 Giugno 2015","format":false,"excerpt":"Si sta svolgendo a Ferrara, a Palazzo dei Diamanti, fino al 19 luglio, la mostra che ripercorre il calore di Barcellona attraverso le opere di Picasso e Gaud\u00ec. Barcellona agli inizi del Novecento: ribelle, estrosa, libera, ammalliante. Caratteristiche che vennero lasciate libere dopo l\u2019esposizione universale del 1888, \u00e8 allora che\u2026","rel":"","context":"In &quot;arte&quot;","block_context":{"text":"arte","link":"https:\/\/www.biancoscuro.it\/site\/category\/arte\/"},"img":{"alt_text":"","src":"https:\/\/i0.wp.com\/www.biancoscuro.it\/site\/wp-content\/uploads\/2015\/06\/Pablo-Picasso.jpg?resize=350%2C200&ssl=1","width":350,"height":200,"srcset":"https:\/\/i0.wp.com\/www.biancoscuro.it\/site\/wp-content\/uploads\/2015\/06\/Pablo-Picasso.jpg?resize=350%2C200&ssl=1 1x, https:\/\/i0.wp.com\/www.biancoscuro.it\/site\/wp-content\/uploads\/2015\/06\/Pablo-Picasso.jpg?resize=525%2C300&ssl=1 1.5x, https:\/\/i0.wp.com\/www.biancoscuro.it\/site\/wp-content\/uploads\/2015\/06\/Pablo-Picasso.jpg?resize=700%2C400&ssl=1 2x"},"classes":[]},{"id":10270,"url":"https:\/\/www.biancoscuro.it\/site\/art-innsbruck-2020-dal-16-gennaio-la-24a-edizione\/","url_meta":{"origin":5173,"position":5},"title":"ART Innsbruck 2020, dal 16 gennaio la  24\u00aa edizione","author":"Redazione BIANCOSCURO","date":"7 Gennaio 2020","format":false,"excerpt":"La 24a edizione di ART Innsbruck ha in serbo una grande mostra collaterale dell'artista John Kiki. Hang on to your own vision, never give up and carry on relentlessly (Aggrappati alla tua visione, non mollare mai e vai avanti incessantemente). \u00c8 questo l'atteggiamento di Johanna Penz che 25 anni fa\u2026","rel":"","context":"In &quot;arte&quot;","block_context":{"text":"arte","link":"https:\/\/www.biancoscuro.it\/site\/category\/arte\/"},"img":{"alt_text":"","src":"https:\/\/i0.wp.com\/www.biancoscuro.it\/site\/wp-content\/uploads\/2019\/01\/IMG_20190120_1458561400.jpg?resize=350%2C200&ssl=1","width":350,"height":200},"classes":[]}],"_links":{"self":[{"href":"https:\/\/www.biancoscuro.it\/site\/wp-json\/wp\/v2\/posts\/5173","targetHints":{"allow":["GET"]}}],"collection":[{"href":"https:\/\/www.biancoscuro.it\/site\/wp-json\/wp\/v2\/posts"}],"about":[{"href":"https:\/\/www.biancoscuro.it\/site\/wp-json\/wp\/v2\/types\/post"}],"author":[{"embeddable":true,"href":"https:\/\/www.biancoscuro.it\/site\/wp-json\/wp\/v2\/users\/1"}],"replies":[{"embeddable":true,"href":"https:\/\/www.biancoscuro.it\/site\/wp-json\/wp\/v2\/comments?post=5173"}],"version-history":[{"count":0,"href":"https:\/\/www.biancoscuro.it\/site\/wp-json\/wp\/v2\/posts\/5173\/revisions"}],"wp:featuredmedia":[{"embeddable":true,"href":"https:\/\/www.biancoscuro.it\/site\/wp-json\/wp\/v2\/media\/5180"}],"wp:attachment":[{"href":"https:\/\/www.biancoscuro.it\/site\/wp-json\/wp\/v2\/media?parent=5173"}],"wp:term":[{"taxonomy":"category","embeddable":true,"href":"https:\/\/www.biancoscuro.it\/site\/wp-json\/wp\/v2\/categories?post=5173"},{"taxonomy":"post_tag","embeddable":true,"href":"https:\/\/www.biancoscuro.it\/site\/wp-json\/wp\/v2\/tags?post=5173"}],"curies":[{"name":"wp","href":"https:\/\/api.w.org\/{rel}","templated":true}]}}