{"id":5188,"date":"2017-03-22T11:10:54","date_gmt":"2017-03-22T10:10:54","guid":{"rendered":"http:\/\/www.biancoscuro.it\/site\/?p=5188"},"modified":"2017-03-22T11:24:46","modified_gmt":"2017-03-22T10:24:46","slug":"arte-economia-gost-boni","status":"publish","type":"post","link":"https:\/\/www.biancoscuro.it\/site\/arte-economia-gost-boni\/","title":{"rendered":"Arte &#038; Economia | Gost + Boni"},"content":{"rendered":"<span class=\"span-reading-time rt-reading-time\" style=\"display: block;\"><span class=\"rt-label rt-prefix\">\u23f0 lettura <\/span> <span class=\"rt-time\"> 3<\/span> <span class=\"rt-label rt-postfix\">min. <br><br><\/span><\/span><div class=\"date_default\">\n<h3>ANTEPRIMA Sabato 25 Marzo 2017, ore 10<br \/>\nGalleria S.Andrea (Ex Chiesa S.Andrea)<\/h3>\n<h4>Via Cavestro 6 -Parma<br \/>\nArte &amp; Economia. Giorgio Gost e Paola Boni<\/h4>\n<\/div>\n<p class=\"mostra-cnt-par\">Domenica 26 marzo inaugurazione della mostra <strong>ARTE &amp; ECONOMIA<\/strong>\u00a0con le opere di Giorgio Gost e Paola Boni presso la\u00a0Galleria S. Andrea di Parma.\u00a0La mostra,\u00a0\u00e8 un percorso, ironico, sagace, a tratti provocatorio che estetizza oggetti d&#8217;uso quotidiano e alimenti legati all&#8217; produzione dell&#8217;economia occidentale. I dipinti di Paola Boni giocati tra fumetto e particolari di un tangibile realismo si alternano alle \u201ccapsule del tempo\u201d in resina di Giorgio Gost in cui le composizioni di alimenti sono combinate in astrazioni tridimensionali di colori.<\/p>\n<p class=\"mostra-cnt-par\"><strong>Giorgio Gost<\/strong> famoso per aver creato e diffuso\u00a0il \u201c<strong>MANIFESTO DELL\u2019ART ECONOMY<\/strong>\u201d (curatore del progetto culturale l\u2019amico ed esperto d\u2019arte Alessandro Celli) ha partecipato alle <strong>54a Biennale di Venezia<\/strong>\u00a0con il progetto\u00a0<span style=\"text-decoration: underline;\"><strong>Pluri-Bolle, che insieme a STOP the \u00a0TIME e AFTER&#8230; sono le sue serie pi\u00f9 importanti!<\/strong><\/span><\/p>\n<p class=\"mostra-cnt-par\"><img loading=\"lazy\" decoding=\"async\" class=\"alignnone size-full wp-image-5190\" src=\"http:\/\/www.biancoscuro.it\/site\/wp-content\/uploads\/2017\/03\/17350064_10155866313015410_5082492069459259593_o.jpg\" alt=\"\" width=\"602\" height=\"800\" srcset=\"https:\/\/www.biancoscuro.it\/site\/wp-content\/uploads\/2017\/03\/17350064_10155866313015410_5082492069459259593_o.jpg 602w, https:\/\/www.biancoscuro.it\/site\/wp-content\/uploads\/2017\/03\/17350064_10155866313015410_5082492069459259593_o-226x300.jpg 226w, https:\/\/www.biancoscuro.it\/site\/wp-content\/uploads\/2017\/03\/17350064_10155866313015410_5082492069459259593_o-600x797.jpg 600w\" sizes=\"auto, (max-width: 602px) 100vw, 602px\" \/><\/p>\n<p class=\"mostra-cnt-par\"><strong>S<\/strong><strong>TOP THE TIME!<\/strong>\u00a0\u00e8 il progetto iniziato nel\u00a02011 con il devastante terremoto del Giappone ed \u00e8\u00a0 un modo per <strong>salvare le cose che ci stanno intorno e che usiamo ogni giorno<\/strong>, per i prossimi millenni (confezionate e piene di liquidi o solidi come li beviamo o li mangiamo).<\/p>\n<p class=\"mostra-cnt-par\"><strong>AFTER\u2026<\/strong>\u00a0\u00e8 il progetto che ambisce a salvare <strong>le immagini che ci hanno accompagnato per decenni della nostra vita in modo semplice<\/strong>,\u00a0<strong>mettendo tutt\u2019intorno resina trasparente.<\/strong>\u00a0Ecco che immagini a noi familiari come i tagli su tela diventano <strong>After Fontana<\/strong> (oggetti e concetti che verranno ricordati nell\u2019anno 6000 anche se gli originali non esisteranno pi\u00f9) le lettere alfabetiche diventano <strong>After Boetti<\/strong> , la lattina di Campbell\u2019s Soup diventa <strong>After Warhol<\/strong>, la famosa Merda d\u2019artista diventa <strong>After Manzoni<\/strong>, la piazza d\u2019Italia Metafisica diventa <strong>After De Chirico<\/strong>, e poi <strong>After Vasarely<\/strong>, Modigliani, Balla, Botero, Hopper, Mondrian, Burri, Perilli, Dorazio, Kostabi \u00a0ecc\u2026 \u00a0e, <strong>con un pizzico di ironia, si arriver\u00e0 ad avere anche After Giorgio Gost<\/strong>.<\/p>\n<p class=\"mostra-cnt-par\"><img loading=\"lazy\" decoding=\"async\" class=\"alignnone size-full wp-image-5192\" src=\"http:\/\/www.biancoscuro.it\/site\/wp-content\/uploads\/2017\/03\/17388796_10155866312470410_5340757945845732681_o.jpg\" alt=\"\" width=\"800\" height=\"627\" srcset=\"https:\/\/www.biancoscuro.it\/site\/wp-content\/uploads\/2017\/03\/17388796_10155866312470410_5340757945845732681_o.jpg 800w, https:\/\/www.biancoscuro.it\/site\/wp-content\/uploads\/2017\/03\/17388796_10155866312470410_5340757945845732681_o-300x235.jpg 300w, https:\/\/www.biancoscuro.it\/site\/wp-content\/uploads\/2017\/03\/17388796_10155866312470410_5340757945845732681_o-768x602.jpg 768w, https:\/\/www.biancoscuro.it\/site\/wp-content\/uploads\/2017\/03\/17388796_10155866312470410_5340757945845732681_o-600x470.jpg 600w\" sizes=\"auto, (max-width: 800px) 100vw, 800px\" \/><\/p>\n<p class=\"mostra-cnt-par\"><strong>Paola Boni<\/strong> nasce a Colorno (Pr) dove vive e opera. Ha conseguito la laurea in economia e commercio, e lavora nell\u2019azienda del padre. Pittrice autodidatta. Si avvicina alla pittura a pastello grazie al libro \u201c<strong>Painting animals that touch heart<\/strong>\u201d di Lesley Harrison.\u00a0 Approfondisce la tecnica a olio presso lo studio del pittore Mallia. Si appassiona alla resa meticolosa del dettaglio e scopre nell\u2019olio un mezzo in grado di soddisfare le sue esigenze. \u00c8 tuttavia alla continua ricerca di nuove tecniche per rendere sempre pi\u00f9 iperrealisti i suoi oggetti, sperimentando nuove possibilit\u00e0 di realizzazioni bidimensionali e tridimensionali. L&#8217;arte di Paola Boni \u00e8\u00a0l\u2019esatto punto d\u2019incontro fra la Pop art e l\u2019Iperrealismo. La freddezza artistica \u00e8 mitigata dall\u2019uso del fumetto, di chiara ascendenza Pop, e dall\u2019ironia della rappresentazione che ne deriva. Si tratta di un umorismo divertito e divertente. L\u2019artista, rielabora in modo personale gli oggetti reali che\u00a0accostati prendono vita insieme ai personaggi fantastici attraverso uno stile grafico che rimanda a patinate immagini pubblicitarie.<\/p>\n<table style=\"width: 650px;\">\n<tbody>\n<tr style=\"height: 107.25px;\">\n<td style=\"height: 107.25px; width: 325px; vertical-align: middle;\"><a href=\"http:\/\/artshop.biancoscuro.it\/site\/categoria-prodotto\/pezzi-unici\/\" target=\"_blank\"><img loading=\"lazy\" decoding=\"async\" class=\"wp-image-5200 size-full alignleft\" src=\"http:\/\/www.biancoscuro.it\/site\/wp-content\/uploads\/2017\/03\/LogoArtShop427x130-300x91.png\" width=\"300\" height=\"91\" \/><\/a><\/td>\n<td style=\"height: 107.25px; width: 325px; vertical-align: middle;\">\n<p class=\"mostra-cnt-par\"><a href=\"http:\/\/artshop.biancoscuro.it\/site\/categoria-prodotto\/pezzi-unici\/\"><strong>Trovi le opere di Giorgio Gost anche su<br \/>\n<\/strong><strong>Art Shop by\u00a0BIANCOSCURO<br \/>\n<\/strong><\/a><a href=\"http:\/\/artshop.biancoscuro.it\/site\/categoria-prodotto\/pezzi-unici\/\"><strong>Clicca Qui!<\/strong><\/a><\/p>\n<\/td>\n<\/tr>\n<\/tbody>\n<\/table>\n<p class=\"mostra-cnt-par\"><img loading=\"lazy\" decoding=\"async\" class=\"alignnone size-full wp-image-5191\" src=\"http:\/\/www.biancoscuro.it\/site\/wp-content\/uploads\/2017\/03\/17358710_10155866315050410_4242957682493870423_o.jpg\" alt=\"\" width=\"639\" height=\"800\" srcset=\"https:\/\/www.biancoscuro.it\/site\/wp-content\/uploads\/2017\/03\/17358710_10155866315050410_4242957682493870423_o.jpg 639w, https:\/\/www.biancoscuro.it\/site\/wp-content\/uploads\/2017\/03\/17358710_10155866315050410_4242957682493870423_o-240x300.jpg 240w, https:\/\/www.biancoscuro.it\/site\/wp-content\/uploads\/2017\/03\/17358710_10155866315050410_4242957682493870423_o-600x751.jpg 600w\" sizes=\"auto, (max-width: 639px) 100vw, 639px\" \/><\/p>\n<pre class=\"mostra-cnt-par\"><strong>INFO\r\n<\/strong><strong>Arte &amp; Economia | Gost + Boni\r\n<\/strong>Dal 26 Marzo 2017 al 06 Aprile 2017\r\nParma, Galleria S. Andrea\r\nda marted\u00ec a sabato 10-12 e 16-19; \r\ndomenica 16-19; luned\u00ec chiuso\r\n\r\n<strong>ANTEPRIMA 25 Marzo 2017, ore 10<\/strong>\r\n<strong>INAUGURAZIONE 26 Marzo ore 17 <\/strong><strong>\r\ningresso gratuito\r\n<\/strong>\r\nwww.ucai-parma.it<\/pre>\n","protected":false},"excerpt":{"rendered":"<p><span class=\"span-reading-time rt-reading-time\" style=\"display: block;\"><span class=\"rt-label rt-prefix\">\u23f0 lettura <\/span> <span class=\"rt-time\"> 3<\/span> <span class=\"rt-label rt-postfix\">min. <\/p>\n<p><\/span><\/span>ANTEPRIMA Sabato 25 Marzo 2017, ore 10 Galleria S.Andrea (Ex Chiesa S.Andrea) Via Cavestro 6 -Parma Arte &amp; Economia. Giorgio Gost e Paola Boni Domenica 26 marzo inaugurazione della mostra ARTE &amp; ECONOMIA\u00a0con le opere di Giorgio Gost e Paola Boni presso la\u00a0Galleria S. Andrea di Parma.\u00a0La mostra,\u00a0\u00e8 un percorso, ironico, sagace, a tratti provocatorio&hellip;&nbsp;<a href=\"https:\/\/www.biancoscuro.it\/site\/arte-economia-gost-boni\/\" rel=\"bookmark\">Leggi tutto &raquo;<span class=\"screen-reader-text\">Arte &#038; Economia | Gost + Boni<\/span><\/a><\/p>\n","protected":false},"author":1,"featured_media":5189,"comment_status":"closed","ping_status":"closed","sticky":false,"template":"","format":"standard","meta":{"neve_meta_sidebar":"","neve_meta_container":"","neve_meta_enable_content_width":"","neve_meta_content_width":0,"neve_meta_title_alignment":"","neve_meta_author_avatar":"","neve_post_elements_order":"","neve_meta_disable_header":"","neve_meta_disable_footer":"","neve_meta_disable_title":"","advanced_seo_description":"","jetpack_seo_html_title":"","jetpack_seo_noindex":false,"footnotes":""},"categories":[470,5,24],"tags":[1106,1105,1111,1120,1121,1112,1116,1119,1109,1104,224,162,1113,1122,1107,1108,1115,1110,1114,1103,1100,1118,1102,1117,1101],"class_list":["post-5188","post","type-post","status-publish","format-standard","has-post-thumbnail","hentry","category-art-magazine","category-arte","category-mostre","tag-after-warhol","tag-arte-economia","tag-balla","tag-biasi","tag-boni","tag-botero","tag-burri","tag-dorazio","tag-e-poi-after-vasarely","tag-galleria-s-andrea-di-parma","tag-giorgio-gost","tag-giorgio-gost-parma-i","tag-hopper","tag-kostabi","tag-la-famosa-merda-dartista-diventa-after-manzoni","tag-la-piazza-ditalia-metafisica-diventa-after-de-chirico","tag-magnelli","tag-modigliani","tag-mondrian","tag-paola-boni","tag-percorsi-nella-old-economy","tag-perilli","tag-pluri-bolle","tag-scheggi","tag-stop-the-time"],"jetpack_featured_media_url":"https:\/\/www.biancoscuro.it\/site\/wp-content\/uploads\/2017\/03\/17342938_10155866312120410_3882912340309457080_n.jpg","jetpack_sharing_enabled":true,"jetpack-related-posts":[{"id":13579,"url":"https:\/\/www.biancoscuro.it\/site\/giorgio-gost-svelato-il-segreto-delle-pluri-bolle\/","url_meta":{"origin":5188,"position":0},"title":"Giorgio Gost | Svelato il segreto delle \u201cPluri-bolle!\u201d","author":"Vincenzo Chetta","date":"30 Maggio 2022","format":false,"excerpt":"I\u00a0\u201cPercorsi nella Old Economy\u201d: questo il nome del progetto che dal 2009 viene portato avanti da Giorgio Gost, stimato ed affermato artista che vede l\u2019inizio della sua carriera artistica nel 1988, dedicandosi alla pittura metafisica e studiando le caratteristiche concrete e filosofiche del colore, per arrivare al suo attuale percorso\u2026","rel":"","context":"In &quot;arte&quot;","block_context":{"text":"arte","link":"https:\/\/www.biancoscuro.it\/site\/category\/arte\/"},"img":{"alt_text":"Giorgio Gost - Pluri-Bolle!","src":"https:\/\/i0.wp.com\/www.biancoscuro.it\/site\/wp-content\/uploads\/2022\/05\/GOST_Zn.1469-80x105-2-2010-Pluri-bolle-Percorso-nella-OLD-ECONOMY-rit.jpg?resize=350%2C200&ssl=1","width":350,"height":200,"srcset":"https:\/\/i0.wp.com\/www.biancoscuro.it\/site\/wp-content\/uploads\/2022\/05\/GOST_Zn.1469-80x105-2-2010-Pluri-bolle-Percorso-nella-OLD-ECONOMY-rit.jpg?resize=350%2C200&ssl=1 1x, https:\/\/i0.wp.com\/www.biancoscuro.it\/site\/wp-content\/uploads\/2022\/05\/GOST_Zn.1469-80x105-2-2010-Pluri-bolle-Percorso-nella-OLD-ECONOMY-rit.jpg?resize=525%2C300&ssl=1 1.5x, https:\/\/i0.wp.com\/www.biancoscuro.it\/site\/wp-content\/uploads\/2022\/05\/GOST_Zn.1469-80x105-2-2010-Pluri-bolle-Percorso-nella-OLD-ECONOMY-rit.jpg?resize=700%2C400&ssl=1 2x, https:\/\/i0.wp.com\/www.biancoscuro.it\/site\/wp-content\/uploads\/2022\/05\/GOST_Zn.1469-80x105-2-2010-Pluri-bolle-Percorso-nella-OLD-ECONOMY-rit.jpg?resize=1050%2C600&ssl=1 3x, https:\/\/i0.wp.com\/www.biancoscuro.it\/site\/wp-content\/uploads\/2022\/05\/GOST_Zn.1469-80x105-2-2010-Pluri-bolle-Percorso-nella-OLD-ECONOMY-rit.jpg?resize=1400%2C800&ssl=1 4x"},"classes":[]},{"id":3587,"url":"https:\/\/www.biancoscuro.it\/site\/art-parma-fair-4a-edizione-primavera-2016\/","url_meta":{"origin":5188,"position":1},"title":"Art Parma Fair, 4\u00aa edizione &#8211; primavera 2016","author":"Redazione BIANCOSCURO","date":"25 Febbraio 2016","format":false,"excerpt":"Due fine settimana dedicati all\u2019Arte a Fiere di Parma Ritorna\u00a0ART PARMA FAIR, fiera dedicata all\u2019arte moderna e contemporanea, nelle date\u00a027-28 febbraio\u00a0e\u00a04-5-6 marzo 2016\u00a0presso il quartiere fieristico parmense, in concomitanza con\u00a0Mercanteinfiera\u00a0e\u00a0Mercanteinauto. Gli ottimi\u00a0risultati delle vendite dell\u2019edizioni precedenti hanno riconosciuto l\u2019importanza di una piazza come Parma, che a buon titolo potr\u00e0 collocarsi\u2026","rel":"","context":"In &quot;arte&quot;","block_context":{"text":"arte","link":"https:\/\/www.biancoscuro.it\/site\/category\/arte\/"},"img":{"alt_text":"","src":"https:\/\/i0.wp.com\/www.biancoscuro.it\/site\/wp-content\/uploads\/2016\/02\/aaa.jpg?resize=350%2C200&ssl=1","width":350,"height":200,"srcset":"https:\/\/i0.wp.com\/www.biancoscuro.it\/site\/wp-content\/uploads\/2016\/02\/aaa.jpg?resize=350%2C200&ssl=1 1x, https:\/\/i0.wp.com\/www.biancoscuro.it\/site\/wp-content\/uploads\/2016\/02\/aaa.jpg?resize=525%2C300&ssl=1 1.5x, https:\/\/i0.wp.com\/www.biancoscuro.it\/site\/wp-content\/uploads\/2016\/02\/aaa.jpg?resize=700%2C400&ssl=1 2x, https:\/\/i0.wp.com\/www.biancoscuro.it\/site\/wp-content\/uploads\/2016\/02\/aaa.jpg?resize=1050%2C600&ssl=1 3x, https:\/\/i0.wp.com\/www.biancoscuro.it\/site\/wp-content\/uploads\/2016\/02\/aaa.jpg?resize=1400%2C800&ssl=1 4x"},"classes":[]},{"id":1381,"url":"https:\/\/www.biancoscuro.it\/site\/arte-a-pavia-biancoscuro-in-mostra\/","url_meta":{"origin":5188,"position":2},"title":"Arte a Pavia: Biancoscuro in mostra!","author":"Redazione BIANCOSCURO","date":"13 Maggio 2014","format":false,"excerpt":"Sei meritevoli artisti contemporanei, un'anteprima nazionale e due live performance: l'11 maggio si \u00e8 tenuta l'inaugurazione della mostra collettiva. In mostra le opere di Maria Zimari, Rosalba Trentini, Inihccor, Fiorenza Orseoli , Giorgio Gost e Maxtin, tutti insieme hanno contribuito a rendere magica l'esposizione. All'inaugurazione dopo i brindisi di rito,\u2026","rel":"","context":"In &quot;arte&quot;","block_context":{"text":"arte","link":"https:\/\/www.biancoscuro.it\/site\/category\/arte\/"},"img":{"alt_text":"","src":"https:\/\/scontent-a-mxp.xx.fbcdn.net\/hphotos-prn2\/l\/t1.0-9\/q71\/s720x720\/10254984_781731811845449_4464840923230724577_n.jpg","width":350,"height":200,"srcset":"https:\/\/scontent-a-mxp.xx.fbcdn.net\/hphotos-prn2\/l\/t1.0-9\/q71\/s720x720\/10254984_781731811845449_4464840923230724577_n.jpg 1x, https:\/\/scontent-a-mxp.xx.fbcdn.net\/hphotos-prn2\/l\/t1.0-9\/q71\/s720x720\/10254984_781731811845449_4464840923230724577_n.jpg 1.5x"},"classes":[]},{"id":1329,"url":"https:\/\/www.biancoscuro.it\/site\/collettiva-in-biancoscuro-dal-11-al-25-maggio-2014-2\/","url_meta":{"origin":5188,"position":3},"title":"Collettiva in biancoscuro dal 11 al 25 maggio 2014","author":"Redazione BIANCOSCURO","date":"2 Maggio 2014","format":false,"excerpt":"Lo spazio espositivo di biancoscuro si colora nuovamente con la mostra collettiva di Giorgio Gost, Massimo Basile, Fiorenza Orseoli,\u00a0Maria Zimari,\u00a0\u00a0Rosalba Trentini e Inicchor. Il vernissage d\u2019inaugurazione con buffet si terr\u00e0 domenica 11 maggio alle ore 15, nella sede dell'associazione biancoscuro in viale Indipendenza 26 a Pavia. Saranno presenti anche Iucu\u2026","rel":"","context":"In &quot;arte&quot;","block_context":{"text":"arte","link":"https:\/\/www.biancoscuro.it\/site\/category\/arte\/"},"img":{"alt_text":"","src":"https:\/\/i0.wp.com\/fbcdn-sphotos-d-a.akamaihd.net\/hphotos-ak-prn2\/t1.0-9\/q71\/s720x720\/1781980_294518830710560_2567476959307955361_n.jpg?resize=350%2C200&ssl=1","width":350,"height":200,"srcset":"https:\/\/i0.wp.com\/fbcdn-sphotos-d-a.akamaihd.net\/hphotos-ak-prn2\/t1.0-9\/q71\/s720x720\/1781980_294518830710560_2567476959307955361_n.jpg?resize=350%2C200&ssl=1 1x, https:\/\/i0.wp.com\/fbcdn-sphotos-d-a.akamaihd.net\/hphotos-ak-prn2\/t1.0-9\/q71\/s720x720\/1781980_294518830710560_2567476959307955361_n.jpg?resize=525%2C300&ssl=1 1.5x"},"classes":[]},{"id":15223,"url":"https:\/\/www.biancoscuro.it\/site\/luminose-in-mostra-billyray-art-di-milano\/","url_meta":{"origin":5188,"position":4},"title":"Luminose in mostra | BillyRay Art di Milano","author":"Redazione BIANCOSCURO","date":"4 Dicembre 2022","format":false,"excerpt":"Andrea Zanatta Dal 25 novembre, presso la galleria BillyRay Art, a Milano in Largo Isabella d\u2019Aragona, all\u2019interno dello splendido contesto delle Mura Spagnole si terr\u00e0 la mostra \u201cLight WWW - world, works & word\u201d.\u00a0 Francesco De Molfetta La galleria BillyRay Art \u00e8 nata dalla passione per l\u2019arte contemporanea di Valentino\u2026","rel":"","context":"In &quot;arte&quot;","block_context":{"text":"arte","link":"https:\/\/www.biancoscuro.it\/site\/category\/arte\/"},"img":{"alt_text":"","src":"https:\/\/i0.wp.com\/www.biancoscuro.it\/site\/wp-content\/uploads\/2022\/12\/Hey-Psycho.jpg?resize=350%2C200&ssl=1","width":350,"height":200,"srcset":"https:\/\/i0.wp.com\/www.biancoscuro.it\/site\/wp-content\/uploads\/2022\/12\/Hey-Psycho.jpg?resize=350%2C200&ssl=1 1x, https:\/\/i0.wp.com\/www.biancoscuro.it\/site\/wp-content\/uploads\/2022\/12\/Hey-Psycho.jpg?resize=525%2C300&ssl=1 1.5x, https:\/\/i0.wp.com\/www.biancoscuro.it\/site\/wp-content\/uploads\/2022\/12\/Hey-Psycho.jpg?resize=700%2C400&ssl=1 2x"},"classes":[]},{"id":3210,"url":"https:\/\/www.biancoscuro.it\/site\/art-parma-fair-edizione-autunnale\/","url_meta":{"origin":5188,"position":5},"title":"Art Parma Fair, edizione autunnale","author":"Redazione BIANCOSCURO","date":"30 Settembre 2015","format":false,"excerpt":"Due fine settimana dedicati all\u2019Arte a Fiere di Parma Parma torna ad essere il centro dell\u2019arte con Art Parma Fair, mostra-mercato dedicata all\u2019arte moderna e contemporanea, presso il quartiere fieristico parmense, in concomitanza con Mercanteinfiera e Mercanteinauto. L\u2019ottimo risultato delle vendite dell\u2019edizione primaverile ha riconosciuto l\u2019importanza di una piazza come\u2026","rel":"","context":"In &quot;arte&quot;","block_context":{"text":"arte","link":"https:\/\/www.biancoscuro.it\/site\/category\/arte\/"},"img":{"alt_text":"","src":"https:\/\/i0.wp.com\/www.biancoscuro.it\/site\/wp-content\/uploads\/2015\/09\/COP.jpg?resize=350%2C200&ssl=1","width":350,"height":200,"srcset":"https:\/\/i0.wp.com\/www.biancoscuro.it\/site\/wp-content\/uploads\/2015\/09\/COP.jpg?resize=350%2C200&ssl=1 1x, https:\/\/i0.wp.com\/www.biancoscuro.it\/site\/wp-content\/uploads\/2015\/09\/COP.jpg?resize=525%2C300&ssl=1 1.5x"},"classes":[]}],"_links":{"self":[{"href":"https:\/\/www.biancoscuro.it\/site\/wp-json\/wp\/v2\/posts\/5188","targetHints":{"allow":["GET"]}}],"collection":[{"href":"https:\/\/www.biancoscuro.it\/site\/wp-json\/wp\/v2\/posts"}],"about":[{"href":"https:\/\/www.biancoscuro.it\/site\/wp-json\/wp\/v2\/types\/post"}],"author":[{"embeddable":true,"href":"https:\/\/www.biancoscuro.it\/site\/wp-json\/wp\/v2\/users\/1"}],"replies":[{"embeddable":true,"href":"https:\/\/www.biancoscuro.it\/site\/wp-json\/wp\/v2\/comments?post=5188"}],"version-history":[{"count":0,"href":"https:\/\/www.biancoscuro.it\/site\/wp-json\/wp\/v2\/posts\/5188\/revisions"}],"wp:featuredmedia":[{"embeddable":true,"href":"https:\/\/www.biancoscuro.it\/site\/wp-json\/wp\/v2\/media\/5189"}],"wp:attachment":[{"href":"https:\/\/www.biancoscuro.it\/site\/wp-json\/wp\/v2\/media?parent=5188"}],"wp:term":[{"taxonomy":"category","embeddable":true,"href":"https:\/\/www.biancoscuro.it\/site\/wp-json\/wp\/v2\/categories?post=5188"},{"taxonomy":"post_tag","embeddable":true,"href":"https:\/\/www.biancoscuro.it\/site\/wp-json\/wp\/v2\/tags?post=5188"}],"curies":[{"name":"wp","href":"https:\/\/api.w.org\/{rel}","templated":true}]}}