{"id":529,"date":"2014-01-16T10:44:32","date_gmt":"2014-01-16T10:44:32","guid":{"rendered":"http:\/\/www.biancoscuro.it\/site\/?p=529"},"modified":"2014-03-04T15:34:38","modified_gmt":"2014-03-04T15:34:38","slug":"biancoscuro-rivista-darte-arte-genova-2014","status":"publish","type":"post","link":"https:\/\/www.biancoscuro.it\/site\/biancoscuro-rivista-darte-arte-genova-2014\/","title":{"rendered":"Biancoscuro Rivista d&#8217;Arte ad ARTE Genova 2014"},"content":{"rendered":"<span class=\"span-reading-time rt-reading-time\" style=\"display: block;\"><span class=\"rt-label rt-prefix\">\u23f0 lettura <\/span> <span class=\"rt-time\"> 2<\/span> <span class=\"rt-label rt-postfix\">min. <br><br><\/span><\/span><p><a href=\"http:\/\/www.biancoscuro.it\/site\/wp-content\/uploads\/2014\/01\/200x133_ArteGE14.jpg\"><img loading=\"lazy\" decoding=\"async\" class=\"alignright\" style=\"margin: 3px;\" alt=\"biancoscuro arte genova 2014\" src=\"http:\/\/www.biancoscuro.it\/site\/wp-content\/uploads\/2014\/01\/200x133_ArteGE14.jpg\" width=\"200\" height=\"134\" \/><\/a><\/p>\n<p><strong>Biancoscuro Rivista d&#8217;Arte<\/strong> sar\u00e0 presente a <a title=\"biancoscuro rivista d'arte a arte genova\" href=\"http:\/\/www.artegenova.org\" target=\"_blank\">ARTE GENOVA 2014 www.artegenova.org<\/a>\u00a0presso la fiera di Genova &#8211;\u00a0dal 14 al 17 febbraio 2014<\/p>\n<p>Biancoscuro\u00a0sar\u00e0 affiancata \u00a0nello stand editoriale da\u00a0<a title=\"liberementi idee per la comunicazione\" href=\"http:\/\/www.liberementi.it\" target=\"_blank\">liberementi &#8211; www.liberementi.it<\/a>\u00a0per tutta la durata della fiera.<\/p>\n<p>Vieni a trovarci, puoi chiedere il <strong>biglietto gratuito<\/strong> compilando il form qui sotto, sarai nostro ospite e avremo la <strong>possibilit\u00e0 di incontrarci a questa bellissima fiera di Arte Moderna e Contemporanea<\/strong>.<\/p>\n\n<div class=\"wpcf7 no-js\" id=\"wpcf7-f532-o1\" lang=\"it-IT\" dir=\"ltr\" data-wpcf7-id=\"532\">\n<div class=\"screen-reader-response\"><p role=\"status\" aria-live=\"polite\" aria-atomic=\"true\"><\/p> <ul><\/ul><\/div>\n<form action=\"\/site\/wp-json\/wp\/v2\/posts\/529#wpcf7-f532-o1\" method=\"post\" class=\"wpcf7-form init\" aria-label=\"Modulo di contatto\" novalidate=\"novalidate\" data-status=\"init\">\n<fieldset class=\"hidden-fields-container\"><input type=\"hidden\" name=\"_wpcf7\" value=\"532\" \/><input type=\"hidden\" name=\"_wpcf7_version\" value=\"6.1.5\" \/><input type=\"hidden\" name=\"_wpcf7_locale\" value=\"it_IT\" \/><input type=\"hidden\" name=\"_wpcf7_unit_tag\" value=\"wpcf7-f532-o1\" \/><input type=\"hidden\" name=\"_wpcf7_container_post\" value=\"0\" \/><input type=\"hidden\" name=\"_wpcf7_posted_data_hash\" value=\"\" \/>\n<\/fieldset>\n<p>Per accreditarti inserisci i dati e clicca sul pulsante REGISTRATI.\n<\/p>\n<p>Nome (*)<br \/>\n<span class=\"wpcf7-form-control-wrap\" data-name=\"nome\"><input size=\"40\" maxlength=\"400\" class=\"wpcf7-form-control wpcf7-text wpcf7-validates-as-required\" aria-required=\"true\" aria-invalid=\"false\" value=\"\" type=\"text\" name=\"nome\" \/><\/span>\n<\/p>\n<p>Cognome (*)<br \/>\n<span class=\"wpcf7-form-control-wrap\" data-name=\"cognome\"><input size=\"40\" maxlength=\"400\" class=\"wpcf7-form-control wpcf7-text wpcf7-validates-as-required\" aria-required=\"true\" aria-invalid=\"false\" value=\"\" type=\"text\" name=\"cognome\" \/><\/span>\n<\/p>\n<p>Email (*)<br \/>\n<span class=\"wpcf7-form-control-wrap\" data-name=\"email\"><input size=\"40\" maxlength=\"400\" class=\"wpcf7-form-control wpcf7-email wpcf7-validates-as-required wpcf7-text wpcf7-validates-as-email\" aria-required=\"true\" aria-invalid=\"false\" value=\"\" type=\"email\" name=\"email\" \/><\/span>\n<\/p>\n<p>Citt\u00e0<br \/>\n<span class=\"wpcf7-form-control-wrap\" data-name=\"citta\"><input size=\"40\" maxlength=\"400\" class=\"wpcf7-form-control wpcf7-text\" aria-invalid=\"false\" value=\"\" type=\"text\" name=\"citta\" \/><\/span>\n<\/p>\n<p>Telefono<br \/>\n<span class=\"wpcf7-form-control-wrap\" data-name=\"telefono\"><input size=\"40\" maxlength=\"400\" class=\"wpcf7-form-control wpcf7-text\" aria-invalid=\"false\" value=\"\" type=\"text\" name=\"telefono\" \/><\/span>\n<\/p>\n<p><span class=\"wpcf7-form-control-wrap\" data-name=\"privacy\"><span class=\"wpcf7-form-control wpcf7-acceptance\"><span class=\"wpcf7-list-item\"><input type=\"checkbox\" name=\"privacy\" value=\"1\" checked=\"checked\" aria-invalid=\"false\" \/><\/span><\/span><\/span> Acconsento al trattamento dei dati personali comunicati\n<\/p>\n<p><input class=\"wpcf7-form-control wpcf7-submit has-spinner\" type=\"submit\" value=\"REGISTRATI\" \/>\n<\/p>\n<p>A seguito della registrazione potrai accedere all'accredito e richiedere l'ingresso gratuito alla fiera.<br \/>\n(*) Campi obbligatori\n<\/p><p style=\"display: none !important;\" class=\"akismet-fields-container\" data-prefix=\"_wpcf7_ak_\"><label>&#916;<textarea name=\"_wpcf7_ak_hp_textarea\" cols=\"45\" rows=\"8\" maxlength=\"100\"><\/textarea><\/label><input type=\"hidden\" id=\"ak_js_1\" name=\"_wpcf7_ak_js\" value=\"4\"\/><script>\ndocument.getElementById( \"ak_js_1\" ).setAttribute( \"value\", ( new Date() ).getTime() );\n<\/script>\n<\/p><div class=\"wpcf7-response-output\" aria-hidden=\"true\"><\/div>\n<\/form>\n<\/div>\n\n<p><a href=\"http:\/\/www.biancoscuro.it\/site\/wp-content\/uploads\/2014\/01\/200x133_ArteGE14.jpg\"><img loading=\"lazy\" decoding=\"async\" class=\"alignnone size-full wp-image-530\" alt=\"biancoscuro arte genova 2014\" src=\"http:\/\/www.biancoscuro.it\/site\/wp-content\/uploads\/2014\/01\/200x133_ArteGE14.jpg\" width=\"200\" height=\"134\" \/><\/a><\/p>\n<p>&nbsp;<\/p>\n<h1><a title=\"arte genova 2014\" href=\"http:\/\/www.artegenova.org\/index.php?option=com_content&amp;view=article&amp;id=435%3Aartegenova-festeggia-i-suoi-primi-dieci-anni-allinterno-dello-spettacolare-padiglione-blu&amp;catid=2%3Anotizie&amp;Itemid=1&amp;lang=it\" target=\"_blank\">ArteGenova festeggia i suoi primi dieci anni all\u2019interno dello spettacolare Padiglione Blu<\/a><\/h1>\n<p>Dal\u00a014 al 17 febbraio 2014\u00a0ritornal\u2019appuntamento con\u00a0ArteGenova, Mostra Mercato d\u2019Arte Moderna e Contemporanea, ormai punto di riferimento internazionale per collezionisti, addetti e appassionati del settore.<\/p>\n<p>Nel\u00a02013 pi\u00f9 di 20.000 persone hanno visitato la fiera, registrando un notevole 6% in pi\u00f9 rispetto all\u2019anno precedente. Un dato in costante progressione ad ogni edizione, che da solo riflette il successo di una manifestazione in crescendo anno dopo anno, soprattutto qualitativamente.\u00a0Un centinaio circa le gallerie provenienti da ogni parte d\u2019Italia che hanno preso parte alla vetrina del 2013, presentando i propri capolavori ad un pubblico di visitatori ed investitori che pu\u00f2 contare con certezza su quella che sta diventando la Mostra Mercato di Arte Moderna e Contemporanea leader nel Nord Ovest.<\/p>\n<p>&nbsp;<\/p>\n<p><a href=\"http:\/\/www.biancoscuro.it\/site\/wp-content\/uploads\/2014\/01\/200x133_ArteGE14.jpg\"><img loading=\"lazy\" decoding=\"async\" alt=\"biancoscuro arte genova 2014\" src=\"http:\/\/www.biancoscuro.it\/site\/wp-content\/uploads\/2014\/01\/200x133_ArteGE14.jpg\" width=\"200\" height=\"134\" \/><\/a><\/p>\n","protected":false},"excerpt":{"rendered":"<p><span class=\"span-reading-time rt-reading-time\" style=\"display: block;\"><span class=\"rt-label rt-prefix\">\u23f0 lettura <\/span> <span class=\"rt-time\"> 2<\/span> <span class=\"rt-label rt-postfix\">min. <\/p>\n<p><\/span><\/span>Biancoscuro Rivista d&#8217;Arte sar\u00e0 presente a ARTE GENOVA 2014 www.artegenova.org\u00a0presso la fiera di Genova &#8211;\u00a0dal 14 al 17 febbraio 2014 Biancoscuro\u00a0sar\u00e0 affiancata \u00a0nello stand editoriale da\u00a0liberementi &#8211; www.liberementi.it\u00a0per tutta la durata della fiera. Vieni a trovarci, puoi chiedere il biglietto gratuito compilando il form qui sotto, sarai nostro ospite e avremo la possibilit\u00e0 di incontrarci&hellip;&nbsp;<a href=\"https:\/\/www.biancoscuro.it\/site\/biancoscuro-rivista-darte-arte-genova-2014\/\" rel=\"bookmark\">Leggi tutto &raquo;<span class=\"screen-reader-text\">Biancoscuro Rivista d&#8217;Arte ad ARTE Genova 2014<\/span><\/a><\/p>\n","protected":false},"author":1,"featured_media":0,"comment_status":"closed","ping_status":"closed","sticky":false,"template":"","format":"gallery","meta":{"neve_meta_sidebar":"","neve_meta_container":"","neve_meta_enable_content_width":"","neve_meta_content_width":0,"neve_meta_title_alignment":"","neve_meta_author_avatar":"","neve_post_elements_order":"","neve_meta_disable_header":"","neve_meta_disable_footer":"","neve_meta_disable_title":"","advanced_seo_description":"","jetpack_seo_html_title":"","jetpack_seo_noindex":false,"footnotes":""},"categories":[5,8,6,23,15,7,9],"tags":[],"class_list":["post-529","post","type-post","status-publish","format-gallery","hentry","category-arte","category-fotografia","category-pittura","category-pubblicazione-2","category-rivista-darte","category-scultura","category-video","post_format-post-format-gallery"],"jetpack_featured_media_url":"","jetpack_sharing_enabled":true,"jetpack-related-posts":[{"id":496,"url":"https:\/\/www.biancoscuro.it\/site\/bergamoartefiera-2014\/","url_meta":{"origin":529,"position":0},"title":"Bergamo Arte Fiera 2014","author":"Redazione BIANCOSCURO","date":"9 Gennaio 2014","format":"gallery","excerpt":"Dal 10 al 13 gennaio il Quartiere Fieristico di Bergamo si animer\u00e0 grazie a BAF 2014. Bergamo Arte Fiera, giunta ormai alla decima edizione, accoglier\u00e0 pi\u00f9 di cento gallerie nazionali, che esporranno e promuoveranno i propri artisti di arte moderna e contemporanea. L'inaugurazione si terr\u00e0 venerd\u00ec 10 gennaio alle ore\u2026","rel":"","context":"In &quot;arte&quot;","block_context":{"text":"arte","link":"https:\/\/www.biancoscuro.it\/site\/category\/arte\/"},"img":{"alt_text":"baf bergamo arte fiera","src":"https:\/\/i0.wp.com\/www.biancoscuro.it\/site\/wp-content\/uploads\/2014\/01\/Schermata-2014-01-09-alle-13.38.39.png?resize=350%2C200","width":350,"height":200,"srcset":"https:\/\/i0.wp.com\/www.biancoscuro.it\/site\/wp-content\/uploads\/2014\/01\/Schermata-2014-01-09-alle-13.38.39.png?resize=350%2C200 1x, https:\/\/i0.wp.com\/www.biancoscuro.it\/site\/wp-content\/uploads\/2014\/01\/Schermata-2014-01-09-alle-13.38.39.png?resize=525%2C300 1.5x"},"classes":[]},{"id":1107,"url":"https:\/\/www.biancoscuro.it\/site\/paviart-2014-online-il-catalogo-delle-opere-selezionate-e-presentate-da-biancoscuro\/","url_meta":{"origin":529,"position":1},"title":"PaviArt 2014 online il catalogo delle opere selezionate e presentate da BIANCOSCURO","author":"Redazione BIANCOSCURO","date":"10 Aprile 2014","format":false,"excerpt":"\u00c8 online il catalogo delle opere selezionate e degli artisti presentati da BIANCOSCURO a PaviArt 2014 Amalia Borin (I) Flora Castaldi (F) Giorgio Gost (I) Lorenzo Grande (I) Inihccor (I) Karolina Jakubowska (PL) Josef Kotar (SLO) Eugenio Marchesi (I) Gabriele Marchesi (I) Tiziana Marra (I) Maxtin (CH) George Pali (USA)\u2026","rel":"","context":"In &quot;arte&quot;","block_context":{"text":"arte","link":"https:\/\/www.biancoscuro.it\/site\/category\/arte\/"},"img":{"alt_text":"PAVIART 2014 rivista d arte biancoscuro art magazine","src":"https:\/\/i0.wp.com\/www.biancoscuro.it\/site\/wp-content\/uploads\/2014\/03\/locandinaPAVIART2014-218x300.jpg?resize=350%2C200","width":350,"height":200},"classes":[]},{"id":1811,"url":"https:\/\/www.biancoscuro.it\/site\/arte-forli-contemporanea-dal-7-10-novembre-2014\/","url_meta":{"origin":529,"position":2},"title":"Arte Forl\u00ec CONTEMPORANEA dal 7 al 10 novembre 2014","author":"Redazione BIANCOSCURO","date":"26 Settembre 2014","format":false,"excerpt":"Biancoscuro\u00a0in collaborazione con\u00a0ArteExp\u00f2 Gallery\u00a0propone \u00a0ad artisti meritevoli la possibilit\u00e0 di partecipare ad\u00a0ARTE FORLI' CONTEMPORANEA 2014! Per maggiori informazioni o ricevere il bando di partecipazione contattaci subito allo 0382.1902778 oppure scrivi\u00a0info@biancoscuro.it La partecipazione alle fiere d'arte\u00a0ad\u00a0ARTE FORLI' CONTEMPORANEA 2014\u00a0prevede in abbinata la pubblicazione degli artisti sulla nostra\u00a0rivista d'arte\u00a0BIANCOSCURO. Informiamo che sono\u2026","rel":"","context":"In &quot;arte&quot;","block_context":{"text":"arte","link":"https:\/\/www.biancoscuro.it\/site\/category\/arte\/"},"img":{"alt_text":"Arte_CONTEMPORANEA_FORLI_2014-BIANCOSCURO","src":"https:\/\/i0.wp.com\/www.biancoscuro.it\/site\/wp-content\/uploads\/2014\/05\/CONTEMPORANEAFORLI2014.jpg?resize=350%2C200","width":350,"height":200},"classes":[]},{"id":1098,"url":"https:\/\/www.biancoscuro.it\/site\/biancoscuro-a-paviart-2014\/","url_meta":{"origin":529,"position":3},"title":"biancoscuro a PaviArt 2014","author":"Redazione BIANCOSCURO","date":"8 Aprile 2014","format":false,"excerpt":"Biancoscuro sar\u00e0 presente a\u00a0PaviArt 2014 da sabato 12 a domenica 13\u00a0presso il Palazzo delle Esposizioni - PAVIA.\u00a0Allo stand 13 troverete l'omonima rivista d'arte e l'artista sloveno Josef Kotar. Inoltre allo stand 102 e 103, per un totale di oltre 30 mq, saremo presenti con gli artisti:\u00a0Amalia Borin,\u00a0Inihccor,\u00a0Giorgio Gost,\u00a0Lorenzo Grande,\u00a0Tiziana\u00a0Marra,\u00a0Eugenio Marchesi,\u2026","rel":"","context":"In &quot;arte&quot;","block_context":{"text":"arte","link":"https:\/\/www.biancoscuro.it\/site\/category\/arte\/"},"img":{"alt_text":"PAVIART 2014 rivista d arte biancoscuro art magazine","src":"https:\/\/i0.wp.com\/www.biancoscuro.it\/site\/wp-content\/uploads\/2014\/03\/locandinaPAVIART2014-218x300.jpg?resize=350%2C200","width":350,"height":200},"classes":[]},{"id":771,"url":"https:\/\/www.biancoscuro.it\/site\/selezioni-aperte-per-vernice-art-fair-2014\/","url_meta":{"origin":529,"position":4},"title":"Selezioni aperte per Vernice Art Fair 2014","author":"Redazione BIANCOSCURO","date":"27 Febbraio 2014","format":false,"excerpt":"Sono in corso le selezioni per la \u00a0dodicesima edizione di Vernice Art Fair \u2013 Forl\u00ec 2014 negli stand di\u00a0ArtExp\u00f2 Gallery\u00a0 in collaborazione con\u00a0BIANCOSCURO ART MAGAZINE. Vernice Art Fair\u00a0si ripropone al grande pubblico di estimatori d\u2019arte per la dodicesima edizione consecutiva, confermando cos\u00ec la propria identit\u00e0 nel mondo delle fiere dell\u2019Arte\u2026","rel":"","context":"In &quot;arte&quot;","block_context":{"text":"arte","link":"https:\/\/www.biancoscuro.it\/site\/category\/arte\/"},"img":{"alt_text":"VERNICE ART FAIR 2014 \u2013 ARTEXPO GALLERY \u2013 BIANCOSCURO ART MAGAZINE","src":"https:\/\/i0.wp.com\/www.biancoscuro.it\/site\/wp-content\/uploads\/2014\/02\/Schermata-2014-02-26-alle-18.20.02.png?resize=350%2C200","width":350,"height":200},"classes":[]},{"id":16954,"url":"https:\/\/www.biancoscuro.it\/site\/biancoscuro-leditoriale-di-vincenzo-chetta-62-febbraio-marzo-2024\/","url_meta":{"origin":529,"position":5},"title":"BIANCOSCURO, l\u2019editoriale di Vincenzo Chetta &#8211; #62 FEBBRAIO\/MARZO 2024","author":"Vincenzo Chetta","date":"5 Febbraio 2024","format":false,"excerpt":"Sapere che BIANCOSCURO ha concluso alla grande il 2023, con una partecipazione di successo ad Art Basel Miami Beach, mi riempie sempre di orgoglio. La possibilit\u00e0 di far conoscere l\u2019editoria italiana a Miami Beach \u00e8 un\u2019opportunit\u00e0 straordinaria per diffondere la cultura e l\u2019arte italiane a livello internazionale. Il 2024, fieristicamente\u2026","rel":"","context":"In &quot;art magazine&quot;","block_context":{"text":"art magazine","link":"https:\/\/www.biancoscuro.it\/site\/category\/art-magazine\/"},"img":{"alt_text":"","src":"https:\/\/i0.wp.com\/www.biancoscuro.it\/site\/wp-content\/uploads\/2024\/02\/20231217_073508-lunga-GENOVA333.jpg?resize=350%2C200&ssl=1","width":350,"height":200},"classes":[]}],"_links":{"self":[{"href":"https:\/\/www.biancoscuro.it\/site\/wp-json\/wp\/v2\/posts\/529","targetHints":{"allow":["GET"]}}],"collection":[{"href":"https:\/\/www.biancoscuro.it\/site\/wp-json\/wp\/v2\/posts"}],"about":[{"href":"https:\/\/www.biancoscuro.it\/site\/wp-json\/wp\/v2\/types\/post"}],"author":[{"embeddable":true,"href":"https:\/\/www.biancoscuro.it\/site\/wp-json\/wp\/v2\/users\/1"}],"replies":[{"embeddable":true,"href":"https:\/\/www.biancoscuro.it\/site\/wp-json\/wp\/v2\/comments?post=529"}],"version-history":[{"count":0,"href":"https:\/\/www.biancoscuro.it\/site\/wp-json\/wp\/v2\/posts\/529\/revisions"}],"wp:attachment":[{"href":"https:\/\/www.biancoscuro.it\/site\/wp-json\/wp\/v2\/media?parent=529"}],"wp:term":[{"taxonomy":"category","embeddable":true,"href":"https:\/\/www.biancoscuro.it\/site\/wp-json\/wp\/v2\/categories?post=529"},{"taxonomy":"post_tag","embeddable":true,"href":"https:\/\/www.biancoscuro.it\/site\/wp-json\/wp\/v2\/tags?post=529"}],"curies":[{"name":"wp","href":"https:\/\/api.w.org\/{rel}","templated":true}]}}