{"id":5311,"date":"2017-04-04T16:03:42","date_gmt":"2017-04-04T14:03:42","guid":{"rendered":"http:\/\/www.biancoscuro.it\/site\/?p=5311"},"modified":"2017-04-04T16:03:42","modified_gmt":"2017-04-04T14:03:42","slug":"viva-arte-viva","status":"publish","type":"post","link":"https:\/\/www.biancoscuro.it\/site\/viva-arte-viva\/","title":{"rendered":"VIVA ARTE VIVA"},"content":{"rendered":"<span class=\"span-reading-time rt-reading-time\" style=\"display: block;\"><span class=\"rt-label rt-prefix\">\u23f0 lettura <\/span> <span class=\"rt-time\"> 4<\/span> <span class=\"rt-label rt-postfix\">min. <br><br><\/span><\/span><h3>La Biennale di Venezia<br \/>\n57. Esposizione Internazionale d\u2019Arte<\/h3>\n<p>Aprir\u00e0 al pubblico sabato 13 maggio, ai Giardini e all\u2019Arsenale, la <b>57. Esposizione Internazionale d\u2019Arte <\/b>dal titolo <b>VIVA ARTE VIVA<\/b>, curata da <b>Christine Macel<\/b> e organizzata dalla <b>Biennale di Venezia,<\/b> presieduta <b>da Paolo Baratta<\/b>. Quest\u2019anno la Mostra sar\u00e0 affiancata da <b>85 partecipazioni nazionali<\/b> negli storici Padiglioni e nel centro storico di Venezia. 4 i paesi presenti per la prima volta: <b>Antigua e Barbuda, Kiribati, Nigeria, Kazakistan<\/b>.<\/p>\n<figure id=\"attachment_5321\" aria-describedby=\"caption-attachment-5321\" style=\"width: 1000px\" class=\"wp-caption alignnone\"><img loading=\"lazy\" decoding=\"async\" class=\"wp-image-5321 size-full\" src=\"http:\/\/www.biancoscuro.it\/site\/wp-content\/uploads\/2017\/04\/Padiglione-Centrale_Giardini_Photo-by-Francesco-Galli.jpg\" alt=\"\" width=\"1000\" height=\"963\" srcset=\"https:\/\/www.biancoscuro.it\/site\/wp-content\/uploads\/2017\/04\/Padiglione-Centrale_Giardini_Photo-by-Francesco-Galli.jpg 1000w, https:\/\/www.biancoscuro.it\/site\/wp-content\/uploads\/2017\/04\/Padiglione-Centrale_Giardini_Photo-by-Francesco-Galli-300x289.jpg 300w, https:\/\/www.biancoscuro.it\/site\/wp-content\/uploads\/2017\/04\/Padiglione-Centrale_Giardini_Photo-by-Francesco-Galli-768x740.jpg 768w, https:\/\/www.biancoscuro.it\/site\/wp-content\/uploads\/2017\/04\/Padiglione-Centrale_Giardini_Photo-by-Francesco-Galli-600x578.jpg 600w\" sizes=\"auto, (max-width: 1000px) 100vw, 1000px\" \/><figcaption id=\"caption-attachment-5321\" class=\"wp-caption-text\">Padiglione Centrale_Giardini \u00a9 Photo by Francesco Galli<\/figcaption><\/figure>\n<p>Il Padiglione Italia, avr\u00e0 la curatela di <b>Cecilia Alemani<\/b>: \u201cIl mondo magico\u201d sar\u00e0 il titolo del progetto espositivo.\u00a0La Mostra Internazionale di quest\u2019edizione \u00e8 intitolata <b>VIVA ARTE VIVA <\/b>e offrir\u00e0 un percorso espositivo sviluppato intorno a nove capitoli, i primi due <b>ai Giardini<\/b> e altri sette dislocati tra <b>l&#8217;Arsenale<\/b> ed il <b>Giardino delle Vergini<\/b>. 120 sono gli artisti partecipanti, provenienti da 51 paesi; di questi 103 sono presenti per la prima volta nella Mostra Internazionale.<\/p>\n<p><i>\u201c<\/i><b><i>La Biennale<\/i><\/b><i> si deve qualificare come luogo che ha come metodo, e quasi come ragion d&#8217;essere, il libero dialogo tra gli artisti e tra questi e il pubblico.\u201d<\/i><\/p>\n<p>Con queste parole il <b>Presidente della Biennale Paolo Baratta<\/b> presenta la Biennale Arte 2017, spiegando che: <i>\u201cCon la presente edizione si introduce un ulteriore sviluppo; \u00e8 come se quello che deve sempre essere il metodo principale del nostro lavoro, l&#8217;incontro e il dialogo, diventasse il tema stesso della Mostra. Perch\u00e9 questa Biennale \u00e8 proprio dedicata a celebrare, e quasi a render grazie, all&#8217;esistenza stessa dell&#8217;arte e degli artisti, che ci offrono con i loro mondi una dilatazione della nostra prospettiva e dello spazio della nostra esistenza.\u201d<\/i><\/p>\n<figure id=\"attachment_5323\" aria-describedby=\"caption-attachment-5323\" style=\"width: 1000px\" class=\"wp-caption alignnone\"><img loading=\"lazy\" decoding=\"async\" class=\"wp-image-5323 size-full\" src=\"http:\/\/www.biancoscuro.it\/site\/wp-content\/uploads\/2017\/04\/VIVA-ARTE-VIVA_Macel-Baratta_Photo-Andrea-Avezzu_Courtesy-La-Biennale-di-Venezia.jpg\" alt=\"\" width=\"1000\" height=\"668\" srcset=\"https:\/\/www.biancoscuro.it\/site\/wp-content\/uploads\/2017\/04\/VIVA-ARTE-VIVA_Macel-Baratta_Photo-Andrea-Avezzu_Courtesy-La-Biennale-di-Venezia.jpg 1000w, https:\/\/www.biancoscuro.it\/site\/wp-content\/uploads\/2017\/04\/VIVA-ARTE-VIVA_Macel-Baratta_Photo-Andrea-Avezzu_Courtesy-La-Biennale-di-Venezia-300x200.jpg 300w, https:\/\/www.biancoscuro.it\/site\/wp-content\/uploads\/2017\/04\/VIVA-ARTE-VIVA_Macel-Baratta_Photo-Andrea-Avezzu_Courtesy-La-Biennale-di-Venezia-768x513.jpg 768w, https:\/\/www.biancoscuro.it\/site\/wp-content\/uploads\/2017\/04\/VIVA-ARTE-VIVA_Macel-Baratta_Photo-Andrea-Avezzu_Courtesy-La-Biennale-di-Venezia-600x401.jpg 600w\" sizes=\"auto, (max-width: 1000px) 100vw, 1000px\" \/><figcaption id=\"caption-attachment-5323\" class=\"wp-caption-text\">VIVA ARTE VIVA &#8211; Christine Macel e Paolo Baratta \u00a9 Photo Andrea Avezz\u00f9 &#8211; Courtesy La Biennale di Venezia<\/figcaption><\/figure>\n<p><i>\u201cUna Mostra ispirata all&#8217;umanesimo\u201d, <\/i>dice Christine Macel, \u201c<i>Un umanesimo non focalizzato su un ideale artistico da inseguire, n\u00e9 tanto meno caratterizzato dalla celebrazione dell&#8217;uomo come essere capace di dominare su quanto lo circonda; semmai un umanesimo che celebra la capacit\u00e0 dell&#8217;uomo, attraverso l&#8217;arte, di non essere dominato dalle forze che governano quanto accade nel mondo, forze che se lasciate sole possono grandemente condizionare in senso riduttivo la dimensione umana\u201d, <\/i>dice Christine Macel.<\/p>\n<p><i>\u201cCon questa Biennale poi, l&#8217;incontro diretto con l&#8217;artista assume un ruolo strategico, tanto da costituire uno dei pilastri della Mostra, con un programma che per dimensione e per impegno \u00e8 senza precedenti. Attorno alla Mostra principale della curatrice, 85 padiglioni dei paesi partecipanti daranno vita ancora una volta a quel pluralismo di voci che \u00e8 tipico della Biennale di Venezia\u201d, <\/i>dice Paolo Baratta.<\/p>\n<p>Christine Macel da parte sua ha dichiarato:<i>\u201cL&#8217;arte di oggi, di fronte ai conflitti e ai sussulti del mondo, testimonia la parte pi\u00f9 preziosa dell&#8217;umanit\u00e0, in un momento in cui l&#8217;umanesimo \u00e8 messo in pericolo. Essa \u00e8 il luogo per eccellenza della riflessione, dell&#8217;espressione individuale e della libert\u00e0, cos\u00ec come degli interrogativi fondamentali. L&#8217;arte \u00e8 l&#8217;ultimo baluardo, un giardino da coltivare al di l\u00e0 delle mode e degli interessi specifici e rappresenta anche un&#8217;alternativa all&#8217;individualismo e all&#8217;indifferenza. Pi\u00f9 che mai, il ruolo, la voce e la responsabilit\u00e0 dell&#8217;artista appaiono dunque cruciali nell\u2019insieme dei dibattiti contemporanei. \u00c8 grazie alle individualit\u00e0 che si disegna il mondo di domani, un mondo dai contorni incerti, di cui gli artisti meglio degli altri intuiscono la direzione. VIVA ARTE VIVA \u00e8 cos\u00ec un&#8217;esclamazione, un&#8217;espressione della passione per l&#8217;arte e per la figura dell&#8217;artista. VIVA ARTE VIVA \u00e8 una Biennale con gli artisti, degli artisti e per gli artisti.\u201d.<\/i><\/p>\n<p><b>VIVA ARTE VIVA<\/b> vuole infondere energia positiva e prospettica ai giovani artisti, ma al contempo dedica attenzione agli artisti troppo presto scomparsi o ancora misconosciuti al grande pubblico, malgrado l&#8217;importanza della loro opera.<\/p>\n<p><b>L&#8217;arte e gli artisti vengono quindi collocati al centro della Mostra che inizia da un\u2019indagine sulle loro pratiche e il modo di fare arte, tra ozio e azione.<\/b><\/p>\n<p>Una serie di eventi paralleli animeranno la manifestazione, mantenendo sempre gli artisti al centro della mostra. <b>Il catalogo \u00e8 dedicato esclusivamente agli artisti<\/b>, invitati a presentare documenti visivi e testuali incentrati sulle loro pratiche e sul loro stesso universo.<\/p>\n<p><b>VIVA ARTE VIVA<\/b> dar\u00e0 loro anche la parola. Tutti i venerd\u00ec e sabato di ogni settimana, <b>durante i sei mesi di esposizione, un artista terr\u00e0 una \u201cTavola Aperta\u201d<\/b>, incontrando il pubblico durante un pranzo da condividere, al fine di accennare al proprio lavoro e dialogare. Due i luoghi dedicati a questi eventi, la parte antistante del Padiglione Centrale dei Giardini e delle Sale d&#8217;Armi dell&#8217;Arsenale, <b>mentre la trasmissione in streaming sul sito della Biennale consentir\u00e0 a chiunque di seguirne lo svolgimento<\/b>.<\/p>\n<figure id=\"attachment_5322\" aria-describedby=\"caption-attachment-5322\" style=\"width: 1000px\" class=\"wp-caption alignnone\"><img loading=\"lazy\" decoding=\"async\" class=\"wp-image-5322 size-full\" src=\"http:\/\/www.biancoscuro.it\/site\/wp-content\/uploads\/2017\/04\/Photo-by-Andrea-Avezz\u02d8_Courtesy-La-Biennale-di-Venezia.jpg\" alt=\"\" width=\"1000\" height=\"523\" srcset=\"https:\/\/www.biancoscuro.it\/site\/wp-content\/uploads\/2017\/04\/Photo-by-Andrea-Avezz\u02d8_Courtesy-La-Biennale-di-Venezia.jpg 1000w, https:\/\/www.biancoscuro.it\/site\/wp-content\/uploads\/2017\/04\/Photo-by-Andrea-Avezz\u02d8_Courtesy-La-Biennale-di-Venezia-300x157.jpg 300w, https:\/\/www.biancoscuro.it\/site\/wp-content\/uploads\/2017\/04\/Photo-by-Andrea-Avezz\u02d8_Courtesy-La-Biennale-di-Venezia-768x402.jpg 768w, https:\/\/www.biancoscuro.it\/site\/wp-content\/uploads\/2017\/04\/Photo-by-Andrea-Avezz\u02d8_Courtesy-La-Biennale-di-Venezia-600x314.jpg 600w\" sizes=\"auto, (max-width: 1000px) 100vw, 1000px\" \/><figcaption id=\"caption-attachment-5322\" class=\"wp-caption-text\">Arsenale \u00a9 Photo by Andrea Avezz\u00f9 &#8211; Courtesy La Biennale di Venezia<\/figcaption><\/figure>\n<p>Parallelamente alla mostra del Padiglione centrale e dell&#8217;Arsenale, diversi progetti speciali e performance sono commissionati specialmente per i Giardini, il Giardino delle Vergini e altri luoghi. Un programma di una ventina di performance si svolger\u00e0 nei giorni dell\u2019inaugurazione. Esse sono <b>disponibili in streaming sul sito della Biennale<\/b>, e poi visibili nella Mostra, in una sala multimediale dell&#8217;Arsenale espressamente creata.<\/p>\n<p>Rinnovato per l\u2019ottavo anno consecutivo, il progetto <b>BIENNALE SESSIONS<\/b>, che <b>La Biennale<\/b> dedica alle istituzioni operanti nella ricerca e nella formazione nel campo dell\u2019architettura, delle arti e nei campi affini, Universit\u00e0 e Accademie. L\u2019obiettivo \u00e8 quello di offrire una facilitazione a visite di tre giorni, con vitto a prezzo di favore, la possibilit\u00e0 di organizzare seminari in luoghi di mostra offerti gratuitamente, assistenza all\u2019organizzazione del viaggio e soggiorno.<\/p>\n<p>Molte le mostre e gli eventi collaterali, tra questi il <b>Padiglione dedicato alle Arti Applicate<\/b> gestito in partnership con il <b>Victoria and Albert Museum di Londra<\/b> e il <b>Progetto Speciale<\/b> <b>in collaborazione con il Teatro La Fenice<\/b>.<\/p>\n<p>Previsti altri importanti impegni durante <b>La Biennale<\/b>: in giugno il <b>Festival Internazionale di Danza Contemporanea<\/b>, in luglio e agosto il\u00a0 <b>Festival Internazionale del Teatro<\/b>, a fine agosto la <b>Mostra Internazionale d\u2019Arte Cinematografica<\/b>, in ottobre il <b>Festival Internazionale di Musica Contemporanea<\/b>. Molte di queste iniziative si svolgeranno all\u2019Arsenale, all\u2019interno degli spazi stessi dell\u2019Esposizione Internazionale d\u2019Arte. <b>Insomma, <\/b><i>(per citare le parole del Presidente), <\/i><b>tutte le Biennali faranno corona alla Biennale. Biennale viva, viva la Biennale!<\/b><\/p>\n<pre><img loading=\"lazy\" decoding=\"async\" class=\"alignnone size-full wp-image-5317\" src=\"http:\/\/www.biancoscuro.it\/site\/wp-content\/uploads\/2017\/04\/57biennalevenezia.jpg\" alt=\"\" width=\"500\" height=\"461\" srcset=\"https:\/\/www.biancoscuro.it\/site\/wp-content\/uploads\/2017\/04\/57biennalevenezia.jpg 500w, https:\/\/www.biancoscuro.it\/site\/wp-content\/uploads\/2017\/04\/57biennalevenezia-300x277.jpg 300w\" sizes=\"auto, (max-width: 500px) 100vw, 500px\" \/>\r\n<strong>INFO<\/strong>\r\nLa Biennale di Venezia\r\n57. Esposizione\u00a0\r\nInternazionale d\u2019Arte\u00a0\r\ndal 13.5.17 al 26.11.17\u00a0\r\nwww.labiennale.org\r\n\r\n<\/pre>\n","protected":false},"excerpt":{"rendered":"<p><span class=\"span-reading-time rt-reading-time\" style=\"display: block;\"><span class=\"rt-label rt-prefix\">\u23f0 lettura <\/span> <span class=\"rt-time\"> 4<\/span> <span class=\"rt-label rt-postfix\">min. <\/p>\n<p><\/span><\/span>La Biennale di Venezia 57. Esposizione Internazionale d\u2019Arte Aprir\u00e0 al pubblico sabato 13 maggio, ai Giardini e all\u2019Arsenale, la 57. Esposizione Internazionale d\u2019Arte dal titolo VIVA ARTE VIVA, curata da Christine Macel e organizzata dalla Biennale di Venezia, presieduta da Paolo Baratta. Quest\u2019anno la Mostra sar\u00e0 affiancata da 85 partecipazioni nazionali negli storici Padiglioni e&hellip;&nbsp;<a href=\"https:\/\/www.biancoscuro.it\/site\/viva-arte-viva\/\" rel=\"bookmark\">Leggi tutto &raquo;<span class=\"screen-reader-text\">VIVA ARTE VIVA<\/span><\/a><\/p>\n","protected":false},"author":909,"featured_media":5319,"comment_status":"closed","ping_status":"closed","sticky":false,"template":"","format":"standard","meta":{"neve_meta_sidebar":"","neve_meta_container":"","neve_meta_enable_content_width":"","neve_meta_content_width":0,"neve_meta_title_alignment":"","neve_meta_author_avatar":"","neve_post_elements_order":"","neve_meta_disable_header":"","neve_meta_disable_footer":"","neve_meta_disable_title":"","advanced_seo_description":"","jetpack_seo_html_title":"","jetpack_seo_noindex":false,"footnotes":""},"categories":[470,5,1213,26,27,15],"tags":[1215,1219,1220,1217,1216,1214,1221,1218],"class_list":["post-5311","post","type-post","status-publish","format-standard","has-post-thumbnail","hentry","category-art-magazine","category-arte","category-biennale","category-eventi","category-manifestazione","category-rivista-darte","tag-arsenale","tag-cecilia-alemani","tag-christine-macel","tag-giardini","tag-giardino-delle-vergini","tag-la-biennale-di-venezia","tag-paolo-baratta","tag-viva-arte-viva"],"jetpack_featured_media_url":"https:\/\/www.biancoscuro.it\/site\/wp-content\/uploads\/2017\/04\/2000Padiglione-Centrale_Giardini_Photo-by-Francesco-Galli.jpg","jetpack_sharing_enabled":true,"jetpack-related-posts":[{"id":2582,"url":"https:\/\/www.biancoscuro.it\/site\/la-biennale-di-venezia-56a-edizione-per-linternazionale-darte-curata-da-okwui-enwezor\/","url_meta":{"origin":5311,"position":0},"title":"La Biennale di Venezia 56\u00aa Edizione curata da Okwui Enwezor","author":"Redazione BIANCOSCURO","date":"5 Maggio 2015","format":false,"excerpt":"Aprir\u00e0 al pubblico da sabato 9 maggio a domenica 22 novembre 2015, ai Giardini della Biennale e all\u2019Arsenale, la 56\u00aa Esposizione Internazionale d\u2019Arte dal titolo \u201cAll the World\u2019s Futures\u201d, diretta da Okwui Enwezor e organizzata dalla Biennale di Venezia presieduta da Paolo Baratta. La vernice avr\u00e0 luogo nei giorni 6,\u2026","rel":"","context":"In &quot;arte&quot;","block_context":{"text":"arte","link":"https:\/\/www.biancoscuro.it\/site\/category\/arte\/"},"img":{"alt_text":"","src":"https:\/\/i0.wp.com\/www.biancoscuro.it\/site\/wp-content\/uploads\/2015\/05\/Padiglione-Centrale.jpg?resize=350%2C200&ssl=1","width":350,"height":200,"srcset":"https:\/\/i0.wp.com\/www.biancoscuro.it\/site\/wp-content\/uploads\/2015\/05\/Padiglione-Centrale.jpg?resize=350%2C200&ssl=1 1x, https:\/\/i0.wp.com\/www.biancoscuro.it\/site\/wp-content\/uploads\/2015\/05\/Padiglione-Centrale.jpg?resize=525%2C300&ssl=1 1.5x, https:\/\/i0.wp.com\/www.biancoscuro.it\/site\/wp-content\/uploads\/2015\/05\/Padiglione-Centrale.jpg?resize=700%2C400&ssl=1 2x, https:\/\/i0.wp.com\/www.biancoscuro.it\/site\/wp-content\/uploads\/2015\/05\/Padiglione-Centrale.jpg?resize=1050%2C600&ssl=1 3x, https:\/\/i0.wp.com\/www.biancoscuro.it\/site\/wp-content\/uploads\/2015\/05\/Padiglione-Centrale.jpg?resize=1400%2C800&ssl=1 4x"},"classes":[]},{"id":2632,"url":"https:\/\/www.biancoscuro.it\/site\/56a-biennale-di-venezia-la-biennale-urlata\/","url_meta":{"origin":5311,"position":1},"title":"56\u00aa Biennale di Venezia &#8211; La Biennale &#8220;urlata&#8221;","author":"Redazione BIANCOSCURO","date":"9 Maggio 2015","format":false,"excerpt":"Vuole far sentire il rumore del mondo il nigeriano Okwui Enwezor curatore della 56\u00aa Esposizione Internazionale d\u2019Arte organizzata dalla Biennale di Venezia, uno degli eventi pi\u00f9 importanti per il mondo artistico internazionale intitolata quest'anno: \"All the World\u2019s Futures.\" \u201cVolevo andare a fondo svelare le relazioni col mondo. Toccare il presente\u2026","rel":"","context":"In &quot;arte&quot;","block_context":{"text":"arte","link":"https:\/\/www.biancoscuro.it\/site\/category\/arte\/"},"img":{"alt_text":"","src":"https:\/\/i0.wp.com\/www.biancoscuro.it\/site\/wp-content\/uploads\/2015\/05\/DSC_7685.jpg?resize=350%2C200&ssl=1","width":350,"height":200,"srcset":"https:\/\/i0.wp.com\/www.biancoscuro.it\/site\/wp-content\/uploads\/2015\/05\/DSC_7685.jpg?resize=350%2C200&ssl=1 1x, https:\/\/i0.wp.com\/www.biancoscuro.it\/site\/wp-content\/uploads\/2015\/05\/DSC_7685.jpg?resize=525%2C300&ssl=1 1.5x, https:\/\/i0.wp.com\/www.biancoscuro.it\/site\/wp-content\/uploads\/2015\/05\/DSC_7685.jpg?resize=700%2C400&ssl=1 2x, https:\/\/i0.wp.com\/www.biancoscuro.it\/site\/wp-content\/uploads\/2015\/05\/DSC_7685.jpg?resize=1050%2C600&ssl=1 3x, https:\/\/i0.wp.com\/www.biancoscuro.it\/site\/wp-content\/uploads\/2015\/05\/DSC_7685.jpg?resize=1400%2C800&ssl=1 4x"},"classes":[]},{"id":7112,"url":"https:\/\/www.biancoscuro.it\/site\/freespace-a-venezia\/","url_meta":{"origin":5311,"position":2},"title":"Freespace a Venezia!","author":"Raquel Mart\u00ednez Aguilera","date":"17 Aprile 2018","format":false,"excerpt":"La Biennale di Architettura \u00e8 pronta a stupire La bella ed incantevole citt\u00e0 lagunare, a breve ospiter\u00e0 la 16\u00b0 Mostra Internazionale di Architettura presso i Giardini dell\u2019Arsenale e nei vari luoghi fantastici di Venezia. Dopo il grande successo della Biennale d\u2019Arte \u201cViva Arte Viva\u201d, si aprir\u00e0 al pubblico dal 26\u2026","rel":"","context":"In &quot;arte&quot;","block_context":{"text":"arte","link":"https:\/\/www.biancoscuro.it\/site\/category\/arte\/"},"img":{"alt_text":"","src":"https:\/\/i0.wp.com\/www.biancoscuro.it\/site\/wp-content\/uploads\/2018\/04\/Giardini20-20photo20Francesco20Galli.jpg?resize=350%2C200&ssl=1","width":350,"height":200,"srcset":"https:\/\/i0.wp.com\/www.biancoscuro.it\/site\/wp-content\/uploads\/2018\/04\/Giardini20-20photo20Francesco20Galli.jpg?resize=350%2C200&ssl=1 1x, https:\/\/i0.wp.com\/www.biancoscuro.it\/site\/wp-content\/uploads\/2018\/04\/Giardini20-20photo20Francesco20Galli.jpg?resize=525%2C300&ssl=1 1.5x, https:\/\/i0.wp.com\/www.biancoscuro.it\/site\/wp-content\/uploads\/2018\/04\/Giardini20-20photo20Francesco20Galli.jpg?resize=700%2C400&ssl=1 2x"},"classes":[]},{"id":5328,"url":"https:\/\/www.biancoscuro.it\/site\/il-mondo-magico\/","url_meta":{"origin":5311,"position":3},"title":"Il mondo magico","author":"Redazione BIANCOSCURO","date":"3 Aprile 2017","format":false,"excerpt":"Padiglione Italia, a cura di Cecilia Alemani Roberto Cuoghi, Adelita Husni-Bey\u00a0e Giorgio Andreotta Cal\u00f2 Il Padiglione Italia quest'anno \u00e8 curato da Cecilia Alemani, curatrice di grande esperienza internazionale, attualmente direttrice e capo curatrice di High Line Art, il programma di arte pubblica sulla High Line di New York, presentato dall\u2019organizzazione\u2026","rel":"","context":"In &quot;arte&quot;","block_context":{"text":"arte","link":"https:\/\/www.biancoscuro.it\/site\/category\/arte\/"},"img":{"alt_text":"","src":"https:\/\/i0.wp.com\/www.biancoscuro.it\/site\/wp-content\/uploads\/2017\/04\/01vuoghi.jpg?resize=350%2C200","width":350,"height":200,"srcset":"https:\/\/i0.wp.com\/www.biancoscuro.it\/site\/wp-content\/uploads\/2017\/04\/01vuoghi.jpg?resize=350%2C200 1x, https:\/\/i0.wp.com\/www.biancoscuro.it\/site\/wp-content\/uploads\/2017\/04\/01vuoghi.jpg?resize=525%2C300 1.5x, https:\/\/i0.wp.com\/www.biancoscuro.it\/site\/wp-content\/uploads\/2017\/04\/01vuoghi.jpg?resize=700%2C400 2x"},"classes":[]},{"id":9243,"url":"https:\/\/www.biancoscuro.it\/site\/la-biennale-di-venezia-58-esposizione-internazionale-darte\/","url_meta":{"origin":5311,"position":4},"title":"La Biennale di Venezia 58. Esposizione Internazionale d\u2019Arte","author":"Vincenzo Chetta","date":"18 Maggio 2019","format":false,"excerpt":"Anicka Yi \u201cBiologizing the Machine - tentacular trouble\u201d \u201cMay You Live In Interesting Times\u201d, questo il titolo della Biennale d\u2019Arte di Venezia 2019, curata da Ralph Rugoff e presieduta da Paolo Baratta. Questo titolo pu\u00f2 essere letto come una sorta di maledizione poich\u00e9 porta alla mente l\u2019idea di sfide, di\u2026","rel":"","context":"In &quot;arte&quot;","block_context":{"text":"arte","link":"https:\/\/www.biancoscuro.it\/site\/category\/arte\/"},"img":{"alt_text":"","src":"https:\/\/i0.wp.com\/www.biancoscuro.it\/site\/wp-content\/uploads\/2019\/06\/KEV9179-HEAD.jpg?resize=350%2C200&ssl=1","width":350,"height":200,"srcset":"https:\/\/i0.wp.com\/www.biancoscuro.it\/site\/wp-content\/uploads\/2019\/06\/KEV9179-HEAD.jpg?resize=350%2C200&ssl=1 1x, https:\/\/i0.wp.com\/www.biancoscuro.it\/site\/wp-content\/uploads\/2019\/06\/KEV9179-HEAD.jpg?resize=525%2C300&ssl=1 1.5x, https:\/\/i0.wp.com\/www.biancoscuro.it\/site\/wp-content\/uploads\/2019\/06\/KEV9179-HEAD.jpg?resize=700%2C400&ssl=1 2x, https:\/\/i0.wp.com\/www.biancoscuro.it\/site\/wp-content\/uploads\/2019\/06\/KEV9179-HEAD.jpg?resize=1050%2C600&ssl=1 3x, https:\/\/i0.wp.com\/www.biancoscuro.it\/site\/wp-content\/uploads\/2019\/06\/KEV9179-HEAD.jpg?resize=1400%2C800&ssl=1 4x"},"classes":[]},{"id":15322,"url":"https:\/\/www.biancoscuro.it\/site\/la-biennale-arte-2024-di-adriano-pedrosa\/","url_meta":{"origin":5311,"position":5},"title":"La Biennale Arte 2024 di Adriano Pedrosa","author":"Redazione BIANCOSCURO","date":"21 Dicembre 2022","format":false,"excerpt":"Adriano Pedrosa sar\u00e0 il curatore della 60. Esposizione Internazionale d\u2019Arte che si svolger\u00e0 nel 2024. Lo ha deciso il Cda della Biennale di Venezia, su proposta del presidente Roberto Cicutto. Pedrosa \u00e8 direttore artistico del\u00a0Museu\u00a0de Arte de S\u00e3o Paulo Assis\u00a0Chateaubriand (Masp) in Brasile dal 2014, \u00e8 stato curatore aggiunto della\u2026","rel":"","context":"In &quot;art magazine&quot;","block_context":{"text":"art magazine","link":"https:\/\/www.biancoscuro.it\/site\/category\/art-magazine\/"},"img":{"alt_text":"","src":"https:\/\/i0.wp.com\/www.biancoscuro.it\/site\/wp-content\/uploads\/2022\/12\/BIENNALEARTE2024-pedrosa-22.jpg?resize=350%2C200&ssl=1","width":350,"height":200,"srcset":"https:\/\/i0.wp.com\/www.biancoscuro.it\/site\/wp-content\/uploads\/2022\/12\/BIENNALEARTE2024-pedrosa-22.jpg?resize=350%2C200&ssl=1 1x, https:\/\/i0.wp.com\/www.biancoscuro.it\/site\/wp-content\/uploads\/2022\/12\/BIENNALEARTE2024-pedrosa-22.jpg?resize=525%2C300&ssl=1 1.5x, https:\/\/i0.wp.com\/www.biancoscuro.it\/site\/wp-content\/uploads\/2022\/12\/BIENNALEARTE2024-pedrosa-22.jpg?resize=700%2C400&ssl=1 2x"},"classes":[]}],"_links":{"self":[{"href":"https:\/\/www.biancoscuro.it\/site\/wp-json\/wp\/v2\/posts\/5311","targetHints":{"allow":["GET"]}}],"collection":[{"href":"https:\/\/www.biancoscuro.it\/site\/wp-json\/wp\/v2\/posts"}],"about":[{"href":"https:\/\/www.biancoscuro.it\/site\/wp-json\/wp\/v2\/types\/post"}],"author":[{"embeddable":true,"href":"https:\/\/www.biancoscuro.it\/site\/wp-json\/wp\/v2\/users\/909"}],"replies":[{"embeddable":true,"href":"https:\/\/www.biancoscuro.it\/site\/wp-json\/wp\/v2\/comments?post=5311"}],"version-history":[{"count":0,"href":"https:\/\/www.biancoscuro.it\/site\/wp-json\/wp\/v2\/posts\/5311\/revisions"}],"wp:featuredmedia":[{"embeddable":true,"href":"https:\/\/www.biancoscuro.it\/site\/wp-json\/wp\/v2\/media\/5319"}],"wp:attachment":[{"href":"https:\/\/www.biancoscuro.it\/site\/wp-json\/wp\/v2\/media?parent=5311"}],"wp:term":[{"taxonomy":"category","embeddable":true,"href":"https:\/\/www.biancoscuro.it\/site\/wp-json\/wp\/v2\/categories?post=5311"},{"taxonomy":"post_tag","embeddable":true,"href":"https:\/\/www.biancoscuro.it\/site\/wp-json\/wp\/v2\/tags?post=5311"}],"curies":[{"name":"wp","href":"https:\/\/api.w.org\/{rel}","templated":true}]}}