{"id":5367,"date":"2017-04-19T09:39:49","date_gmt":"2017-04-19T07:39:49","guid":{"rendered":"http:\/\/www.biancoscuro.it\/site\/?p=5367"},"modified":"2017-04-19T09:39:49","modified_gmt":"2017-04-19T07:39:49","slug":"anna-romanello-forme-incise","status":"publish","type":"post","link":"https:\/\/www.biancoscuro.it\/site\/anna-romanello-forme-incise\/","title":{"rendered":"Anna Romanello. \u201cForme Incise\u201d"},"content":{"rendered":"<span class=\"span-reading-time rt-reading-time\" style=\"display: block;\"><span class=\"rt-label rt-prefix\">\u23f0 lettura <\/span> <span class=\"rt-time\"> 3<\/span> <span class=\"rt-label rt-postfix\">min. <br><br><\/span><\/span><p style=\"text-align: center\"><img loading=\"lazy\" decoding=\"async\" class=\"aligncenter size-full wp-image-5368\" src=\"http:\/\/www.biancoscuro.it\/site\/wp-content\/uploads\/2017\/04\/forme-incise-web1.jpg\" alt=\"\" width=\"620\" height=\"465\" srcset=\"https:\/\/www.biancoscuro.it\/site\/wp-content\/uploads\/2017\/04\/forme-incise-web1.jpg 620w, https:\/\/www.biancoscuro.it\/site\/wp-content\/uploads\/2017\/04\/forme-incise-web1-300x225.jpg 300w, https:\/\/www.biancoscuro.it\/site\/wp-content\/uploads\/2017\/04\/forme-incise-web1-600x450.jpg 600w\" sizes=\"auto, (max-width: 620px) 100vw, 620px\" \/><\/p>\n<p><strong>Anna Romanello. \u201c<em>Forme Incise\u201d<\/em><\/strong><br \/>\n<em>a cura di Lori Falcolini<br \/>\n<\/em><\/p>\n<p><strong>27 aprile 2017 ore 19.00 | Mo.C.A. Studio | Roma<\/strong><\/p>\n<p>Il giorno <strong>27 aprile 2017 alle ore 19.00<\/strong>, presso la galleria <em>Mo.C.A. Studio<\/em>, <strong>Anna Romanello<\/strong>, artista-performer di fama internazionale, presenta al pubblico opere inedite in una mostra dal titolo <strong><em>\u201cForme incise\u201d<\/em><\/strong>, opere fotografiche, box luminosi e installazioni che raccontano i vari percorsi dell\u2019artista attraverso la grafica, la luce e il segno. La ricerca grafica di Anna Romanello, iniziata a Parigi nell\u2019Atelier 17 di S.W. Hayter, le ha consentito di rielaborare un linguaggio artistico assolutamente originale e innovativo, fondendo grafica e fotografia, ancora oggi in continua sperimentazione.<\/p>\n<p>\u201cDopo l\u2019universo ctonio delle Domus Romane del Celio, Anna Romanello solca nuovi teatri del segno. <em>Forme Incise<\/em> mettono in scena \u201cinterni\u201d, esprimono il reale da una prospettiva animica senza ritrarne la concretezza bens\u00ec mostrando il mistero. Le immagini fotografiche, riscritte dall\u2019intensit\u00e0 di un gesto che performa il segno, si mostrano all\u2019osservatore nel loro inquieto stare.<\/p>\n<p>Ricordano quasi le realt\u00e0 reinventate di Franco Fontana o le oscurit\u00e0 luminose di Magritte le nuvole di <em>Forme<\/em> <em>Incise<\/em> chiamate verso l\u2019interno da scritture illeggibili, segni grafici sciamanti dal fuori al dentro e viceversa. La poltrona \u00e8 una presenza surreale che recita la sua immobilit\u00e0 tra velature guizzanti di colore e turbini elettrici. La voluta a spirale di un capitello sembra invece un alieno affondato, insieme al suo riflesso, in un interno di colore furioso e abissale.<\/p>\n<p>Come teorizzava il maestro innovatore dell\u2019incisione, Hayter, il supporto incisorio \u00e8 corpo vivo e la punta che incide uno strumento che indaga la complessit\u00e0 del mondo interiore. Cos\u00ec, il segno incisorio della Romanello, artista-performer di fama internazionale, penetra con forza nella materia, disegna colori e tramature leggere di luce solcando emozioni. L\u2019immagine rappresentata si apre e si chiude in se stessa, esterno che \u00e8 interno. Il segno migrando con la stessa drammaticit\u00e0 dalla fotografia, al plexiglass, alla tela, come su lastra metallica, racconta un percorso di stratificazioni fatto di studio e sperimentazione.<\/p>\n<p>Dai paesaggi di Sibari, luogo ancestrale legato alle dee della fertilit\u00e0, questa artista ha mutuato i verdi, l\u2019ocra e gli aranci, quasi, un cromatismo interiore radicato nella sua terra. Eppure nomade. Per questo in alcune opere si avverte lo spirito inquieto \u201cdi un certo espressionismo astratto\u201dche sovverte forme e materia attraverso il gesto incisorio. Come ha scritto Ludovico Pratesi, il segno dissacrante della Romanello ricorda \u201ci rayogrammi di Man Ray\u2026\u201d . <em>Forme Incise<\/em> fanno venire in mente contenitori alchemici entro cui ogni cosa trasmuta. (&#8230;)\u201d (<em>Lori Falcolini<\/em>)<\/p>\n<p><strong>Anna Romanello<\/strong><br \/>\nArtista-performer, nata a Corigliano Calabro, dopo gli studi all&#8217;Accademia di Belle Arti di Brera a Milano si trasferisce a Parigi, all&#8217;Ecole Nationale Sup\u00e9rieure des Beaux-Arts e all&#8217;Atelier 17 di S.W. Hayter, dove si specializza in tecniche grafiche e sperimenta nuove metodologie con artisti e incisori di fama internazionale. Ritornata a Roma, lavora alla Calcografia Nazionale e dal 1986 \u00e8 docente di Tecniche dell&#8217;Incisione dove sviluppa nuove tecniche di stampe calcografiche a colori simultanei e collages fotografici. Edita numerose edizioni e libri d&#8217;Artista in Italia e in Francia. Soggiorna a Londra dove avvia un progetto di opere fotografiche sulla citt\u00e0. Numerose sono le sue mostre e performances. Tra le pi\u00f9 importanti ricordiamo: Parigi per il \u201cIIe Manifeste du Livre d\u2019Artiste\u201d al Centre Georges Pompidou, insieme con artisti e poeti internazionali, \u201cParcours\u201d al festival d\u2019Avignone, Ljubljana, \u201c21th International Biennal of Graphic Art\u201d. Ha esposto nell\u2019Istituto Italiano di Cultura di Vancouver e Vienna, Museo del Presente Rende, Parigi Galleria Arte Viva, Bari galleria Ninni Esposito Arte Contemporanea, Roma Centro Luigi Di Sarro, Corigliano Cal. Loft gallery, Tel Aviv Al Beit Hai&#8217;r Museum di Tel Aviv, Roma Temple University, San Demetrio Corone VIII Biennale Magna Grecia, Roma Case Romane del Celio. (<a href=\"http:\/\/www.annaromanello.it\/\">www.annaromanello.it<\/a>)<\/p>\n<p><em>Si ringrazia Simet Viaggi e Turismo<br \/>\n<\/em><\/p>\n<p><strong>INFO MOSTRA<br \/>\n<\/strong><\/p>\n<p><strong>Anna Romanello<br \/>\n<em>Forme Incise<br \/>\n<\/em><\/strong><em>a cura di Lori Falcolini<\/em><strong><br \/>\n<\/strong><\/p>\n<p><strong>Inaugurazione: gioved\u00ec 27 aprile 2017 h 19.00<br \/>\nGalleria <\/strong><strong>Mo.C.A. Studio | Piazza degli Zingari 1 \u2013 Roma<\/strong><\/p>\n<p><strong>Mo.C.A. Studio<\/strong> <a href=\"mailto:mocaroma@fastwebnet.it\">mocaroma@fastwebnet.it<\/a> tel. 06 47 42 764<\/p>\n<p><strong>Dal 27 aprile al 14 maggio 2017<\/strong><\/p>\n<p><strong>Orari di apertura<\/strong>: orario 10.00-13.30\/15.30-18.30<strong><br \/>\n<\/strong><\/p>\n<p><strong>Press Office <\/strong>Roberta Melasecca Architect\/Editor\/Pr<br \/>\nroberta.melasecca@gmail.com \/ 349.4945612<br \/>\nwww.robertamelasecca.wordpress.com<\/p>\n","protected":false},"excerpt":{"rendered":"<p><span class=\"span-reading-time rt-reading-time\" style=\"display: block;\"><span class=\"rt-label rt-prefix\">\u23f0 lettura <\/span> <span class=\"rt-time\"> 3<\/span> <span class=\"rt-label rt-postfix\">min. <\/p>\n<p><\/span><\/span>Anna Romanello. \u201cForme Incise\u201d a cura di Lori Falcolini 27 aprile 2017 ore 19.00 | Mo.C.A. Studio | Roma Il giorno 27 aprile 2017 alle ore 19.00, presso la galleria Mo.C.A. Studio, Anna Romanello, artista-performer di fama internazionale, presenta al pubblico opere inedite in una mostra dal titolo \u201cForme incise\u201d, opere fotografiche, box luminosi e&hellip;&nbsp;<a href=\"https:\/\/www.biancoscuro.it\/site\/anna-romanello-forme-incise\/\" rel=\"bookmark\">Leggi tutto &raquo;<span class=\"screen-reader-text\">Anna Romanello. \u201cForme Incise\u201d<\/span><\/a><\/p>\n","protected":false},"author":980,"featured_media":5368,"comment_status":"closed","ping_status":"closed","sticky":false,"template":"","format":"standard","meta":{"neve_meta_sidebar":"","neve_meta_container":"","neve_meta_enable_content_width":"","neve_meta_content_width":0,"neve_meta_title_alignment":"","neve_meta_author_avatar":"","neve_post_elements_order":"","neve_meta_disable_header":"","neve_meta_disable_footer":"","neve_meta_disable_title":"","advanced_seo_description":"","jetpack_seo_html_title":"","jetpack_seo_noindex":false,"footnotes":""},"categories":[5,26,8,30,334,24],"tags":[],"class_list":["post-5367","post","type-post","status-publish","format-standard","has-post-thumbnail","hentry","category-arte","category-eventi","category-fotografia","category-grafica","category-installazioni","category-mostre"],"jetpack_featured_media_url":"https:\/\/www.biancoscuro.it\/site\/wp-content\/uploads\/2017\/04\/forme-incise-web1.jpg","jetpack_sharing_enabled":true,"jetpack-related-posts":[{"id":14135,"url":"https:\/\/www.biancoscuro.it\/site\/anna-romanello-a-rebours-attraversamenti-di-memorie\/","url_meta":{"origin":5367,"position":0},"title":"Anna Romanello. \u00c0 REBOURS &#8211; Attraversamenti di memorie","author":"Roberta Melasecca","date":"28 Settembre 2022","format":false,"excerpt":"Dall\u201911 ottobre al 9 novembre 2022 l\u2019Istituto Italiano di Cultura di Parigi ospita la mostra di Anna Romanello \u201c\u00c0 Rebours Attraversamenti di memorie. Opere 2022-1985\u201d, a cura di Tiziana Musi. La mostra si avvale del patrocinio dell\u2019Istituto Italiano di Cultura di Parigi con la direzione di Diego Marani e del\u2026","rel":"","context":"In &quot;arte&quot;","block_context":{"text":"arte","link":"https:\/\/www.biancoscuro.it\/site\/category\/arte\/"},"img":{"alt_text":"","src":"https:\/\/i0.wp.com\/www.biancoscuro.it\/site\/wp-content\/uploads\/2022\/09\/IIC-ROMANELLO-INVITATION-copia.jpg?resize=350%2C200&ssl=1","width":350,"height":200,"srcset":"https:\/\/i0.wp.com\/www.biancoscuro.it\/site\/wp-content\/uploads\/2022\/09\/IIC-ROMANELLO-INVITATION-copia.jpg?resize=350%2C200&ssl=1 1x, https:\/\/i0.wp.com\/www.biancoscuro.it\/site\/wp-content\/uploads\/2022\/09\/IIC-ROMANELLO-INVITATION-copia.jpg?resize=525%2C300&ssl=1 1.5x, https:\/\/i0.wp.com\/www.biancoscuro.it\/site\/wp-content\/uploads\/2022\/09\/IIC-ROMANELLO-INVITATION-copia.jpg?resize=700%2C400&ssl=1 2x"},"classes":[]},{"id":15728,"url":"https:\/\/www.biancoscuro.it\/site\/anna-o-della-bellezza-altrove-opere-di-anna-romanello\/","url_meta":{"origin":5367,"position":1},"title":"Anna o della bellezza altrove: opere di Anna Romanello","author":"Roberta Melasecca","date":"22 Marzo 2023","format":false,"excerpt":"Il giorno 29 marzo 2023 alle ore 18.00 inaugura negli spazi di Micromega Arte e Cultura di Venezia la mostra Anna o della bellezza altrove con installazioni, opere pittoriche, incisioni e libri d\u2019artista di Anna Romanello. Il progetto espositivo \u00e8 presentato da un testo e dal monologo performativo \"La versione\u2026","rel":"","context":"In &quot;arte&quot;","block_context":{"text":"arte","link":"https:\/\/www.biancoscuro.it\/site\/category\/arte\/"},"img":{"alt_text":"","src":"https:\/\/i0.wp.com\/www.biancoscuro.it\/site\/wp-content\/uploads\/2023\/03\/DSC_2134.jpg?resize=350%2C200&ssl=1","width":350,"height":200,"srcset":"https:\/\/i0.wp.com\/www.biancoscuro.it\/site\/wp-content\/uploads\/2023\/03\/DSC_2134.jpg?resize=350%2C200&ssl=1 1x, https:\/\/i0.wp.com\/www.biancoscuro.it\/site\/wp-content\/uploads\/2023\/03\/DSC_2134.jpg?resize=525%2C300&ssl=1 1.5x, https:\/\/i0.wp.com\/www.biancoscuro.it\/site\/wp-content\/uploads\/2023\/03\/DSC_2134.jpg?resize=700%2C400&ssl=1 2x, https:\/\/i0.wp.com\/www.biancoscuro.it\/site\/wp-content\/uploads\/2023\/03\/DSC_2134.jpg?resize=1050%2C600&ssl=1 3x"},"classes":[]},{"id":18530,"url":"https:\/\/www.biancoscuro.it\/site\/anna-romanello-acqua-luce-spiritualita\/","url_meta":{"origin":5367,"position":2},"title":"Anna Romanello &#8211; Acqua, luce, spiritualit\u00e0","author":"Roberta Melasecca","date":"22 Maggio 2025","format":false,"excerpt":"Mercoled\u00ec 4 giugno 2025 alle ore 19:00 la Fondazione Rezza Pro Cultura et Caritate presenta la mostra personale Acqua, Luce, Spiritualit\u00e0 di Anna Romanello a cura di Claudio Cremonesi, accompagnata da un saggio introduttivo di Michele Tarroni.\u00a0 Gli spazi della Chiesa di Santa Maria Annunziata in Borgo si apriranno ad\u2026","rel":"","context":"In &quot;mostre&quot;","block_context":{"text":"mostre","link":"https:\/\/www.biancoscuro.it\/site\/category\/mostre\/"},"img":{"alt_text":"","src":"https:\/\/i0.wp.com\/www.biancoscuro.it\/site\/wp-content\/uploads\/2025\/05\/Anna-Romanello-Fontana-di-Nettuno-2001-30x21-cm-opera-fotografica-con-interventi-pastelli-ad-olio-e-acrilico.jpg?resize=350%2C200&ssl=1","width":350,"height":200,"srcset":"https:\/\/i0.wp.com\/www.biancoscuro.it\/site\/wp-content\/uploads\/2025\/05\/Anna-Romanello-Fontana-di-Nettuno-2001-30x21-cm-opera-fotografica-con-interventi-pastelli-ad-olio-e-acrilico.jpg?resize=350%2C200&ssl=1 1x, https:\/\/i0.wp.com\/www.biancoscuro.it\/site\/wp-content\/uploads\/2025\/05\/Anna-Romanello-Fontana-di-Nettuno-2001-30x21-cm-opera-fotografica-con-interventi-pastelli-ad-olio-e-acrilico.jpg?resize=525%2C300&ssl=1 1.5x, https:\/\/i0.wp.com\/www.biancoscuro.it\/site\/wp-content\/uploads\/2025\/05\/Anna-Romanello-Fontana-di-Nettuno-2001-30x21-cm-opera-fotografica-con-interventi-pastelli-ad-olio-e-acrilico.jpg?resize=700%2C400&ssl=1 2x"},"classes":[]},{"id":4397,"url":"https:\/\/www.biancoscuro.it\/site\/attraversare-tempo-anna-romanello\/","url_meta":{"origin":5367,"position":3},"title":"\u201cAttraversare il tempo\u201d di Anna Romanello","author":"Roberta Melasecca","date":"12 Settembre 2016","format":false,"excerpt":"\u201cAttraversare il tempo\u201d di Anna Romanello a cura di Alberto Dambruoso 22 settembre 2016 ore 18.00 | Case Romane del Celio | Roma Dal 23 settembre al 14 ottobre 2016 Il giorno 22 settembre 2016 alle ore 18.00 si inaugura presso le Case Romane del Celio \u201cAttraversare il tempo\u201d di\u2026","rel":"","context":"In &quot;arte&quot;","block_context":{"text":"arte","link":"https:\/\/www.biancoscuro.it\/site\/category\/arte\/"},"img":{"alt_text":"","src":"https:\/\/i0.wp.com\/www.biancoscuro.it\/site\/wp-content\/uploads\/2016\/09\/Occhio-della-voluta-Anna-Romanello-web-1.jpg?resize=350%2C200&ssl=1","width":350,"height":200,"srcset":"https:\/\/i0.wp.com\/www.biancoscuro.it\/site\/wp-content\/uploads\/2016\/09\/Occhio-della-voluta-Anna-Romanello-web-1.jpg?resize=350%2C200&ssl=1 1x, https:\/\/i0.wp.com\/www.biancoscuro.it\/site\/wp-content\/uploads\/2016\/09\/Occhio-della-voluta-Anna-Romanello-web-1.jpg?resize=525%2C300&ssl=1 1.5x"},"classes":[]},{"id":17718,"url":"https:\/\/www.biancoscuro.it\/site\/la-superficie-introvabile-anna-romanello-e-mario-martinelli\/","url_meta":{"origin":5367,"position":4},"title":"La Superficie Introvabile","author":"Roberta Melasecca","date":"14 Ottobre 2024","format":false,"excerpt":"Il Consolato Generale d'Italia a Toronto e l'Istituto Italiano di Cultura, in collaborazione con Villa Charities e con il supporto di Heritage Calabria, sono orgogliosi di presentare la mostra La Superficie Introvabile | The Unfindable Surface.\u00a0 Questa esposizione, che presenta le opere di due rinomati artisti italiani, Anna Romanello e\u2026","rel":"","context":"In &quot;arte&quot;","block_context":{"text":"arte","link":"https:\/\/www.biancoscuro.it\/site\/category\/arte\/"},"img":{"alt_text":"","src":"https:\/\/i0.wp.com\/www.biancoscuro.it\/site\/wp-content\/uploads\/2024\/10\/Invito-La-superficie-introvabile-cov.jpg?resize=350%2C200&ssl=1","width":350,"height":200},"classes":[]},{"id":5827,"url":"https:\/\/www.biancoscuro.it\/site\/anna-romanello-sibari-luoghi-della-memoria-festival-corigliano-calabro-fotografia-2017\/","url_meta":{"origin":5367,"position":5},"title":"Anna Romanello. \u201cSibari &#8211; I luoghi della memoria\u201d &#8211; Festival Corigliano Calabro Fotografia 2017","author":"Roberta Melasecca","date":"25 Agosto 2017","format":false,"excerpt":"\u00a0 Anna Romanello. \u201cSibari - I luoghi della memoria\u201d - Festival Corigliano Calabro Fotografia 2017 2 settembre 2017 ore 19.30 | Castello Ducale | Corigliano Calabro (CS) Fino al 31 ottobre 2017\u00a0 L\u2019artista-performer Anna Romanello sar\u00e0 ospite, con il progetto \u201cSibari - I luoghi della memoria\u201d, al Festival Corigliano Calabro\u2026","rel":"","context":"In &quot;arte&quot;","block_context":{"text":"arte","link":"https:\/\/www.biancoscuro.it\/site\/category\/arte\/"},"img":{"alt_text":"","src":"https:\/\/i0.wp.com\/www.biancoscuro.it\/site\/wp-content\/uploads\/2017\/08\/Paesaggio-Sibari-anna-romanelllo-web-1.jpg?resize=350%2C200&ssl=1","width":350,"height":200,"srcset":"https:\/\/i0.wp.com\/www.biancoscuro.it\/site\/wp-content\/uploads\/2017\/08\/Paesaggio-Sibari-anna-romanelllo-web-1.jpg?resize=350%2C200&ssl=1 1x, https:\/\/i0.wp.com\/www.biancoscuro.it\/site\/wp-content\/uploads\/2017\/08\/Paesaggio-Sibari-anna-romanelllo-web-1.jpg?resize=525%2C300&ssl=1 1.5x"},"classes":[]}],"_links":{"self":[{"href":"https:\/\/www.biancoscuro.it\/site\/wp-json\/wp\/v2\/posts\/5367","targetHints":{"allow":["GET"]}}],"collection":[{"href":"https:\/\/www.biancoscuro.it\/site\/wp-json\/wp\/v2\/posts"}],"about":[{"href":"https:\/\/www.biancoscuro.it\/site\/wp-json\/wp\/v2\/types\/post"}],"author":[{"embeddable":true,"href":"https:\/\/www.biancoscuro.it\/site\/wp-json\/wp\/v2\/users\/980"}],"replies":[{"embeddable":true,"href":"https:\/\/www.biancoscuro.it\/site\/wp-json\/wp\/v2\/comments?post=5367"}],"version-history":[{"count":0,"href":"https:\/\/www.biancoscuro.it\/site\/wp-json\/wp\/v2\/posts\/5367\/revisions"}],"wp:featuredmedia":[{"embeddable":true,"href":"https:\/\/www.biancoscuro.it\/site\/wp-json\/wp\/v2\/media\/5368"}],"wp:attachment":[{"href":"https:\/\/www.biancoscuro.it\/site\/wp-json\/wp\/v2\/media?parent=5367"}],"wp:term":[{"taxonomy":"category","embeddable":true,"href":"https:\/\/www.biancoscuro.it\/site\/wp-json\/wp\/v2\/categories?post=5367"},{"taxonomy":"post_tag","embeddable":true,"href":"https:\/\/www.biancoscuro.it\/site\/wp-json\/wp\/v2\/tags?post=5367"}],"curies":[{"name":"wp","href":"https:\/\/api.w.org\/{rel}","templated":true}]}}