{"id":5399,"date":"2017-04-26T18:38:07","date_gmt":"2017-04-26T16:38:07","guid":{"rendered":"http:\/\/www.biancoscuro.it\/site\/?p=5399"},"modified":"2017-05-02T17:21:39","modified_gmt":"2017-05-02T15:21:39","slug":"mistero-arnolfini-jean-philippe-postel-skira-editore","status":"publish","type":"post","link":"https:\/\/www.biancoscuro.it\/site\/mistero-arnolfini-jean-philippe-postel-skira-editore\/","title":{"rendered":"IL MISTERO ARNOLFINI di Jean-Philippe Postel  SKIRA editore"},"content":{"rendered":"<span class=\"span-reading-time rt-reading-time\" style=\"display: block;\"><span class=\"rt-label rt-prefix\">\u23f0 lettura <\/span> <span class=\"rt-time\"> &lt; 1<\/span> <span class=\"rt-label rt-postfix\">min. <br><br><\/span><\/span><p style=\"text-align: center\"><img loading=\"lazy\" decoding=\"async\" class=\"alignnone size-medium wp-image-5400\" src=\"http:\/\/www.biancoscuro.it\/site\/wp-content\/uploads\/2017\/04\/Arnolfini-cover-202x300.jpg\" alt=\"\" width=\"202\" height=\"300\" srcset=\"https:\/\/www.biancoscuro.it\/site\/wp-content\/uploads\/2017\/04\/Arnolfini-cover-202x300.jpg 202w, https:\/\/www.biancoscuro.it\/site\/wp-content\/uploads\/2017\/04\/Arnolfini-cover-768x1139.jpg 768w, https:\/\/www.biancoscuro.it\/site\/wp-content\/uploads\/2017\/04\/Arnolfini-cover-690x1024.jpg 690w, https:\/\/www.biancoscuro.it\/site\/wp-content\/uploads\/2017\/04\/Arnolfini-cover-600x890.jpg 600w, https:\/\/www.biancoscuro.it\/site\/wp-content\/uploads\/2017\/04\/Arnolfini-cover.jpg 796w\" sizes=\"auto, (max-width: 202px) 100vw, 202px\" \/><\/p>\n<p style=\"text-align: center\">Jean-Philippe Postel<br \/>\n<em><strong>Il mistero Arnolfini<\/strong><\/em><br \/>\n<em><strong>Indagine su un dipinto di Van Eyck<\/strong><\/em><br \/>\nprefazione di Daniel Pennac<\/p>\n<p style=\"text-align: center\"><strong>SKIRA editore<\/strong><\/p>\n<p style=\"text-align: center\"><strong>Presentazione del libro <\/strong><\/p>\n<p style=\"text-align: center\"><strong>Mercoledi 3 maggio alle ore 18<\/strong><\/p>\n<p style=\"text-align: center\"><strong>Milano, Pinacoteca di Brera &#8211; Sala della Passione<\/strong><\/p>\n<p style=\"text-align: center\"><strong>L&#8217;autore ne parler\u00e0 con Philippe Daverio<\/strong><\/p>\n<p style=\"text-align: center\"><strong>INGRESSO LIBERO FINO AD ESAURIMENTO POSTI<\/strong><\/p>\n<p>Il Ritratto dei coniugi Arnolfini dipinto da Jan van Eyck nel 1434 \u00e8 il celeberrimo oggetto di questa indagine, un\u2019opera che chiunque abbia visto non pu\u00f2 pi\u00f9 dimenticare.<br \/>\nAmata e ammirata nei secoli, protagonista di innumerevoli studi, cela tuttavia un mistero, un significato nascosto, che continua a sfuggire anche allo sguardo pi\u00f9 attento. Chi sono l\u2019uomo e la donna al centro del dipinto? Soprattutto, che cosa stanno facendo?<br \/>\nIl mercante lucchese Niccol\u00f2 Arnolfini, che si \u00e8 creduto vi fosse raffigurato assieme alla prima moglie, negli altri suoi ritratti coevi non mostra alcuna somiglianza fisica con questo dipinto.<br \/>\nIl primo documento che ne parla cita il quadro come Hernoul-le-Fin avec sa femme: all\u2019epoca Saint Hernoul \u00e8 il patrono dei cornuti.<br \/>\nPerch\u00e9 il cagnolino, simbolo di fedelt\u00e0 coniugale, non \u00e8 riflesso dallo specchio che, come un occhio di verit\u00e0, ci fissa dal muro alle spalle dei protagonisti? Perch\u00e9 un\u2019unica candela \u00e8 rimasta accesa sul lampadario, in pieno giorno, mentre le altre sono spente? \u00c8 forse un indizio di morte? Quali altri segreti nasconde questo dipinto straordinario e affascinante?<\/p>\n<p>L\u2019occhio clinico dell\u2019autore, che \u00e8 medico e scrittore, analizza tutti i dettagli per condurci alla scoperta dei misteri di uno dei massimi capolavori di tutti i tempi.<\/p>\n<p>Jean-Philippe Postel (Parigi 1951), medico e scrittore, descrive Il mistero Arnolfini come \u201cl\u2019applicazione del metodo dell\u2019osservazione clinica a un\u2019opera pittorica\u201d.<\/p>\n","protected":false},"excerpt":{"rendered":"<p><span class=\"span-reading-time rt-reading-time\" style=\"display: block;\"><span class=\"rt-label rt-prefix\">\u23f0 lettura <\/span> <span class=\"rt-time\"> &lt; 1<\/span> <span class=\"rt-label rt-postfix\">min. <\/p>\n<p><\/span><\/span>Jean-Philippe Postel Il mistero Arnolfini Indagine su un dipinto di Van Eyck prefazione di Daniel Pennac SKIRA editore Presentazione del libro Mercoledi 3 maggio alle ore 18 Milano, Pinacoteca di Brera &#8211; Sala della Passione L&#8217;autore ne parler\u00e0 con Philippe Daverio INGRESSO LIBERO FINO AD ESAURIMENTO POSTI Il Ritratto dei coniugi Arnolfini dipinto da Jan&hellip;&nbsp;<a href=\"https:\/\/www.biancoscuro.it\/site\/mistero-arnolfini-jean-philippe-postel-skira-editore\/\" rel=\"bookmark\">Leggi tutto &raquo;<span class=\"screen-reader-text\">IL MISTERO ARNOLFINI di Jean-Philippe Postel  SKIRA editore<\/span><\/a><\/p>\n","protected":false},"author":917,"featured_media":5400,"comment_status":"closed","ping_status":"closed","sticky":false,"template":"","format":"standard","meta":{"neve_meta_sidebar":"","neve_meta_container":"","neve_meta_enable_content_width":"","neve_meta_content_width":0,"neve_meta_title_alignment":"","neve_meta_author_avatar":"","neve_post_elements_order":"","neve_meta_disable_header":"","neve_meta_disable_footer":"","neve_meta_disable_title":"","advanced_seo_description":"","jetpack_seo_html_title":"","jetpack_seo_noindex":false,"footnotes":""},"categories":[5,32,26],"tags":[],"class_list":["post-5399","post","type-post","status-publish","format-standard","has-post-thumbnail","hentry","category-arte","category-editoria","category-eventi"],"jetpack_featured_media_url":"https:\/\/www.biancoscuro.it\/site\/wp-content\/uploads\/2017\/04\/Arnolfini-cover.jpg","jetpack_sharing_enabled":true,"jetpack-related-posts":[{"id":10632,"url":"https:\/\/www.biancoscuro.it\/site\/skira-editore-nuovi-azionisti\/","url_meta":{"origin":5399,"position":0},"title":"SKIRA Editore: nuovi azionisti","author":"Chiara","date":"26 Maggio 2020","format":false,"excerpt":"Significative novit\u00e0 in casa Skira: nell'ambito di un rafforzamento della struttura patrimoniale della societ\u00e0 e di un piano di sviluppo della casa editrice, Massimo Vitta Zelman, patron di Skira Editore spa, ha proposto a due amici illustri, Carlo De Benedetti e Massimo Moratti, di entrare nel capitale della stessa.L'operazione, appena\u2026","rel":"","context":"In &quot;arte&quot;","block_context":{"text":"arte","link":"https:\/\/www.biancoscuro.it\/site\/category\/arte\/"},"img":{"alt_text":"","src":"https:\/\/i0.wp.com\/www.biancoscuro.it\/site\/wp-content\/uploads\/2020\/05\/SkiraMini.jpg?resize=350%2C200&ssl=1","width":350,"height":200},"classes":[]},{"id":5692,"url":"https:\/\/www.biancoscuro.it\/site\/skira-appuntamento-speciale-alla-librera-bocca-milano-brindisi-buone-vacanze\/","url_meta":{"origin":5399,"position":1},"title":"SKIRA Appuntamento speciale alla Librera Bocca a Milano Brindisi di buone vacanze","author":"Chiara","date":"18 Luglio 2017","format":false,"excerpt":"Gioved\u00ec 27 luglio appuntamento speciale alla Libreria Bocca a Milano, uno degli SkiraPoint cittadini: dalle 11 del mattino fino al brindisi di buone vacanze per l\u2019aperitivo, saranno disponibili bellissimi cataloghi Skira con sconti fino all\u201980%, una selezione di libri introvabili e le ultime novit\u00e0 di narrativa fresche di stampa. Tra\u2026","rel":"","context":"In &quot;catalogo d'arte&quot;","block_context":{"text":"catalogo d'arte","link":"https:\/\/www.biancoscuro.it\/site\/category\/catalogo-darte\/"},"img":{"alt_text":"","src":"https:\/\/i0.wp.com\/www.biancoscuro.it\/site\/wp-content\/uploads\/2017\/07\/Van-Gogh-Roma-2010.jpg?resize=350%2C200&ssl=1","width":350,"height":200},"classes":[]},{"id":8548,"url":"https:\/\/www.biancoscuro.it\/site\/a-perdita-docchio-visibilita-e-invisibilita-nellarte-contemporanea-skira-editore\/","url_meta":{"origin":5399,"position":2},"title":"A perdita d&#8217;occhio. Visibilit\u00e0 e invisibilit\u00e0 nell\u2019arte contemporanea &#8211; Skira editore","author":"Chiara","date":"21 Gennaio 2019","format":false,"excerpt":"Il 24 gennaio alle 18.30 alla Feltrinelli di piazza Piemonte a Milano, si terr\u00e0 la\u00a0presentazione del volume di Francesca Alfano Miglietti. Una serie di appunti sulle questioni sollevate dal problema della \u201cvisione\u201d attraverso le opere di un nucleo di artisti contemporanei. Un saggio che diventa indagine linguistica imprescindibile da quella\u2026","rel":"","context":"In &quot;arte&quot;","block_context":{"text":"arte","link":"https:\/\/www.biancoscuro.it\/site\/category\/arte\/"},"img":{"alt_text":"","src":"https:\/\/i0.wp.com\/www.biancoscuro.it\/site\/wp-content\/uploads\/2019\/01\/FAM-A-perdita-docchio.jpg?resize=350%2C200&ssl=1","width":350,"height":200,"srcset":"https:\/\/i0.wp.com\/www.biancoscuro.it\/site\/wp-content\/uploads\/2019\/01\/FAM-A-perdita-docchio.jpg?resize=350%2C200&ssl=1 1x, https:\/\/i0.wp.com\/www.biancoscuro.it\/site\/wp-content\/uploads\/2019\/01\/FAM-A-perdita-docchio.jpg?resize=525%2C300&ssl=1 1.5x, https:\/\/i0.wp.com\/www.biancoscuro.it\/site\/wp-content\/uploads\/2019\/01\/FAM-A-perdita-docchio.jpg?resize=700%2C400&ssl=1 2x"},"classes":[]},{"id":18676,"url":"https:\/\/www.biancoscuro.it\/site\/art-monte-carlo-art-tour-video\/","url_meta":{"origin":5399,"position":3},"title":"Art MONTE-CARLO &#8211; Art Tour [VIDEO]","author":"Redazione BIANCOSCURO","date":"11 Luglio 2025","format":false,"excerpt":"Un'esplorazione in 4K di Art Monte-Carlo durante la Vip Preview, guidata dall'occhio esperto di BIANCOSCURO Art Magazine. Se ti sei perso Art Monte-Carlo non temere... puoi ancora recuperare. A guidarci in un itinerario esclusivo attraverso le straordinarie opere \u00e8 BIANCOSCURO, che con il suo format \"Art Tour\" offre al pubblico\u2026","rel":"","context":"In &quot;Art Tour&quot;","block_context":{"text":"Art Tour","link":"https:\/\/www.biancoscuro.it\/site\/category\/art-tour\/"},"img":{"alt_text":"","src":"https:\/\/i0.wp.com\/img.youtube.com\/vi\/IwCKqLpayw0\/0.jpg?resize=350%2C200","width":350,"height":200},"classes":[]},{"id":7532,"url":"https:\/\/www.biancoscuro.it\/site\/sono-fernanda-wittgens-una-vita-per-brera-presentazione-del-volume-a-cura-di-giovanna-ginex-skira-editore\/","url_meta":{"origin":5399,"position":4},"title":"&#8220;Sono Fernanda Wittgens&#8221;. Presentazione a cura di Giovanna Ginex | Skira editore","author":"Chiara","date":"4 Luglio 2018","format":false,"excerpt":"Una vita per Brera Presentazione del volume a cura di Giovanna Ginex Skira editore Mercoled\u00ec 11 luglio alle ore 17.30 alla Pinacoteca di Brera, Sala della Passione\u00a0(via Brera 28 Milano) si terr\u00e0 la presentazione del volume \"SONO FERNANDA WITTGENS\u201d Una vita per Brera di Giovanna Ginex,\u00a0edito da SKIRA. Con l\u2019autrice\u2026","rel":"","context":"In &quot;arte&quot;","block_context":{"text":"arte","link":"https:\/\/www.biancoscuro.it\/site\/category\/arte\/"},"img":{"alt_text":"","src":"https:\/\/i0.wp.com\/www.biancoscuro.it\/site\/wp-content\/uploads\/2018\/07\/5.-Brera-in-guerra-il-cortile.-Le-opere-imballate-prima-della-partenza-verso-un-ricovero-sicuro-1942-43-300x221.jpg?resize=350%2C200&ssl=1","width":350,"height":200,"srcset":"https:\/\/i0.wp.com\/www.biancoscuro.it\/site\/wp-content\/uploads\/2018\/07\/5.-Brera-in-guerra-il-cortile.-Le-opere-imballate-prima-della-partenza-verso-un-ricovero-sicuro-1942-43-300x221.jpg?resize=350%2C200&ssl=1 1x, https:\/\/i0.wp.com\/www.biancoscuro.it\/site\/wp-content\/uploads\/2018\/07\/5.-Brera-in-guerra-il-cortile.-Le-opere-imballate-prima-della-partenza-verso-un-ricovero-sicuro-1942-43-300x221.jpg?resize=525%2C300&ssl=1 1.5x, https:\/\/i0.wp.com\/www.biancoscuro.it\/site\/wp-content\/uploads\/2018\/07\/5.-Brera-in-guerra-il-cortile.-Le-opere-imballate-prima-della-partenza-verso-un-ricovero-sicuro-1942-43-300x221.jpg?resize=700%2C400&ssl=1 2x, https:\/\/i0.wp.com\/www.biancoscuro.it\/site\/wp-content\/uploads\/2018\/07\/5.-Brera-in-guerra-il-cortile.-Le-opere-imballate-prima-della-partenza-verso-un-ricovero-sicuro-1942-43-300x221.jpg?resize=1050%2C600&ssl=1 3x, https:\/\/i0.wp.com\/www.biancoscuro.it\/site\/wp-content\/uploads\/2018\/07\/5.-Brera-in-guerra-il-cortile.-Le-opere-imballate-prima-della-partenza-verso-un-ricovero-sicuro-1942-43-300x221.jpg?resize=1400%2C800&ssl=1 4x"},"classes":[]},{"id":7356,"url":"https:\/\/www.biancoscuro.it\/site\/il-mistero-dellangelo-perduto-presentazione-a-roma\/","url_meta":{"origin":5399,"position":5},"title":"Il mistero dell&#8217;angelo perduto | Presentazione a Roma &#8211; Circolo Canottieri Aniene","author":"Chiara","date":"1 Giugno 2018","format":false,"excerpt":"Marted\u00ec 5 giugno, ore 19 - Circolo Canottieri Aniene a Roma (Lungotevere dell\u2019Acqua Acetosa, 119) presentazione del libro \"Il mistero dell'angelo perduto\" di Paolo Jorio e Rossella Vodret SKIRA editore Introduzione a cura di \u00a0Ciro Paolillo, Circolo Canottieri Aniene Interventi di\u00a0Louis Godart, Accademico dei Lincei,\u00a0Franco Recanatesi, giornalista, Giovanni Scipioni, giornalista.\u2026","rel":"","context":"In &quot;arte&quot;","block_context":{"text":"arte","link":"https:\/\/www.biancoscuro.it\/site\/category\/arte\/"},"img":{"alt_text":"","src":"https:\/\/i0.wp.com\/www.biancoscuro.it\/site\/wp-content\/uploads\/2018\/03\/Vodret-Mistero-angelo-perduto.jpg?resize=350%2C200&ssl=1","width":350,"height":200,"srcset":"https:\/\/i0.wp.com\/www.biancoscuro.it\/site\/wp-content\/uploads\/2018\/03\/Vodret-Mistero-angelo-perduto.jpg?resize=350%2C200&ssl=1 1x, https:\/\/i0.wp.com\/www.biancoscuro.it\/site\/wp-content\/uploads\/2018\/03\/Vodret-Mistero-angelo-perduto.jpg?resize=525%2C300&ssl=1 1.5x, https:\/\/i0.wp.com\/www.biancoscuro.it\/site\/wp-content\/uploads\/2018\/03\/Vodret-Mistero-angelo-perduto.jpg?resize=700%2C400&ssl=1 2x"},"classes":[]}],"_links":{"self":[{"href":"https:\/\/www.biancoscuro.it\/site\/wp-json\/wp\/v2\/posts\/5399","targetHints":{"allow":["GET"]}}],"collection":[{"href":"https:\/\/www.biancoscuro.it\/site\/wp-json\/wp\/v2\/posts"}],"about":[{"href":"https:\/\/www.biancoscuro.it\/site\/wp-json\/wp\/v2\/types\/post"}],"author":[{"embeddable":true,"href":"https:\/\/www.biancoscuro.it\/site\/wp-json\/wp\/v2\/users\/917"}],"replies":[{"embeddable":true,"href":"https:\/\/www.biancoscuro.it\/site\/wp-json\/wp\/v2\/comments?post=5399"}],"version-history":[{"count":0,"href":"https:\/\/www.biancoscuro.it\/site\/wp-json\/wp\/v2\/posts\/5399\/revisions"}],"wp:featuredmedia":[{"embeddable":true,"href":"https:\/\/www.biancoscuro.it\/site\/wp-json\/wp\/v2\/media\/5400"}],"wp:attachment":[{"href":"https:\/\/www.biancoscuro.it\/site\/wp-json\/wp\/v2\/media?parent=5399"}],"wp:term":[{"taxonomy":"category","embeddable":true,"href":"https:\/\/www.biancoscuro.it\/site\/wp-json\/wp\/v2\/categories?post=5399"},{"taxonomy":"post_tag","embeddable":true,"href":"https:\/\/www.biancoscuro.it\/site\/wp-json\/wp\/v2\/tags?post=5399"}],"curies":[{"name":"wp","href":"https:\/\/api.w.org\/{rel}","templated":true}]}}