{"id":5412,"date":"2017-05-02T18:33:29","date_gmt":"2017-05-02T16:33:29","guid":{"rendered":"http:\/\/www.biancoscuro.it\/site\/?p=5412"},"modified":"2017-05-02T18:36:39","modified_gmt":"2017-05-02T16:36:39","slug":"biancoscuro-art-contest-4a-edizione","status":"publish","type":"post","link":"https:\/\/www.biancoscuro.it\/site\/biancoscuro-art-contest-4a-edizione\/","title":{"rendered":"BIANCOSCURO Art Contest 4\u00aa edizione"},"content":{"rendered":"<span class=\"span-reading-time rt-reading-time\" style=\"display: block;\"><span class=\"rt-label rt-prefix\">\u23f0 lettura <\/span> <span class=\"rt-time\"> 2<\/span> <span class=\"rt-label rt-postfix\">min. <br><br><\/span><\/span><h3>Aperte le iscrizioni al <strong>BIANCOSCURO Art Contest<\/strong> 4\u00aa edizione.\u00a0In palio\u00a0la <strong>COPERTINA<\/strong> sul bimestrale, mostre personali e collettive\u00a0a <strong>Monte-Carlo<\/strong> (Principato di Monaco), a <strong>Montreux<\/strong> (Svizzera), a <strong>Marbella<\/strong> (Spagna), a\u00a0<strong>Varese<\/strong>\u00a0e Parma (Italia)!<\/h3>\n<p><a href=\"http:\/\/artcontest.biancoscuro.it\/site\/iscrizione-online-registration\/\" target=\"_blank\" rel=\"noopener noreferrer\"><img loading=\"lazy\" decoding=\"async\" src=\"http:\/\/www.biancoscuro.it\/site\/wp-content\/uploads\/2014\/02\/LogoBAC2016-1000px.jpg\" alt=\"LogoBAC2016-1000px\" width=\"1000\" height=\"379\" \/><\/a><\/p>\n<h3>On-line il regolamento\u00a0del\u00a0BIANCOSCURO Art Contest 4\u00aa edizione<\/h3>\n<p><strong><a href=\"http:\/\/artcontest.biancoscuro.it\/\">BIANCOSCURO Art Contest<\/a><\/strong>, il\u00a0contest ideato da <strong>BIANCOSCURO\u00a0<\/strong>pittori, scultori, fotografi e grafici, \u00e8\u00a0giunto alla quarta\u00a0edizione. Il concorso d\u00e0\u00a0la\u00a0possibilit\u00e0 di essere \u201c<strong>in prima pagina<\/strong>\u201d o mettere in mostra le proprie opere nella lussuosa <strong>Monte-Carlo<\/strong> (<strong>Principato di Monaco<\/strong>) nella splendida cornice\u00a0di <strong>Montreux, in Svizzera <\/strong>o nell\u2019incantevole citt\u00e0 di<strong> Marbella in Spagna<\/strong>. Tra\u00a0i premi anche l\u2019esposizione presso\u00a0<strong>ArtParma\u00a0<\/strong>di Ottobre.\u00a0La\u00a0giuria BIANCOSCURO\u00a0<strong>premier\u00e0 gli artisti<\/strong>\u00a0distinti nelle 4 sezioni<strong>\u00a0a ottobre a Monte-Carlo<\/strong>\u00a0(Principato di Monaco). I premi in palio sono\u00a048 e grazie agli sponsor il montepremi \u00e8 di oltre 40.000 \u20ac<strong><br \/>\n<\/strong><\/p>\n<p>La giuria <strong>BIANCOSCURO<\/strong> \u00e8 composta da:<\/p>\n<ul style=\"list-style-type: square;\">\n<li dir=\"ltr\"><strong>Vincenzo Chetta<\/strong>\u00a0&#8211; Direttore della Rivista d\u2019Arte\u00a0<strong>Biancoscuro<\/strong>;<\/li>\n<li dir=\"ltr\"><strong>Alfredo Pasolino<\/strong>\u00a0&#8211; Storico dell\u2019arte e <strong>Critico internazionale<\/strong>;<\/li>\n<li dir=\"ltr\"><strong>Jean Fran\u00e7ois Gailloud<\/strong>\u00a0&#8211; Presidente del <a href=\"http:\/\/www.mag-swiss.com\" target=\"_blank\" rel=\"noopener noreferrer\"><strong>MAG \u2013 Montreux ArtGallery<\/strong><\/a>;<\/li>\n<li dir=\"ltr\"><strong>Johnessco Rodriguez &#8211;\u00a0<\/strong>Presidente di\u00a0<strong><a href=\"http:\/\/www.artemonaco.com\" target=\"_blank\" rel=\"noopener noreferrer\">Art Monaco<\/a><\/strong>\u00a0&#8211;<strong>\u00a0Monte-Carlo;<\/strong><\/li>\n<li dir=\"ltr\"><strong>Daniela Malabaila<\/strong>\u00a0&#8211;\u00a0<wbr><\/wbr>Caporedattrice Biancoscuro Rivista d\u2019Arte;<\/li>\n<li dir=\"ltr\"><strong>Anastasiya Severgina<\/strong>\u00a0&#8211; Direttore\u00a0di <strong><a href=\"http:\/\/www.artemonaco.com\" target=\"_blank\" rel=\"noopener noreferrer\">Art Monaco<\/a><\/strong>\u00a0&#8211;<strong>\u00a0Monte-Carlo<\/strong><strong>,<\/strong><\/li>\n<li dir=\"ltr\"><strong>Marie H\u00e9l\u00e8ne Heusghem<\/strong>\u00a0\u00e8 Direttore del\u00a0 <a href=\"http:\/\/www.mag-swiss.com\" target=\"_blank\" rel=\"noopener noreferrer\">MAG \u2013 <strong>Montreux Art Gallery<\/strong><\/a>;<\/li>\n<li dir=\"ltr\"><strong>Danilo Giusino<\/strong>\u00a0Esperto d\u2019Arte e\u00a0<strong>Docente in Arti Visive<\/strong>\u00a0e Discipline Pittoriche;<\/li>\n<li dir=\"ltr\"><strong>Mona Youssef<\/strong>\u00a0Gallerista\u00a0<strong>Canadese<\/strong> \u00e8 specializzata in <strong>Fine Art B.F.A.<\/strong> (Bachelor of Fine Arts);<\/li>\n<li dir=\"ltr\"><strong>Elena Cicchetti<\/strong>\u00a0Presidente dell\u2019<wbr><\/wbr>Associazione\u00a0<strong>Art in The World<\/strong>;<\/li>\n<li dir=\"ltr\"><strong>Salvatore Mainardi<\/strong>\u00a0Corrispondente estero per <strong>BIANCOSCURO<\/strong>\u00a0in Svizzera e Gallerista presso\u00a0<strong>MainArt \u2013 Zurich<\/strong>;<\/li>\n<li dir=\"ltr\"><strong>Mariarosaria Belgiovine<\/strong>\u00a0gallerista e\u00a0<strong>curatrice di eventi<\/strong>\u00a0artistici;<\/li>\n<li dir=\"ltr\"><strong>Mario Gambatesa\u00a0<\/strong>Critico d\u2019Arte, redazione <strong>BIANCOSCURO<\/strong>\u00a0Rivista d\u2019Arte;<\/li>\n<li dir=\"ltr\"><strong>Lucia\u00a0<\/strong><strong>Garnero<\/strong>\u00a0Architetto,\u00a0reda<wbr><\/wbr>zione\u00a0<strong>BIANCOSCURO<\/strong>\u00a0Rivista d\u2019<wbr><\/wbr>Arte;<\/li>\n<li dir=\"ltr\"><strong>Gian Paolo Curti<\/strong>\u00a0Appassionato d\u2019arte e collezionista;<\/li>\n<li dir=\"ltr\"><strong>Ernesto Galizia<\/strong>\u00a0Direttore Artistico dell\u2019<strong>Accademia Belli di Roma<\/strong>;<\/li>\n<\/ul>\n<figure id=\"attachment_5415\" aria-describedby=\"caption-attachment-5415\" style=\"width: 1000px\" class=\"wp-caption alignnone\"><img loading=\"lazy\" decoding=\"async\" class=\"size-full wp-image-5415\" src=\"http:\/\/www.biancoscuro.it\/site\/wp-content\/uploads\/2017\/05\/Vincenzo-Chetta-Direttore-di-BIANCOSCURO-con-Pepel-vincitrice-della-passata-edizione-del-BAC1000.jpg\" alt=\"\" width=\"1000\" height=\"665\" srcset=\"https:\/\/www.biancoscuro.it\/site\/wp-content\/uploads\/2017\/05\/Vincenzo-Chetta-Direttore-di-BIANCOSCURO-con-Pepel-vincitrice-della-passata-edizione-del-BAC1000.jpg 1000w, https:\/\/www.biancoscuro.it\/site\/wp-content\/uploads\/2017\/05\/Vincenzo-Chetta-Direttore-di-BIANCOSCURO-con-Pepel-vincitrice-della-passata-edizione-del-BAC1000-300x200.jpg 300w, https:\/\/www.biancoscuro.it\/site\/wp-content\/uploads\/2017\/05\/Vincenzo-Chetta-Direttore-di-BIANCOSCURO-con-Pepel-vincitrice-della-passata-edizione-del-BAC1000-768x511.jpg 768w, https:\/\/www.biancoscuro.it\/site\/wp-content\/uploads\/2017\/05\/Vincenzo-Chetta-Direttore-di-BIANCOSCURO-con-Pepel-vincitrice-della-passata-edizione-del-BAC1000-600x399.jpg 600w\" sizes=\"auto, (max-width: 1000px) 100vw, 1000px\" \/><figcaption id=\"caption-attachment-5415\" class=\"wp-caption-text\">Vincenzo Chetta, Direttore di BIANCOSCURO, con Pepel, vincitrice (sez. scultura) della passata edizione del BAC<\/figcaption><\/figure>\n<p><strong>BIANCOSCURO Art Contest, il tema \u00e8 libero, partecipare \u00e8 semplice!<\/strong><\/p>\n<p>In palio: <strong>4 copertine<\/strong> sulla Rivista d\u2019Arte BIANCOSCURO, <strong>4\u00a0mostre personali<\/strong>, <strong>4 targhe di merito<\/strong>, <strong>12 mostre ad ArtMonaco<\/strong>, <strong>12 mostre ad ArtParma<\/strong>, <strong>12\u00a0eBook personali<\/strong> condivisibili sui social\u00a0(con possibilit\u00e0 di stampa).<br \/>\n<strong>Cerimonia\u00a0di premiazione il 21 ottobre 2017\u00a0a Monte-Carlo nel Principato di Monaco<\/strong>,\u00a0dove verranno conferiti i\u00a0premi Copertina, premi\u00a0Mostre Personali e\u00a0le targhe di merito.<br \/>\n\u00c8 previsto inoltre l&#8217;<strong>Attestato di partecipazione<\/strong> e la\u00a0<strong>pubblicazione di tutte le opere<\/strong> in concorso,\u00a0sul <strong>sito dedicato\u00a0<a href=\"http:\/\/artcontest.biancoscuro.it\/site\/\" target=\"_blank\" rel=\"noopener noreferrer\">artcontest.biancoscuro.it<\/a><\/strong>\u00a0e\u00a0sul numero di agosto\/settembre 2017 della\u00a0Rivista d\u2019Arte BIANCOSCURO. Per<strong>\u00a0tutti i partecipanti \u00e8 incluso\u00a0l\u2019invio a domicilio dell\u2019attestato<\/strong><br \/>\ne di <strong>una copia\u00a0della rivista<\/strong> (solo Italia).<\/p>\n<p>\u00c8 previsto anche un <strong>premio giuria popolare<\/strong>, i primi 4 artisti che per ogni categoria\u00a0avranno la <strong>realizzazione creativa di un eBook digitale<\/strong> composto da 32 pagine, in formato A4 (210\u00d7297 cm) oppure A5 (148\u00d7210 cm). <strong>Questo ebook sar\u00e0 fornito in formato digitale e<\/strong>\u00a0sar\u00e0 condiviso sul nostro\u00a0sul sito ufficiale\u00a0<a href=\"http:\/\/www.biancoscuro.it\/\" target=\"_blank\" rel=\"noopener noreferrer\">www.biancoscuro.it<\/a>.\u00a0<a href=\"http:\/\/biancoscuro.liberementi.it\/site\/tariffe\/\" target=\"_blank\" rel=\"noopener noreferrer\">Maggiori info sull\u2019eBook a questa pagina<\/a>. Ricordiamo che, a seconda della necessit\u00e0, l\u2019ebook potr\u00e0 essere stampato oppure semplicemente condiviso su Facebook, Twitter e Google+.<\/p>\n<p><strong>Cosa aspetti? <\/strong>il prossimo artista sulla copertina di BIANCOSCURO Rivista d\u2019Arte<strong> potresti essere proprio tu!\u00a0<\/strong><a href=\"http:\/\/artcontest.biancoscuro.it\/site\/iscrizione-online-registration\/\" target=\"_blank\" rel=\"noopener noreferrer\">Iscriviti subito, <strong>clicca qui!<\/strong><\/a><\/p>\n<figure id=\"attachment_4731\" aria-describedby=\"caption-attachment-4731\" style=\"width: 1000px\" class=\"wp-caption alignnone\"><img loading=\"lazy\" decoding=\"async\" class=\"wp-image-4731 size-full\" src=\"http:\/\/www.biancoscuro.it\/site\/wp-content\/uploads\/2016\/11\/CUTRANOpremiatoMONTECARLO-L.jpg\" alt=\"\" width=\"1000\" height=\"666\" srcset=\"https:\/\/www.biancoscuro.it\/site\/wp-content\/uploads\/2016\/11\/CUTRANOpremiatoMONTECARLO-L.jpg 1000w, https:\/\/www.biancoscuro.it\/site\/wp-content\/uploads\/2016\/11\/CUTRANOpremiatoMONTECARLO-L-300x200.jpg 300w, https:\/\/www.biancoscuro.it\/site\/wp-content\/uploads\/2016\/11\/CUTRANOpremiatoMONTECARLO-L-768x511.jpg 768w, https:\/\/www.biancoscuro.it\/site\/wp-content\/uploads\/2016\/11\/CUTRANOpremiatoMONTECARLO-L-600x400.jpg 600w\" sizes=\"auto, (max-width: 1000px) 100vw, 1000px\" \/><figcaption id=\"caption-attachment-4731\" class=\"wp-caption-text\">Vincenzo Chetta, Direttore di BIANCOSCURO, con Paolo Cutrano, vincitore (sez. pittura)\u00a0della passata edizione del BAC<\/figcaption><\/figure>\n<p><strong>Del BAC<\/strong>, di tutti i suoi partecipanti e dei suoi vincitori verr\u00e0 dato ampio risalto\u00a0<strong>sulla Rivista d\u2019Arte BIANCOSCURO<\/strong>, sul sito internet dedicato\u00a0<a href=\"http:\/\/artcontest.biancoscuro.it\/\" target=\"_blank\" rel=\"noopener noreferrer\">artcontest.biancoscuro.it<\/a>\u00a0sul sito ufficiale\u00a0<a href=\"http:\/\/www.biancoscuro.it\/\" target=\"_blank\" rel=\"noopener noreferrer\">www.biancoscuro.it<\/a>, sulla nostra fan page facebook\u00a0<a href=\"http:\/\/www.facebook.com\/artcontest.biancoscuro\" target=\"_blank\" rel=\"noopener noreferrer\">www.facebook.com\/artcontest.biancoscuro<\/a>\u00a0e sul nostro gruppo\u00a0<a href=\"http:\/\/www.facebook.com\/groups\/biancoscuro\" target=\"_blank\" rel=\"noopener noreferrer\">www.facebook.com\/groups\/biancoscuro<\/a><\/p>\n","protected":false},"excerpt":{"rendered":"<p><span class=\"span-reading-time rt-reading-time\" style=\"display: block;\"><span class=\"rt-label rt-prefix\">\u23f0 lettura <\/span> <span class=\"rt-time\"> 2<\/span> <span class=\"rt-label rt-postfix\">min. <\/p>\n<p><\/span><\/span>Aperte le iscrizioni al BIANCOSCURO Art Contest 4\u00aa edizione.\u00a0In palio\u00a0la COPERTINA sul bimestrale, mostre personali e collettive\u00a0a Monte-Carlo (Principato di Monaco), a Montreux (Svizzera), a Marbella (Spagna), a\u00a0Varese\u00a0e Parma (Italia)! On-line il regolamento\u00a0del\u00a0BIANCOSCURO Art Contest 4\u00aa edizione BIANCOSCURO Art Contest, il\u00a0contest ideato da BIANCOSCURO\u00a0pittori, scultori, fotografi e grafici, \u00e8\u00a0giunto alla quarta\u00a0edizione. Il concorso d\u00e0\u00a0la\u00a0possibilit\u00e0 di&hellip;&nbsp;<a href=\"https:\/\/www.biancoscuro.it\/site\/biancoscuro-art-contest-4a-edizione\/\" rel=\"bookmark\">Leggi tutto &raquo;<span class=\"screen-reader-text\">BIANCOSCURO Art Contest 4\u00aa edizione<\/span><\/a><\/p>\n","protected":false},"author":1,"featured_media":1399,"comment_status":"closed","ping_status":"closed","sticky":false,"template":"","format":"standard","meta":{"neve_meta_sidebar":"","neve_meta_container":"","neve_meta_enable_content_width":"","neve_meta_content_width":0,"neve_meta_title_alignment":"","neve_meta_author_avatar":"","neve_post_elements_order":"","neve_meta_disable_header":"","neve_meta_disable_footer":"","neve_meta_disable_title":"","advanced_seo_description":"","jetpack_seo_html_title":"","jetpack_seo_noindex":false,"footnotes":""},"categories":[5],"tags":[1246,1250,1249,1252,1254,1259,1258,1247,1248,1257,1255,1251,1256,1253,194,408],"class_list":["post-5412","post","type-post","status-publish","format-standard","has-post-thumbnail","hentry","category-arte","tag-alfredo-pasolino","tag-anastasiya-severgina","tag-daniela-malabaila","tag-danilo-giusino","tag-elena-cicchetti","tag-ernesto-galizia","tag-gian-paolo-curti","tag-jean-francois-gailloud","tag-johnessco-rodriguez","tag-lucia-garnero","tag-mariarosaria-belgiovine","tag-marie-helene-heusghem","tag-mario-gambatesa","tag-mona-youssef","tag-salvatore-mainardi","tag-vincenzo-chetta"],"jetpack_featured_media_url":"https:\/\/www.biancoscuro.it\/site\/wp-content\/uploads\/2014\/02\/BIANCOSCURO_ART_CONTEST-L1.jpg","jetpack_sharing_enabled":true,"jetpack-related-posts":[{"id":3069,"url":"https:\/\/www.biancoscuro.it\/site\/biancoscuro-art-contest-2a-edizione-i-vincitori-delledizione-2015\/","url_meta":{"origin":5412,"position":0},"title":"Biancoscuro Art Contest 2\u00aa edizione: i vincitori dell&#8217;edizione 2015!","author":"Redazione BIANCOSCURO","date":"4 Settembre 2015","format":false,"excerpt":"Biancoscuro ha espresso il suo\u00a0verdetto. La giuria\u00a0BIANCOSCURO,\u00a0composta da:\u00a0Vincenzo Chetta,\u00a0Mariarosaria\u00a0Belgiovine, Danilo Giusino, Francesco Chetta, Elena Cicchetti, Ernesto Galizia, Gian Paolo Curti, Daniela Malabaila, Massimo Basile, Luca Caricato, Claudio Raccagni, Oxana Albot, ha decretato i vincitori! Ogni artista vincitore\u00a0ricever\u00e0 lettera del Presidente con comunicazione ufficiale di premio e relative indicazioni su come\u2026","rel":"","context":"In &quot;arte&quot;","block_context":{"text":"arte","link":"https:\/\/www.biancoscuro.it\/site\/category\/arte\/"},"img":{"alt_text":"","src":"https:\/\/i0.wp.com\/www.biancoscuro.it\/site\/wp-content\/uploads\/2015\/09\/DSC_9291-1000x662.jpg?resize=350%2C200&ssl=1","width":350,"height":200,"srcset":"https:\/\/i0.wp.com\/www.biancoscuro.it\/site\/wp-content\/uploads\/2015\/09\/DSC_9291-1000x662.jpg?resize=350%2C200&ssl=1 1x, https:\/\/i0.wp.com\/www.biancoscuro.it\/site\/wp-content\/uploads\/2015\/09\/DSC_9291-1000x662.jpg?resize=525%2C300&ssl=1 1.5x, https:\/\/i0.wp.com\/www.biancoscuro.it\/site\/wp-content\/uploads\/2015\/09\/DSC_9291-1000x662.jpg?resize=700%2C400&ssl=1 2x"},"classes":[]},{"id":16160,"url":"https:\/\/www.biancoscuro.it\/site\/biancoscuro-art-contest-la-decima-edizione-a-monte-carlo\/","url_meta":{"origin":5412,"position":1},"title":"BIANCOSCURO Art Contest &#8211; La decima edizione a Monte-Carlo","author":"Redazione BIANCOSCURO","date":"26 Maggio 2023","format":false,"excerpt":"\u201cDieci anni?! Non \u00e8 possibile!\u201d. \u00c8 questo il pensiero che ha attraversato la Redazione quando, preparando la nuova edizione del BIANCOSCURO Art Contest, si \u00e8 letto \u201cnero su bianco\u201d: 10\u00aa edizione. Voltandoci indietro, possiamo vedere i cambiamenti nella giuria e nei premi in palio, cos\u00ec come la diversit\u00e0 nelle opere\u2026","rel":"","context":"In &quot;arte&quot;","block_context":{"text":"arte","link":"https:\/\/www.biancoscuro.it\/site\/category\/arte\/"},"img":{"alt_text":"","src":"https:\/\/i0.wp.com\/www.biancoscuro.it\/site\/wp-content\/uploads\/2023\/05\/BiancoscuroArtContest-Monte-Carlo-EDITION-01.jpg?resize=350%2C200&ssl=1","width":350,"height":200,"srcset":"https:\/\/i0.wp.com\/www.biancoscuro.it\/site\/wp-content\/uploads\/2023\/05\/BiancoscuroArtContest-Monte-Carlo-EDITION-01.jpg?resize=350%2C200&ssl=1 1x, https:\/\/i0.wp.com\/www.biancoscuro.it\/site\/wp-content\/uploads\/2023\/05\/BiancoscuroArtContest-Monte-Carlo-EDITION-01.jpg?resize=525%2C300&ssl=1 1.5x, https:\/\/i0.wp.com\/www.biancoscuro.it\/site\/wp-content\/uploads\/2023\/05\/BiancoscuroArtContest-Monte-Carlo-EDITION-01.jpg?resize=700%2C400&ssl=1 2x"},"classes":[]},{"id":3443,"url":"https:\/\/www.biancoscuro.it\/site\/art-parma-4a-edizione-con-importanti-novita\/","url_meta":{"origin":5412,"position":2},"title":"Art Parma 4\u00aa edizione con importanti novit\u00e0","author":"Redazione BIANCOSCURO","date":"24 Dicembre 2015","format":false,"excerpt":"Art Parma Fair, Mostra\u00a0 Mercato d\u2019Arte Moderna e Contemporanea, ritorna a Parma, luogo molto\u00a0sensibile all\u2019arte con un pubblico scelto e interessato, come di consueto in due week end il 27 e 28 febbraio e il 4-5-6 marzo 2016. Nell'edizione 2016 una novit\u00e0:\u00a0l\u2019unione con NEF (Nord Est Fair gi\u00e0 organizzatori di\u2026","rel":"","context":"In &quot;arte&quot;","block_context":{"text":"arte","link":"https:\/\/www.biancoscuro.it\/site\/category\/arte\/"},"img":{"alt_text":"","src":"https:\/\/i0.wp.com\/www.biancoscuro.it\/site\/wp-content\/uploads\/2015\/12\/cover.jpg?resize=350%2C200&ssl=1","width":350,"height":200,"srcset":"https:\/\/i0.wp.com\/www.biancoscuro.it\/site\/wp-content\/uploads\/2015\/12\/cover.jpg?resize=350%2C200&ssl=1 1x, https:\/\/i0.wp.com\/www.biancoscuro.it\/site\/wp-content\/uploads\/2015\/12\/cover.jpg?resize=525%2C300&ssl=1 1.5x, https:\/\/i0.wp.com\/www.biancoscuro.it\/site\/wp-content\/uploads\/2015\/12\/cover.jpg?resize=700%2C400&ssl=1 2x, https:\/\/i0.wp.com\/www.biancoscuro.it\/site\/wp-content\/uploads\/2015\/12\/cover.jpg?resize=1050%2C600&ssl=1 3x, https:\/\/i0.wp.com\/www.biancoscuro.it\/site\/wp-content\/uploads\/2015\/12\/cover.jpg?resize=1400%2C800&ssl=1 4x"},"classes":[]},{"id":17296,"url":"https:\/\/www.biancoscuro.it\/site\/bac-monte-carlo-edition\/","url_meta":{"origin":5412,"position":3},"title":"11\u00aa edizione BAC &#8211; Monte-Carlo edition","author":"Redazione BIANCOSCURO","date":"20 Maggio 2024","format":false,"excerpt":"Si \u00e8 aperta ufficialmente la nuova edizione del BIANCOSCURO Art Contest, il concorso d\u2019arte giunto ormai alla 11\u00aa edizione, con qualche nuovo volto fra i membri della giuria storica e dei nuovi premi messi in palio da BIANCOSCURO. La cerimonia di premiazione della 10\u00aa edizione al Monte-Carlo Bay - \u00a9\u2026","rel":"","context":"In &quot;arte&quot;","block_context":{"text":"arte","link":"https:\/\/www.biancoscuro.it\/site\/category\/arte\/"},"img":{"alt_text":"","src":"https:\/\/i0.wp.com\/www.biancoscuro.it\/site\/wp-content\/uploads\/2024\/05\/COP_7-2_L1000px_SITO_MONTECARLO-BAY-MONACO.jpg?resize=350%2C200&ssl=1","width":350,"height":200,"srcset":"https:\/\/i0.wp.com\/www.biancoscuro.it\/site\/wp-content\/uploads\/2024\/05\/COP_7-2_L1000px_SITO_MONTECARLO-BAY-MONACO.jpg?resize=350%2C200&ssl=1 1x, https:\/\/i0.wp.com\/www.biancoscuro.it\/site\/wp-content\/uploads\/2024\/05\/COP_7-2_L1000px_SITO_MONTECARLO-BAY-MONACO.jpg?resize=525%2C300&ssl=1 1.5x, https:\/\/i0.wp.com\/www.biancoscuro.it\/site\/wp-content\/uploads\/2024\/05\/COP_7-2_L1000px_SITO_MONTECARLO-BAY-MONACO.jpg?resize=700%2C400&ssl=1 2x"},"classes":[]},{"id":18486,"url":"https:\/\/www.biancoscuro.it\/site\/biancoscuro-art-contest-12a-edizione\/","url_meta":{"origin":5412,"position":4},"title":"BIANCOSCURO Art Contest 12\u00aa edizione","author":"Redazione BIANCOSCURO","date":"7 Maggio 2025","format":false,"excerpt":"Festeggiamo i 12 anni del nostro BIANCOSCURO Art Contest Monte-Carlo Edition! In palio la COPERTINA sul nostro bimestrale, esposizioni a Monte-Carlo (Principato di Monaco), Parigi (Francia) e Innsbruck (Austria). La cerimonia si terr\u00e0 il 19 settembre a Monte-Carlo (Principato di Monaco). Tutti gli iscritti potranno partecipare alla cerimonia ufficiale a\u2026","rel":"","context":"In &quot;art contest&quot;","block_context":{"text":"art contest","link":"https:\/\/www.biancoscuro.it\/site\/category\/art-contest\/"},"img":{"alt_text":"","src":"https:\/\/i0.wp.com\/www.biancoscuro.it\/site\/wp-content\/uploads\/2025\/05\/LogoBAC2025-MonteCarloEdition-1000px.gif?resize=350%2C200&ssl=1","width":350,"height":200,"srcset":"https:\/\/i0.wp.com\/www.biancoscuro.it\/site\/wp-content\/uploads\/2025\/05\/LogoBAC2025-MonteCarloEdition-1000px.gif?resize=350%2C200&ssl=1 1x, https:\/\/i0.wp.com\/www.biancoscuro.it\/site\/wp-content\/uploads\/2025\/05\/LogoBAC2025-MonteCarloEdition-1000px.gif?resize=525%2C300&ssl=1 1.5x, https:\/\/i0.wp.com\/www.biancoscuro.it\/site\/wp-content\/uploads\/2025\/05\/LogoBAC2025-MonteCarloEdition-1000px.gif?resize=700%2C400&ssl=1 2x"},"classes":[]},{"id":9305,"url":"https:\/\/www.biancoscuro.it\/site\/biancoscuro-art-contest-6a-edizione\/","url_meta":{"origin":5412,"position":5},"title":"BIANCOSCURO Art Contest 6\u00aa edizione","author":"Redazione BIANCOSCURO","date":"25 Giugno 2019","format":false,"excerpt":"Ultimi giorni per vincere la COPERTINA o la mostra personale in Svizzera! In palio\u00a0la COPERTINA sul bimestrale, mostre\u00a0a Montreux (Svizzera),\u00a0Marbella (Spagna),\u00a0Varese\u00a0e Parma(Italia), premiazione\u00a0a Monte-Carlo\u00a0nel Principato di Monaco! - BIANCOSCURO Art Contest, il\u00a0contest ideato da BIANCOSCURO\u00a0per\u00a0pittori, scultori, fotografi e grafici, \u00e8\u00a0giunto con successo alla sesta edizione. Il concorso d\u00e0\u00a0la\u00a0possibilit\u00e0 di essere\u2026","rel":"","context":"In &quot;arte&quot;","block_context":{"text":"arte","link":"https:\/\/www.biancoscuro.it\/site\/category\/arte\/"},"img":{"alt_text":"","src":"https:\/\/i0.wp.com\/www.biancoscuro.it\/site\/wp-content\/uploads\/2019\/06\/Monte-CarloBAY-BACpromo2019-1000.jpg?resize=350%2C200&ssl=1","width":350,"height":200,"srcset":"https:\/\/i0.wp.com\/www.biancoscuro.it\/site\/wp-content\/uploads\/2019\/06\/Monte-CarloBAY-BACpromo2019-1000.jpg?resize=350%2C200&ssl=1 1x, https:\/\/i0.wp.com\/www.biancoscuro.it\/site\/wp-content\/uploads\/2019\/06\/Monte-CarloBAY-BACpromo2019-1000.jpg?resize=525%2C300&ssl=1 1.5x, https:\/\/i0.wp.com\/www.biancoscuro.it\/site\/wp-content\/uploads\/2019\/06\/Monte-CarloBAY-BACpromo2019-1000.jpg?resize=700%2C400&ssl=1 2x"},"classes":[]}],"_links":{"self":[{"href":"https:\/\/www.biancoscuro.it\/site\/wp-json\/wp\/v2\/posts\/5412","targetHints":{"allow":["GET"]}}],"collection":[{"href":"https:\/\/www.biancoscuro.it\/site\/wp-json\/wp\/v2\/posts"}],"about":[{"href":"https:\/\/www.biancoscuro.it\/site\/wp-json\/wp\/v2\/types\/post"}],"author":[{"embeddable":true,"href":"https:\/\/www.biancoscuro.it\/site\/wp-json\/wp\/v2\/users\/1"}],"replies":[{"embeddable":true,"href":"https:\/\/www.biancoscuro.it\/site\/wp-json\/wp\/v2\/comments?post=5412"}],"version-history":[{"count":0,"href":"https:\/\/www.biancoscuro.it\/site\/wp-json\/wp\/v2\/posts\/5412\/revisions"}],"wp:featuredmedia":[{"embeddable":true,"href":"https:\/\/www.biancoscuro.it\/site\/wp-json\/wp\/v2\/media\/1399"}],"wp:attachment":[{"href":"https:\/\/www.biancoscuro.it\/site\/wp-json\/wp\/v2\/media?parent=5412"}],"wp:term":[{"taxonomy":"category","embeddable":true,"href":"https:\/\/www.biancoscuro.it\/site\/wp-json\/wp\/v2\/categories?post=5412"},{"taxonomy":"post_tag","embeddable":true,"href":"https:\/\/www.biancoscuro.it\/site\/wp-json\/wp\/v2\/tags?post=5412"}],"curies":[{"name":"wp","href":"https:\/\/api.w.org\/{rel}","templated":true}]}}