{"id":5422,"date":"2017-05-03T16:32:39","date_gmt":"2017-05-03T14:32:39","guid":{"rendered":"http:\/\/www.biancoscuro.it\/site\/?p=5422"},"modified":"2017-05-05T19:04:42","modified_gmt":"2017-05-05T17:04:42","slug":"al-mast-bologna-la-forza-delle-immagini","status":"publish","type":"post","link":"https:\/\/www.biancoscuro.it\/site\/al-mast-bologna-la-forza-delle-immagini\/","title":{"rendered":"Al MAST a Bologna LA FORZA DELLE IMMAGINI"},"content":{"rendered":"<span class=\"span-reading-time rt-reading-time\" style=\"display: block;\"><span class=\"rt-label rt-prefix\">\u23f0 lettura <\/span> <span class=\"rt-time\"> &lt; 1<\/span> <span class=\"rt-label rt-postfix\">min. <br><br><\/span><\/span><h3>La Fondazione MAST presenta dal 3 maggio al 24 settembre una nuova grande mostra tratta dalla propria collezione di fotografia industriale,<\/h3>\n<h4><em>LA FORZA DELLE IMMAGINI<\/em>, a cura di Urs Stahel.<\/h4>\n<p>Sessanta autori dagli anni venti a oggi mostrano con oltre cento opere &#8211; alcune costituite da decine di scatti &#8211; il dirompente potere espressivo del linguaggio fotografico nei suoi molteplici significati.<\/p>\n<p><strong>La mostra LA FORZA DELLE IMMAGINI raccoglie una vastissima selezione di scatti provenienti dal mondo della produzione, una pletora di impressioni, un profluvio di visioni dell&#8217;industria pesante e di quella meccanica, della digitalizzazione, della societ\u00e0 usa e getta.<\/strong><\/p>\n<div id='gallery-1' class='gallery galleryid-5422 gallery-columns-6 gallery-size-medium'><figure class='gallery-item'>\n\t\t\t<div class='gallery-icon portrait'>\n\t\t\t\t<a href='https:\/\/www.biancoscuro.it\/site\/wp-content\/uploads\/2017\/05\/16.-Kiyoshi-Niiyama-saldatore.jpg'><img loading=\"lazy\" decoding=\"async\" width=\"235\" height=\"300\" src=\"https:\/\/www.biancoscuro.it\/site\/wp-content\/uploads\/2017\/05\/16.-Kiyoshi-Niiyama-saldatore-235x300.jpg\" class=\"attachment-medium size-medium\" alt=\"\" srcset=\"https:\/\/www.biancoscuro.it\/site\/wp-content\/uploads\/2017\/05\/16.-Kiyoshi-Niiyama-saldatore-235x300.jpg 235w, https:\/\/www.biancoscuro.it\/site\/wp-content\/uploads\/2017\/05\/16.-Kiyoshi-Niiyama-saldatore-768x980.jpg 768w, https:\/\/www.biancoscuro.it\/site\/wp-content\/uploads\/2017\/05\/16.-Kiyoshi-Niiyama-saldatore-600x766.jpg 600w, https:\/\/www.biancoscuro.it\/site\/wp-content\/uploads\/2017\/05\/16.-Kiyoshi-Niiyama-saldatore.jpg 800w\" sizes=\"auto, (max-width: 235px) 100vw, 235px\" \/><\/a>\n\t\t\t<\/div><\/figure><figure class='gallery-item'>\n\t\t\t<div class='gallery-icon landscape'>\n\t\t\t\t<a href='https:\/\/www.biancoscuro.it\/site\/wp-content\/uploads\/2017\/05\/7.-Edgar-Martins.jpg'><img loading=\"lazy\" decoding=\"async\" width=\"300\" height=\"236\" src=\"https:\/\/www.biancoscuro.it\/site\/wp-content\/uploads\/2017\/05\/7.-Edgar-Martins-300x236.jpg\" class=\"attachment-medium size-medium\" alt=\"\" srcset=\"https:\/\/www.biancoscuro.it\/site\/wp-content\/uploads\/2017\/05\/7.-Edgar-Martins-300x236.jpg 300w, https:\/\/www.biancoscuro.it\/site\/wp-content\/uploads\/2017\/05\/7.-Edgar-Martins-768x604.jpg 768w, https:\/\/www.biancoscuro.it\/site\/wp-content\/uploads\/2017\/05\/7.-Edgar-Martins-600x472.jpg 600w, https:\/\/www.biancoscuro.it\/site\/wp-content\/uploads\/2017\/05\/7.-Edgar-Martins.jpg 1018w\" sizes=\"auto, (max-width: 300px) 100vw, 300px\" \/><\/a>\n\t\t\t<\/div><\/figure><figure class='gallery-item'>\n\t\t\t<div class='gallery-icon landscape'>\n\t\t\t\t<a href='https:\/\/www.biancoscuro.it\/site\/wp-content\/uploads\/2017\/05\/4.-Jim-Goldberg.jpg'><img loading=\"lazy\" decoding=\"async\" width=\"300\" height=\"244\" src=\"https:\/\/www.biancoscuro.it\/site\/wp-content\/uploads\/2017\/05\/4.-Jim-Goldberg-300x244.jpg\" class=\"attachment-medium size-medium\" alt=\"\" srcset=\"https:\/\/www.biancoscuro.it\/site\/wp-content\/uploads\/2017\/05\/4.-Jim-Goldberg-300x244.jpg 300w, https:\/\/www.biancoscuro.it\/site\/wp-content\/uploads\/2017\/05\/4.-Jim-Goldberg-768x624.jpg 768w, https:\/\/www.biancoscuro.it\/site\/wp-content\/uploads\/2017\/05\/4.-Jim-Goldberg-600x487.jpg 600w, https:\/\/www.biancoscuro.it\/site\/wp-content\/uploads\/2017\/05\/4.-Jim-Goldberg.jpg 985w\" sizes=\"auto, (max-width: 300px) 100vw, 300px\" \/><\/a>\n\t\t\t<\/div><\/figure><figure class='gallery-item'>\n\t\t\t<div class='gallery-icon portrait'>\n\t\t\t\t<a href='https:\/\/www.biancoscuro.it\/site\/wp-content\/uploads\/2017\/05\/12.-Shomei-Tomatsu.jpg'><img loading=\"lazy\" decoding=\"async\" width=\"248\" height=\"300\" src=\"https:\/\/www.biancoscuro.it\/site\/wp-content\/uploads\/2017\/05\/12.-Shomei-Tomatsu-248x300.jpg\" class=\"attachment-medium size-medium\" alt=\"\" srcset=\"https:\/\/www.biancoscuro.it\/site\/wp-content\/uploads\/2017\/05\/12.-Shomei-Tomatsu-248x300.jpg 248w, https:\/\/www.biancoscuro.it\/site\/wp-content\/uploads\/2017\/05\/12.-Shomei-Tomatsu.jpg 533w\" sizes=\"auto, (max-width: 248px) 100vw, 248px\" \/><\/a>\n\t\t\t<\/div><\/figure><figure class='gallery-item'>\n\t\t\t<div class='gallery-icon portrait'>\n\t\t\t\t<a href='https:\/\/www.biancoscuro.it\/site\/wp-content\/uploads\/2017\/05\/6.-Re\u0301my-Markowitsch.jpg'><img loading=\"lazy\" decoding=\"async\" width=\"295\" height=\"300\" src=\"https:\/\/www.biancoscuro.it\/site\/wp-content\/uploads\/2017\/05\/6.-Re\u0301my-Markowitsch-295x300.jpg\" class=\"attachment-medium size-medium\" alt=\"\" srcset=\"https:\/\/www.biancoscuro.it\/site\/wp-content\/uploads\/2017\/05\/6.-Re\u0301my-Markowitsch-295x300.jpg 295w, https:\/\/www.biancoscuro.it\/site\/wp-content\/uploads\/2017\/05\/6.-Re\u0301my-Markowitsch-768x780.jpg 768w, https:\/\/www.biancoscuro.it\/site\/wp-content\/uploads\/2017\/05\/6.-Re\u0301my-Markowitsch-600x610.jpg 600w, https:\/\/www.biancoscuro.it\/site\/wp-content\/uploads\/2017\/05\/6.-Re\u0301my-Markowitsch.jpg 800w\" sizes=\"auto, (max-width: 295px) 100vw, 295px\" \/><\/a>\n\t\t\t<\/div><\/figure><figure class='gallery-item'>\n\t\t\t<div class='gallery-icon portrait'>\n\t\t\t\t<a href='https:\/\/www.biancoscuro.it\/site\/wp-content\/uploads\/2017\/05\/14.-Marion-Post-Wolcott.jpg'><img loading=\"lazy\" decoding=\"async\" width=\"212\" height=\"300\" src=\"https:\/\/www.biancoscuro.it\/site\/wp-content\/uploads\/2017\/05\/14.-Marion-Post-Wolcott-212x300.jpg\" class=\"attachment-medium size-medium\" alt=\"\" srcset=\"https:\/\/www.biancoscuro.it\/site\/wp-content\/uploads\/2017\/05\/14.-Marion-Post-Wolcott-212x300.jpg 212w, https:\/\/www.biancoscuro.it\/site\/wp-content\/uploads\/2017\/05\/14.-Marion-Post-Wolcott-768x1086.jpg 768w, https:\/\/www.biancoscuro.it\/site\/wp-content\/uploads\/2017\/05\/14.-Marion-Post-Wolcott-724x1024.jpg 724w, https:\/\/www.biancoscuro.it\/site\/wp-content\/uploads\/2017\/05\/14.-Marion-Post-Wolcott-600x848.jpg 600w, https:\/\/www.biancoscuro.it\/site\/wp-content\/uploads\/2017\/05\/14.-Marion-Post-Wolcott.jpg 800w\" sizes=\"auto, (max-width: 212px) 100vw, 212px\" \/><\/a>\n\t\t\t<\/div><\/figure>\n\t\t<\/div>\n\n<p>Lo sguardo di oltre sessanta fotografi ci conduce attraverso il regno della produzione e del consumo, aiutandoci a sviluppare nuove modalit\u00e0 di visione. L\u2019esposizione mette a fuoco gli ambienti che caratterizzano il sistema industriale e tecnologico, tocca questioni chiave di natura sociale, politica, collettiva ma, pi\u00f9 che i fatti puri e semplici, le immagini cercano di raffigurare nessi e riferimenti articolati, profondi, presentando all&#8217;osservatore realt\u00e0 complesse, che determinano anche un coinvolgimento emotivo e sensoriale. L&#8217;universo iconografico dell&#8217;industria e del lavoro, della fabbrica e della societ\u00e0 cui questa mostra d\u00e0 vita \u00e8 permeato dall&#8217;idea della pluridimensionalit\u00e0: molti livelli diversi e linee temporali che corrono parallele o si incrociano.<\/p>\n<p>La mostra propone le opere di fotografi e artisti tra cui Berenice Abbott, Richard Avedon, Margaret Bourke-White, Thomas Demand, Simone Demandt, Jim Goldberg, Hiroko Komatsu, Germaine Krull, Catherine Leutenegger, Edgar Martins, R\u00e9my Markowitsch, Richards Misrach, Jules Spinatsch, Edward Steichen, Thomas Struth, Shomei Tomatsu, Marion Post Wolcott e molti altri.<\/p>\n<p>&nbsp;<\/p>\n<pre>INFO\r\n\r\nMAST. Bologna\r\n  LA FORZA DELLE IMMAGINI\r\n  Collezione MAST: Una selezione iconica di fotografie su industria e lavoro\r\n  a cura di Urs Stahel\r\n  dal 3 maggio al 24 settembre 2017\r\n\r\nINGRESSO GRATUITO\r\n  Orari di apertura: Marted\u00ec - Domenica \u00a010.00 - 19.00\r\nwww.mast.org\r\n<\/pre>\n","protected":false},"excerpt":{"rendered":"<p><span class=\"span-reading-time rt-reading-time\" style=\"display: block;\"><span class=\"rt-label rt-prefix\">\u23f0 lettura <\/span> <span class=\"rt-time\"> &lt; 1<\/span> <span class=\"rt-label rt-postfix\">min. <\/p>\n<p><\/span><\/span>La Fondazione MAST presenta dal 3 maggio al 24 settembre una nuova grande mostra tratta dalla propria collezione di fotografia industriale, LA FORZA DELLE IMMAGINI, a cura di Urs Stahel. Sessanta autori dagli anni venti a oggi mostrano con oltre cento opere &#8211; alcune costituite da decine di scatti &#8211; il dirompente potere espressivo del&hellip;&nbsp;<a href=\"https:\/\/www.biancoscuro.it\/site\/al-mast-bologna-la-forza-delle-immagini\/\" rel=\"bookmark\">Leggi tutto &raquo;<span class=\"screen-reader-text\">Al MAST a Bologna LA FORZA DELLE IMMAGINI<\/span><\/a><\/p>\n","protected":false},"author":917,"featured_media":5427,"comment_status":"closed","ping_status":"closed","sticky":false,"template":"","format":"standard","meta":{"neve_meta_sidebar":"","neve_meta_container":"","neve_meta_enable_content_width":"","neve_meta_content_width":0,"neve_meta_title_alignment":"","neve_meta_author_avatar":"","neve_post_elements_order":"","neve_meta_disable_header":"","neve_meta_disable_footer":"","neve_meta_disable_title":"","advanced_seo_description":"","jetpack_seo_html_title":"","jetpack_seo_noindex":false,"footnotes":""},"categories":[26,8,24],"tags":[],"class_list":["post-5422","post","type-post","status-publish","format-standard","has-post-thumbnail","hentry","category-eventi","category-fotografia","category-mostre"],"jetpack_featured_media_url":"https:\/\/www.biancoscuro.it\/site\/wp-content\/uploads\/2017\/05\/6.-Re\u0301my-Markowitsch.jpg","jetpack_sharing_enabled":true,"jetpack-related-posts":[{"id":2967,"url":"https:\/\/www.biancoscuro.it\/site\/industria-oggi-immagini-contemporanee-dalla-collezione-mast\/","url_meta":{"origin":5422,"position":0},"title":"INDUSTRIA, OGGI   Immagini contemporanee dalla collezione MAST","author":"Chiara","date":"20 Agosto 2015","format":false,"excerpt":"Fino al 6 settembre \u00e8 in corso al MAST a Bologna la mostra fotografica Industria, oggi curata da Urs Stahel, responsabile della collezione di\u00a0fotografia industriale del noto spazio bolognese. MAST presenta con\u00a0Industria, oggi,\u00a0l'immagine dell'industria contemporanea negli scatti di ventiquattro artisti e fotografi moderni, proponendo una riflessione sulla rappresentazione del paesaggio\u2026","rel":"","context":"In &quot;arte&quot;","block_context":{"text":"arte","link":"https:\/\/www.biancoscuro.it\/site\/category\/arte\/"},"img":{"alt_text":"biancoscuro - industria now","src":"https:\/\/i0.wp.com\/www.biancoscuro.it\/site\/wp-content\/uploads\/2015\/08\/Schermata-2015-08-20-alle-10.31.20-1024x611.png?resize=350%2C200","width":350,"height":200,"srcset":"https:\/\/i0.wp.com\/www.biancoscuro.it\/site\/wp-content\/uploads\/2015\/08\/Schermata-2015-08-20-alle-10.31.20-1024x611.png?resize=350%2C200 1x, https:\/\/i0.wp.com\/www.biancoscuro.it\/site\/wp-content\/uploads\/2015\/08\/Schermata-2015-08-20-alle-10.31.20-1024x611.png?resize=525%2C300 1.5x"},"classes":[]},{"id":10354,"url":"https:\/\/www.biancoscuro.it\/site\/uniform-le-divise-da-lavoro-in-600-scatti-di-fotografi-internazionali-al-mast-a-bologna\/","url_meta":{"origin":5422,"position":1},"title":"UNIFORM. Le divise da lavoro in 600 scatti di fotografi internazionali al MAST a Bologna","author":"Chiara","date":"5 Febbraio 2020","format":false,"excerpt":"Ha da poco inaugurato al MAST a Bologna il nuovo progetto espositivo UNIFORM INTO THE WORK\/OUT OF THE WORK\u00a0, curato da Urs Stahel, dedicato alle uniformi da lavoro\u00a0che, attraverso\u00a0oltre 600 scatti di grandi fotografi internazionali,\u00a0mostra le molteplici tipologie di abbigliamento indossate dai lavoratori in contesti storici, sociali e professionali\u00a0differenti. UNIFORM\u2026","rel":"","context":"In &quot;arte&quot;","block_context":{"text":"arte","link":"https:\/\/www.biancoscuro.it\/site\/category\/arte\/"},"img":{"alt_text":"","src":"https:\/\/i0.wp.com\/www.biancoscuro.it\/site\/wp-content\/uploads\/2020\/02\/19.-Sebastia%CC%83o-Salgado.jpg?resize=350%2C200&ssl=1","width":350,"height":200,"srcset":"https:\/\/i0.wp.com\/www.biancoscuro.it\/site\/wp-content\/uploads\/2020\/02\/19.-Sebastia%CC%83o-Salgado.jpg?resize=350%2C200&ssl=1 1x, https:\/\/i0.wp.com\/www.biancoscuro.it\/site\/wp-content\/uploads\/2020\/02\/19.-Sebastia%CC%83o-Salgado.jpg?resize=525%2C300&ssl=1 1.5x, https:\/\/i0.wp.com\/www.biancoscuro.it\/site\/wp-content\/uploads\/2020\/02\/19.-Sebastia%CC%83o-Salgado.jpg?resize=700%2C400&ssl=1 2x"},"classes":[]},{"id":7241,"url":"https:\/\/www.biancoscuro.it\/site\/al-mast-a-bologna-una-grande-mostra-dedicata-al-fotografo-americano-w-eugene-smith\/","url_meta":{"origin":5422,"position":2},"title":"Al MAST a Bologna una grande mostra dedicata al fotografo americano W. Eugene Smith","author":"Chiara","date":"15 Maggio 2018","format":false,"excerpt":"Apre gioved\u00ec 17 maggio al MAST a Bologna la mostra\u00a0W. EUGENE SMITH: PITTSBURGH\u00a0Ritratto di una citt\u00e0 industriale,\u00a0la prima mostra in Italia interamente dedicata all\u2019opera che il grande fotografo americano ha realizzato a partire dal 1955 sulla citt\u00e0 industriale di Pittsburgh, Pennsylvania. Nel centenario\u00a0della nascita di uno dei protagonisti della fotografia\u2026","rel":"","context":"In &quot;arte&quot;","block_context":{"text":"arte","link":"https:\/\/www.biancoscuro.it\/site\/category\/arte\/"},"img":{"alt_text":"","src":"https:\/\/i0.wp.com\/www.biancoscuro.it\/site\/wp-content\/uploads\/2018\/05\/10.-Eugene-Smith_Workman-in-Mill.jpg?resize=350%2C200&ssl=1","width":350,"height":200,"srcset":"https:\/\/i0.wp.com\/www.biancoscuro.it\/site\/wp-content\/uploads\/2018\/05\/10.-Eugene-Smith_Workman-in-Mill.jpg?resize=350%2C200&ssl=1 1x, https:\/\/i0.wp.com\/www.biancoscuro.it\/site\/wp-content\/uploads\/2018\/05\/10.-Eugene-Smith_Workman-in-Mill.jpg?resize=525%2C300&ssl=1 1.5x, https:\/\/i0.wp.com\/www.biancoscuro.it\/site\/wp-content\/uploads\/2018\/05\/10.-Eugene-Smith_Workman-in-Mill.jpg?resize=700%2C400&ssl=1 2x"},"classes":[]},{"id":11162,"url":"https:\/\/www.biancoscuro.it\/site\/al-mast-a-bologna-la-mostra-della-sesta-edizione-del-mast-foundation-for-photography-grant-on-industry-and-work\/","url_meta":{"origin":5422,"position":3},"title":"A Bologna la sesta edizione del MAST FOUNDATION FOR PHOTOGRAPHY","author":"Chiara","date":"16 Ottobre 2020","format":false,"excerpt":"Fino al 3 gennaio \u00e8 possibile visitare al MAST a Bologna la mostra del sesto concorso biennale per giovani fotografi MAST Photography Grant on Industry and Work, promosso da Fondazione Mast, che offre agli autori emergenti l\u2019opportunit\u00e0 di confrontarsi con le problematiche legate al mondo dell\u2019industria e della tecnica, con\u2026","rel":"","context":"In &quot;arte&quot;","block_context":{"text":"arte","link":"https:\/\/www.biancoscuro.it\/site\/category\/arte\/"},"img":{"alt_text":"","src":"https:\/\/i0.wp.com\/www.biancoscuro.it\/site\/wp-content\/uploads\/2020\/10\/2.-Alinka-Echeverria-Apparent-Feminity-Ada-Installation-View-Section-6.jpg?resize=350%2C200&ssl=1","width":350,"height":200,"srcset":"https:\/\/i0.wp.com\/www.biancoscuro.it\/site\/wp-content\/uploads\/2020\/10\/2.-Alinka-Echeverria-Apparent-Feminity-Ada-Installation-View-Section-6.jpg?resize=350%2C200&ssl=1 1x, https:\/\/i0.wp.com\/www.biancoscuro.it\/site\/wp-content\/uploads\/2020\/10\/2.-Alinka-Echeverria-Apparent-Feminity-Ada-Installation-View-Section-6.jpg?resize=525%2C300&ssl=1 1.5x, https:\/\/i0.wp.com\/www.biancoscuro.it\/site\/wp-content\/uploads\/2020\/10\/2.-Alinka-Echeverria-Apparent-Feminity-Ada-Installation-View-Section-6.jpg?resize=700%2C400&ssl=1 2x"},"classes":[]},{"id":12884,"url":"https:\/\/www.biancoscuro.it\/site\/a-bologna-the-mast-collection-in-mostra-500-straordinarie-immagini-su-lavoro-industria-e-tecnologia\/","url_meta":{"origin":5422,"position":4},"title":"THE MAST COLLECTION: in mostra 500 straordinarie immagini su lavoro, industria e tecnologia","author":"Chiara","date":"10 Febbraio 2022","format":false,"excerpt":"Da oggi al 22 maggio \u00e8 possibile visitare gratuitamente al MAST a Bologna la prima grande esposizione di opere della Collezione della Fondazione MAST: oltre 500 immagini tra fotografie, album, video di 200 grandi fotografi italiani e internazionali e artisti anonimi. La Collezione della Fondazione MAST conta pi\u00f9 di 6000\u2026","rel":"","context":"In &quot;arte&quot;","block_context":{"text":"arte","link":"https:\/\/www.biancoscuro.it\/site\/category\/arte\/"},"img":{"alt_text":"","src":"https:\/\/i0.wp.com\/www.biancoscuro.it\/site\/wp-content\/uploads\/2022\/02\/11.-MAN_RAY_Elettricita%CC%80.-La-casa.jpg?resize=350%2C200&ssl=1","width":350,"height":200,"srcset":"https:\/\/i0.wp.com\/www.biancoscuro.it\/site\/wp-content\/uploads\/2022\/02\/11.-MAN_RAY_Elettricita%CC%80.-La-casa.jpg?resize=350%2C200&ssl=1 1x, https:\/\/i0.wp.com\/www.biancoscuro.it\/site\/wp-content\/uploads\/2022\/02\/11.-MAN_RAY_Elettricita%CC%80.-La-casa.jpg?resize=525%2C300&ssl=1 1.5x, https:\/\/i0.wp.com\/www.biancoscuro.it\/site\/wp-content\/uploads\/2022\/02\/11.-MAN_RAY_Elettricita%CC%80.-La-casa.jpg?resize=700%2C400&ssl=1 2x"},"classes":[]},{"id":10820,"url":"https:\/\/www.biancoscuro.it\/site\/al-mast-a-bologna-riapre-la-doppia-mostra-fotografica-uniform\/","url_meta":{"origin":5422,"position":5},"title":"Al MAST a Bologna riapre la doppia mostra fotografica UNIFORM","author":"Chiara","date":"5 Luglio 2020","format":false,"excerpt":"Dal 4 luglio alla fine di settembre \u00e8 nuovamente possibile visitare al MAST a Bologna le due mostre fotografiche che compongono il progetto espositivo UNIFORM INTO THE WORK\/OUT OF THE WORK, a cura di Urs Stahel. Oltre 600\u00a0scatti\u00a0di grandi fotografi internazionali mostrano le molteplici tipologie di abbigliamento indossate dai lavoratori\u2026","rel":"","context":"In &quot;arte&quot;","block_context":{"text":"arte","link":"https:\/\/www.biancoscuro.it\/site\/category\/arte\/"},"img":{"alt_text":"","src":"https:\/\/i0.wp.com\/www.biancoscuro.it\/site\/wp-content\/uploads\/2020\/07\/12.-Weronika-Ge%CC%A8sicka.jpg?resize=350%2C200&ssl=1","width":350,"height":200,"srcset":"https:\/\/i0.wp.com\/www.biancoscuro.it\/site\/wp-content\/uploads\/2020\/07\/12.-Weronika-Ge%CC%A8sicka.jpg?resize=350%2C200&ssl=1 1x, https:\/\/i0.wp.com\/www.biancoscuro.it\/site\/wp-content\/uploads\/2020\/07\/12.-Weronika-Ge%CC%A8sicka.jpg?resize=525%2C300&ssl=1 1.5x, https:\/\/i0.wp.com\/www.biancoscuro.it\/site\/wp-content\/uploads\/2020\/07\/12.-Weronika-Ge%CC%A8sicka.jpg?resize=700%2C400&ssl=1 2x"},"classes":[]}],"_links":{"self":[{"href":"https:\/\/www.biancoscuro.it\/site\/wp-json\/wp\/v2\/posts\/5422","targetHints":{"allow":["GET"]}}],"collection":[{"href":"https:\/\/www.biancoscuro.it\/site\/wp-json\/wp\/v2\/posts"}],"about":[{"href":"https:\/\/www.biancoscuro.it\/site\/wp-json\/wp\/v2\/types\/post"}],"author":[{"embeddable":true,"href":"https:\/\/www.biancoscuro.it\/site\/wp-json\/wp\/v2\/users\/917"}],"replies":[{"embeddable":true,"href":"https:\/\/www.biancoscuro.it\/site\/wp-json\/wp\/v2\/comments?post=5422"}],"version-history":[{"count":0,"href":"https:\/\/www.biancoscuro.it\/site\/wp-json\/wp\/v2\/posts\/5422\/revisions"}],"wp:featuredmedia":[{"embeddable":true,"href":"https:\/\/www.biancoscuro.it\/site\/wp-json\/wp\/v2\/media\/5427"}],"wp:attachment":[{"href":"https:\/\/www.biancoscuro.it\/site\/wp-json\/wp\/v2\/media?parent=5422"}],"wp:term":[{"taxonomy":"category","embeddable":true,"href":"https:\/\/www.biancoscuro.it\/site\/wp-json\/wp\/v2\/categories?post=5422"},{"taxonomy":"post_tag","embeddable":true,"href":"https:\/\/www.biancoscuro.it\/site\/wp-json\/wp\/v2\/tags?post=5422"}],"curies":[{"name":"wp","href":"https:\/\/api.w.org\/{rel}","templated":true}]}}