{"id":5458,"date":"2017-05-08T17:39:34","date_gmt":"2017-05-08T15:39:34","guid":{"rendered":"http:\/\/www.biancoscuro.it\/site\/?p=5458"},"modified":"2017-05-09T12:24:33","modified_gmt":"2017-05-09T10:24:33","slug":"safet-zec-exodus-ciclo-pittorico-la-chiesa-della-pieta-venezia","status":"publish","type":"post","link":"https:\/\/www.biancoscuro.it\/site\/safet-zec-exodus-ciclo-pittorico-la-chiesa-della-pieta-venezia\/","title":{"rendered":"SAFET ZEC  EXODUS  Ciclo pittorico per la Chiesa della Piet\u00e0 a Venezia"},"content":{"rendered":"<span class=\"span-reading-time rt-reading-time\" style=\"display: block;\"><span class=\"rt-label rt-prefix\">\u23f0 lettura <\/span> <span class=\"rt-time\"> 3<\/span> <span class=\"rt-label rt-postfix\">min. <br><br><\/span><\/span><p><img loading=\"lazy\" decoding=\"async\" class=\"size-medium wp-image-5460 alignleft\" src=\"http:\/\/www.biancoscuro.it\/site\/wp-content\/uploads\/2017\/05\/18278110_809064892577924_1717624143131403095_o-211x300.jpg\" alt=\"\" width=\"211\" height=\"300\" srcset=\"https:\/\/www.biancoscuro.it\/site\/wp-content\/uploads\/2017\/05\/18278110_809064892577924_1717624143131403095_o-211x300.jpg 211w, https:\/\/www.biancoscuro.it\/site\/wp-content\/uploads\/2017\/05\/18278110_809064892577924_1717624143131403095_o.jpg 480w\" sizes=\"auto, (max-width: 211px) 100vw, 211px\" \/><strong>A Venezia dal 13 maggio al 30 novembre 2017 la Chiesa della Piet\u00e0 in Riva degli Schiavoni, per la prima volta nella sua storia secolare, accoglie una mostra, EXODUS, dedicata al tema attuale e bruciante della migrazione, realizzata dal grande maestro bosniaco, italiano di adozione, Safet ZEC considerato dalla critica internazionale artista di straordinarie qualit\u00e0 espressive.<\/strong><\/p>\n<p>L\u2019esposizione, che \u00a0fin dal titolo richiama la dimensione biblica dell\u2019esodo di migliaia di migranti giunti in Europa, \u00e8 insolita e straordinaria poich\u00e9 imperniata pi\u00f9 che su singole opere su <strong>un ciclo organico di fi<\/strong><strong>gurazioni, creato per questa circostanza dall\u2019artista<\/strong> nel suo studio a San Francesco della Vigna a Venezia (che, eccezionalmente, sar\u00e0 aperto al pubblico durante il periodo della mostra). Gli immensi teleri che compongono i <strong>due straordinari polittici di 10 metri per 3 danno<\/strong> <strong>voce e forma al grido di denuncia contro ogni guerra e contro la tragedia della migrazione, della condizione alienante del rifugiato.<\/strong><\/p>\n<p>L\u2019ispirazione e l\u2019impulso a creare ex-novo le opere che compongono <strong>EXODUS<\/strong>, <strong>Safet ZEC<\/strong> li ha sentiti nascere dentro di s\u00e9 come un\u2019esigenza irrinunciabile e prorompente proprio nel momento in cui entr\u00f2 <strong>per la prima volta dentro questa Chiesa e nella sua storia<\/strong>.<\/p>\n<p><strong>Nei suoi grandi pannelli dipinti con tecnica mista allestiti nello spazio sacro della Chiesa della Piet\u00e0, in dialogo con i capolavori di Tiepolo &#8211; sottolinea il curatore Giandomenico Roma<\/strong><strong>nelli &#8211; <em>Zec ritrova le linee portanti della sua ricerca trentennale, impegno contro ogni guerra e la feroce inutilit\u00e0 della violenza.<\/em><\/strong><\/p>\n<p>Ed \u00e8 attraverso l\u2019arte che Safet Zec rinnova ed esprime il suo grido di dolore e di denuncia, con intensa e profonda umanit\u00e0, lasciando parlare i volti e le figure che animano le sue opere. Una tragedia espressa in abbracci estremi, mani che coprono volti lacerati, lacrime pietrificate, braccia e mani disperate tese fino allo spasimo, per aggrapparsi, per tentare di non soccombere, per chiedere aiuto, misericordia, accoglienza. Per chiedere giustizia, libert\u00e0, amore.<br \/>\nUn grido che in <strong>EXODUS<\/strong> si traduce in una sequenza di figure dolenti e disperate, nelle quali la presenza di bambini cui tutto viene sottratto, anche il futuro ma dove, forse, alberga ancora la speranza di trovare accoglienza in una altra terra, in un altro mondo, lasciano un segno indelebile.<br \/>\nTutto questo risulta essere la denuncia pi\u00f9 cruda e alta contro la violenza ottusa e feroce della guerra, di una distruzione pensata, voluta e organizzata da uomini contro altri uomini.Portatore di un dolore profondo e radicato, che nelle sue opere raggiunge vette di grandissima forza espressiva ed emotiva, Zec \u00e8 nuovamente a scuoterci, a condurci a riflettere sull\u2019assurdit\u00e0 delle sofferenze, dei traumi fisici e psicologici, ma anche sociali, che intere popolazioni sono costrette a subire a causa dei conflitti che si scatenano nei loro territori, massacrati, violentati, nelle loro citt\u00e0 ridotte a cumuli di terra e macerie, spazzate via, insieme alla loro vita quotidiana, alla loro identit\u00e0, alla loro esistenza.<\/p>\n<p><img loading=\"lazy\" decoding=\"async\" class=\"alignnone size-medium wp-image-5461\" src=\"http:\/\/www.biancoscuro.it\/site\/wp-content\/uploads\/2017\/05\/Exodus_2017-particolare_02-300x200.jpg\" alt=\"\" width=\"300\" height=\"200\" srcset=\"https:\/\/www.biancoscuro.it\/site\/wp-content\/uploads\/2017\/05\/Exodus_2017-particolare_02-300x200.jpg 300w, https:\/\/www.biancoscuro.it\/site\/wp-content\/uploads\/2017\/05\/Exodus_2017-particolare_02-768x512.jpg 768w, https:\/\/www.biancoscuro.it\/site\/wp-content\/uploads\/2017\/05\/Exodus_2017-particolare_02-1024x683.jpg 1024w, https:\/\/www.biancoscuro.it\/site\/wp-content\/uploads\/2017\/05\/Exodus_2017-particolare_02-600x400.jpg 600w, https:\/\/www.biancoscuro.it\/site\/wp-content\/uploads\/2017\/05\/Exodus_2017-particolare_02.jpg 1200w\" sizes=\"auto, (max-width: 300px) 100vw, 300px\" \/>\u00a0\u00a0\u00a0 <img loading=\"lazy\" decoding=\"async\" class=\"alignnone size-medium wp-image-5464\" src=\"http:\/\/www.biancoscuro.it\/site\/wp-content\/uploads\/2017\/05\/Exodus_2017-particolare_01-300x257.jpg\" alt=\"\" width=\"300\" height=\"257\" srcset=\"https:\/\/www.biancoscuro.it\/site\/wp-content\/uploads\/2017\/05\/Exodus_2017-particolare_01-300x257.jpg 300w, https:\/\/www.biancoscuro.it\/site\/wp-content\/uploads\/2017\/05\/Exodus_2017-particolare_01-768x659.jpg 768w, https:\/\/www.biancoscuro.it\/site\/wp-content\/uploads\/2017\/05\/Exodus_2017-particolare_01-1024x878.jpg 1024w, https:\/\/www.biancoscuro.it\/site\/wp-content\/uploads\/2017\/05\/Exodus_2017-particolare_01-600x515.jpg 600w, https:\/\/www.biancoscuro.it\/site\/wp-content\/uploads\/2017\/05\/Exodus_2017-particolare_01.jpg 1200w\" sizes=\"auto, (max-width: 300px) 100vw, 300px\" \/>\u00a0\u00a0 <img loading=\"lazy\" decoding=\"async\" class=\"size-medium wp-image-5462 alignleft\" src=\"http:\/\/www.biancoscuro.it\/site\/wp-content\/uploads\/2017\/05\/Exodus_2017-particolare_04-200x300.jpg\" alt=\"\" width=\"200\" height=\"300\" srcset=\"https:\/\/www.biancoscuro.it\/site\/wp-content\/uploads\/2017\/05\/Exodus_2017-particolare_04-200x300.jpg 200w, https:\/\/www.biancoscuro.it\/site\/wp-content\/uploads\/2017\/05\/Exodus_2017-particolare_04-768x1152.jpg 768w, https:\/\/www.biancoscuro.it\/site\/wp-content\/uploads\/2017\/05\/Exodus_2017-particolare_04-683x1024.jpg 683w, https:\/\/www.biancoscuro.it\/site\/wp-content\/uploads\/2017\/05\/Exodus_2017-particolare_04-600x900.jpg 600w, https:\/\/www.biancoscuro.it\/site\/wp-content\/uploads\/2017\/05\/Exodus_2017-particolare_04.jpg 867w\" sizes=\"auto, (max-width: 200px) 100vw, 200px\" \/><\/p>\n<p>&nbsp;<\/p>\n<p>L\u2019imponente ciclo pittorico realizzato da Safet Zec espressamente per questo spazio sacro aggiunge nuove vibranti note emotive al contesto artistico, architettonico e musicale che caratterizza la Piet\u00e0, istituzione benefica fondata nel 1346 che da secoli a Venezia e nel mondo \u00e8 sinonimo di accoglienza e tutela dell\u2019infanzia abbandonata, ma anche di eccellenza musicale.<\/p>\n<p>EXODUS \u00e8 un emozionante itinerario che permette al visitatore di arrivare a comprendere anche l\u2019intimit\u00e0 artistica di Zec, una conoscenza che pu\u00f2 essere approfondita anche entrando nel suo studio. Basta lasciarsi alle spalle la cosmopolita e affollata Riva degli Schiavoni per dirigersi oltre l\u2019Arsenale, nel cuore della Venezia pi\u00f9 autentica e defilata, a un passo dai padiglioni della Biennale, di fronte alla facciata Palladiana di San Francesco della Vigna, nella calle omonima al numero 2817.<\/p>\n<p>&nbsp;<\/p>\n<pre><em><strong>Inaugurazione\r\nVenerd\u00ec 12 maggio 2017 - ore 12.00<\/strong><\/em>\r\n Venezia, Chiesa della Piet\u00e0, Riva degli Schiavoni\r\n\r\n<strong>La mostra rimarr\u00e0 aperta fino al 30 novembre 2017<\/strong>\r\n Orari 10.00 - 18.00\r\n Chiuso il luned\u00ec\r\n <span style=\"text-decoration: underline;\"><strong>Ingresso gratuito<\/strong><\/span>\r\n\r\nPer informazioni: \r\nChiesa della Piet\u00e0\u00a0 \r\ncultura@pietavenezia.org<\/pre>\n<p>&nbsp;<\/p>\n","protected":false},"excerpt":{"rendered":"<p><span class=\"span-reading-time rt-reading-time\" style=\"display: block;\"><span class=\"rt-label rt-prefix\">\u23f0 lettura <\/span> <span class=\"rt-time\"> 3<\/span> <span class=\"rt-label rt-postfix\">min. <\/p>\n<p><\/span><\/span>A Venezia dal 13 maggio al 30 novembre 2017 la Chiesa della Piet\u00e0 in Riva degli Schiavoni, per la prima volta nella sua storia secolare, accoglie una mostra, EXODUS, dedicata al tema attuale e bruciante della migrazione, realizzata dal grande maestro bosniaco, italiano di adozione, Safet ZEC considerato dalla critica internazionale artista di straordinarie qualit\u00e0&hellip;&nbsp;<a href=\"https:\/\/www.biancoscuro.it\/site\/safet-zec-exodus-ciclo-pittorico-la-chiesa-della-pieta-venezia\/\" rel=\"bookmark\">Leggi tutto &raquo;<span class=\"screen-reader-text\">SAFET ZEC  EXODUS  Ciclo pittorico per la Chiesa della Piet\u00e0 a Venezia<\/span><\/a><\/p>\n","protected":false},"author":917,"featured_media":5459,"comment_status":"closed","ping_status":"closed","sticky":false,"template":"","format":"standard","meta":{"neve_meta_sidebar":"","neve_meta_container":"","neve_meta_enable_content_width":"","neve_meta_content_width":0,"neve_meta_title_alignment":"","neve_meta_author_avatar":"","neve_post_elements_order":"","neve_meta_disable_header":"","neve_meta_disable_footer":"","neve_meta_disable_title":"","advanced_seo_description":"","jetpack_seo_html_title":"","jetpack_seo_noindex":false,"footnotes":""},"categories":[5,26,334,24,6],"tags":[],"class_list":["post-5458","post","type-post","status-publish","format-standard","has-post-thumbnail","hentry","category-arte","category-eventi","category-installazioni","category-mostre","category-pittura"],"jetpack_featured_media_url":"https:\/\/www.biancoscuro.it\/site\/wp-content\/uploads\/2017\/05\/exodus_2017-copertina.jpg","jetpack_sharing_enabled":true,"jetpack-related-posts":[{"id":5815,"url":"https:\/\/www.biancoscuro.it\/site\/blue-moods-expo-alessandro-cinardo\/","url_meta":{"origin":5458,"position":0},"title":"Blue Moods | Expo di Alessandro Cinardo","author":"Redazione BIANCOSCURO","date":"22 Agosto 2017","format":false,"excerpt":"Nel periodo pi\u00f9 importante che la citt\u00e0 di Venezia pu\u00f2 vantare ACCORSIARTE presenta in Mostra le straordinarie ed evocative opere dell\u2019artista torinese ALESSANDRO CINARDO. Dal 3 al 13 Settembre in concomitanza alla 57\u00b0 Biennale d\u2019Arte ed al 74\u00b0 Festival del Cinema, la mostra dal titolo \u00a0BLUE MOODS vede protagoniste le\u2026","rel":"","context":"In &quot;arte&quot;","block_context":{"text":"arte","link":"https:\/\/www.biancoscuro.it\/site\/category\/arte\/"},"img":{"alt_text":"","src":"https:\/\/i0.wp.com\/www.biancoscuro.it\/site\/wp-content\/uploads\/2017\/08\/CINARDO-18.jpg?resize=350%2C200","width":350,"height":200,"srcset":"https:\/\/i0.wp.com\/www.biancoscuro.it\/site\/wp-content\/uploads\/2017\/08\/CINARDO-18.jpg?resize=350%2C200 1x, https:\/\/i0.wp.com\/www.biancoscuro.it\/site\/wp-content\/uploads\/2017\/08\/CINARDO-18.jpg?resize=525%2C300 1.5x, https:\/\/i0.wp.com\/www.biancoscuro.it\/site\/wp-content\/uploads\/2017\/08\/CINARDO-18.jpg?resize=700%2C400 2x"},"classes":[]},{"id":18737,"url":"https:\/\/www.biancoscuro.it\/site\/elaborating-new-codes-venezia\/","url_meta":{"origin":5458,"position":1},"title":"Elaborating New Codes &#8211; VENEZIA","author":"Redazione BIANCOSCURO","date":"11 Agosto 2025","format":false,"excerpt":"Codici d'Arte a Palazzo Ferro Fini:Il Genio di Gianmaria Potenza! Ciao a tutti, amici dell'arte! Il nostro BIANCOSCURO Art Tour ci ha portati in una location che \u00e8 una vera perla: Palazzo Ferro Fini a Venezia, sede del Consiglio Regionale del Veneto. Siamo qui per la mostra di un Maestro\u2026","rel":"","context":"In &quot;Art Tour&quot;","block_context":{"text":"Art Tour","link":"https:\/\/www.biancoscuro.it\/site\/category\/art-tour\/"},"img":{"alt_text":"","src":"https:\/\/i0.wp.com\/www.biancoscuro.it\/site\/wp-content\/uploads\/2025\/08\/ELABORATING-NEW-CODES-POTENZA-VENEZIA_2025_Art-Tour_BIANCOSCURO_Walkthrough_Highlights_sito.jpg?resize=350%2C200&ssl=1","width":350,"height":200,"srcset":"https:\/\/i0.wp.com\/www.biancoscuro.it\/site\/wp-content\/uploads\/2025\/08\/ELABORATING-NEW-CODES-POTENZA-VENEZIA_2025_Art-Tour_BIANCOSCURO_Walkthrough_Highlights_sito.jpg?resize=350%2C200&ssl=1 1x, https:\/\/i0.wp.com\/www.biancoscuro.it\/site\/wp-content\/uploads\/2025\/08\/ELABORATING-NEW-CODES-POTENZA-VENEZIA_2025_Art-Tour_BIANCOSCURO_Walkthrough_Highlights_sito.jpg?resize=525%2C300&ssl=1 1.5x, https:\/\/i0.wp.com\/www.biancoscuro.it\/site\/wp-content\/uploads\/2025\/08\/ELABORATING-NEW-CODES-POTENZA-VENEZIA_2025_Art-Tour_BIANCOSCURO_Walkthrough_Highlights_sito.jpg?resize=700%2C400&ssl=1 2x, https:\/\/i0.wp.com\/www.biancoscuro.it\/site\/wp-content\/uploads\/2025\/08\/ELABORATING-NEW-CODES-POTENZA-VENEZIA_2025_Art-Tour_BIANCOSCURO_Walkthrough_Highlights_sito.jpg?resize=1050%2C600&ssl=1 3x, https:\/\/i0.wp.com\/www.biancoscuro.it\/site\/wp-content\/uploads\/2025\/08\/ELABORATING-NEW-CODES-POTENZA-VENEZIA_2025_Art-Tour_BIANCOSCURO_Walkthrough_Highlights_sito.jpg?resize=1400%2C800&ssl=1 4x"},"classes":[]},{"id":13562,"url":"https:\/\/www.biancoscuro.it\/site\/emozioni-di-colori\/","url_meta":{"origin":5458,"position":2},"title":"Emozioni di colori","author":"Renzo Capecchi","date":"31 Maggio 2022","format":false,"excerpt":"Renzo Gianella \"Colonna\", 2019, smalto e acrilico su tela, 30x40 cm Si inaugura mercoled\u00ec 16 giugno 2022 alle ore 16 la grande rassegna artistica EMOZIONI DI COLORI in occasione della 59 \u00b0 esposizione Internazionale d\u2019 Arte della Biennale di Venezia 2022 a San MARCO 4013 A nel Palazzo Revedin Pisani\u2026","rel":"","context":"In &quot;arte&quot;","block_context":{"text":"arte","link":"https:\/\/www.biancoscuro.it\/site\/category\/arte\/"},"img":{"alt_text":"renzo gianella - colonna","src":"https:\/\/i0.wp.com\/www.biancoscuro.it\/site\/wp-content\/uploads\/2022\/06\/Renzo-Gianella-Titolo-Colonna-30x40-smalto-acrilico-2019.jpg?resize=350%2C200&ssl=1","width":350,"height":200,"srcset":"https:\/\/i0.wp.com\/www.biancoscuro.it\/site\/wp-content\/uploads\/2022\/06\/Renzo-Gianella-Titolo-Colonna-30x40-smalto-acrilico-2019.jpg?resize=350%2C200&ssl=1 1x, https:\/\/i0.wp.com\/www.biancoscuro.it\/site\/wp-content\/uploads\/2022\/06\/Renzo-Gianella-Titolo-Colonna-30x40-smalto-acrilico-2019.jpg?resize=525%2C300&ssl=1 1.5x, https:\/\/i0.wp.com\/www.biancoscuro.it\/site\/wp-content\/uploads\/2022\/06\/Renzo-Gianella-Titolo-Colonna-30x40-smalto-acrilico-2019.jpg?resize=700%2C400&ssl=1 2x"},"classes":[]},{"id":12554,"url":"https:\/\/www.biancoscuro.it\/site\/il-mito-di-venezia-in-una-grande-mostra-al-castello-di-novara\/","url_meta":{"origin":5458,"position":3},"title":"Il mito di Venezia in una grande mostra al Castello di Novara","author":"Chiara","date":"16 Novembre 2021","format":false,"excerpt":"Nelle sale del Castello Visconteo Sforzesco di Novara \u00e8 stata da poco inaugurata la mostra IL MITO DI VENEZIA da Hayez alla Biennale, a cura di Elisabetta Chiodini, organizzata da Mets Percorsi d\u2019arte, Fondazione Castello e Comune di Novara per celebrare i 1600 anni della citt\u00e0 di Venezia, la cui\u2026","rel":"","context":"In &quot;arte&quot;","block_context":{"text":"arte","link":"https:\/\/www.biancoscuro.it\/site\/category\/arte\/"},"img":{"alt_text":"","src":"https:\/\/i0.wp.com\/www.biancoscuro.it\/site\/wp-content\/uploads\/2021\/11\/9.-Ciardi-G.-Veduta-della-laguna-veneziana-1882-olio-su-tela-62-x-102-cm.jpg?resize=350%2C200&ssl=1","width":350,"height":200,"srcset":"https:\/\/i0.wp.com\/www.biancoscuro.it\/site\/wp-content\/uploads\/2021\/11\/9.-Ciardi-G.-Veduta-della-laguna-veneziana-1882-olio-su-tela-62-x-102-cm.jpg?resize=350%2C200&ssl=1 1x, https:\/\/i0.wp.com\/www.biancoscuro.it\/site\/wp-content\/uploads\/2021\/11\/9.-Ciardi-G.-Veduta-della-laguna-veneziana-1882-olio-su-tela-62-x-102-cm.jpg?resize=525%2C300&ssl=1 1.5x, https:\/\/i0.wp.com\/www.biancoscuro.it\/site\/wp-content\/uploads\/2021\/11\/9.-Ciardi-G.-Veduta-della-laguna-veneziana-1882-olio-su-tela-62-x-102-cm.jpg?resize=700%2C400&ssl=1 2x, https:\/\/i0.wp.com\/www.biancoscuro.it\/site\/wp-content\/uploads\/2021\/11\/9.-Ciardi-G.-Veduta-della-laguna-veneziana-1882-olio-su-tela-62-x-102-cm.jpg?resize=1050%2C600&ssl=1 3x"},"classes":[]},{"id":17612,"url":"https:\/\/www.biancoscuro.it\/site\/il-realismo-poetico-di-safet-zec-alla-biennale-arte-di-venezia\/","url_meta":{"origin":5458,"position":4},"title":"Il realismo poetico di Safet ZEC alla Biennale Art di Venezia","author":"Chiara","date":"23 Settembre 2024","format":false,"excerpt":"Fino al 24 novembre \u00e8 possibile ammirare le opere del maestro bosniaco, italiano d'adozione, Safet Zec al Padiglione Venezia della 60.Esposizione Internazionale d\u2019Arte Biennale di Venezia in un percorso alla scoperta di un artista fuori dal tempo e dagli schemi. Figura centrale del movimento artistico chiamato \u201cRealismo poetico\u201d e considerato\u2026","rel":"","context":"In &quot;arte&quot;","block_context":{"text":"arte","link":"https:\/\/www.biancoscuro.it\/site\/category\/arte\/"},"img":{"alt_text":"","src":"https:\/\/i0.wp.com\/www.biancoscuro.it\/site\/wp-content\/uploads\/2024\/09\/11.-Safet-Zec-Donna-o-Madre-con-bambino-2024.jpg?resize=350%2C200&ssl=1","width":350,"height":200,"srcset":"https:\/\/i0.wp.com\/www.biancoscuro.it\/site\/wp-content\/uploads\/2024\/09\/11.-Safet-Zec-Donna-o-Madre-con-bambino-2024.jpg?resize=350%2C200&ssl=1 1x, https:\/\/i0.wp.com\/www.biancoscuro.it\/site\/wp-content\/uploads\/2024\/09\/11.-Safet-Zec-Donna-o-Madre-con-bambino-2024.jpg?resize=525%2C300&ssl=1 1.5x, https:\/\/i0.wp.com\/www.biancoscuro.it\/site\/wp-content\/uploads\/2024\/09\/11.-Safet-Zec-Donna-o-Madre-con-bambino-2024.jpg?resize=700%2C400&ssl=1 2x"},"classes":[]},{"id":5311,"url":"https:\/\/www.biancoscuro.it\/site\/viva-arte-viva\/","url_meta":{"origin":5458,"position":5},"title":"VIVA ARTE VIVA","author":"Vincenzo Chetta","date":"4 Aprile 2017","format":false,"excerpt":"La Biennale di Venezia 57. Esposizione Internazionale d\u2019Arte Aprir\u00e0 al pubblico sabato 13 maggio, ai Giardini e all\u2019Arsenale, la 57. Esposizione Internazionale d\u2019Arte dal titolo VIVA ARTE VIVA, curata da Christine Macel e organizzata dalla Biennale di Venezia, presieduta da Paolo Baratta. Quest\u2019anno la Mostra sar\u00e0 affiancata da 85 partecipazioni\u2026","rel":"","context":"In &quot;art magazine&quot;","block_context":{"text":"art magazine","link":"https:\/\/www.biancoscuro.it\/site\/category\/art-magazine\/"},"img":{"alt_text":"","src":"https:\/\/i0.wp.com\/www.biancoscuro.it\/site\/wp-content\/uploads\/2017\/04\/2000Padiglione-Centrale_Giardini_Photo-by-Francesco-Galli.jpg?resize=350%2C200&ssl=1","width":350,"height":200,"srcset":"https:\/\/i0.wp.com\/www.biancoscuro.it\/site\/wp-content\/uploads\/2017\/04\/2000Padiglione-Centrale_Giardini_Photo-by-Francesco-Galli.jpg?resize=350%2C200&ssl=1 1x, https:\/\/i0.wp.com\/www.biancoscuro.it\/site\/wp-content\/uploads\/2017\/04\/2000Padiglione-Centrale_Giardini_Photo-by-Francesco-Galli.jpg?resize=525%2C300&ssl=1 1.5x, https:\/\/i0.wp.com\/www.biancoscuro.it\/site\/wp-content\/uploads\/2017\/04\/2000Padiglione-Centrale_Giardini_Photo-by-Francesco-Galli.jpg?resize=700%2C400&ssl=1 2x, https:\/\/i0.wp.com\/www.biancoscuro.it\/site\/wp-content\/uploads\/2017\/04\/2000Padiglione-Centrale_Giardini_Photo-by-Francesco-Galli.jpg?resize=1050%2C600&ssl=1 3x, https:\/\/i0.wp.com\/www.biancoscuro.it\/site\/wp-content\/uploads\/2017\/04\/2000Padiglione-Centrale_Giardini_Photo-by-Francesco-Galli.jpg?resize=1400%2C800&ssl=1 4x"},"classes":[]}],"_links":{"self":[{"href":"https:\/\/www.biancoscuro.it\/site\/wp-json\/wp\/v2\/posts\/5458","targetHints":{"allow":["GET"]}}],"collection":[{"href":"https:\/\/www.biancoscuro.it\/site\/wp-json\/wp\/v2\/posts"}],"about":[{"href":"https:\/\/www.biancoscuro.it\/site\/wp-json\/wp\/v2\/types\/post"}],"author":[{"embeddable":true,"href":"https:\/\/www.biancoscuro.it\/site\/wp-json\/wp\/v2\/users\/917"}],"replies":[{"embeddable":true,"href":"https:\/\/www.biancoscuro.it\/site\/wp-json\/wp\/v2\/comments?post=5458"}],"version-history":[{"count":0,"href":"https:\/\/www.biancoscuro.it\/site\/wp-json\/wp\/v2\/posts\/5458\/revisions"}],"wp:featuredmedia":[{"embeddable":true,"href":"https:\/\/www.biancoscuro.it\/site\/wp-json\/wp\/v2\/media\/5459"}],"wp:attachment":[{"href":"https:\/\/www.biancoscuro.it\/site\/wp-json\/wp\/v2\/media?parent=5458"}],"wp:term":[{"taxonomy":"category","embeddable":true,"href":"https:\/\/www.biancoscuro.it\/site\/wp-json\/wp\/v2\/categories?post=5458"},{"taxonomy":"post_tag","embeddable":true,"href":"https:\/\/www.biancoscuro.it\/site\/wp-json\/wp\/v2\/tags?post=5458"}],"curies":[{"name":"wp","href":"https:\/\/api.w.org\/{rel}","templated":true}]}}