{"id":5513,"date":"2017-05-15T19:38:41","date_gmt":"2017-05-15T17:38:41","guid":{"rendered":"http:\/\/www.biancoscuro.it\/site\/?p=5513"},"modified":"2017-05-24T08:32:07","modified_gmt":"2017-05-24T06:32:07","slug":"variazioni-sulla-durata-24-ore-performance-incontri-pubblico","status":"publish","type":"post","link":"https:\/\/www.biancoscuro.it\/site\/variazioni-sulla-durata-24-ore-performance-incontri-pubblico\/","title":{"rendered":"VARIAZIONI SULLA DURATA \/ 24 ore di performance e di incontri con il pubblico"},"content":{"rendered":"<span class=\"span-reading-time rt-reading-time\" style=\"display: block;\"><span class=\"rt-label rt-prefix\">\u23f0 lettura <\/span> <span class=\"rt-time\"> 2<\/span> <span class=\"rt-label rt-postfix\">min. <br><br><\/span><\/span><p style=\"text-align: center;\"><img loading=\"lazy\" decoding=\"async\" class=\"aligncenter size-full wp-image-5514\" src=\"http:\/\/www.biancoscuro.it\/site\/wp-content\/uploads\/2017\/05\/VARIAZIONI-SULLA-DURATA-web-1.jpg\" alt=\"\" width=\"620\" height=\"465\" srcset=\"https:\/\/www.biancoscuro.it\/site\/wp-content\/uploads\/2017\/05\/VARIAZIONI-SULLA-DURATA-web-1.jpg 620w, https:\/\/www.biancoscuro.it\/site\/wp-content\/uploads\/2017\/05\/VARIAZIONI-SULLA-DURATA-web-1-300x225.jpg 300w, https:\/\/www.biancoscuro.it\/site\/wp-content\/uploads\/2017\/05\/VARIAZIONI-SULLA-DURATA-web-1-600x450.jpg 600w\" sizes=\"auto, (max-width: 620px) 100vw, 620px\" \/><\/p>\n<p><strong>VARIAZIONI SULLA DURATA \/ 24 ore di performance e di incontri con il pubblico<\/strong><\/p>\n<p><strong>A cura di Maurizio Coccia<\/strong><\/p>\n<p><strong>18 maggio 2017 dalle ore 20.00 | Spazio VARCO | L\u2019Aquila<br \/>\n<\/strong><\/p>\n<p><strong>Fino alle ore 20.00 del 19 maggio 2017<\/strong><\/p>\n<p>Il <strong>18 maggio <\/strong>2017 alle <strong>ore 20.00<\/strong>, presso <strong>Spazio<\/strong> <strong>VARCO<\/strong> a L\u2019Aquila, inaugura <strong>\u201cVARIAZIONI SULLA DURATA\u201d<\/strong> <strong>24 ore di performance e di incontri con il pubblico<\/strong> fino alle <strong>20.00 del 19 maggio<\/strong> 2017.<\/p>\n<p>L\u2019iniziativa \u00e8 ideata e curata da <strong>Maurizio Coccia<\/strong> con la collaborazione e la partecipazione di <strong>Margherita Morgantin<\/strong>, <strong>Italo Zuffi<\/strong> e <strong>Andrea Panarelli<\/strong> e con la collaborazione dell\u2019<em>Accademia di Belle Arti de L\u2019Aquila<\/em>.<\/p>\n<p>Le performance vedono la partecipazione degli studenti dell\u2019<strong>Accademia di Belle Arti de L\u2019Aquila<\/strong>.<\/p>\n<p>Interverranno inoltre relatori provenienti da diversi ambiti professionali che porteranno la loro testimonianza sul tema della <em>durata<\/em> nella loro attivit\u00e0.<\/p>\n<p>\u201c(&#8230;) Nel contesto aquilano, credo che il linguaggio artistico pi\u00f9 adatto sia la performance. Intanto ci risparmia l\u2019estetica pornografica delle rovine. Poi, \u00e8 una pratica inflessibile. Non ammette ripensamenti. Ci\u00f2 che \u00e8 fatto, \u00e8 fatto. Infine si fonda su tre modalit\u00e0 espressive ormai diventate, in citt\u00e0, categorie esistenziali: precariet\u00e0, instabilit\u00e0, imprevedibilit\u00e0.<\/p>\n<p>Allo spazio VARCO, da tempo, si sta svolgendo una guerra incruenta. Una serie di battaglie pacifiche vi sta avendo luogo. L\u00ec, l\u2019arte e la cultura si giocano la partita fronteggiando numerose avversit\u00e0. Perch\u00e9 non \u00e8 nato con una vocazione espositiva. Non \u00e8 facilmente raggiungibile \u2013 n\u00e9 visibile \u2013 circondato com\u2019\u00e8 da cantieri. Non c\u2019\u00e8 riscaldamento. Non c\u2019\u00e8 corrente elettrica. Mancano, in sintesi, i requisiti minimi per qualunque, dignitosa, attivit\u00e0 pubblica.<\/p>\n<p>Eppure, VARCO \u00e8 l\u00ec. Esiste. Alieno da ogni patetismo si propone strenuamente quale paladino della cultura contemporanea. Nonostante le polveri sottili, i ponteggi e la metafisica sospensione della vita nel centro storico, la sua attivit\u00e0 \u00e8 continua, dura.<\/p>\n<p>Qui sta il nodo centrale. Il concetto di durata \u00e8 il fulcro intorno al quale gira l\u2019idea. Durata come persistenza e resistenza. Certo. Ma non solo. La durata riguarda anche all\u2019autonomia del generatore che garantisce la corrente elettrica. \u00c8 il simbolo dell\u2019energia. Parallelamente metafora e significato letterale di sussistenza. Di sopravvivenza.<\/p>\n<p>Da l\u00ec alla maratona, il passo \u00e8 stato breve. \u00c8 una formula valida sia come mezzo sia come fine. Ventiquattr\u2019ore di azioni artistiche. E relatori eterogenei. Momenti conviviali. Musica. Studenti. Curiosi. Cittadini. Un fluire ininterrotto. A dare il ritmo, il rifornimento del generatore.<\/p>\n<p>Gli eroi della normalit\u00e0, cos\u00ec, possono ballare sulla faglia.\u201d (<em>dal testo critico \u201cBallando sulla Faglia\u201d di<\/em> <em>Maurizio Coccia<\/em>)<\/p>\n<p><strong>VARCO verdiartecontemporanea <\/strong>\u00e8 uno spazio che apre ad una dimensione contemporanea in un contesto precario e transitorio nel centro storico de L&#8217;Aquila. Il progetto VARCO \u00e8 sostenuto dalla <em>Fondazione Carispaq, Raffaelle Panarelli, Melfi Costruzioni, Metania, dalla <\/em><em>asd MACO L\u2019Aquila C5 e Art Caf\u00e8 L\u2019Aquila<\/em> come sponsor tecnico.<\/p>\n<pre><strong>INFO<\/strong>\r\n\r\n<strong>VARIAZIONI SULLA DURATA<\/strong>\r\n <strong>24 ore di performance e di incontri con il pubblico\r\n Ideazione e cura<\/strong>: Maurizio Coccia\r\n <strong>Con la collaborazione di<\/strong>: Margherita Morgantin, Italo Zuffi, Andrea Panarelli\r\n <strong>Con la collaborazione<\/strong> dell\u2019Accademia di Belle Arti di L\u2019Aquila\r\n <strong>e con la partecipazione<\/strong> degli studenti dell\u2019Accademia di Belle Arti di L\u2019Aquila\r\n\r\n<strong>Dalle ore 20.00 del 18 maggio 2017 fino alle ore 20.00 del 19 maggio 2017\r\n Ingresso gratuito\r\n <\/strong>\r\n<strong>Spazio VARCO verdiartecontemporanea <\/strong>\r\n Via Giuseppe Verdi 6\/8 L\u2019Aquila\r\n spaziovarco@gmail.com\u00a0\u00a0 \r\n www.v-ar-co.com\r\n\r\n<\/pre>\n","protected":false},"excerpt":{"rendered":"<p><span class=\"span-reading-time rt-reading-time\" style=\"display: block;\"><span class=\"rt-label rt-prefix\">\u23f0 lettura <\/span> <span class=\"rt-time\"> 2<\/span> <span class=\"rt-label rt-postfix\">min. <\/p>\n<p><\/span><\/span>VARIAZIONI SULLA DURATA \/ 24 ore di performance e di incontri con il pubblico A cura di Maurizio Coccia 18 maggio 2017 dalle ore 20.00 | Spazio VARCO | L\u2019Aquila Fino alle ore 20.00 del 19 maggio 2017 Il 18 maggio 2017 alle ore 20.00, presso Spazio VARCO a L\u2019Aquila, inaugura \u201cVARIAZIONI SULLA DURATA\u201d 24&hellip;&nbsp;<a href=\"https:\/\/www.biancoscuro.it\/site\/variazioni-sulla-durata-24-ore-performance-incontri-pubblico\/\" rel=\"bookmark\">Leggi tutto &raquo;<span class=\"screen-reader-text\">VARIAZIONI SULLA DURATA \/ 24 ore di performance e di incontri con il pubblico<\/span><\/a><\/p>\n","protected":false},"author":980,"featured_media":5514,"comment_status":"closed","ping_status":"closed","sticky":false,"template":"","format":"standard","meta":{"neve_meta_sidebar":"","neve_meta_container":"","neve_meta_enable_content_width":"","neve_meta_content_width":0,"neve_meta_title_alignment":"","neve_meta_author_avatar":"","neve_post_elements_order":"","neve_meta_disable_header":"","neve_meta_disable_footer":"","neve_meta_disable_title":"","advanced_seo_description":"","jetpack_seo_html_title":"","jetpack_seo_noindex":false,"footnotes":""},"categories":[5,26,24,676],"tags":[693],"class_list":["post-5513","post","type-post","status-publish","format-standard","has-post-thumbnail","hentry","category-arte","category-eventi","category-mostre","category-performance","tag-spazio-varco"],"jetpack_featured_media_url":"https:\/\/www.biancoscuro.it\/site\/wp-content\/uploads\/2017\/05\/VARIAZIONI-SULLA-DURATA-web-1.jpg","jetpack_sharing_enabled":true,"jetpack-related-posts":[{"id":3748,"url":"https:\/\/www.biancoscuro.it\/site\/flow-flew-flaw-giovanni-paolo-fedele\/","url_meta":{"origin":5513,"position":0},"title":"\u201cflow. flew. flaw.\u201d di Giovanni Paolo Fedele","author":"Roberta Melasecca","date":"20 Aprile 2016","format":false,"excerpt":"\u201cflow. flew. flaw.\u201d di Giovanni Paolo Fedele a cura di Alberta Romano Il giorno 30 aprile 2016 alle ore 18.00, presso Spazio VARCO a L'Aquila, inaugura flow. flew. flaw. prima mostra personale di Giovanni Paolo Fedele a cura di Alberta Romano. Dopo una ricerca durata oltre un anno e mezzo,\u2026","rel":"","context":"In &quot;arte&quot;","block_context":{"text":"arte","link":"https:\/\/www.biancoscuro.it\/site\/category\/arte\/"},"img":{"alt_text":"","src":"https:\/\/i0.wp.com\/www.biancoscuro.it\/site\/wp-content\/uploads\/2016\/04\/immagine.jpg?resize=350%2C200&ssl=1","width":350,"height":200,"srcset":"https:\/\/i0.wp.com\/www.biancoscuro.it\/site\/wp-content\/uploads\/2016\/04\/immagine.jpg?resize=350%2C200&ssl=1 1x, https:\/\/i0.wp.com\/www.biancoscuro.it\/site\/wp-content\/uploads\/2016\/04\/immagine.jpg?resize=525%2C300&ssl=1 1.5x, https:\/\/i0.wp.com\/www.biancoscuro.it\/site\/wp-content\/uploads\/2016\/04\/immagine.jpg?resize=700%2C400&ssl=1 2x"},"classes":[]},{"id":4047,"url":"https:\/\/www.biancoscuro.it\/site\/wildnis-lucilla-candeloro\/","url_meta":{"origin":5513,"position":1},"title":"\u201cWildnis\u201d di Lucilla Candeloro","author":"Roberta Melasecca","date":"11 Giugno 2016","format":false,"excerpt":"\u201cWildnis\u201d di Lucilla Candeloro con un testo critico di Marco Trulli 18 giugno 2016 ore 18 Spazio VARCO | L\u2019Aquila Il 18 giugno 2016 alle ore 18.00, Spazio VARCO a L'Aquila presenta Wildnis, mostra personale di Lucilla Candeloro con un testo critico di Marco Trulli. \u201cLa ricerca di Lucilla Candeloro\u2026","rel":"","context":"In &quot;arte&quot;","block_context":{"text":"arte","link":"https:\/\/www.biancoscuro.it\/site\/category\/arte\/"},"img":{"alt_text":"immagine-lucilla - MAIL","src":"https:\/\/i0.wp.com\/www.biancoscuro.it\/site\/wp-content\/uploads\/2016\/06\/immagine-lucilla-MAIL.jpg?resize=350%2C200","width":350,"height":200,"srcset":"https:\/\/i0.wp.com\/www.biancoscuro.it\/site\/wp-content\/uploads\/2016\/06\/immagine-lucilla-MAIL.jpg?resize=350%2C200 1x, https:\/\/i0.wp.com\/www.biancoscuro.it\/site\/wp-content\/uploads\/2016\/06\/immagine-lucilla-MAIL.jpg?resize=525%2C300 1.5x"},"classes":[]},{"id":5526,"url":"https:\/\/www.biancoscuro.it\/site\/maria-pacheco-cibils-fuoco-della-rigenerazione\/","url_meta":{"origin":5513,"position":2},"title":"Maria Pacheco Cibils. \u201cFuoco o della Rigenerazione\u201d","author":"Roberta Melasecca","date":"21 Maggio 2017","format":false,"excerpt":"Maria Pacheco Cibils. \u201cFuoco o della Rigenerazione\u201d Testo critico in catalogo di Barbara Martusciello 24 maggio 2017 ore 18.00 | Biblioteca Angelica \u2013 Galleria | Roma Mercoled\u00ec 24 maggio 2017 alle ore 18.00 si inaugura a Roma la mostra di pittura \u201cFuoco o della Rigenerazione\u201d dell\u2019artista argentino-portoghese Maria Pacheco Cibils,\u2026","rel":"","context":"In &quot;arte&quot;","block_context":{"text":"arte","link":"https:\/\/www.biancoscuro.it\/site\/category\/arte\/"},"img":{"alt_text":"","src":"https:\/\/i0.wp.com\/www.biancoscuro.it\/site\/wp-content\/uploads\/2017\/05\/Maria-Pacheco-Cibils-Fuoco-web-1.jpg?resize=350%2C200&ssl=1","width":350,"height":200,"srcset":"https:\/\/i0.wp.com\/www.biancoscuro.it\/site\/wp-content\/uploads\/2017\/05\/Maria-Pacheco-Cibils-Fuoco-web-1.jpg?resize=350%2C200&ssl=1 1x, https:\/\/i0.wp.com\/www.biancoscuro.it\/site\/wp-content\/uploads\/2017\/05\/Maria-Pacheco-Cibils-Fuoco-web-1.jpg?resize=525%2C300&ssl=1 1.5x"},"classes":[]},{"id":10573,"url":"https:\/\/www.biancoscuro.it\/site\/nora-lux-solve-et-coagula-performance-in-streaming\/","url_meta":{"origin":5513,"position":3},"title":"Nora Lux. Solve et coagula &#8211; Performance in streaming","author":"Roberta Melasecca","date":"28 Aprile 2020","format":false,"excerpt":"7 maggio 2020 ore 20.00 performance in streaming e diretta Fb21 maggio 2020 ore 20.00 performance in streaming e diretta Fb Canova 22 | Via Antonio Canova 22 - Roma Nei giorni 7 e 21 maggio 2020, Canova 22 presenta il progetto Solve et Coagula di Nora Lux, accompagnato dai\u2026","rel":"","context":"In &quot;arte&quot;","block_context":{"text":"arte","link":"https:\/\/www.biancoscuro.it\/site\/category\/arte\/"},"img":{"alt_text":"","src":"https:\/\/i0.wp.com\/www.biancoscuro.it\/site\/wp-content\/uploads\/2020\/04\/SOLVE-ET-COLAGULA-NORA-LUX.jpg?resize=350%2C200&ssl=1","width":350,"height":200,"srcset":"https:\/\/i0.wp.com\/www.biancoscuro.it\/site\/wp-content\/uploads\/2020\/04\/SOLVE-ET-COLAGULA-NORA-LUX.jpg?resize=350%2C200&ssl=1 1x, https:\/\/i0.wp.com\/www.biancoscuro.it\/site\/wp-content\/uploads\/2020\/04\/SOLVE-ET-COLAGULA-NORA-LUX.jpg?resize=525%2C300&ssl=1 1.5x, https:\/\/i0.wp.com\/www.biancoscuro.it\/site\/wp-content\/uploads\/2020\/04\/SOLVE-ET-COLAGULA-NORA-LUX.jpg?resize=700%2C400&ssl=1 2x"},"classes":[]},{"id":12247,"url":"https:\/\/www.biancoscuro.it\/site\/laquila-dei-sogni-installazione-di-ernesto-pugliese\/","url_meta":{"origin":5513,"position":4},"title":"L&#8217;Aquila dei sogni &#8211; Installazione di Ernesto Pugliese","author":"Roberta Melasecca","date":"19 Agosto 2021","format":false,"excerpt":"Il giorno 26 agosto 2021 alle ore 20.00, durante i giorni della Perdonanza Celestiniana, Ernesto Pugliese presenta l\u2019installazione L\u2019Aquila dei sogni, presso il Cortile di Palazzo Ciolina, nel cuore del centro storico de L\u2019Aquila.\u00a0 Tornare a L\u2019Aquila dopo un decennio, ripercorrendo i luoghi degli anni di studi universitari in una\u2026","rel":"","context":"In &quot;arte&quot;","block_context":{"text":"arte","link":"https:\/\/www.biancoscuro.it\/site\/category\/arte\/"},"img":{"alt_text":"","src":"https:\/\/i0.wp.com\/www.biancoscuro.it\/site\/wp-content\/uploads\/2021\/08\/copertina-fb2-scaled.jpg?resize=350%2C200&ssl=1","width":350,"height":200,"srcset":"https:\/\/i0.wp.com\/www.biancoscuro.it\/site\/wp-content\/uploads\/2021\/08\/copertina-fb2-scaled.jpg?resize=350%2C200&ssl=1 1x, https:\/\/i0.wp.com\/www.biancoscuro.it\/site\/wp-content\/uploads\/2021\/08\/copertina-fb2-scaled.jpg?resize=525%2C300&ssl=1 1.5x, https:\/\/i0.wp.com\/www.biancoscuro.it\/site\/wp-content\/uploads\/2021\/08\/copertina-fb2-scaled.jpg?resize=700%2C400&ssl=1 2x, https:\/\/i0.wp.com\/www.biancoscuro.it\/site\/wp-content\/uploads\/2021\/08\/copertina-fb2-scaled.jpg?resize=1050%2C600&ssl=1 3x, https:\/\/i0.wp.com\/www.biancoscuro.it\/site\/wp-content\/uploads\/2021\/08\/copertina-fb2-scaled.jpg?resize=1400%2C800&ssl=1 4x"},"classes":[]},{"id":19488,"url":"https:\/\/www.biancoscuro.it\/site\/chantal-spapens-performance-ecstatic-extinction\/","url_meta":{"origin":5513,"position":5},"title":"Chantal Spapens &#8211; Performance\u00a0Ecstatic Extinction","author":"Roberta Melasecca","date":"18 Aprile 2026","format":false,"excerpt":"Venerd\u00ec 24 aprile 2026 alle ore 20.00 PROSA_contemporanea off sitepresenta la performance Ecstatic Extinction What are we doing after the orgy?di Chantal Spapens, un progetto prodotto da Amelia Roccatelli per PROSA_contemporaneacon la direzione artistica di Colin Ledoux.\u00a0 La performance inaugura uno dei progetti di PROSA_contemporanea che si svolge fuori dalle\u2026","rel":"","context":"In &quot;arte&quot;","block_context":{"text":"arte","link":"https:\/\/www.biancoscuro.it\/site\/category\/arte\/"},"img":{"alt_text":"","src":"https:\/\/i0.wp.com\/www.biancoscuro.it\/site\/wp-content\/uploads\/2026\/04\/Immagine-copertina-Chantal-Spapens.jpg?resize=350%2C200&ssl=1","width":350,"height":200,"srcset":"https:\/\/i0.wp.com\/www.biancoscuro.it\/site\/wp-content\/uploads\/2026\/04\/Immagine-copertina-Chantal-Spapens.jpg?resize=350%2C200&ssl=1 1x, https:\/\/i0.wp.com\/www.biancoscuro.it\/site\/wp-content\/uploads\/2026\/04\/Immagine-copertina-Chantal-Spapens.jpg?resize=525%2C300&ssl=1 1.5x, https:\/\/i0.wp.com\/www.biancoscuro.it\/site\/wp-content\/uploads\/2026\/04\/Immagine-copertina-Chantal-Spapens.jpg?resize=700%2C400&ssl=1 2x, https:\/\/i0.wp.com\/www.biancoscuro.it\/site\/wp-content\/uploads\/2026\/04\/Immagine-copertina-Chantal-Spapens.jpg?resize=1050%2C600&ssl=1 3x"},"classes":[]}],"_links":{"self":[{"href":"https:\/\/www.biancoscuro.it\/site\/wp-json\/wp\/v2\/posts\/5513","targetHints":{"allow":["GET"]}}],"collection":[{"href":"https:\/\/www.biancoscuro.it\/site\/wp-json\/wp\/v2\/posts"}],"about":[{"href":"https:\/\/www.biancoscuro.it\/site\/wp-json\/wp\/v2\/types\/post"}],"author":[{"embeddable":true,"href":"https:\/\/www.biancoscuro.it\/site\/wp-json\/wp\/v2\/users\/980"}],"replies":[{"embeddable":true,"href":"https:\/\/www.biancoscuro.it\/site\/wp-json\/wp\/v2\/comments?post=5513"}],"version-history":[{"count":0,"href":"https:\/\/www.biancoscuro.it\/site\/wp-json\/wp\/v2\/posts\/5513\/revisions"}],"wp:featuredmedia":[{"embeddable":true,"href":"https:\/\/www.biancoscuro.it\/site\/wp-json\/wp\/v2\/media\/5514"}],"wp:attachment":[{"href":"https:\/\/www.biancoscuro.it\/site\/wp-json\/wp\/v2\/media?parent=5513"}],"wp:term":[{"taxonomy":"category","embeddable":true,"href":"https:\/\/www.biancoscuro.it\/site\/wp-json\/wp\/v2\/categories?post=5513"},{"taxonomy":"post_tag","embeddable":true,"href":"https:\/\/www.biancoscuro.it\/site\/wp-json\/wp\/v2\/tags?post=5513"}],"curies":[{"name":"wp","href":"https:\/\/api.w.org\/{rel}","templated":true}]}}