{"id":5559,"date":"2017-05-24T17:52:17","date_gmt":"2017-05-24T15:52:17","guid":{"rendered":"http:\/\/www.biancoscuro.it\/site\/?p=5559"},"modified":"2017-05-24T17:52:17","modified_gmt":"2017-05-24T15:52:17","slug":"le-opere-del-grande-pittore-carlo-mattioli-mostra-fontanellato-al-labirinto-della-masone","status":"publish","type":"post","link":"https:\/\/www.biancoscuro.it\/site\/le-opere-del-grande-pittore-carlo-mattioli-mostra-fontanellato-al-labirinto-della-masone\/","title":{"rendered":"Le opere del grande pittore CARLO MATTIOLI in mostra a Fontanellato al Labirinto della Masone"},"content":{"rendered":"<span class=\"span-reading-time rt-reading-time\" style=\"display: block;\"><span class=\"rt-label rt-prefix\">\u23f0 lettura <\/span> <span class=\"rt-time\"> 2<\/span> <span class=\"rt-label rt-postfix\">min. <br><br><\/span><\/span><p><strong>Apre sabato 27 maggio la mostra dedicata al grande pittore CARLO MATTIOLI al Labirinto della Masone a Fontanellato (Parma), <\/strong><strong>curata da Fondazione Franco Maria Ricci e Archivio Mattioli.<\/strong><\/p>\n<p>Modenese di nascita ma parmigiano d\u2019adozione, <strong>Carlo Mattioli (1911-1994) \u00e8 stato una delle figure pi\u00f9 rilevanti nell\u2019arte italiana del Novecento<\/strong>.<\/p>\n<p>Costituita da <strong>una sessantina di opere, molte delle quali inedite<\/strong>, accuratamente scelte nella vasta produzione del pittore da Sandro Parmiggiani e Anna Zaniboni Mattioli, nipote dell\u2019artista e responsabile dell\u2019Archivio, <strong>la mostra copre trent\u2019anni dell\u2019opera del Maestro<\/strong>, dal 1961 al 1993 e presenta i dipinti pi\u00f9 rappresentativi dei cicli che hanno reso noto Mattioli: dagli <strong>intensi Nudi<\/strong> alle <strong>materiche Nature morte<\/strong>, dai <strong>rivisitati Cestini del Caravaggio<\/strong> ai <strong>poetici Alberi<\/strong> e ai <strong>personalissimi Ritratti<\/strong>, dai <strong>sublimi Paesaggi<\/strong> alle <strong>luminose Spiagge della Versilia<\/strong>, dalle<strong> Aigues Mortes<\/strong> ai <strong>Campi di grano e papaveri<\/strong>.<\/p>\n<p>La mostra intende anche celebrare l\u2019uscita del <strong>Catalogo Generale dei dipinti, realizzato da Franco Maria Ricci<\/strong> con la <strong>prefazione di Enzo Bianchi<\/strong>, fondatore della Comunit\u00e0 di Bose, i <strong>testi critici di Vittorio Sgarbi e Marco Vallora<\/strong>, <strong>la biografia aggiornata dell\u2019artista a cura di Marzio Dall\u2019Acqua<\/strong>. Contiene inoltre la bibliografia completa, l\u2019indice di tutte le esposizioni personali e collettive, l\u2019elenco di tutti i 2700 dipinti schedati e circa 150 riproduzioni a colori di grandi dimensioni delle opere pi\u00f9 rappresentative dell\u2019artista, selezionate dall\u2019Editore stesso.<br \/>\nLo <strong>Studio Museo del pittore nel Secentesco Palazzo Smeraldi accanto al Duomo di Parma<\/strong> \u00e8 stato conservato nello spirito e nell\u2019atmosfera originale cos\u00ec come l\u2019artista lo ha lasciato: ecco davanti a noi, come se Mattioli ne fosse appena uscito, le tavolozze, i pennelli, la giacca imbrattata di mille colori, i tubetti ancora aperti e le opere compiute ed incompiute. Le grandi stanze, vibranti di memorie, visitate dai pi\u00f9 grandi intellettuali del Novecento, trasmettono ancora il soffio vitale della sua carismatica personalit\u00e0.<\/p>\n<p>Grazie all\u2019impegno delle Istituzioni di Parma e dell\u2019Archivio Mattioli, <strong>\u00e8 in programma anche una mostra collaterale, <em>Nella pagina e nello spazio. Mattioli illustratore e scenografo<\/em>, alla Biblioteca Palatina di Parma (27 maggio \u2013 22 settembre )<\/strong> dove saranno esposti i libri, vere edizioni d\u2019arte, affiancate dai disegni originali realizzati da Mattioli per la casa editrice Guanda negli anni Quaranta e Cinquanta. E per la prima volta usciranno dallo studio dell\u2019artista i bozzetti di scene e costumi di un inedito Mattioli artista per il teatro.<\/p>\n<p>La mostra dedicata a Carlo Mattioli rappresenta una occasione imperdibile per scoprire o riscoprire l\u2019opera di un artista sorprendente, moderno e, come scrive Sgarbi: \u201ccon autenticit\u00e0 di visioni e di emozioni [\u2026] e sempre a cavallo tra figurazione e astrazione\u201d.<\/p>\n<div id='gallery-1' class='gallery galleryid-5559 gallery-columns-7 gallery-size-medium'><figure class='gallery-item'>\n\t\t\t<div class='gallery-icon portrait'>\n\t\t\t\t<a href='https:\/\/www.biancoscuro.it\/site\/le-opere-del-grande-pittore-carlo-mattioli-mostra-fontanellato-al-labirinto-della-masone\/16-carlo-mattioli-paesaggio-destate-1973-olio-su-tela-95x75-2\/'><img loading=\"lazy\" decoding=\"async\" width=\"235\" height=\"300\" src=\"https:\/\/www.biancoscuro.it\/site\/wp-content\/uploads\/2017\/05\/16.-Carlo-Mattioli-Paesaggio-destate-1973-olio-su-tela-95x75-1-235x300.jpg\" class=\"attachment-medium size-medium\" alt=\"\" srcset=\"https:\/\/www.biancoscuro.it\/site\/wp-content\/uploads\/2017\/05\/16.-Carlo-Mattioli-Paesaggio-destate-1973-olio-su-tela-95x75-1-235x300.jpg 235w, https:\/\/www.biancoscuro.it\/site\/wp-content\/uploads\/2017\/05\/16.-Carlo-Mattioli-Paesaggio-destate-1973-olio-su-tela-95x75-1-768x979.jpg 768w, https:\/\/www.biancoscuro.it\/site\/wp-content\/uploads\/2017\/05\/16.-Carlo-Mattioli-Paesaggio-destate-1973-olio-su-tela-95x75-1-600x765.jpg 600w, https:\/\/www.biancoscuro.it\/site\/wp-content\/uploads\/2017\/05\/16.-Carlo-Mattioli-Paesaggio-destate-1973-olio-su-tela-95x75-1.jpg 800w\" sizes=\"auto, (max-width: 235px) 100vw, 235px\" \/><\/a>\n\t\t\t<\/div><\/figure><figure class='gallery-item'>\n\t\t\t<div class='gallery-icon portrait'>\n\t\t\t\t<a href='https:\/\/www.biancoscuro.it\/site\/le-opere-del-grande-pittore-carlo-mattioli-mostra-fontanellato-al-labirinto-della-masone\/34-carlo-mattioli-ritratto-di-morandi-1969-olio-su-tela-50x50\/'><img loading=\"lazy\" decoding=\"async\" width=\"292\" height=\"300\" src=\"https:\/\/www.biancoscuro.it\/site\/wp-content\/uploads\/2017\/05\/34.-Carlo-Mattioli-Ritratto-di-Morandi-1969-olio-su-tela-50x50-292x300.jpg\" class=\"attachment-medium size-medium\" alt=\"\" srcset=\"https:\/\/www.biancoscuro.it\/site\/wp-content\/uploads\/2017\/05\/34.-Carlo-Mattioli-Ritratto-di-Morandi-1969-olio-su-tela-50x50-292x300.jpg 292w, https:\/\/www.biancoscuro.it\/site\/wp-content\/uploads\/2017\/05\/34.-Carlo-Mattioli-Ritratto-di-Morandi-1969-olio-su-tela-50x50-768x790.jpg 768w, https:\/\/www.biancoscuro.it\/site\/wp-content\/uploads\/2017\/05\/34.-Carlo-Mattioli-Ritratto-di-Morandi-1969-olio-su-tela-50x50-600x617.jpg 600w, https:\/\/www.biancoscuro.it\/site\/wp-content\/uploads\/2017\/05\/34.-Carlo-Mattioli-Ritratto-di-Morandi-1969-olio-su-tela-50x50.jpg 800w\" sizes=\"auto, (max-width: 292px) 100vw, 292px\" \/><\/a>\n\t\t\t<\/div><\/figure><figure class='gallery-item'>\n\t\t\t<div class='gallery-icon portrait'>\n\t\t\t\t<a href='https:\/\/www.biancoscuro.it\/site\/le-opere-del-grande-pittore-carlo-mattioli-mostra-fontanellato-al-labirinto-della-masone\/41-carlo-mattioli-nella-versiliana-1982-olio-su-tela-168x120\/'><img loading=\"lazy\" decoding=\"async\" width=\"213\" height=\"300\" src=\"https:\/\/www.biancoscuro.it\/site\/wp-content\/uploads\/2017\/05\/41.-Carlo-Mattioli-Nella-Versiliana-1982.-olio-su-tela-168x120-213x300.jpg\" class=\"attachment-medium size-medium\" alt=\"\" srcset=\"https:\/\/www.biancoscuro.it\/site\/wp-content\/uploads\/2017\/05\/41.-Carlo-Mattioli-Nella-Versiliana-1982.-olio-su-tela-168x120-213x300.jpg 213w, https:\/\/www.biancoscuro.it\/site\/wp-content\/uploads\/2017\/05\/41.-Carlo-Mattioli-Nella-Versiliana-1982.-olio-su-tela-168x120-768x1082.jpg 768w, https:\/\/www.biancoscuro.it\/site\/wp-content\/uploads\/2017\/05\/41.-Carlo-Mattioli-Nella-Versiliana-1982.-olio-su-tela-168x120-727x1024.jpg 727w, https:\/\/www.biancoscuro.it\/site\/wp-content\/uploads\/2017\/05\/41.-Carlo-Mattioli-Nella-Versiliana-1982.-olio-su-tela-168x120-600x845.jpg 600w, https:\/\/www.biancoscuro.it\/site\/wp-content\/uploads\/2017\/05\/41.-Carlo-Mattioli-Nella-Versiliana-1982.-olio-su-tela-168x120.jpg 800w\" sizes=\"auto, (max-width: 213px) 100vw, 213px\" \/><\/a>\n\t\t\t<\/div><\/figure><figure class='gallery-item'>\n\t\t\t<div class='gallery-icon portrait'>\n\t\t\t\t<a href='https:\/\/www.biancoscuro.it\/site\/le-opere-del-grande-pittore-carlo-mattioli-mostra-fontanellato-al-labirinto-della-masone\/3-carlo-mattioli-dal-cestino-del-caravaggio-1967-olio-su-tela-45x40\/'><img loading=\"lazy\" decoding=\"async\" width=\"268\" height=\"300\" src=\"https:\/\/www.biancoscuro.it\/site\/wp-content\/uploads\/2017\/05\/3.-Carlo-Mattioli-Dal-Cestino-del-Caravaggio-1967-olio-su-tela-45x40-268x300.jpg\" class=\"attachment-medium size-medium\" alt=\"\" srcset=\"https:\/\/www.biancoscuro.it\/site\/wp-content\/uploads\/2017\/05\/3.-Carlo-Mattioli-Dal-Cestino-del-Caravaggio-1967-olio-su-tela-45x40-268x300.jpg 268w, https:\/\/www.biancoscuro.it\/site\/wp-content\/uploads\/2017\/05\/3.-Carlo-Mattioli-Dal-Cestino-del-Caravaggio-1967-olio-su-tela-45x40-768x858.jpg 768w, https:\/\/www.biancoscuro.it\/site\/wp-content\/uploads\/2017\/05\/3.-Carlo-Mattioli-Dal-Cestino-del-Caravaggio-1967-olio-su-tela-45x40-600x671.jpg 600w, https:\/\/www.biancoscuro.it\/site\/wp-content\/uploads\/2017\/05\/3.-Carlo-Mattioli-Dal-Cestino-del-Caravaggio-1967-olio-su-tela-45x40.jpg 800w\" sizes=\"auto, (max-width: 268px) 100vw, 268px\" \/><\/a>\n\t\t\t<\/div><\/figure><figure class='gallery-item'>\n\t\t\t<div class='gallery-icon landscape'>\n\t\t\t\t<a href='https:\/\/www.biancoscuro.it\/site\/le-opere-del-grande-pittore-carlo-mattioli-mostra-fontanellato-al-labirinto-della-masone\/43-carlo-mattioli-nel-pineto-1983-130x150\/'><img loading=\"lazy\" decoding=\"async\" width=\"300\" height=\"259\" src=\"https:\/\/www.biancoscuro.it\/site\/wp-content\/uploads\/2017\/05\/43.-Carlo-Mattioli-Nel-pineto-1983-130x150-300x259.jpg\" class=\"attachment-medium size-medium\" alt=\"\" srcset=\"https:\/\/www.biancoscuro.it\/site\/wp-content\/uploads\/2017\/05\/43.-Carlo-Mattioli-Nel-pineto-1983-130x150-300x259.jpg 300w, https:\/\/www.biancoscuro.it\/site\/wp-content\/uploads\/2017\/05\/43.-Carlo-Mattioli-Nel-pineto-1983-130x150-768x664.jpg 768w, https:\/\/www.biancoscuro.it\/site\/wp-content\/uploads\/2017\/05\/43.-Carlo-Mattioli-Nel-pineto-1983-130x150-600x519.jpg 600w, https:\/\/www.biancoscuro.it\/site\/wp-content\/uploads\/2017\/05\/43.-Carlo-Mattioli-Nel-pineto-1983-130x150.jpg 925w\" sizes=\"auto, (max-width: 300px) 100vw, 300px\" \/><\/a>\n\t\t\t<\/div><\/figure><figure class='gallery-item'>\n\t\t\t<div class='gallery-icon portrait'>\n\t\t\t\t<a href='https:\/\/www.biancoscuro.it\/site\/le-opere-del-grande-pittore-carlo-mattioli-mostra-fontanellato-al-labirinto-della-masone\/24-carlo-mattioli-ritratto-di-ottone-rosai-1969-olio-su-tela-92x75\/'><img loading=\"lazy\" decoding=\"async\" width=\"246\" height=\"300\" src=\"https:\/\/www.biancoscuro.it\/site\/wp-content\/uploads\/2017\/05\/24.-Carlo-Mattioli-Ritratto-di-Ottone-Rosai-1969-olio-su-tela-92x75-246x300.jpg\" class=\"attachment-medium size-medium\" alt=\"\" srcset=\"https:\/\/www.biancoscuro.it\/site\/wp-content\/uploads\/2017\/05\/24.-Carlo-Mattioli-Ritratto-di-Ottone-Rosai-1969-olio-su-tela-92x75-246x300.jpg 246w, https:\/\/www.biancoscuro.it\/site\/wp-content\/uploads\/2017\/05\/24.-Carlo-Mattioli-Ritratto-di-Ottone-Rosai-1969-olio-su-tela-92x75-768x935.jpg 768w, https:\/\/www.biancoscuro.it\/site\/wp-content\/uploads\/2017\/05\/24.-Carlo-Mattioli-Ritratto-di-Ottone-Rosai-1969-olio-su-tela-92x75-600x731.jpg 600w, https:\/\/www.biancoscuro.it\/site\/wp-content\/uploads\/2017\/05\/24.-Carlo-Mattioli-Ritratto-di-Ottone-Rosai-1969-olio-su-tela-92x75.jpg 800w\" sizes=\"auto, (max-width: 246px) 100vw, 246px\" \/><\/a>\n\t\t\t<\/div><\/figure><figure class='gallery-item'>\n\t\t\t<div class='gallery-icon portrait'>\n\t\t\t\t<a href='https:\/\/www.biancoscuro.it\/site\/le-opere-del-grande-pittore-carlo-mattioli-mostra-fontanellato-al-labirinto-della-masone\/38-carlo-mattioli-campo-di-lavanda-1980-olio-su-tela-70x60\/'><img loading=\"lazy\" decoding=\"async\" width=\"260\" height=\"300\" src=\"https:\/\/www.biancoscuro.it\/site\/wp-content\/uploads\/2017\/05\/38.-Carlo-Mattioli-Campo-di-lavanda-1980-olio-su-tela-70x60-260x300.jpg\" class=\"attachment-medium size-medium\" alt=\"\" srcset=\"https:\/\/www.biancoscuro.it\/site\/wp-content\/uploads\/2017\/05\/38.-Carlo-Mattioli-Campo-di-lavanda-1980-olio-su-tela-70x60-260x300.jpg 260w, https:\/\/www.biancoscuro.it\/site\/wp-content\/uploads\/2017\/05\/38.-Carlo-Mattioli-Campo-di-lavanda-1980-olio-su-tela-70x60-768x887.jpg 768w, https:\/\/www.biancoscuro.it\/site\/wp-content\/uploads\/2017\/05\/38.-Carlo-Mattioli-Campo-di-lavanda-1980-olio-su-tela-70x60-600x693.jpg 600w, https:\/\/www.biancoscuro.it\/site\/wp-content\/uploads\/2017\/05\/38.-Carlo-Mattioli-Campo-di-lavanda-1980-olio-su-tela-70x60.jpg 800w\" sizes=\"auto, (max-width: 260px) 100vw, 260px\" \/><\/a>\n\t\t\t<\/div><\/figure><figure class='gallery-item'>\n\t\t\t<div class='gallery-icon portrait'>\n\t\t\t\t<a href='https:\/\/www.biancoscuro.it\/site\/le-opere-del-grande-pittore-carlo-mattioli-mostra-fontanellato-al-labirinto-della-masone\/46-carlo-mattioli-paesaggio-destate-1981-olio-su-tela-64x63\/'><img loading=\"lazy\" decoding=\"async\" width=\"296\" height=\"300\" src=\"https:\/\/www.biancoscuro.it\/site\/wp-content\/uploads\/2017\/05\/46.-Carlo-Mattioli-Paesaggio-destate-1981-olio-su-tela-64x63-296x300.jpg\" class=\"attachment-medium size-medium\" alt=\"\" srcset=\"https:\/\/www.biancoscuro.it\/site\/wp-content\/uploads\/2017\/05\/46.-Carlo-Mattioli-Paesaggio-destate-1981-olio-su-tela-64x63-296x300.jpg 296w, https:\/\/www.biancoscuro.it\/site\/wp-content\/uploads\/2017\/05\/46.-Carlo-Mattioli-Paesaggio-destate-1981-olio-su-tela-64x63-768x780.jpg 768w, https:\/\/www.biancoscuro.it\/site\/wp-content\/uploads\/2017\/05\/46.-Carlo-Mattioli-Paesaggio-destate-1981-olio-su-tela-64x63-600x609.jpg 600w, https:\/\/www.biancoscuro.it\/site\/wp-content\/uploads\/2017\/05\/46.-Carlo-Mattioli-Paesaggio-destate-1981-olio-su-tela-64x63.jpg 800w\" sizes=\"auto, (max-width: 296px) 100vw, 296px\" \/><\/a>\n\t\t\t<\/div><\/figure><figure class='gallery-item'>\n\t\t\t<div class='gallery-icon portrait'>\n\t\t\t\t<a href='https:\/\/www.biancoscuro.it\/site\/le-opere-del-grande-pittore-carlo-mattioli-mostra-fontanellato-al-labirinto-della-masone\/7-carlo-mattioli-paesaggio-1971-olio-su-tela-45x40\/'><img loading=\"lazy\" decoding=\"async\" width=\"263\" height=\"300\" src=\"https:\/\/www.biancoscuro.it\/site\/wp-content\/uploads\/2017\/05\/7.-Carlo-Mattioli-Paesaggio-1971-olio-su-tela-45x40-263x300.jpg\" class=\"attachment-medium size-medium\" alt=\"\" srcset=\"https:\/\/www.biancoscuro.it\/site\/wp-content\/uploads\/2017\/05\/7.-Carlo-Mattioli-Paesaggio-1971-olio-su-tela-45x40-263x300.jpg 263w, https:\/\/www.biancoscuro.it\/site\/wp-content\/uploads\/2017\/05\/7.-Carlo-Mattioli-Paesaggio-1971-olio-su-tela-45x40-768x876.jpg 768w, https:\/\/www.biancoscuro.it\/site\/wp-content\/uploads\/2017\/05\/7.-Carlo-Mattioli-Paesaggio-1971-olio-su-tela-45x40-600x684.jpg 600w, https:\/\/www.biancoscuro.it\/site\/wp-content\/uploads\/2017\/05\/7.-Carlo-Mattioli-Paesaggio-1971-olio-su-tela-45x40.jpg 800w\" sizes=\"auto, (max-width: 263px) 100vw, 263px\" \/><\/a>\n\t\t\t<\/div><\/figure><figure class='gallery-item'>\n\t\t\t<div class='gallery-icon portrait'>\n\t\t\t\t<a href='https:\/\/www.biancoscuro.it\/site\/le-opere-del-grande-pittore-carlo-mattioli-mostra-fontanellato-al-labirinto-della-masone\/37-carlo-mattioli-autoritratto-con-anna-1982-olio-su-tela-80x70\/'><img loading=\"lazy\" decoding=\"async\" width=\"285\" height=\"300\" src=\"https:\/\/www.biancoscuro.it\/site\/wp-content\/uploads\/2017\/05\/37.-Carlo-Mattioli-Autoritratto-con-Anna-1982-olio-su-tela-80x70-285x300.jpg\" class=\"attachment-medium size-medium\" alt=\"\" srcset=\"https:\/\/www.biancoscuro.it\/site\/wp-content\/uploads\/2017\/05\/37.-Carlo-Mattioli-Autoritratto-con-Anna-1982-olio-su-tela-80x70-285x300.jpg 285w, https:\/\/www.biancoscuro.it\/site\/wp-content\/uploads\/2017\/05\/37.-Carlo-Mattioli-Autoritratto-con-Anna-1982-olio-su-tela-80x70-768x808.jpg 768w, https:\/\/www.biancoscuro.it\/site\/wp-content\/uploads\/2017\/05\/37.-Carlo-Mattioli-Autoritratto-con-Anna-1982-olio-su-tela-80x70-600x632.jpg 600w, https:\/\/www.biancoscuro.it\/site\/wp-content\/uploads\/2017\/05\/37.-Carlo-Mattioli-Autoritratto-con-Anna-1982-olio-su-tela-80x70.jpg 800w\" sizes=\"auto, (max-width: 285px) 100vw, 285px\" \/><\/a>\n\t\t\t<\/div><\/figure>\n\t\t<\/div>\n\n","protected":false},"excerpt":{"rendered":"<p><span class=\"span-reading-time rt-reading-time\" style=\"display: block;\"><span class=\"rt-label rt-prefix\">\u23f0 lettura <\/span> <span class=\"rt-time\"> 2<\/span> <span class=\"rt-label rt-postfix\">min. <\/p>\n<p><\/span><\/span>Apre sabato 27 maggio la mostra dedicata al grande pittore CARLO MATTIOLI al Labirinto della Masone a Fontanellato (Parma), curata da Fondazione Franco Maria Ricci e Archivio Mattioli. Modenese di nascita ma parmigiano d\u2019adozione, Carlo Mattioli (1911-1994) \u00e8 stato una delle figure pi\u00f9 rilevanti nell\u2019arte italiana del Novecento. Costituita da una sessantina di opere, molte&hellip;&nbsp;<a href=\"https:\/\/www.biancoscuro.it\/site\/le-opere-del-grande-pittore-carlo-mattioli-mostra-fontanellato-al-labirinto-della-masone\/\" rel=\"bookmark\">Leggi tutto &raquo;<span class=\"screen-reader-text\">Le opere del grande pittore CARLO MATTIOLI in mostra a Fontanellato al Labirinto della Masone<\/span><\/a><\/p>\n","protected":false},"author":917,"featured_media":5560,"comment_status":"closed","ping_status":"closed","sticky":false,"template":"","format":"standard","meta":{"neve_meta_sidebar":"","neve_meta_container":"","neve_meta_enable_content_width":"","neve_meta_content_width":0,"neve_meta_title_alignment":"","neve_meta_author_avatar":"","neve_post_elements_order":"","neve_meta_disable_header":"","neve_meta_disable_footer":"","neve_meta_disable_title":"","advanced_seo_description":"","jetpack_seo_html_title":"","jetpack_seo_noindex":false,"footnotes":""},"categories":[5,21,26,24,6],"tags":[],"class_list":["post-5559","post","type-post","status-publish","format-standard","has-post-thumbnail","hentry","category-arte","category-catalogo-darte","category-eventi","category-mostre","category-pittura"],"jetpack_featured_media_url":"https:\/\/www.biancoscuro.it\/site\/wp-content\/uploads\/2017\/05\/4.-Carlo-Mattioli-Paesaggio-1980-olio-su-tela-cm-150x120.jpg","jetpack_sharing_enabled":true,"jetpack-related-posts":[{"id":2059,"url":"https:\/\/www.biancoscuro.it\/site\/nel-segno-del-colore-galleria-centro-steccata-parma\/","url_meta":{"origin":5559,"position":0},"title":"Nel segno del colore \u2013 Galleria Centro Steccata Parma","author":"Redazione BIANCOSCURO","date":"5 Dicembre 2014","format":false,"excerpt":"NEL SEGNO DEL COLORE dal 6 dicembre al 30 gennaio 2015 Sabato 6 dicembre 2014 ore 17 presso la \"Galleria Centro Steccata\" si inaugurer\u00e0 un\u2019importante selezione di opere realizzate dalla fine degli anni 50 fino a oggi; grandi e giovani Maestri per ripercorrere le tappe salienti della storia dell\u2019arte internazionale\u2026","rel":"","context":"In &quot;arte&quot;","block_context":{"text":"arte","link":"https:\/\/www.biancoscuro.it\/site\/category\/arte\/"},"img":{"alt_text":"","src":"https:\/\/i0.wp.com\/www.biancoscuro.it\/site\/wp-content\/uploads\/2014\/12\/Nel-segno-del-colore.jpg?resize=350%2C200&ssl=1","width":350,"height":200},"classes":[]},{"id":4131,"url":"https:\/\/www.biancoscuro.it\/site\/posibilidad-de-paisaie-le-opere-di-tina-lupo-in-mostra-a-barcellona\/","url_meta":{"origin":5559,"position":1},"title":"&#8220;POSIBILIDAD DE PAISAIE&#8221;: le opere di Tina Lupo in mostra a Barcellona","author":"Redazione BIANCOSCURO","date":"29 Giugno 2016","format":false,"excerpt":"Quattordici Artisti italiani espongono a Barcellona alla BCM Art Gallery Si intitola \u201cPosibilidad de paisaje\" la mostra che aprir\u00e0 che si inaugurer\u00e0 gioved\u00ec 14 luglio a Barcellona, alla BCM Art Gallery. Vi parteciperanno Artisti italiani impegnati da tempo in interessanti indagini formali ed estetiche sul tema del paesaggio contemporaneo, sia\u2026","rel":"","context":"In &quot;arte&quot;","block_context":{"text":"arte","link":"https:\/\/www.biancoscuro.it\/site\/category\/arte\/"},"img":{"alt_text":"","src":"https:\/\/i0.wp.com\/www.biancoscuro.it\/site\/wp-content\/uploads\/2016\/06\/Invito-mostra-a-Barcellona-1.jpg?resize=350%2C200&ssl=1","width":350,"height":200,"srcset":"https:\/\/i0.wp.com\/www.biancoscuro.it\/site\/wp-content\/uploads\/2016\/06\/Invito-mostra-a-Barcellona-1.jpg?resize=350%2C200&ssl=1 1x, https:\/\/i0.wp.com\/www.biancoscuro.it\/site\/wp-content\/uploads\/2016\/06\/Invito-mostra-a-Barcellona-1.jpg?resize=525%2C300&ssl=1 1.5x, https:\/\/i0.wp.com\/www.biancoscuro.it\/site\/wp-content\/uploads\/2016\/06\/Invito-mostra-a-Barcellona-1.jpg?resize=700%2C400&ssl=1 2x"},"classes":[]},{"id":12758,"url":"https:\/\/www.biancoscuro.it\/site\/carlo-levi-e-carlo-ludovico-ragghianti-storia-di-unamicizia-tra-politica-e-arte\/","url_meta":{"origin":5559,"position":2},"title":"Levi e Ragghianti, storia di un&#8217;amicizia tra politica e arte","author":"Chiara","date":"23 Dicembre 2021","format":false,"excerpt":"Alla Fondazione Centro Studi Ragghianti a Lucca \u00e8 stata da poco inaugurata una mostra dedicata a due grandi intellettuali del Novecento, Carlo Levi (Torino, 1902 - Roma, 1975) e Carlo Ludovico Ragghianti (Lucca, 1910 - Firenze, 1987) e al loro fecondo rapporto di amicizia. Realizzata in collaborazione con la Fondazione\u2026","rel":"","context":"In &quot;arte&quot;","block_context":{"text":"arte","link":"https:\/\/www.biancoscuro.it\/site\/category\/arte\/"},"img":{"alt_text":"","src":"https:\/\/i0.wp.com\/www.biancoscuro.it\/site\/wp-content\/uploads\/2021\/12\/LEVI-RAGGHIANTI-Inizio-mostra-scaled.jpg?resize=350%2C200&ssl=1","width":350,"height":200,"srcset":"https:\/\/i0.wp.com\/www.biancoscuro.it\/site\/wp-content\/uploads\/2021\/12\/LEVI-RAGGHIANTI-Inizio-mostra-scaled.jpg?resize=350%2C200&ssl=1 1x, https:\/\/i0.wp.com\/www.biancoscuro.it\/site\/wp-content\/uploads\/2021\/12\/LEVI-RAGGHIANTI-Inizio-mostra-scaled.jpg?resize=525%2C300&ssl=1 1.5x, https:\/\/i0.wp.com\/www.biancoscuro.it\/site\/wp-content\/uploads\/2021\/12\/LEVI-RAGGHIANTI-Inizio-mostra-scaled.jpg?resize=700%2C400&ssl=1 2x, https:\/\/i0.wp.com\/www.biancoscuro.it\/site\/wp-content\/uploads\/2021\/12\/LEVI-RAGGHIANTI-Inizio-mostra-scaled.jpg?resize=1050%2C600&ssl=1 3x, https:\/\/i0.wp.com\/www.biancoscuro.it\/site\/wp-content\/uploads\/2021\/12\/LEVI-RAGGHIANTI-Inizio-mostra-scaled.jpg?resize=1400%2C800&ssl=1 4x"},"classes":[]},{"id":8857,"url":"https:\/\/www.biancoscuro.it\/site\/alla-fondazione-ragghianti-a-lucca-la-mostra-lartista-bambino-infanzia-e-primitivismi-nellarte-italiana-del-primo-novecento\/","url_meta":{"origin":5559,"position":3},"title":"Alla Fondazione Ragghianti a Lucca la mostra L&#8217;artista bambino. Infanzia e primitivismi nell\u2019arte italiana del primo Novecento","author":"Chiara","date":"14 Marzo 2019","format":false,"excerpt":"Nel bellissimo complesso monumentale medievale di San Micheletto a Lucca ha sede la Fondazione \"Centro Studi sull\u2019Arte Licia e Carlo Ludovico Ragghianti\u201d, importante istituzione culturale intitolata a Carlo Ludovico Ragghianti - critico, storico e teorico dell\u2019arte tra i maggiori del XX secolo in Italia - e alla moglie Licia Collobi.\u00a0\u2026","rel":"","context":"In &quot;arte&quot;","block_context":{"text":"arte","link":"https:\/\/www.biancoscuro.it\/site\/category\/arte\/"},"img":{"alt_text":"","src":"https:\/\/i0.wp.com\/www.biancoscuro.it\/site\/wp-content\/uploads\/2019\/03\/3.-Alberto-Magri-Il-bucato-tempera-su-tavola-1913-coll.-privata-002.jpg?resize=350%2C200&ssl=1","width":350,"height":200,"srcset":"https:\/\/i0.wp.com\/www.biancoscuro.it\/site\/wp-content\/uploads\/2019\/03\/3.-Alberto-Magri-Il-bucato-tempera-su-tavola-1913-coll.-privata-002.jpg?resize=350%2C200&ssl=1 1x, https:\/\/i0.wp.com\/www.biancoscuro.it\/site\/wp-content\/uploads\/2019\/03\/3.-Alberto-Magri-Il-bucato-tempera-su-tavola-1913-coll.-privata-002.jpg?resize=525%2C300&ssl=1 1.5x, https:\/\/i0.wp.com\/www.biancoscuro.it\/site\/wp-content\/uploads\/2019\/03\/3.-Alberto-Magri-Il-bucato-tempera-su-tavola-1913-coll.-privata-002.jpg?resize=700%2C400&ssl=1 2x"},"classes":[]},{"id":17162,"url":"https:\/\/www.biancoscuro.it\/site\/concorso-internazionale-del-ritratto-dedicato-a-tiziano-vecellio\/","url_meta":{"origin":5559,"position":4},"title":"Concorso Internazionale del Ritratto Tiziano Vecellio","author":"Sandra Miranda Pattin","date":"10 Aprile 2024","format":false,"excerpt":"Mostra dei finalisti\u00a0 Un evento di arte contemporanea e di valorizzazione delle pratiche interculturali: \u201cConcorso Internazionale del Ritratto dedicato a Tiziano Vecellio\u201d\u00a0 Ancora oggi, nelle opere degli artisti contemporanei, possiamo riconoscere l'eredit\u00e0 ancora viva lasciata da un grande maestro della pittura, quale \u00e8 stato Tiziano Vecellio. Prima del XX secolo\u2026","rel":"","context":"In &quot;acquerelli&quot;","block_context":{"text":"acquerelli","link":"https:\/\/www.biancoscuro.it\/site\/category\/acquerelli\/"},"img":{"alt_text":"","src":"https:\/\/i0.wp.com\/www.biancoscuro.it\/site\/wp-content\/uploads\/2024\/04\/lr_titian_finalist-scaled.jpg?resize=350%2C200&ssl=1","width":350,"height":200,"srcset":"https:\/\/i0.wp.com\/www.biancoscuro.it\/site\/wp-content\/uploads\/2024\/04\/lr_titian_finalist-scaled.jpg?resize=350%2C200&ssl=1 1x, https:\/\/i0.wp.com\/www.biancoscuro.it\/site\/wp-content\/uploads\/2024\/04\/lr_titian_finalist-scaled.jpg?resize=525%2C300&ssl=1 1.5x, https:\/\/i0.wp.com\/www.biancoscuro.it\/site\/wp-content\/uploads\/2024\/04\/lr_titian_finalist-scaled.jpg?resize=700%2C400&ssl=1 2x, https:\/\/i0.wp.com\/www.biancoscuro.it\/site\/wp-content\/uploads\/2024\/04\/lr_titian_finalist-scaled.jpg?resize=1050%2C600&ssl=1 3x, https:\/\/i0.wp.com\/www.biancoscuro.it\/site\/wp-content\/uploads\/2024\/04\/lr_titian_finalist-scaled.jpg?resize=1400%2C800&ssl=1 4x"},"classes":[]},{"id":10246,"url":"https:\/\/www.biancoscuro.it\/site\/bergamo-arte-fiera-italian-fine-art-2020\/","url_meta":{"origin":5559,"position":5},"title":"Bergamo Arte Fiera &#038; Italian Fine Art 2020","author":"Redazione BIANCOSCURO","date":"9 Gennaio 2020","format":false,"excerpt":"Un viaggio tra arte antica, moderna e contemporanea Dall\u201911 al 19 gennaio 2020 Bergamo si trasforma in un punto di riferimento per il panorama artistico italiano con le due manifestazioni fieristiche IFA - Italian Fine Art, e BAF - Bergamo Arte Fiera, organizzate da Ente Fiera Promoberg. IFA, giunta alla\u2026","rel":"","context":"In &quot;art magazine&quot;","block_context":{"text":"art magazine","link":"https:\/\/www.biancoscuro.it\/site\/category\/art-magazine\/"},"img":{"alt_text":"","src":"https:\/\/i0.wp.com\/www.biancoscuro.it\/site\/wp-content\/uploads\/2020\/01\/BAF_1015148.jpg?resize=350%2C200&ssl=1","width":350,"height":200,"srcset":"https:\/\/i0.wp.com\/www.biancoscuro.it\/site\/wp-content\/uploads\/2020\/01\/BAF_1015148.jpg?resize=350%2C200&ssl=1 1x, https:\/\/i0.wp.com\/www.biancoscuro.it\/site\/wp-content\/uploads\/2020\/01\/BAF_1015148.jpg?resize=525%2C300&ssl=1 1.5x, https:\/\/i0.wp.com\/www.biancoscuro.it\/site\/wp-content\/uploads\/2020\/01\/BAF_1015148.jpg?resize=700%2C400&ssl=1 2x"},"classes":[]}],"_links":{"self":[{"href":"https:\/\/www.biancoscuro.it\/site\/wp-json\/wp\/v2\/posts\/5559","targetHints":{"allow":["GET"]}}],"collection":[{"href":"https:\/\/www.biancoscuro.it\/site\/wp-json\/wp\/v2\/posts"}],"about":[{"href":"https:\/\/www.biancoscuro.it\/site\/wp-json\/wp\/v2\/types\/post"}],"author":[{"embeddable":true,"href":"https:\/\/www.biancoscuro.it\/site\/wp-json\/wp\/v2\/users\/917"}],"replies":[{"embeddable":true,"href":"https:\/\/www.biancoscuro.it\/site\/wp-json\/wp\/v2\/comments?post=5559"}],"version-history":[{"count":0,"href":"https:\/\/www.biancoscuro.it\/site\/wp-json\/wp\/v2\/posts\/5559\/revisions"}],"wp:featuredmedia":[{"embeddable":true,"href":"https:\/\/www.biancoscuro.it\/site\/wp-json\/wp\/v2\/media\/5560"}],"wp:attachment":[{"href":"https:\/\/www.biancoscuro.it\/site\/wp-json\/wp\/v2\/media?parent=5559"}],"wp:term":[{"taxonomy":"category","embeddable":true,"href":"https:\/\/www.biancoscuro.it\/site\/wp-json\/wp\/v2\/categories?post=5559"},{"taxonomy":"post_tag","embeddable":true,"href":"https:\/\/www.biancoscuro.it\/site\/wp-json\/wp\/v2\/tags?post=5559"}],"curies":[{"name":"wp","href":"https:\/\/api.w.org\/{rel}","templated":true}]}}