{"id":5601,"date":"2017-06-06T22:47:58","date_gmt":"2017-06-06T20:47:58","guid":{"rendered":"http:\/\/www.biancoscuro.it\/site\/?p=5601"},"modified":"2017-06-06T22:48:23","modified_gmt":"2017-06-06T20:48:23","slug":"dario-carratta-sniff-my-leather-jacket","status":"publish","type":"post","link":"https:\/\/www.biancoscuro.it\/site\/dario-carratta-sniff-my-leather-jacket\/","title":{"rendered":"Dario Carratta | Sniff my leather jacket"},"content":{"rendered":"<span class=\"span-reading-time rt-reading-time\" style=\"display: block;\"><span class=\"rt-label rt-prefix\">\u23f0 lettura <\/span> <span class=\"rt-time\"> 2<\/span> <span class=\"rt-label rt-postfix\">min. <br><br><\/span><\/span><p>Marted\u00ec 20 giugno apre <em>Sniff my leather jacket, <\/em>personale di Dario Carratta e ultima mostra della stagione espositiva della <strong>Richter Fine Art<\/strong> che, durante il suo primo anno di vita, ha organizzato quattro mostre tutte dedicate alla pittura, fil rouge della programmazione della galleria.<\/p>\n<p>Torna, stavolta come unico autore, uno degli artisti che avevano partecipato alla prima collettiva d\u2019inaugurazione, a chiudere simbolicamente il cerchio di questa prima stagione espositiva. <strong>Dario Carratta<\/strong> (Gallipoli, 1988) il pi\u00f9 giovane tra gli artisti della galleria, utilizza la pittura per trasferire su tela visioni distopiche, animate da personaggi al limite tra la fisicit\u00e0 del reale e l\u2019evanescenza del sogno. Ma il carattere onirico dei suoi dipinti \u00e8 pi\u00f9 torbido che idilliaco, dominato da una temperatura cupa che sembra evocare un esistenzialismo vicino alla cultura\u00a0<em>grunge<\/em>. I personaggi che compaiono nelle tele di Carratta sono figure umane fragili, dei \u201closer\u201d dall\u2019atteggiamento dimesso, soggetti da tenere ai margini.<\/p>\n<p>I dipinti dell\u2019artista propongono scene non da guardare, ma da spiare: accadimenti magici e perturbanti, in cui il punto di vista dell\u2019artista (e, di conseguenza, anche dello spettatore) sembra quello di un\u00a0<em>voyeur<\/em>\u00a0che, per pudore o per paura, si mette a osservare in silenzio, senza spezzare la tensione di queste visioni momentanee ed estatiche.<\/p>\n<p>Il visitatore si trover\u00e0 di fronte a un allestimento volutamente \u201ccarico\u201d, con decine di opere \u2013 dipinti su tela e lavori su carta \u2013 che invaderanno letteralmente la galleria.\u00a0Come di consueto la mostra sar\u00e0 accompagnata da un catalogo pensato direttamente da Carratta come una sorta di taccuino che, tra appunti e tracce visive, permetter\u00e0 al pubblico di entrare maggiormente a contatto con lo sguardo dell\u2019artista.<\/p>\n<p><img loading=\"lazy\" decoding=\"async\" class=\"alignnone size-full wp-image-5613\" src=\"http:\/\/www.biancoscuro.it\/site\/wp-content\/uploads\/2017\/06\/rev1692991-ori.jpg\" alt=\"\" width=\"1000\" height=\"705\" srcset=\"https:\/\/www.biancoscuro.it\/site\/wp-content\/uploads\/2017\/06\/rev1692991-ori.jpg 1000w, https:\/\/www.biancoscuro.it\/site\/wp-content\/uploads\/2017\/06\/rev1692991-ori-300x212.jpg 300w, https:\/\/www.biancoscuro.it\/site\/wp-content\/uploads\/2017\/06\/rev1692991-ori-768x541.jpg 768w, https:\/\/www.biancoscuro.it\/site\/wp-content\/uploads\/2017\/06\/rev1692991-ori-600x423.jpg 600w\" sizes=\"auto, (max-width: 1000px) 100vw, 1000px\" \/><\/p>\n<p>La galleria <strong>Richter Fine Art<\/strong>, a pochi passi da Castel Sant\u2019Angelo, nasce per volont\u00e0 di Tommaso Richter, trentenne, collezionista e appassionato d\u2019arte, che ha avviato l\u2019attivit\u00e0 ristrutturando l\u2019antica bottega di un fabbro, proprio accanto allo spazio espositivo dedicato all\u2019antiquariato e gestito dalla famiglia: una prosecuzione quasi fisiologica dell\u2019attivit\u00e0, che dall\u2019arte antica arriva ai giorni nostri.<\/p>\n<p>Tommaso Richter definisce fin da subito la direzione della galleria, che intende presentarsi come un <strong>\u201claboratorio\u201d di sperimentazione attorno ai linguaggi della pittura<\/strong> e alle possibilit\u00e0 che il mezzo offre, come testimoniato dalla mostra collettiva <em>Non amo che le rose che non colsi<\/em> (ottobre- dicembre 2016), la prima personale a Roma dell\u2019artista iraniana Zanbagh Lotfi <em>\u00c8 stato forse ieri <\/em>(febbraio-marzo 2017) e la personale di Elena Bellantoni <em>DreamEscape<\/em> (aprile-maggio 2017).<\/p>\n<p><strong>\u00a0<\/strong><\/p>\n<p><em><u>Bio artista<\/u><\/em><\/p>\n<p><em>Dario Carratta nasce a Gallipoli nel 1988. Diplomato presso l\u2019Accademia di Belle Arti di Roma, utilizza la pittura per trasferire su tela visioni distopiche e perturbanti di personaggi al limite tra la fisicit\u00e0 reale e l\u2019evanescenza del sogno. Tra i principali progetti espositivi si segnala: Non amo che le rose che non colsi, (Richter Fine Art, 2016); The Grass Grows (74 Riehenstrasse, Basilea, 2014); The Celeste Choice (Format Gallery, Milano, 2014); Petty Theft (Launch F18 gallery, New York, 2013); Collateral Orbits (Allegranomad Gallery, Bucarest, 2013); Distopie (26cc, Roma, 2013); Flash Over (galleria Alessandri, Roma, 2012).<\/em><\/p>\n<p><strong>\u00a0<\/strong><\/p>\n<pre>Titolo: Sniff my leather jacket\r\nArtista: Dario Carratta\r\nLuogo: galleria Richter Fine Art, vicolo del Curato, 3 \u2013 Roma\r\n<strong><u>Inaugurazione: marted\u00ec 20 giugno 2017 dalle ore 18.30, ingresso libero<\/u><\/strong>\r\nDurata mostra: dal 20 giugno al 28 luglio 2017\r\nOrari: dal 21 giugno al 28 luglio 2017: dalle 13.00 alle 19.30 dal marted\u00ec al venerd\u00ec e il sabato dalle 09.00 alle 20.00.\r\nhttp:\/\/www.galleriarichter.com\/\r\n\r\n<strong><u>Il catalogo disponibile in galleria.<\/u><\/strong><\/pre>\n<p>&nbsp;<\/p>\n","protected":false},"excerpt":{"rendered":"<p><span class=\"span-reading-time rt-reading-time\" style=\"display: block;\"><span class=\"rt-label rt-prefix\">\u23f0 lettura <\/span> <span class=\"rt-time\"> 2<\/span> <span class=\"rt-label rt-postfix\">min. <\/p>\n<p><\/span><\/span>Marted\u00ec 20 giugno apre Sniff my leather jacket, personale di Dario Carratta e ultima mostra della stagione espositiva della Richter Fine Art che, durante il suo primo anno di vita, ha organizzato quattro mostre tutte dedicate alla pittura, fil rouge della programmazione della galleria. Torna, stavolta come unico autore, uno degli artisti che avevano partecipato&hellip;&nbsp;<a href=\"https:\/\/www.biancoscuro.it\/site\/dario-carratta-sniff-my-leather-jacket\/\" rel=\"bookmark\">Leggi tutto &raquo;<span class=\"screen-reader-text\">Dario Carratta | Sniff my leather jacket<\/span><\/a><\/p>\n","protected":false},"author":1030,"featured_media":5613,"comment_status":"closed","ping_status":"closed","sticky":false,"template":"","format":"standard","meta":{"neve_meta_sidebar":"","neve_meta_container":"","neve_meta_enable_content_width":"","neve_meta_content_width":0,"neve_meta_title_alignment":"","neve_meta_author_avatar":"","neve_post_elements_order":"","neve_meta_disable_header":"","neve_meta_disable_footer":"","neve_meta_disable_title":"","advanced_seo_description":"","jetpack_seo_html_title":"","jetpack_seo_noindex":false,"footnotes":""},"categories":[470,5,26,24,6],"tags":[40,461,1379,68,1385,16,635,1384],"class_list":["post-5601","post","type-post","status-publish","format-standard","has-post-thumbnail","hentry","category-art-magazine","category-arte","category-eventi","category-mostre","category-pittura","tag-art-magazine","tag-arte-contemporanea","tag-dario-carratta","tag-mostra","tag-richter-fine-art","tag-rivista-darte-2","tag-roma","tag-sniff-my-leather-jacket"],"jetpack_featured_media_url":"https:\/\/www.biancoscuro.it\/site\/wp-content\/uploads\/2017\/06\/rev1692991-ori.jpg","jetpack_sharing_enabled":true,"jetpack-related-posts":[{"id":7018,"url":"https:\/\/www.biancoscuro.it\/site\/a-word-for-each-of-us-mostra-collettiva-galleria-richter-fine-art\/","url_meta":{"origin":5601,"position":0},"title":"&#8220;A word for each of us&#8221; | mostra collettiva @ Galleria Richter Fine Art","author":"Chiara C.G.","date":"11 Aprile 2018","format":false,"excerpt":"Vernissage marted\u00ec 17 aprile alle 18:30 per la \u00a0mostra collettiva, alla\u00a0galleria Richter Fine Art,\u00a0che ospita tre artisti provenienti dalla Transilvania. Esporranno le loro opere Drago\u015f B\u0103di\u0163\u0103, R\u0103zvan Boti\u015f e Tincuta Marin. In linea con la ricerca che la galleria Richter Fine Art porta avanti attorno al linguaggio della pittura gli\u2026","rel":"","context":"In &quot;arte&quot;","block_context":{"text":"arte","link":"https:\/\/www.biancoscuro.it\/site\/category\/arte\/"},"img":{"alt_text":"","src":"https:\/\/i0.wp.com\/www.biancoscuro.it\/site\/wp-content\/uploads\/2018\/04\/9341f4_97be52e8c9d6430fb63ed9bcbcf29472mv2.jpg?resize=350%2C200&ssl=1","width":350,"height":200,"srcset":"https:\/\/i0.wp.com\/www.biancoscuro.it\/site\/wp-content\/uploads\/2018\/04\/9341f4_97be52e8c9d6430fb63ed9bcbcf29472mv2.jpg?resize=350%2C200&ssl=1 1x, https:\/\/i0.wp.com\/www.biancoscuro.it\/site\/wp-content\/uploads\/2018\/04\/9341f4_97be52e8c9d6430fb63ed9bcbcf29472mv2.jpg?resize=525%2C300&ssl=1 1.5x"},"classes":[]},{"id":3056,"url":"https:\/\/www.biancoscuro.it\/site\/dario-fo-accende-il-castello-visconteo-con-la-sua-arte-mistero-buffo-a-colori\/","url_meta":{"origin":5601,"position":1},"title":"Dario Fo accende il Castello Visconteo con la sua Arte: Mistero Buffo a colori","author":"Redazione BIANCOSCURO","date":"3 Settembre 2015","format":false,"excerpt":"Questa mattina si \u00e8 tenuta la conferenza stampa della prossima mostra di Dario Fo, in scena al Castello Visconteo di Pavia. L'Artista non \u00e8 nuovo di casa, infatti due sue opere sono presenti nell'introduzione della mostra \u201cPavia, la Battaglia, il Futuro\u201d, allestita al secondo piano del Castello, esperienza che ha\u2026","rel":"","context":"In &quot;eventi&quot;","block_context":{"text":"eventi","link":"https:\/\/www.biancoscuro.it\/site\/category\/eventi\/"},"img":{"alt_text":"","src":"https:\/\/i0.wp.com\/www.biancoscuro.it\/site\/wp-content\/uploads\/2015\/09\/HEADDSC_04442.jpg?resize=350%2C200&ssl=1","width":350,"height":200,"srcset":"https:\/\/i0.wp.com\/www.biancoscuro.it\/site\/wp-content\/uploads\/2015\/09\/HEADDSC_04442.jpg?resize=350%2C200&ssl=1 1x, https:\/\/i0.wp.com\/www.biancoscuro.it\/site\/wp-content\/uploads\/2015\/09\/HEADDSC_04442.jpg?resize=525%2C300&ssl=1 1.5x, https:\/\/i0.wp.com\/www.biancoscuro.it\/site\/wp-content\/uploads\/2015\/09\/HEADDSC_04442.jpg?resize=700%2C400&ssl=1 2x, https:\/\/i0.wp.com\/www.biancoscuro.it\/site\/wp-content\/uploads\/2015\/09\/HEADDSC_04442.jpg?resize=1050%2C600&ssl=1 3x, https:\/\/i0.wp.com\/www.biancoscuro.it\/site\/wp-content\/uploads\/2015\/09\/HEADDSC_04442.jpg?resize=1400%2C800&ssl=1 4x"},"classes":[]},{"id":8682,"url":"https:\/\/www.biancoscuro.it\/site\/carte-a-parte-mostra-personale-di-dario-brevi\/","url_meta":{"origin":5601,"position":2},"title":"cArte a pArte. Mostra personale di Dario Brevi","author":"Redazione BIANCOSCURO","date":"26 Gennaio 2019","format":false,"excerpt":"Vernissage sabato 9 febbraio alle ore 17, presso la Showcases Gallery di Varese Un una mostra dal titolo divertente: \u201ccArte a pArte\u201d, che comprende opere di medio formato realizzate su carta con \u201ctratti\u201d minutissimi a pastello in cui il colore leggero sembra \u201cdanzare\u201d sulla superficie.Emblematiche della sua espressivit\u00e0 artistica, del\u2026","rel":"","context":"In &quot;arte&quot;","block_context":{"text":"arte","link":"https:\/\/www.biancoscuro.it\/site\/category\/arte\/"},"img":{"alt_text":"","src":"https:\/\/i0.wp.com\/www.biancoscuro.it\/site\/wp-content\/uploads\/2019\/02\/400LOCANDINA-DARIO-BREVI.jpg?resize=350%2C200&ssl=1","width":350,"height":200},"classes":[]},{"id":11729,"url":"https:\/\/www.biancoscuro.it\/site\/dalla-rivista-al-museo-antologia-di-opere-di-real-art\/","url_meta":{"origin":5601,"position":3},"title":"Dalla Rivista al Museo &#8211; Antologia di opere di \u201cReal Art\u201d","author":"Redazione BIANCOSCURO","date":"30 Aprile 2021","format":false,"excerpt":"Il Museo Parisi Valle riapre al pubblico con una rassegna espositiva dedicata al progetto solidale Real Art. In un momento cos\u00ec difficile per l\u2019Italia, la ripartenza della cultura pone un punto fondamentale per il ritorno alla \u201cnormalit\u00e0\u201d. REAL ART \u00e8 un progetto editoriale ideato e realizzato Franco Crugnola con il\u2026","rel":"","context":"In &quot;arte&quot;","block_context":{"text":"arte","link":"https:\/\/www.biancoscuro.it\/site\/category\/arte\/"},"img":{"alt_text":"","src":"https:\/\/i0.wp.com\/www.biancoscuro.it\/site\/wp-content\/uploads\/2021\/05\/RealArt_copertina_large333.jpg?resize=350%2C200&ssl=1","width":350,"height":200},"classes":[]},{"id":13716,"url":"https:\/\/www.biancoscuro.it\/site\/arte-da-non-guardare\/","url_meta":{"origin":5601,"position":4},"title":"Arte da non guardare","author":"Felix Dario Ruggeri","date":"27 Giugno 2022","format":false,"excerpt":"L\u2019attivit\u00e0 dello studio erAArte si amplia con un nuovo spazio, la KRIPTAK gallery (primo prototipo di galleria itinerante) che a breve si congiunger\u00e0 con gli attuali luoghi espostivi gi\u00e0 esistenti e tra loro interconnessi, nella sede di via Nazario Sauro 7\/a a Bologna.In attesa della nuova esposizione \u201cFrammenti di Avicula\u201d\u2026","rel":"","context":"In &quot;arte&quot;","block_context":{"text":"arte","link":"https:\/\/www.biancoscuro.it\/site\/category\/arte\/"},"img":{"alt_text":"","src":"https:\/\/i0.wp.com\/www.biancoscuro.it\/site\/wp-content\/uploads\/2022\/06\/arte-da-non-guardare_-2.jpg?resize=350%2C200&ssl=1","width":350,"height":200,"srcset":"https:\/\/i0.wp.com\/www.biancoscuro.it\/site\/wp-content\/uploads\/2022\/06\/arte-da-non-guardare_-2.jpg?resize=350%2C200&ssl=1 1x, https:\/\/i0.wp.com\/www.biancoscuro.it\/site\/wp-content\/uploads\/2022\/06\/arte-da-non-guardare_-2.jpg?resize=525%2C300&ssl=1 1.5x, https:\/\/i0.wp.com\/www.biancoscuro.it\/site\/wp-content\/uploads\/2022\/06\/arte-da-non-guardare_-2.jpg?resize=700%2C400&ssl=1 2x"},"classes":[]},{"id":3275,"url":"https:\/\/www.biancoscuro.it\/site\/premio-biennale-oscar-per-le-arti-visive-e-premiazione-biancoscuro-art-contest\/","url_meta":{"origin":5601,"position":5},"title":"Premio Biennale Oscar per le Arti Visive e premiazione BIANCOSCURO Art Contest","author":"Redazione BIANCOSCURO","date":"19 Ottobre 2015","format":false,"excerpt":"L'appuntamento Biennale dell\u2019Arte, giunto ormai alla ottava edizione, Oscar per le Arti Visive\u00a0si svolger\u00e0 \u00a0Sabato 24 Ottobre 2015 Monte-Carlo Bay, Principato di Monaco. Il Premio conferito da ArtExp\u00f2 Gallery, \u00e8 il giusto riconoscimento per la professionalit\u00e0, ricerca e creativit\u00e0. La prima edizione della cerimonia risale al febbraio 2001 ed al\u2026","rel":"","context":"In &quot;arte&quot;","block_context":{"text":"arte","link":"https:\/\/www.biancoscuro.it\/site\/category\/arte\/"},"img":{"alt_text":"","src":"https:\/\/i0.wp.com\/www.biancoscuro.it\/site\/wp-content\/uploads\/2015\/09\/Monte-Carlo2.jpg?resize=350%2C200&ssl=1","width":350,"height":200,"srcset":"https:\/\/i0.wp.com\/www.biancoscuro.it\/site\/wp-content\/uploads\/2015\/09\/Monte-Carlo2.jpg?resize=350%2C200&ssl=1 1x, https:\/\/i0.wp.com\/www.biancoscuro.it\/site\/wp-content\/uploads\/2015\/09\/Monte-Carlo2.jpg?resize=525%2C300&ssl=1 1.5x, https:\/\/i0.wp.com\/www.biancoscuro.it\/site\/wp-content\/uploads\/2015\/09\/Monte-Carlo2.jpg?resize=700%2C400&ssl=1 2x"},"classes":[]}],"_links":{"self":[{"href":"https:\/\/www.biancoscuro.it\/site\/wp-json\/wp\/v2\/posts\/5601","targetHints":{"allow":["GET"]}}],"collection":[{"href":"https:\/\/www.biancoscuro.it\/site\/wp-json\/wp\/v2\/posts"}],"about":[{"href":"https:\/\/www.biancoscuro.it\/site\/wp-json\/wp\/v2\/types\/post"}],"author":[{"embeddable":true,"href":"https:\/\/www.biancoscuro.it\/site\/wp-json\/wp\/v2\/users\/1030"}],"replies":[{"embeddable":true,"href":"https:\/\/www.biancoscuro.it\/site\/wp-json\/wp\/v2\/comments?post=5601"}],"version-history":[{"count":0,"href":"https:\/\/www.biancoscuro.it\/site\/wp-json\/wp\/v2\/posts\/5601\/revisions"}],"wp:featuredmedia":[{"embeddable":true,"href":"https:\/\/www.biancoscuro.it\/site\/wp-json\/wp\/v2\/media\/5613"}],"wp:attachment":[{"href":"https:\/\/www.biancoscuro.it\/site\/wp-json\/wp\/v2\/media?parent=5601"}],"wp:term":[{"taxonomy":"category","embeddable":true,"href":"https:\/\/www.biancoscuro.it\/site\/wp-json\/wp\/v2\/categories?post=5601"},{"taxonomy":"post_tag","embeddable":true,"href":"https:\/\/www.biancoscuro.it\/site\/wp-json\/wp\/v2\/tags?post=5601"}],"curies":[{"name":"wp","href":"https:\/\/api.w.org\/{rel}","templated":true}]}}