{"id":5634,"date":"2017-06-13T12:52:18","date_gmt":"2017-06-13T10:52:18","guid":{"rendered":"http:\/\/www.biancoscuro.it\/site\/?p=5634"},"modified":"2017-06-13T22:43:13","modified_gmt":"2017-06-13T20:43:13","slug":"alla-triennale-presentazione-del-volume-architettura-italiana-dal-postmoderno-ad-oggi-di-valerio-paolo-mosco","status":"publish","type":"post","link":"https:\/\/www.biancoscuro.it\/site\/alla-triennale-presentazione-del-volume-architettura-italiana-dal-postmoderno-ad-oggi-di-valerio-paolo-mosco\/","title":{"rendered":"Alla Triennale presentazione del volume ARCHITETTURA ITALIANA Dal postmoderno ad oggi di Valerio Paolo Mosco"},"content":{"rendered":"<span class=\"span-reading-time rt-reading-time\" style=\"display: block;\"><span class=\"rt-label rt-prefix\">\u23f0 lettura <\/span> <span class=\"rt-time\"> &lt; 1<\/span> <span class=\"rt-label rt-postfix\">min. <br><br><\/span><\/span><p><img loading=\"lazy\" decoding=\"async\" class=\"alignnone size-medium wp-image-5635\" src=\"http:\/\/www.biancoscuro.it\/site\/wp-content\/uploads\/2017\/06\/Mosco-Architettura-italiana-218x300.jpg\" alt=\"\" width=\"218\" height=\"300\" srcset=\"https:\/\/www.biancoscuro.it\/site\/wp-content\/uploads\/2017\/06\/Mosco-Architettura-italiana-218x300.jpg 218w, https:\/\/www.biancoscuro.it\/site\/wp-content\/uploads\/2017\/06\/Mosco-Architettura-italiana.jpg 571w\" sizes=\"auto, (max-width: 218px) 100vw, 218px\" \/><\/p>\n<p><strong>Gioved\u00ec 15 giugno alle ore 18.30 alla TRIENNALE di Milano in Sala LAB<\/strong><\/p>\n<p>sar\u00e0 presentato il volume <em><strong>ARCHITETTURA ITALIANA Dal Postmoderno ad oggi<\/strong><\/em> di <strong>Valerio Paolo Mosco edito da SKIRA<\/strong>.<\/p>\n<p><strong><em>Con l\u2019autore intervengono Stefano Boeri, Marco De Michelis, Italo Rota. Modera Vittorio Pizzigoni.<\/em><\/strong><\/p>\n<p>Il 1978 \u00e8 un anno cruciale per l\u2019Italia. Il sequestro e l\u2019uccisione di Aldo Moro dimostrano come le tensioni ideologiche abbiano raggiunto il culmine. Nello stesso giorno in cui si svolgono le esequie dello statista a Roma viene inaugurata la mostra Roma interrotta, che sancisce la fine dell\u2019epoca del conflitto ideologico inaugurando quel disimpegno postmoderno che vedr\u00e0 l\u2019Italia al centro del dibattito internazionale. Da allora l\u2019architettura italiana andr\u00e0 riscoprendo quell\u2019eclettismo che l\u2019aveva contraddistinta sin dall\u2019inizio dello scorso secolo e di cui ancora oggi si nutre.<\/p>\n<p>Valerio Paolo Mosco \u00e8 autore di L\u2019Ultima cattedrale (Sagep, 2015), Nuda architettura (Skira, 2012), Ensamble Studio (Edilstampa, 2012), Sessant\u2019anni di ingegneria in Italia e all\u2019estero<br \/>\n(Edilstampa, 2010), Steven Holl (Motta-Sole 24 Ore, 2009), Spazi pubblici e contemporanei. Architettura a volume zero (con Aldo Aymonino, Skira, 2006). Insegna allo IUAV di Venezia ed \u00e8 direttore della rivista on line Viceversa.<\/p>\n<p><strong>INGRESSO LIBERO FINO AD ESAURIMENTO POSTI<\/strong><\/p>\n","protected":false},"excerpt":{"rendered":"<p><span class=\"span-reading-time rt-reading-time\" style=\"display: block;\"><span class=\"rt-label rt-prefix\">\u23f0 lettura <\/span> <span class=\"rt-time\"> &lt; 1<\/span> <span class=\"rt-label rt-postfix\">min. <\/p>\n<p><\/span><\/span>Gioved\u00ec 15 giugno alle ore 18.30 alla TRIENNALE di Milano in Sala LAB sar\u00e0 presentato il volume ARCHITETTURA ITALIANA Dal Postmoderno ad oggi di Valerio Paolo Mosco edito da SKIRA. Con l\u2019autore intervengono Stefano Boeri, Marco De Michelis, Italo Rota. Modera Vittorio Pizzigoni. Il 1978 \u00e8 un anno cruciale per l\u2019Italia. Il sequestro e l\u2019uccisione&hellip;&nbsp;<a href=\"https:\/\/www.biancoscuro.it\/site\/alla-triennale-presentazione-del-volume-architettura-italiana-dal-postmoderno-ad-oggi-di-valerio-paolo-mosco\/\" rel=\"bookmark\">Leggi tutto &raquo;<span class=\"screen-reader-text\">Alla Triennale presentazione del volume ARCHITETTURA ITALIANA Dal postmoderno ad oggi di Valerio Paolo Mosco<\/span><\/a><\/p>\n","protected":false},"author":917,"featured_media":5635,"comment_status":"closed","ping_status":"closed","sticky":false,"template":"","format":"standard","meta":{"neve_meta_sidebar":"","neve_meta_container":"","neve_meta_enable_content_width":"","neve_meta_content_width":0,"neve_meta_title_alignment":"","neve_meta_author_avatar":"","neve_post_elements_order":"","neve_meta_disable_header":"","neve_meta_disable_footer":"","neve_meta_disable_title":"","advanced_seo_description":"","jetpack_seo_html_title":"","jetpack_seo_noindex":false,"footnotes":""},"categories":[5],"tags":[],"class_list":["post-5634","post","type-post","status-publish","format-standard","has-post-thumbnail","hentry","category-arte"],"jetpack_featured_media_url":"https:\/\/www.biancoscuro.it\/site\/wp-content\/uploads\/2017\/06\/Mosco-Architettura-italiana.jpg","jetpack_sharing_enabled":true,"jetpack-related-posts":[{"id":7783,"url":"https:\/\/www.biancoscuro.it\/site\/i-racconti-del-progetto-di-vittorio-gregotti\/","url_meta":{"origin":5634,"position":0},"title":"I racconti del progetto di Vittorio Gregotti","author":"Chiara","date":"14 Settembre 2018","format":false,"excerpt":"Mercoled\u00ec 19 settembre alle 18 alla Fondazione Corriere della Sera a Milano (Via Balzan 3)\u00a0sar\u00e0 presentato il volume\u00a0I racconti del progetto\u00a0di VITTORIO GREGOTTI, edito da Skira.\u00a0Con il celebre architetto interverranno Maurizio Ferraris e Franco Purini, coordina Pierluigi Panza.Ingresso libero con prenotazione : www.rsvpfondazionecorriere.it Come si possono raccontare oggi i diversi\u2026","rel":"","context":"In &quot;arte&quot;","block_context":{"text":"arte","link":"https:\/\/www.biancoscuro.it\/site\/category\/arte\/"},"img":{"alt_text":"","src":"https:\/\/i0.wp.com\/www.biancoscuro.it\/site\/wp-content\/uploads\/2018\/09\/Gregotti-Racconti-del-progetto.jpg?resize=350%2C200&ssl=1","width":350,"height":200,"srcset":"https:\/\/i0.wp.com\/www.biancoscuro.it\/site\/wp-content\/uploads\/2018\/09\/Gregotti-Racconti-del-progetto.jpg?resize=350%2C200&ssl=1 1x, https:\/\/i0.wp.com\/www.biancoscuro.it\/site\/wp-content\/uploads\/2018\/09\/Gregotti-Racconti-del-progetto.jpg?resize=525%2C300&ssl=1 1.5x, https:\/\/i0.wp.com\/www.biancoscuro.it\/site\/wp-content\/uploads\/2018\/09\/Gregotti-Racconti-del-progetto.jpg?resize=700%2C400&ssl=1 2x"},"classes":[]},{"id":7734,"url":"https:\/\/www.biancoscuro.it\/site\/la-milano-prima-di-oggi-gli-scali-ferroviari-negli-scatti-di-introini-e-radino\/","url_meta":{"origin":5634,"position":1},"title":"La Milano prima di oggi | Gli scali ferroviari negli scatti di Introini e Radino","author":"Mario Gambatesa","date":"6 Agosto 2018","format":false,"excerpt":"Milano... Una delle citt\u00e0 italiane pi\u00f9 belle, una di quelle citt\u00e0 che affascinano. Milano contagia, illude e disillude, ricarica i sentimenti; Milano \u00e8 cultura, ha la Scala, il Duomo, il risotto giallo, ma soprattutto ha gli scali ferroviari pi\u00f9 belli e di certo, i pi\u00f9 documentati. Il tema di questi\u2026","rel":"","context":"In &quot;arte&quot;","block_context":{"text":"arte","link":"https:\/\/www.biancoscuro.it\/site\/category\/arte\/"},"img":{"alt_text":"","src":"https:\/\/i0.wp.com\/www.biancoscuro.it\/site\/wp-content\/uploads\/2018\/08\/Francesco-Radino_Scalo-Porta-Romana_2018_stampa-su-carta-di-cotone_cm-67x100-2.jpg?resize=350%2C200&ssl=1","width":350,"height":200,"srcset":"https:\/\/i0.wp.com\/www.biancoscuro.it\/site\/wp-content\/uploads\/2018\/08\/Francesco-Radino_Scalo-Porta-Romana_2018_stampa-su-carta-di-cotone_cm-67x100-2.jpg?resize=350%2C200&ssl=1 1x, https:\/\/i0.wp.com\/www.biancoscuro.it\/site\/wp-content\/uploads\/2018\/08\/Francesco-Radino_Scalo-Porta-Romana_2018_stampa-su-carta-di-cotone_cm-67x100-2.jpg?resize=525%2C300&ssl=1 1.5x, https:\/\/i0.wp.com\/www.biancoscuro.it\/site\/wp-content\/uploads\/2018\/08\/Francesco-Radino_Scalo-Porta-Romana_2018_stampa-su-carta-di-cotone_cm-67x100-2.jpg?resize=700%2C400&ssl=1 2x, https:\/\/i0.wp.com\/www.biancoscuro.it\/site\/wp-content\/uploads\/2018\/08\/Francesco-Radino_Scalo-Porta-Romana_2018_stampa-su-carta-di-cotone_cm-67x100-2.jpg?resize=1050%2C600&ssl=1 3x, https:\/\/i0.wp.com\/www.biancoscuro.it\/site\/wp-content\/uploads\/2018\/08\/Francesco-Radino_Scalo-Porta-Romana_2018_stampa-su-carta-di-cotone_cm-67x100-2.jpg?resize=1400%2C800&ssl=1 4x"},"classes":[]},{"id":10280,"url":"https:\/\/www.biancoscuro.it\/site\/workshop-le-mutevoli-forme-del-classico\/","url_meta":{"origin":5634,"position":2},"title":"Workshop  Le mutevoli forme del classico","author":"Roberta Melasecca","date":"13 Gennaio 2020","format":false,"excerpt":"Canova 22, associazione culturale sita nell\u2019omonima via del Tridente Sistino, all\u2019interno degli spazi fortemente evocativi della Antica Fornace dove Antonio Canova approntava i bozzetti in terracotta delle successive opere marmoree, promuove, dall\u20198 febbraio all\u20198 marzo 2020, il Workshop Le mutevoli forme del classico - Disegnare il contemporaneo, incentrato sull\u2019apprendimento delle\u2026","rel":"","context":"In &quot;arte&quot;","block_context":{"text":"arte","link":"https:\/\/www.biancoscuro.it\/site\/category\/arte\/"},"img":{"alt_text":"","src":"https:\/\/i0.wp.com\/www.biancoscuro.it\/site\/wp-content\/uploads\/2020\/01\/Copertina-le-mutevoli-forme-del-classico.jpg?resize=350%2C200&ssl=1","width":350,"height":200,"srcset":"https:\/\/i0.wp.com\/www.biancoscuro.it\/site\/wp-content\/uploads\/2020\/01\/Copertina-le-mutevoli-forme-del-classico.jpg?resize=350%2C200&ssl=1 1x, https:\/\/i0.wp.com\/www.biancoscuro.it\/site\/wp-content\/uploads\/2020\/01\/Copertina-le-mutevoli-forme-del-classico.jpg?resize=525%2C300&ssl=1 1.5x, https:\/\/i0.wp.com\/www.biancoscuro.it\/site\/wp-content\/uploads\/2020\/01\/Copertina-le-mutevoli-forme-del-classico.jpg?resize=700%2C400&ssl=1 2x"},"classes":[]},{"id":4445,"url":"https:\/\/www.biancoscuro.it\/site\/cristoforo-bono-architetture-ritrovate\/","url_meta":{"origin":5634,"position":3},"title":"Cristoforo Bono. Architetture Ritrovate","author":"Roberta Melasecca","date":"25 Settembre 2016","format":false,"excerpt":"Cristoforo Bono. Architetture Ritrovate Da quattro disegni del dopoguerra ad altri progetti Venerd\u00ec 30 settembre 2016 ore 19.00 OCRA Officina Creativa dell\u2019Abitare \u2013 Montalcino (SI) \u00a0 Venerd\u00ec 30 settembre 2016 alle ore 19.00, OCRA Officina Creativa dell'Abitare per i Venerd\u00ec OCRA presenta \u201cArchitetture Ritrovate\u201d: una conversazione con Cristoforo Bono intorno\u2026","rel":"","context":"In &quot;eventi&quot;","block_context":{"text":"eventi","link":"https:\/\/www.biancoscuro.it\/site\/category\/eventi\/"},"img":{"alt_text":"","src":"https:\/\/i0.wp.com\/www.biancoscuro.it\/site\/wp-content\/uploads\/2016\/09\/Architetture-ritrovate-web.jpg?resize=350%2C200&ssl=1","width":350,"height":200,"srcset":"https:\/\/i0.wp.com\/www.biancoscuro.it\/site\/wp-content\/uploads\/2016\/09\/Architetture-ritrovate-web.jpg?resize=350%2C200&ssl=1 1x, https:\/\/i0.wp.com\/www.biancoscuro.it\/site\/wp-content\/uploads\/2016\/09\/Architetture-ritrovate-web.jpg?resize=525%2C300&ssl=1 1.5x"},"classes":[]},{"id":19366,"url":"https:\/\/www.biancoscuro.it\/site\/ennio-calabria-e-larte-italiana-del-xx-secolonella-collezione-zubcevi\/","url_meta":{"origin":5634,"position":4},"title":"Da Roma a Sofia: l&#8217;eredit\u00e0 di Ennio Calabria","author":"Roberta Melasecca","date":"17 Marzo 2026","format":false,"excerpt":"A due anni dalla scomparsa del Maestro, gli spazi di Plus Arte Puls ospitano un'esposizione di opere storiche e la presentazione dei primi due volumi dedicati alla grande raccolta d'arte bulgara che celebra la figurazione italiana. C'\u00e8 un filo ininterrotto che lega la grande tradizione pittorica italiana del XX secolo\u2026","rel":"","context":"In &quot;arte&quot;","block_context":{"text":"arte","link":"https:\/\/www.biancoscuro.it\/site\/category\/arte\/"},"img":{"alt_text":"","src":"https:\/\/i0.wp.com\/www.biancoscuro.it\/site\/wp-content\/uploads\/2026\/03\/II-Calabria.jpg?resize=350%2C200&ssl=1","width":350,"height":200,"srcset":"https:\/\/i0.wp.com\/www.biancoscuro.it\/site\/wp-content\/uploads\/2026\/03\/II-Calabria.jpg?resize=350%2C200&ssl=1 1x, https:\/\/i0.wp.com\/www.biancoscuro.it\/site\/wp-content\/uploads\/2026\/03\/II-Calabria.jpg?resize=525%2C300&ssl=1 1.5x, https:\/\/i0.wp.com\/www.biancoscuro.it\/site\/wp-content\/uploads\/2026\/03\/II-Calabria.jpg?resize=700%2C400&ssl=1 2x"},"classes":[]},{"id":3936,"url":"https:\/\/www.biancoscuro.it\/site\/visionaria-frammenti-visioni-nellopera-dellarchitetto-cesare-ligini\/","url_meta":{"origin":5634,"position":5},"title":"VISIONARIA: frammenti e visioni nell\u2019opera dell\u2019architetto Cesare Ligini","author":"Roberta Melasecca","date":"18 Maggio 2016","format":false,"excerpt":"VISIONARIA: frammenti e visioni nell\u2019opera dell\u2019architetto Cesare Ligini A cura di Paola Valori per MICRO Arti Visive 3 giugno 2016 ore 18.30 MICRO Arti Visive Spazio Porta Mazzini - Viale Mazzini 1 Roma Cesare Ligini Architetto a cura dell\u2019Associazione Michele Valori 14 giugno 2016 ore 18.00 MAXXI BASE Museo Nazionale\u2026","rel":"","context":"In &quot;arte&quot;","block_context":{"text":"arte","link":"https:\/\/www.biancoscuro.it\/site\/category\/arte\/"},"img":{"alt_text":"","src":"https:\/\/i0.wp.com\/www.biancoscuro.it\/site\/wp-content\/uploads\/2016\/05\/Visionaria-Cesare-Ligini-mail.jpg?resize=350%2C200&ssl=1","width":350,"height":200,"srcset":"https:\/\/i0.wp.com\/www.biancoscuro.it\/site\/wp-content\/uploads\/2016\/05\/Visionaria-Cesare-Ligini-mail.jpg?resize=350%2C200&ssl=1 1x, https:\/\/i0.wp.com\/www.biancoscuro.it\/site\/wp-content\/uploads\/2016\/05\/Visionaria-Cesare-Ligini-mail.jpg?resize=525%2C300&ssl=1 1.5x"},"classes":[]}],"_links":{"self":[{"href":"https:\/\/www.biancoscuro.it\/site\/wp-json\/wp\/v2\/posts\/5634","targetHints":{"allow":["GET"]}}],"collection":[{"href":"https:\/\/www.biancoscuro.it\/site\/wp-json\/wp\/v2\/posts"}],"about":[{"href":"https:\/\/www.biancoscuro.it\/site\/wp-json\/wp\/v2\/types\/post"}],"author":[{"embeddable":true,"href":"https:\/\/www.biancoscuro.it\/site\/wp-json\/wp\/v2\/users\/917"}],"replies":[{"embeddable":true,"href":"https:\/\/www.biancoscuro.it\/site\/wp-json\/wp\/v2\/comments?post=5634"}],"version-history":[{"count":0,"href":"https:\/\/www.biancoscuro.it\/site\/wp-json\/wp\/v2\/posts\/5634\/revisions"}],"wp:featuredmedia":[{"embeddable":true,"href":"https:\/\/www.biancoscuro.it\/site\/wp-json\/wp\/v2\/media\/5635"}],"wp:attachment":[{"href":"https:\/\/www.biancoscuro.it\/site\/wp-json\/wp\/v2\/media?parent=5634"}],"wp:term":[{"taxonomy":"category","embeddable":true,"href":"https:\/\/www.biancoscuro.it\/site\/wp-json\/wp\/v2\/categories?post=5634"},{"taxonomy":"post_tag","embeddable":true,"href":"https:\/\/www.biancoscuro.it\/site\/wp-json\/wp\/v2\/tags?post=5634"}],"curies":[{"name":"wp","href":"https:\/\/api.w.org\/{rel}","templated":true}]}}