{"id":5641,"date":"2017-06-19T14:27:04","date_gmt":"2017-06-19T12:27:04","guid":{"rendered":"http:\/\/www.biancoscuro.it\/site\/?p=5641"},"modified":"2017-06-19T14:29:01","modified_gmt":"2017-06-19T12:29:01","slug":"inaugurazione-mostra-fotografica-hug-the-road","status":"publish","type":"post","link":"https:\/\/www.biancoscuro.it\/site\/inaugurazione-mostra-fotografica-hug-the-road\/","title":{"rendered":"&#8220;HUG THE ROAD&#8221; mostra fotografica di Federico Odello"},"content":{"rendered":"<span class=\"span-reading-time rt-reading-time\" style=\"display: block;\"><span class=\"rt-label rt-prefix\">\u23f0 lettura <\/span> <span class=\"rt-time\"> 2<\/span> <span class=\"rt-label rt-postfix\">min. <br><br><\/span><\/span><h4><strong>&#8220;HUG THE ROAD&#8221;, la fotografia di strada sbarca a Varese<\/strong><\/h4>\n<p>Dall&#8217;8 al 28 luglio, <strong>la galleria Showcases Gallery di Varese<\/strong> ospita la mostra \u201cHUG THE ROAD\u201d firmata da Federico Odello, artista emergente del panorama fotografico nazionale vincitore di uno dei premi del Biancoscuro Art Contest 2016.<\/p>\n<p>Il fotografo milanese esplora il tema della fotografia di strada come forma di documentario sociale. Odello, amante del reportage fotografico in bianco e nero, si ispira quotidianamente alle opere di Atge, Cartier-Bresson e Doisneau.<br \/>\nOdello non impone la sua visione delle citt\u00e0, ma cammina per le strade, ascoltando sussurri e sfondi &#8211; l&#8217;eco della vita che scorre, dell&#8217;inconsapevole interpretazione teatrale complessiva. Emergono cos\u00ec letture inedite, lontane dalle cartoline.<br \/>\nQuesto approccio porta alla testimonianza muta e contemporanea di un viaggio da New York a Praga attraverso cinque citt\u00e0, con una forza di espressione senza precedenti.<\/p>\n<p><strong>L&#8217;inaugurazione \u00e8 prevista per l&#8217;8 Luglio alle ore 17.00<\/strong>\u00a0presso Showcases Gallery, Via San Martino della Battaglia 11, Varese.<br \/>\nLa mostra sar\u00e0 aperta al pubblico dalle 9.00 alle 12.30 e dalle 14.30 alle 18.30 dal luned\u00ec al venerd\u00ec, sabato e domenica su appuntamento. Ingresso libero.<\/p>\n<p>Clicca qui per registrarti <a href=\"http:\/\/hugtheroad.eventbrite.it\">http:\/\/hugtheroad.eventbrite.it<\/a><\/p>\n<p><img loading=\"lazy\" decoding=\"async\" class=\"alignnone size-full wp-image-5651\" src=\"http:\/\/www.biancoscuro.it\/site\/wp-content\/uploads\/2017\/06\/Invito_FedericoOdelloLLL.jpg\" alt=\"dello showcases biancoscuro\" width=\"1000\" height=\"475\" srcset=\"https:\/\/www.biancoscuro.it\/site\/wp-content\/uploads\/2017\/06\/Invito_FedericoOdelloLLL.jpg 1000w, https:\/\/www.biancoscuro.it\/site\/wp-content\/uploads\/2017\/06\/Invito_FedericoOdelloLLL-300x143.jpg 300w, https:\/\/www.biancoscuro.it\/site\/wp-content\/uploads\/2017\/06\/Invito_FedericoOdelloLLL-768x365.jpg 768w, https:\/\/www.biancoscuro.it\/site\/wp-content\/uploads\/2017\/06\/Invito_FedericoOdelloLLL-600x285.jpg 600w\" sizes=\"auto, (max-width: 1000px) 100vw, 1000px\" \/><\/p>\n<p><strong>Showcases Gallery by Franco Crugnola Studio di Architettura<\/strong><br \/>\nSHOWCASES GALLERY nasce come completamento dello studio multidisciplinare &#8220;Franco Crugnola Studio di Architettura&#8221;, riunendo intorno a se un dinamico team di collezionisti ed appassionatio d&#8217;arte.<br \/>\nNasce come un insieme di spazi espositivi fluidi e come luogo teso ad esplorare e a comprendere le ricerche e le sperimentazioni artistiche delle ultime generazioni.<br \/>\nIl suo programma annuale propone una ricognizione intorno all&#8217;arte Italiana degli ultimi decenni, senza comunque tralasciare incursioni e proposte della scena internazionale.\u00a0Offre inoltre la possibilit\u00e0, all&#8217;interno di uno spazio inconsueto, di esporre giovani artisti emergenti del panorama contemporaneo.<br \/>\nSHOWCASES GALLERY \u00e8 collocata nella zona centrale e pedonale di Varese e vuole porsi come punto baricentrico di una &#8220;galleria diffusa&#8221; nella citt\u00e0, dinamica e nuova.\u00a0http:\/\/showcasesgallery.blogspot.it<\/p>\n<pre><strong>\r\nINFO<\/strong>\r\nHUG THE ROAD\r\nFederico Odello - www.federicoodello.it\r\n\r\nShowcase Gallery\r\nVia San Martino della Battaglia 11 \u2013 21200 Varese - www.showcasesgallery.blogspot.it\r\n\r\nInaugurazione: 8 luglio 2017, ore 17:00\r\ndal 8 luglio al 28 luglio 2017\r\nIngresso libero<\/pre>\n<p>&nbsp;<\/p>\n","protected":false},"excerpt":{"rendered":"<p><span class=\"span-reading-time rt-reading-time\" style=\"display: block;\"><span class=\"rt-label rt-prefix\">\u23f0 lettura <\/span> <span class=\"rt-time\"> 2<\/span> <span class=\"rt-label rt-postfix\">min. <\/p>\n<p><\/span><\/span>&#8220;HUG THE ROAD&#8221;, la fotografia di strada sbarca a Varese Dall&#8217;8 al 28 luglio, la galleria Showcases Gallery di Varese ospita la mostra \u201cHUG THE ROAD\u201d firmata da Federico Odello, artista emergente del panorama fotografico nazionale vincitore di uno dei premi del Biancoscuro Art Contest 2016. Il fotografo milanese esplora il tema della fotografia di&hellip;&nbsp;<a href=\"https:\/\/www.biancoscuro.it\/site\/inaugurazione-mostra-fotografica-hug-the-road\/\" rel=\"bookmark\">Leggi tutto &raquo;<span class=\"screen-reader-text\">&#8220;HUG THE ROAD&#8221; mostra fotografica di Federico Odello<\/span><\/a><\/p>\n","protected":false},"author":1,"featured_media":5653,"comment_status":"closed","ping_status":"closed","sticky":false,"template":"","format":"standard","meta":{"neve_meta_sidebar":"","neve_meta_container":"","neve_meta_enable_content_width":"","neve_meta_content_width":0,"neve_meta_title_alignment":"","neve_meta_author_avatar":"","neve_post_elements_order":"","neve_meta_disable_header":"","neve_meta_disable_footer":"","neve_meta_disable_title":"","advanced_seo_description":"","jetpack_seo_html_title":"","jetpack_seo_noindex":false,"footnotes":""},"categories":[5,28,29,26,8,24,659],"tags":[449,39,273,800,452,47,1410,68,862,777,1367,1409],"class_list":["post-5641","post","type-post","status-publish","format-standard","has-post-thumbnail","hentry","category-arte","category-concorso","category-contest","category-eventi","category-fotografia","category-mostre","category-street-art","tag-arte","tag-biancoscuro","tag-evento","tag-federico-odello","tag-fotografia","tag-gallery","tag-hugtheroad","tag-mostra","tag-showcase-gallery","tag-soloshow","tag-street-photography","tag-varese"],"jetpack_featured_media_url":"https:\/\/www.biancoscuro.it\/site\/wp-content\/uploads\/2017\/06\/Invito_FedericoOdelloLL300L.jpg","jetpack_sharing_enabled":true,"jetpack-related-posts":[{"id":4589,"url":"https:\/\/www.biancoscuro.it\/site\/camminamenti-mostra-fotografica-federico-odello\/","url_meta":{"origin":5641,"position":0},"title":"Camminamenti &#8211; mostra fotografica di Federico Odello","author":"Federico Odello","date":"16 Ottobre 2016","format":false,"excerpt":"Camminamenti Quattro citt\u00e0, quattro interpretazioni differenti: New York, Dusseldorf, Lisbona, Barcellona messe a confronto. Il fotografo non impone la sua visione della citt\u00e0 ma cammina tra le vie in ascolto del rumore di fondo, dell'eco della vita che scorre, dell'inconsapevole interpretazione teatrale complessiva. Vengono fuori letture inedite, lontane dalle cartoline.\u2026","rel":"","context":"In &quot;arte&quot;","block_context":{"text":"arte","link":"https:\/\/www.biancoscuro.it\/site\/category\/arte\/"},"img":{"alt_text":"","src":"https:\/\/i0.wp.com\/www.biancoscuro.it\/site\/wp-content\/uploads\/2016\/10\/DSC_0118.jpg?resize=350%2C200&ssl=1","width":350,"height":200,"srcset":"https:\/\/i0.wp.com\/www.biancoscuro.it\/site\/wp-content\/uploads\/2016\/10\/DSC_0118.jpg?resize=350%2C200&ssl=1 1x, https:\/\/i0.wp.com\/www.biancoscuro.it\/site\/wp-content\/uploads\/2016\/10\/DSC_0118.jpg?resize=525%2C300&ssl=1 1.5x, https:\/\/i0.wp.com\/www.biancoscuro.it\/site\/wp-content\/uploads\/2016\/10\/DSC_0118.jpg?resize=700%2C400&ssl=1 2x"},"classes":[]},{"id":11925,"url":"https:\/\/www.biancoscuro.it\/site\/flowers-fotografie-di-simonetta-rossetti\/","url_meta":{"origin":5641,"position":1},"title":"Flowers | Fotografie di Simonetta Rossetti","author":"Redazione BIANCOSCURO","date":"27 Maggio 2021","format":false,"excerpt":"Chrysanthemum, 2018, Stampa digitale, 50\u00d770 cm. Flowers, mostra personale di Simonetta Rossetti, vincitrice al BIANCOSCURO Art Contest 2020, presso la Showcases Gallery di Varese. Nuovamente in mostra opere fotografiche alla SHOWCASES GALLERY di \u00a0Varese, dal 29 maggio all'11 giugno 2021,\u00a0\u00e8 la volta di \u201c Flowers\u201d \u2013 mostra personale di Simonetta\u2026","rel":"","context":"In &quot;arte&quot;","block_context":{"text":"arte","link":"https:\/\/www.biancoscuro.it\/site\/category\/arte\/"},"img":{"alt_text":"","src":"https:\/\/i0.wp.com\/www.biancoscuro.it\/site\/wp-content\/uploads\/2021\/05\/ROSSETTI_MANIFESTO-INVITO-999.jpg?resize=350%2C200&ssl=1","width":350,"height":200,"srcset":"https:\/\/i0.wp.com\/www.biancoscuro.it\/site\/wp-content\/uploads\/2021\/05\/ROSSETTI_MANIFESTO-INVITO-999.jpg?resize=350%2C200&ssl=1 1x, https:\/\/i0.wp.com\/www.biancoscuro.it\/site\/wp-content\/uploads\/2021\/05\/ROSSETTI_MANIFESTO-INVITO-999.jpg?resize=525%2C300&ssl=1 1.5x, https:\/\/i0.wp.com\/www.biancoscuro.it\/site\/wp-content\/uploads\/2021\/05\/ROSSETTI_MANIFESTO-INVITO-999.jpg?resize=700%2C400&ssl=1 2x"},"classes":[]},{"id":7452,"url":"https:\/\/www.biancoscuro.it\/site\/showcases-gallery-real-illusion-mostra-personale-di-elena-santucci\/","url_meta":{"origin":5641,"position":2},"title":"SHOWCASES GALLERY | Real Illusion  &#8211; Mostra personale di Elena Santucci","author":"Redazione BIANCOSCURO","date":"19 Giugno 2018","format":false,"excerpt":"Nuovamente in mostra opere fotografiche alla SHOWCASES GALLERY di \u00a0Varese, dal 14 al 28 luglio 2018\u00a0\u00e8 la volta di \u201c Real Illusion\u201d - mostra personale di Elena Santucci, curata da Franco Crugnola, con catalogo curato da Palmira Rigamonti. L\u2019esposizione, promossa da \u201cFranco Crugnola Studio Di Architettura\u201d di Varese, rientra nella\u2026","rel":"","context":"In &quot;arte&quot;","block_context":{"text":"arte","link":"https:\/\/www.biancoscuro.it\/site\/category\/arte\/"},"img":{"alt_text":"","src":"https:\/\/i0.wp.com\/www.biancoscuro.it\/site\/wp-content\/uploads\/2018\/06\/Elena-Santucci.-RoseIllusion-Pinhole-digitale-2017-passepartout-e-cornice-30x40cm-20x29cm.jpg?resize=350%2C200&ssl=1","width":350,"height":200,"srcset":"https:\/\/i0.wp.com\/www.biancoscuro.it\/site\/wp-content\/uploads\/2018\/06\/Elena-Santucci.-RoseIllusion-Pinhole-digitale-2017-passepartout-e-cornice-30x40cm-20x29cm.jpg?resize=350%2C200&ssl=1 1x, https:\/\/i0.wp.com\/www.biancoscuro.it\/site\/wp-content\/uploads\/2018\/06\/Elena-Santucci.-RoseIllusion-Pinhole-digitale-2017-passepartout-e-cornice-30x40cm-20x29cm.jpg?resize=525%2C300&ssl=1 1.5x"},"classes":[]},{"id":8108,"url":"https:\/\/www.biancoscuro.it\/site\/montreux-art-gallery-2018\/","url_meta":{"origin":5641,"position":3},"title":"Montreux ART Gallery 2018","author":"Redazione BIANCOSCURO","date":"24 Ottobre 2018","format":false,"excerpt":"La 14esima edizione del Salone d\u2019Arte Finalmente l\u2019attesa \u00e8 finita, poche giorni e si aprir\u00e0 la quattordicesima edizione del Salone dell\u2019Arte di Montreux. Dal 7 all\u201911 novembre 2018 si terr\u00e0 MAG - Montreux Art Gallery, ormai famosa fiera d\u2019arte contemporanea, ospitata come sempre al 2M2C, sulle rive del lago di\u2026","rel":"","context":"In &quot;arte&quot;","block_context":{"text":"arte","link":"https:\/\/www.biancoscuro.it\/site\/category\/arte\/"},"img":{"alt_text":"","src":"https:\/\/i0.wp.com\/www.biancoscuro.it\/site\/wp-content\/uploads\/2016\/07\/montreuxPROMO.jpg?resize=350%2C200&ssl=1","width":350,"height":200,"srcset":"https:\/\/i0.wp.com\/www.biancoscuro.it\/site\/wp-content\/uploads\/2016\/07\/montreuxPROMO.jpg?resize=350%2C200&ssl=1 1x, https:\/\/i0.wp.com\/www.biancoscuro.it\/site\/wp-content\/uploads\/2016\/07\/montreuxPROMO.jpg?resize=525%2C300&ssl=1 1.5x, https:\/\/i0.wp.com\/www.biancoscuro.it\/site\/wp-content\/uploads\/2016\/07\/montreuxPROMO.jpg?resize=700%2C400&ssl=1 2x, https:\/\/i0.wp.com\/www.biancoscuro.it\/site\/wp-content\/uploads\/2016\/07\/montreuxPROMO.jpg?resize=1050%2C600&ssl=1 3x"},"classes":[]},{"id":9003,"url":"https:\/\/www.biancoscuro.it\/site\/lost-values-personale-di-stefano-barattini\/","url_meta":{"origin":5641,"position":4},"title":"LOST VALUES | Personale di Stefano Barattini","author":"Redazione BIANCOSCURO","date":"8 Aprile 2019","format":false,"excerpt":"Escape from reality 50x70 cm 2018 In mostra una raccolta di opere fotografiche \"urbex\" alla SHOWCASES GALLERY di \u00a0Varese, dal 13 aprile al 3 maggio 2019. \u201cLost Values\u201d \u2013 mostra personale di Stefano Barattini, curata da Franco Crugnola, con catalogo curato da SGE. L\u2019esposizione, promossa da \u201cFranco Crugnola Studio Di\u2026","rel":"","context":"In &quot;arte&quot;","block_context":{"text":"arte","link":"https:\/\/www.biancoscuro.it\/site\/category\/arte\/"},"img":{"alt_text":"","src":"https:\/\/i0.wp.com\/www.biancoscuro.it\/site\/wp-content\/uploads\/2019\/04\/LOCANDINA-barattiniQUAD.jpg?resize=350%2C200&ssl=1","width":350,"height":200,"srcset":"https:\/\/i0.wp.com\/www.biancoscuro.it\/site\/wp-content\/uploads\/2019\/04\/LOCANDINA-barattiniQUAD.jpg?resize=350%2C200&ssl=1 1x, https:\/\/i0.wp.com\/www.biancoscuro.it\/site\/wp-content\/uploads\/2019\/04\/LOCANDINA-barattiniQUAD.jpg?resize=525%2C300&ssl=1 1.5x, https:\/\/i0.wp.com\/www.biancoscuro.it\/site\/wp-content\/uploads\/2019\/04\/LOCANDINA-barattiniQUAD.jpg?resize=700%2C400&ssl=1 2x, https:\/\/i0.wp.com\/www.biancoscuro.it\/site\/wp-content\/uploads\/2019\/04\/LOCANDINA-barattiniQUAD.jpg?resize=1050%2C600&ssl=1 3x, https:\/\/i0.wp.com\/www.biancoscuro.it\/site\/wp-content\/uploads\/2019\/04\/LOCANDINA-barattiniQUAD.jpg?resize=1400%2C800&ssl=1 4x"},"classes":[]},{"id":4176,"url":"https:\/\/www.biancoscuro.it\/site\/isabella-rigamonti-luoghi-non-luoghi-showcases-gallery-varese\/","url_meta":{"origin":5641,"position":5},"title":"Isabella Rigamonti | luoghi non luoghi @ SHOWCASES GALLERY Varese","author":"Redazione BIANCOSCURO","date":"7 Luglio 2016","format":false,"excerpt":"In pieno centro\u00a0pedonale a\u00a0Varese, la\u00a0SHOWCASES GALLERY ospiter\u00e0 la mostra personale di\u00a0 Isabella Rigamonti dal titolo \"luoghi non luoghi\" La mostra \"Luoghi non luoghi\" \u00e8 realizzata in collaborazione con \u201cGEA-contro la violenza sulle donne\u201d, presentata e\u00a0curata dal critico Clara Castaldo.\u00a0ISABELLA RIGAMONTI\u00a0\u00e8 l'artista che ha fatto della fotografia una vera e propria\u2026","rel":"","context":"In &quot;arte&quot;","block_context":{"text":"arte","link":"https:\/\/www.biancoscuro.it\/site\/category\/arte\/"},"img":{"alt_text":"","src":"https:\/\/i0.wp.com\/www.biancoscuro.it\/site\/wp-content\/uploads\/2016\/07\/isabella-rigamonti-luoghi-non-luoghi.jpg?resize=350%2C200&ssl=1","width":350,"height":200,"srcset":"https:\/\/i0.wp.com\/www.biancoscuro.it\/site\/wp-content\/uploads\/2016\/07\/isabella-rigamonti-luoghi-non-luoghi.jpg?resize=350%2C200&ssl=1 1x, https:\/\/i0.wp.com\/www.biancoscuro.it\/site\/wp-content\/uploads\/2016\/07\/isabella-rigamonti-luoghi-non-luoghi.jpg?resize=525%2C300&ssl=1 1.5x, https:\/\/i0.wp.com\/www.biancoscuro.it\/site\/wp-content\/uploads\/2016\/07\/isabella-rigamonti-luoghi-non-luoghi.jpg?resize=700%2C400&ssl=1 2x"},"classes":[]}],"_links":{"self":[{"href":"https:\/\/www.biancoscuro.it\/site\/wp-json\/wp\/v2\/posts\/5641","targetHints":{"allow":["GET"]}}],"collection":[{"href":"https:\/\/www.biancoscuro.it\/site\/wp-json\/wp\/v2\/posts"}],"about":[{"href":"https:\/\/www.biancoscuro.it\/site\/wp-json\/wp\/v2\/types\/post"}],"author":[{"embeddable":true,"href":"https:\/\/www.biancoscuro.it\/site\/wp-json\/wp\/v2\/users\/1"}],"replies":[{"embeddable":true,"href":"https:\/\/www.biancoscuro.it\/site\/wp-json\/wp\/v2\/comments?post=5641"}],"version-history":[{"count":0,"href":"https:\/\/www.biancoscuro.it\/site\/wp-json\/wp\/v2\/posts\/5641\/revisions"}],"wp:featuredmedia":[{"embeddable":true,"href":"https:\/\/www.biancoscuro.it\/site\/wp-json\/wp\/v2\/media\/5653"}],"wp:attachment":[{"href":"https:\/\/www.biancoscuro.it\/site\/wp-json\/wp\/v2\/media?parent=5641"}],"wp:term":[{"taxonomy":"category","embeddable":true,"href":"https:\/\/www.biancoscuro.it\/site\/wp-json\/wp\/v2\/categories?post=5641"},{"taxonomy":"post_tag","embeddable":true,"href":"https:\/\/www.biancoscuro.it\/site\/wp-json\/wp\/v2\/tags?post=5641"}],"curies":[{"name":"wp","href":"https:\/\/api.w.org\/{rel}","templated":true}]}}