{"id":5743,"date":"2017-08-01T00:00:48","date_gmt":"2017-07-31T22:00:48","guid":{"rendered":"http:\/\/www.biancoscuro.it\/site\/?p=5743"},"modified":"2018-05-31T17:03:54","modified_gmt":"2018-05-31T15:03:54","slug":"biancoscuro-leditoriale-agosto-settembre-2017","status":"publish","type":"post","link":"https:\/\/www.biancoscuro.it\/site\/biancoscuro-leditoriale-agosto-settembre-2017\/","title":{"rendered":"BIANCOSCURO, l\u2019editoriale di agosto-settembre 2017"},"content":{"rendered":"<span class=\"span-reading-time rt-reading-time\" style=\"display: block;\"><span class=\"rt-label rt-prefix\">\u23f0 lettura <\/span> <span class=\"rt-time\"> 2<\/span> <span class=\"rt-label rt-postfix\">min. <br><br><\/span><\/span><p>Come ogni anno, dopo <b>ArtBasel<\/b> (con la stupefacente \u201c<b>Unlimited<\/b>\u201d) ed il <b>Rhy Art Fair Basel<\/b> (evento artistico giunto alla quarta edizione) che ci vede impegnati come media partner, completiamo <b>questo numero di Biancoscuro che si trova a met\u00e0 tra chi sta partendo per le agognate vacanze, e chi sta rientrando<\/b>. Possiamo dire che aleggia un\u2019atmosfera rilassata, siamo tutti abbastanza sorridenti e propositivi per la nuova stagione artistica che andr\u00e0 ad iniziare a settembre. Eppure. Eppure, anche se mi sforzo di \u201cpensare positivo\u201d, <b>mi saltano agli occhi discorsi improbabili<\/b>, critiche sterili, accuse velate (ma non troppo). Come sapete tutti, <b>l\u2019estate di Biancoscuro \u00e8 pressoch\u00e9 dedicata al BIANCOSCURO ART CONTEST<\/b>, quest\u2019anno giunto alla 4\u00aa edizione. Moltissime le opere in gara, tra le quali solo 100 vengono selezionate per proseguire in una valutazione concreta dell\u2019opera, senza le scuse dei filtri fotografici o dei monitor non calibrati; tra queste 36 vinceranno un premio assegnato dalla Giuria Critica. <b>Sinceramente, un po\u2019 me lo aspettavo, ma dentro di me non volevo cadere cos\u00ec nel cinismo<\/b>, volevo credere nella correttezza del genere umano, e invece\u2026 Siamo alle solite, gente che si indigna perch\u00e9 non \u00e8 stata selezionata la sua opera, o perch\u00e9 non \u00e8 stata scelta quella di un loro amico\/parente\/affine, altri attaccano e offendono le opere di loro colleghi semplicemente perch\u00e9 nell\u2019edizione precedente non hanno passato le selezioni, accusando quindi il concorso di non essere all\u2019altezza. Questo \u00e8 <b>un piccolissimo spaccato di quello che capita ogni giorno<\/b> nella quotidianit\u00e0 di tutti noi, non credete? \u00c8 molto triste che ci siano <b>persone che non concepiscono la meritocrazia<\/b>, persone che credono di passare un concorso e vincere premi cos\u00ec importanti solo perch\u00e9 conoscono un membro della Giuria, persone cos\u00ec poco intelligenti da fare anche le proprie rimostranze, scoprendo cos\u00ec tutte le carte, persone cos\u00ec vigliacche da <b>nascondersi dietro un \u201cfake\u201d su Facebook<\/b>, o scrivendo email da indirizzi creati ad hoc. Non me ne vogliano i gentili lettori di <b>BIANCOSCURO<\/b> se mi rivolgo per qualche secondo solo a chi di voi \u00e8 artista: \u201c<i>Vi svelo un piccolo segreto, per vincere il <\/i><b><i>BIANCOSCURO ART CONTEST<\/i><\/b><i> non bisogna avere conoscenze tra i membri della commissione, \u00e8 sufficiente avere talento<\/i>\u201d.<\/p>\n<p><b>Buona lettura<\/b><\/p>\n<p><img loading=\"lazy\" decoding=\"async\" class=\"wp-image-3226 alignnone\" src=\"http:\/\/www.biancoscuro.it\/site\/wp-content\/uploads\/2015\/10\/firmaVincenzoChettaDirettoreBiancoscuro-300x103.jpg\" alt=\"Vincenzo Chetta Direttore Biancoscuro\" width=\"265\" height=\"91\" srcset=\"https:\/\/www.biancoscuro.it\/site\/wp-content\/uploads\/2015\/10\/firmaVincenzoChettaDirettoreBiancoscuro-300x103.jpg 300w, https:\/\/www.biancoscuro.it\/site\/wp-content\/uploads\/2015\/10\/firmaVincenzoChettaDirettoreBiancoscuro.jpg 500w\" sizes=\"auto, (max-width: 265px) 100vw, 265px\" \/><br \/>\nVincenzo Chetta<br \/>\nDirettore<br \/>\nBIANCOSCURO Art Magazine<\/p>\n<figure id=\"attachment_5747\" aria-describedby=\"caption-attachment-5747\" style=\"width: 500px\" class=\"wp-caption alignnone\"><img loading=\"lazy\" decoding=\"async\" class=\"size-full wp-image-5747\" src=\"http:\/\/www.biancoscuro.it\/site\/wp-content\/uploads\/2017\/08\/KEV0134.jpg\" alt=\"Claudia Comte \u201cNow I Won\u201d Art Basel - piazzale della fiera\" width=\"500\" height=\"500\" srcset=\"https:\/\/www.biancoscuro.it\/site\/wp-content\/uploads\/2017\/08\/KEV0134.jpg 500w, https:\/\/www.biancoscuro.it\/site\/wp-content\/uploads\/2017\/08\/KEV0134-150x150.jpg 150w, https:\/\/www.biancoscuro.it\/site\/wp-content\/uploads\/2017\/08\/KEV0134-300x300.jpg 300w\" sizes=\"auto, (max-width: 500px) 100vw, 500px\" \/><figcaption id=\"caption-attachment-5747\" class=\"wp-caption-text\">Claudia Comte \u201cNow I Won\u201d<br \/>Art Basel &#8211; piazzale della fiera<\/figcaption><\/figure>\n<div class=\"mceTemp\"><\/div>\n","protected":false},"excerpt":{"rendered":"<p><span class=\"span-reading-time rt-reading-time\" style=\"display: block;\"><span class=\"rt-label rt-prefix\">\u23f0 lettura <\/span> <span class=\"rt-time\"> 2<\/span> <span class=\"rt-label rt-postfix\">min. <\/p>\n<p><\/span><\/span>Come ogni anno, dopo ArtBasel (con la stupefacente \u201cUnlimited\u201d) ed il Rhy Art Fair Basel (evento artistico giunto alla quarta edizione) che ci vede impegnati come media partner, completiamo questo numero di Biancoscuro che si trova a met\u00e0 tra chi sta partendo per le agognate vacanze, e chi sta rientrando. Possiamo dire che aleggia un\u2019atmosfera&hellip;&nbsp;<a href=\"https:\/\/www.biancoscuro.it\/site\/biancoscuro-leditoriale-agosto-settembre-2017\/\" rel=\"bookmark\">Leggi tutto &raquo;<span class=\"screen-reader-text\">BIANCOSCURO, l\u2019editoriale di agosto-settembre 2017<\/span><\/a><\/p>\n","protected":false},"author":909,"featured_media":5747,"comment_status":"closed","ping_status":"closed","sticky":false,"template":"","format":"standard","meta":{"neve_meta_sidebar":"","neve_meta_container":"","neve_meta_enable_content_width":"","neve_meta_content_width":0,"neve_meta_title_alignment":"","neve_meta_author_avatar":"","neve_post_elements_order":"","neve_meta_disable_header":"","neve_meta_disable_footer":"","neve_meta_disable_title":"","advanced_seo_description":"","jetpack_seo_html_title":"","jetpack_seo_noindex":false,"footnotes":""},"categories":[470,5,469,15],"tags":[39,185,583,408],"class_list":["post-5743","post","type-post","status-publish","format-standard","has-post-thumbnail","hentry","category-art-magazine","category-arte","category-editoriale","category-rivista-darte","tag-biancoscuro","tag-biancoscuro-art-magazine","tag-editoriale","tag-vincenzo-chetta"],"jetpack_featured_media_url":"https:\/\/www.biancoscuro.it\/site\/wp-content\/uploads\/2017\/08\/KEV0134.jpg","jetpack_sharing_enabled":true,"jetpack-related-posts":[{"id":12172,"url":"https:\/\/www.biancoscuro.it\/site\/biancoscuro-leditoriale-di-agosto-settembre-21\/","url_meta":{"origin":5743,"position":0},"title":"BIANCOSCURO, l\u2019editoriale di agosto\/settembre &#8217;21","author":"Vincenzo Chetta","date":"27 Luglio 2021","format":false,"excerpt":"Tutto pronto per riaprire la stagione fieristica dell\u2019Arte, e non vediamo l\u2019ora di respirare nuovamente quella frenesia pre-fiera che tanto ci piace. Settembre vedr\u00e0 nascere la nuova edizione in presenza della fiera d\u2019arte pi\u00f9 importante del mondo: Art Basel a Basilea sar\u00e0 aperta al pubblico dal 23 al 26 settembre,\u2026","rel":"","context":"In &quot;art magazine&quot;","block_context":{"text":"art magazine","link":"https:\/\/www.biancoscuro.it\/site\/category\/art-magazine\/"},"img":{"alt_text":"","src":"https:\/\/i0.wp.com\/www.biancoscuro.it\/site\/wp-content\/uploads\/2021\/07\/ARTBASEL_KEV9689-999.jpg?resize=350%2C200&ssl=1","width":350,"height":200,"srcset":"https:\/\/i0.wp.com\/www.biancoscuro.it\/site\/wp-content\/uploads\/2021\/07\/ARTBASEL_KEV9689-999.jpg?resize=350%2C200&ssl=1 1x, https:\/\/i0.wp.com\/www.biancoscuro.it\/site\/wp-content\/uploads\/2021\/07\/ARTBASEL_KEV9689-999.jpg?resize=525%2C300&ssl=1 1.5x, https:\/\/i0.wp.com\/www.biancoscuro.it\/site\/wp-content\/uploads\/2021\/07\/ARTBASEL_KEV9689-999.jpg?resize=700%2C400&ssl=1 2x"},"classes":[]},{"id":9731,"url":"https:\/\/www.biancoscuro.it\/site\/biancoscuro-leditoriale-di-ottobre-novembre-19\/","url_meta":{"origin":5743,"position":1},"title":"BIANCOSCURO, l\u2019editoriale di ottobre-novembre \u201919","author":"Vincenzo Chetta","date":"29 Settembre 2019","format":false,"excerpt":"BIANCOSCURO Art Contest - 21 settembre 2019Cerimonia di premiazione a Monte-Carlo (Monaco) Ph. Enrico Mangano Monte-Carlo, domenica 22 settembre.Si \u00e8 appena conclusa la Cerimonia di Premiazione del BIANCOSCURO Art Contest 2019, tutta la rivista \u00e8 pronta, mancano solo il mio editoriale e qualche immagine dell\u2019evento per poter dare l\u2019ok alla\u2026","rel":"","context":"In &quot;art magazine&quot;","block_context":{"text":"art magazine","link":"https:\/\/www.biancoscuro.it\/site\/category\/art-magazine\/"},"img":{"alt_text":"BIANCOSCURO Art Contest 21 settembre 2019 Cerimonia di premiazione a Monte-Carlo (Monaco) Ph. Enrico Mangano","src":"https:\/\/i0.wp.com\/www.biancoscuro.it\/site\/wp-content\/uploads\/2019\/09\/Vincenzo-Chetta-Monte-Carlo2.jpg?resize=350%2C200&ssl=1","width":350,"height":200,"srcset":"https:\/\/i0.wp.com\/www.biancoscuro.it\/site\/wp-content\/uploads\/2019\/09\/Vincenzo-Chetta-Monte-Carlo2.jpg?resize=350%2C200&ssl=1 1x, https:\/\/i0.wp.com\/www.biancoscuro.it\/site\/wp-content\/uploads\/2019\/09\/Vincenzo-Chetta-Monte-Carlo2.jpg?resize=525%2C300&ssl=1 1.5x, https:\/\/i0.wp.com\/www.biancoscuro.it\/site\/wp-content\/uploads\/2019\/09\/Vincenzo-Chetta-Monte-Carlo2.jpg?resize=700%2C400&ssl=1 2x"},"classes":[]},{"id":4273,"url":"https:\/\/www.biancoscuro.it\/site\/biancoscuro-art-magazine-line-numero-17-giugno-luglio-2016\/","url_meta":{"origin":5743,"position":2},"title":"BIANCOSCURO Art Magazine! On-line il nuovo numero #17","author":"Redazione BIANCOSCURO","date":"1 Agosto 2016","format":false,"excerpt":"\"BIANCOSCURO\u00a0Rivista d'Arte\", sfoglia qui \u00a0sotto l'anteprima di BIANCOSCURO Art Magazine\u00a0#17 (agosto-settembre 2016) o\u00a0scarica la versione integrale.\u00a0Iscriviti\u00a0alla nostra\u00a0mailing list\u00a0per essere costantemente aggiornato sui nostri eventi e sulle nostre attivit\u00e0:\u00a0inserisci\u00a0nome,\u00a0cognome\u00a0ed\u00a0e-mail\u00a0nei campi qui a destra per ricevere gratuitamente nella tua casella email. Ordina\u00a0su\u00a0artshop.biancoscuro.it Se vuoi puoi abbonarti alla versione\u00a0cartacea\u00a0cliccando sull'immagine qui sotto! Vuoi\u2026","rel":"","context":"In &quot;art magazine&quot;","block_context":{"text":"art magazine","link":"https:\/\/www.biancoscuro.it\/site\/category\/art-magazine\/"},"img":{"alt_text":"rivista arte Biancoscuro Art Magazine _issue17r","src":"https:\/\/i0.wp.com\/www.biancoscuro.it\/site\/wp-content\/uploads\/2014\/03\/BAM_issue17r.jpg?resize=350%2C200&ssl=1","width":350,"height":200,"srcset":"https:\/\/i0.wp.com\/www.biancoscuro.it\/site\/wp-content\/uploads\/2014\/03\/BAM_issue17r.jpg?resize=350%2C200&ssl=1 1x, https:\/\/i0.wp.com\/www.biancoscuro.it\/site\/wp-content\/uploads\/2014\/03\/BAM_issue17r.jpg?resize=525%2C300&ssl=1 1.5x, https:\/\/i0.wp.com\/www.biancoscuro.it\/site\/wp-content\/uploads\/2014\/03\/BAM_issue17r.jpg?resize=700%2C400&ssl=1 2x"},"classes":[]},{"id":4274,"url":"https:\/\/www.biancoscuro.it\/site\/biancoscuro-leditoriale-agosto-settembre-2016\/","url_meta":{"origin":5743,"position":3},"title":"BIANCOSCURO, l\u2019editoriale di agosto-settembre 2016","author":"Vincenzo Chetta","date":"1 Agosto 2016","format":false,"excerpt":"Nulla \u00e8 pi\u00f9 destabilizzante, nell\u2019ambito artistico, di chi si propone agli addetti ai lavori con opere rubate. E uso con cognizione di causa questa parola, \u201crubate\u201d, perch\u00e9 \u00e8 un furto vero e proprio quello che commettono. Forse non lo fanno tutti, ma noi controlliamo il materiale che ci viene proposto\u2026","rel":"","context":"In &quot;art magazine&quot;","block_context":{"text":"art magazine","link":"https:\/\/www.biancoscuro.it\/site\/category\/art-magazine\/"},"img":{"alt_text":"","src":"https:\/\/i0.wp.com\/www.biancoscuro.it\/site\/wp-content\/uploads\/2016\/08\/k-e1470048251449.jpg?resize=350%2C200&ssl=1","width":350,"height":200,"srcset":"https:\/\/i0.wp.com\/www.biancoscuro.it\/site\/wp-content\/uploads\/2016\/08\/k-e1470048251449.jpg?resize=350%2C200&ssl=1 1x, https:\/\/i0.wp.com\/www.biancoscuro.it\/site\/wp-content\/uploads\/2016\/08\/k-e1470048251449.jpg?resize=525%2C300&ssl=1 1.5x"},"classes":[]},{"id":13605,"url":"https:\/\/www.biancoscuro.it\/site\/biancoscuro-leditoriale-di-giugno-luglio-2022\/","url_meta":{"origin":5743,"position":4},"title":"BIANCOSCURO, l\u2019editoriale di giugno\/luglio 2022","author":"Vincenzo Chetta","date":"2 Giugno 2022","format":false,"excerpt":"Biennale Arte 2022 \u201cIl latte dei sogni\u201d. L\u2019ingresso all\u2019Arsenale May you live in interesting times\u00a0 \u00e8 il titolo che diede Ralph Rugoff alla 58. Esposizione Internazionale d\u2019Arte della Biennale 2019: \u201cUna sorta di maledizione\u201d - disse l\u2019allora Presidente Paolo Baratta, nella quale l\u2019espressione \u201cinteresting times\u201d evoca l\u2019idea di tempi minacciosi\u2026\u2026","rel":"","context":"In &quot;art magazine&quot;","block_context":{"text":"art magazine","link":"https:\/\/www.biancoscuro.it\/site\/category\/art-magazine\/"},"img":{"alt_text":"Biennale Arte 2022 \u201cIl latte dei sogni\u201d. L\u2019ingresso all\u2019Arsenale","src":"https:\/\/i0.wp.com\/www.biancoscuro.it\/site\/wp-content\/uploads\/2022\/05\/ILLATTEDEISOGNI_DSC1601-999.jpg?resize=350%2C200&ssl=1","width":350,"height":200,"srcset":"https:\/\/i0.wp.com\/www.biancoscuro.it\/site\/wp-content\/uploads\/2022\/05\/ILLATTEDEISOGNI_DSC1601-999.jpg?resize=350%2C200&ssl=1 1x, https:\/\/i0.wp.com\/www.biancoscuro.it\/site\/wp-content\/uploads\/2022\/05\/ILLATTEDEISOGNI_DSC1601-999.jpg?resize=525%2C300&ssl=1 1.5x, https:\/\/i0.wp.com\/www.biancoscuro.it\/site\/wp-content\/uploads\/2022\/05\/ILLATTEDEISOGNI_DSC1601-999.jpg?resize=700%2C400&ssl=1 2x"},"classes":[]},{"id":5582,"url":"https:\/\/www.biancoscuro.it\/site\/biancoscuro-art-magazine-line-numero-22\/","url_meta":{"origin":5743,"position":5},"title":"BIANCOSCURO Art Magazine! On-line il numero #22","author":"Redazione BIANCOSCURO","date":"1 Giugno 2017","format":false,"excerpt":"\"BIANCOSCURO\u00a0Rivista d'Arte\", sfoglia qui \u00a0sotto l'anteprima di BIANCOSCURO Art Magazine\u00a0#22 (giugno-luglio 2017) o\u00a0scarica la versione integrale.\u00a0Iscriviti\u00a0alla nostra\u00a0mailing list\u00a0per essere costantemente aggiornato sui nostri eventi e sulle nostre attivit\u00e0:\u00a0inserisci\u00a0nome,\u00a0cognome\u00a0ed\u00a0e-mail\u00a0nei campi qui a destra per ricevere gratuitamente nella tua casella email. Ordina\u00a0su\u00a0artshop.biancoscuro.it BIANCOSCURO\u00a0\u00e8 una pubblicazione BIMESTRALE. Per abbonarti o ricevere a casa\u2026","rel":"","context":"In &quot;art magazine&quot;","block_context":{"text":"art magazine","link":"https:\/\/www.biancoscuro.it\/site\/category\/art-magazine\/"},"img":{"alt_text":"","src":"https:\/\/i0.wp.com\/www.biancoscuro.it\/site\/wp-content\/uploads\/2014\/03\/BAM_issue22_900px.jpg?resize=350%2C200","width":350,"height":200,"srcset":"https:\/\/i0.wp.com\/www.biancoscuro.it\/site\/wp-content\/uploads\/2014\/03\/BAM_issue22_900px.jpg?resize=350%2C200 1x, https:\/\/i0.wp.com\/www.biancoscuro.it\/site\/wp-content\/uploads\/2014\/03\/BAM_issue22_900px.jpg?resize=525%2C300 1.5x, https:\/\/i0.wp.com\/www.biancoscuro.it\/site\/wp-content\/uploads\/2014\/03\/BAM_issue22_900px.jpg?resize=700%2C400 2x"},"classes":[]}],"_links":{"self":[{"href":"https:\/\/www.biancoscuro.it\/site\/wp-json\/wp\/v2\/posts\/5743","targetHints":{"allow":["GET"]}}],"collection":[{"href":"https:\/\/www.biancoscuro.it\/site\/wp-json\/wp\/v2\/posts"}],"about":[{"href":"https:\/\/www.biancoscuro.it\/site\/wp-json\/wp\/v2\/types\/post"}],"author":[{"embeddable":true,"href":"https:\/\/www.biancoscuro.it\/site\/wp-json\/wp\/v2\/users\/909"}],"replies":[{"embeddable":true,"href":"https:\/\/www.biancoscuro.it\/site\/wp-json\/wp\/v2\/comments?post=5743"}],"version-history":[{"count":0,"href":"https:\/\/www.biancoscuro.it\/site\/wp-json\/wp\/v2\/posts\/5743\/revisions"}],"wp:featuredmedia":[{"embeddable":true,"href":"https:\/\/www.biancoscuro.it\/site\/wp-json\/wp\/v2\/media\/5747"}],"wp:attachment":[{"href":"https:\/\/www.biancoscuro.it\/site\/wp-json\/wp\/v2\/media?parent=5743"}],"wp:term":[{"taxonomy":"category","embeddable":true,"href":"https:\/\/www.biancoscuro.it\/site\/wp-json\/wp\/v2\/categories?post=5743"},{"taxonomy":"post_tag","embeddable":true,"href":"https:\/\/www.biancoscuro.it\/site\/wp-json\/wp\/v2\/tags?post=5743"}],"curies":[{"name":"wp","href":"https:\/\/api.w.org\/{rel}","templated":true}]}}