{"id":6306,"date":"2018-01-02T10:01:39","date_gmt":"2018-01-02T09:01:39","guid":{"rendered":"https:\/\/www.biancoscuro.it\/site\/?p=6306"},"modified":"2018-01-04T17:55:10","modified_gmt":"2018-01-04T16:55:10","slug":"la-mala-milano-laltro-lato-della-rinascita-la-guerra","status":"publish","type":"post","link":"https:\/\/www.biancoscuro.it\/site\/la-mala-milano-laltro-lato-della-rinascita-la-guerra\/","title":{"rendered":"La MALA a Milano. L\u2019altro lato della rinascita dopo la guerra"},"content":{"rendered":"<span class=\"span-reading-time rt-reading-time\" style=\"display: block;\"><span class=\"rt-label rt-prefix\">\u23f0 lettura <\/span> <span class=\"rt-time\"> 3<\/span> <span class=\"rt-label rt-postfix\">min. <br><br><\/span><\/span><h4><i>\u201cFurono tempi difficili dove, a tutti i costi, doveva essere contrastata l\u2019arroganza di centinaia di malavitosi che volevano imporre con violenza i loro soprusi. Si cre\u00f2 un fronte unito di magistrati e forze dell\u2019ordine che, con professionale e certosino lavoro, riuscirono ad assicurare alla giustizia tutti i malavitosi dell\u2019epoca ristabilendo serenit\u00e0 alla comunit\u00e0 milanese. La Mostra riesce a far rivivere quei difficili momenti e regala agli operatori dell\u2019epoca il giusto merito per quanto fatto. A noi regala invece il monito di continuare nell\u2019 impegno costante verso la comunit\u00e0.\u201d<br \/>\n<\/i><i>Marcello Cardona<br \/>\n<\/i><i>Questore della Provincia di Milano<\/i><\/h4>\n<p>&nbsp;<\/p>\n<p>Appuntamento espositivo, visitabile sino all\u201911 febbraio 2018 a Palazzo Morando, in cui<b> si prosegue con le rassegne dedicate al capoluogo lombardo<\/b>. Dopo il racconto della Milano prima e dopoguerra, e di come si sia rialzata maestosamente, si prosegue col ricordare<b> un altro lato di questa rinascita, un periodo lungo quarant\u2019anni, anche\u2019esso capace di trasformare in modo radicale il volto della citt\u00e0<\/b>.<\/p>\n<figure id=\"attachment_6309\" aria-describedby=\"caption-attachment-6309\" style=\"width: 1000px\" class=\"wp-caption alignnone\"><img loading=\"lazy\" decoding=\"async\" class=\"size-full wp-image-6309\" src=\"https:\/\/www.biancoscuro.it\/site\/wp-content\/uploads\/2018\/01\/Giancarlo-De-Bellis-Renato-Vallanzasca-arrestato-dopo-una-rapina-1972-Archivio-Fotogramma.jpg\" alt=\"\" width=\"1000\" height=\"907\" srcset=\"https:\/\/www.biancoscuro.it\/site\/wp-content\/uploads\/2018\/01\/Giancarlo-De-Bellis-Renato-Vallanzasca-arrestato-dopo-una-rapina-1972-Archivio-Fotogramma.jpg 1000w, https:\/\/www.biancoscuro.it\/site\/wp-content\/uploads\/2018\/01\/Giancarlo-De-Bellis-Renato-Vallanzasca-arrestato-dopo-una-rapina-1972-Archivio-Fotogramma-300x272.jpg 300w, https:\/\/www.biancoscuro.it\/site\/wp-content\/uploads\/2018\/01\/Giancarlo-De-Bellis-Renato-Vallanzasca-arrestato-dopo-una-rapina-1972-Archivio-Fotogramma-768x697.jpg 768w, https:\/\/www.biancoscuro.it\/site\/wp-content\/uploads\/2018\/01\/Giancarlo-De-Bellis-Renato-Vallanzasca-arrestato-dopo-una-rapina-1972-Archivio-Fotogramma-600x544.jpg 600w\" sizes=\"auto, (max-width: 1000px) 100vw, 1000px\" \/><figcaption id=\"caption-attachment-6309\" class=\"wp-caption-text\">Renato Vallanzasca arrestato dopo una rapina<br \/>1972 (Giancarlo De Bellis &#8211; Archivio Fotogramma)<\/figcaption><\/figure>\n<p><i>\u201cMilano e la mala. Storia criminale della citt\u00e0, dalla rapina di via Osoppo a Vallanzasca\u201d<\/i>,<b><i> <\/i><\/b>visitabile sino all\u201911 febbraio 2018, vanta la cura di <i>Stefano Galli<\/i>, \u00e8 promossa da Comune di Milano | Cultura, Direzione Musei Storici, ed \u00e8 organizzata dall\u2019Associazione Spirale d\u2019Idee con la Polizia di Stato (preziosa anche per la ricerca e la scelta della documentazione, della <b>selezione delle strumentazioni tecniche e degli arredi di ufficio originali<\/b>, e per la scelta delle armi in uso a quell\u2019epoca e messe a disposizione dalla <i>Fabbrica d\u2019armi Pietro Beretta S.P.A<\/i>. Il progetto inoltre si avvale del contributo del <b>Museo del Manifesto Cinematografico Fermo Immagine<\/b>, con l\u2019esposizione di sei delle 23 locandine originali di film polizieschi degli anni \u201860 e \u201870 girati a Milano, donate alla Questura di Milano ed esposte negli uffici del Commissariato Greco Turro. <b>L\u2019esposizione analizza e ripercorre la nascita e l\u2019affermazione della criminalit\u00e0 a Milano, tra la fine degli anni quaranta e la met\u00e0 degli anni ottanta<\/b>, attraverso 170 immagini d\u2019epoca, documenti e <b>strumenti del mestiere, come la celebre custodia del mitra del<i> solista <\/i>Luciano Lutring<\/b>, i dadi usati nelle bische e le armi utilizzate dalla polizia per combattere il crimine, per documentare <b>l\u2019evoluzione della malavita in citt\u00e0, dai gruppi improvvisati all\u2019affermazione del fenomeno malavitoso<\/b>. L\u2019ordine del percorso espositivo \u00e8, logicamente per una mostra di questo tipo, cronologico, e si parte <b>dalla famosa rapina di via Osoppo del 1958, definita \u201cil colpo del secolo\u201d<\/b>: l\u2019assalto di sette uomini a un portavalori che si impossess\u00f2 di un bottino di oltre 614 milioni di lire senza neppure sparare un colpo. Questo crimine rappresent\u00f2 l\u2019apice della <b>Ligera, <\/b>(una forma di delinquenza milanese composta da piccoli gruppi di criminali), e <b>segn\u00f2 la fine di questo tipo di malavita<\/b> <b>lasciando il campo, nel ventennio 1960-1980, a una nuova forma criminale strutturata in gruppi omogenei<\/b>, che seguivano principalmente il gioco d\u2019azzardo, la prostituzione ed il traffico di stupefacenti. Tra i protagonisti di questa stagione nomi del calibro di <b><i>Francis Turatello, Angelo Epaminonda, Renato Vallanzasca<\/i><\/b>, che evocano nei ricordi dei milanesi atmosfere da<b> Far West<\/b>.<\/p>\n<figure id=\"attachment_6307\" aria-describedby=\"caption-attachment-6307\" style=\"width: 1000px\" class=\"wp-caption alignnone\"><img loading=\"lazy\" decoding=\"async\" class=\"size-full wp-image-6307\" src=\"https:\/\/www.biancoscuro.it\/site\/wp-content\/uploads\/2018\/01\/Francis-Turatello-anni-\u201970-Archivio-privato.jpg\" alt=\"\" width=\"1000\" height=\"675\" srcset=\"https:\/\/www.biancoscuro.it\/site\/wp-content\/uploads\/2018\/01\/Francis-Turatello-anni-\u201970-Archivio-privato.jpg 1000w, https:\/\/www.biancoscuro.it\/site\/wp-content\/uploads\/2018\/01\/Francis-Turatello-anni-\u201970-Archivio-privato-300x203.jpg 300w, https:\/\/www.biancoscuro.it\/site\/wp-content\/uploads\/2018\/01\/Francis-Turatello-anni-\u201970-Archivio-privato-768x518.jpg 768w, https:\/\/www.biancoscuro.it\/site\/wp-content\/uploads\/2018\/01\/Francis-Turatello-anni-\u201970-Archivio-privato-600x405.jpg 600w\" sizes=\"auto, (max-width: 1000px) 100vw, 1000px\" \/><figcaption id=\"caption-attachment-6307\" class=\"wp-caption-text\">Francis Turatello, anni \u201970, Archivio privato<\/figcaption><\/figure>\n<p>Ecco che il lato della rinascita economica del dopoguerra si scontra con il lato della criminalit\u00e0 organizzata, di notte nelle bische, nei night club, nei circoli privati.<br \/>\nL\u2019esposizione documenta tutte queste atmosfere, oltre a riportare in primo piano <b>i quartieri della malavita: il Giambellino, l\u2019Isola, la casba di via Conca del Naviglio e il Ticinese<\/b>.<br \/>\nAtmosfere, ma anche fenomeni specifici come i sequestri, le carceri e le sue rivolte, i killer come gli <b><i>Apaches di Epaminonda<\/i><\/b> che terrorizzarono la citt\u00e0 nei primissimi anni ottanta. <b>Un importante approfondimento \u00e8 logicamente rivolto ai rappresentanti delle forze dell\u2019ordine<\/b>, della Polizia di Stato con il <b>Commissario Mario Nardone<\/b> ed il futuro <b>Questore Achille Serra<\/b>. Oltre al racconto dei crimini, troviamo anche le indagini della Questura di Milano, e possiamo constatare l\u2019evoluzione delle tecniche investigative e dei supporti tecnici che negli anni hanno supportato tutte le Forze dell\u2019Ordine nella lotta alla criminalit\u00e0 e nella ricerca di giustizia.<br \/>\nL\u2019esposizione si chiude con la sezione dedicata a <b>Renato Vallanzasca, il bandito della Comasina, ultimo rappresentante di una malavita milanese che dai primi anni ottanta lascer\u00e0 il passo a nuove e pi\u00f9 cruente forme di criminalit\u00e0<\/b>.<\/p>\n<pre>INFO\r\n<b>MILANO E LA MALA<\/b>\r\n<b>Storia criminale della citt\u00e0, dalla rapina di via Osoppo a Vallanzasca<\/b>\r\n09 novembre 2017 \u2013 11 febbraio 2018\r\nPalazzo Morando, Milano\r\nc.palazzomorando@comune.milano.it\r\n<b>Da marted\u00ec a domenica <\/b>10.00-20.00\r\n<b>Gioved\u00ec <\/b>10.00-22.30\r\n<b>www.civicheraccoltestoriche.mi.it\r\n<\/b><\/pre>\n<figure id=\"attachment_6308\" aria-describedby=\"caption-attachment-6308\" style=\"width: 1000px\" class=\"wp-caption alignnone\"><img loading=\"lazy\" decoding=\"async\" class=\"size-full wp-image-6308\" src=\"https:\/\/www.biancoscuro.it\/site\/wp-content\/uploads\/2018\/01\/Il-Pussy-Cat-anni-\u201970-Centro-Apice-\u2013-Universit\u00e0-degli-Studi-Milano.jpg\" alt=\"\" width=\"1000\" height=\"1296\" srcset=\"https:\/\/www.biancoscuro.it\/site\/wp-content\/uploads\/2018\/01\/Il-Pussy-Cat-anni-\u201970-Centro-Apice-\u2013-Universit\u00e0-degli-Studi-Milano.jpg 1000w, https:\/\/www.biancoscuro.it\/site\/wp-content\/uploads\/2018\/01\/Il-Pussy-Cat-anni-\u201970-Centro-Apice-\u2013-Universit\u00e0-degli-Studi-Milano-231x300.jpg 231w, https:\/\/www.biancoscuro.it\/site\/wp-content\/uploads\/2018\/01\/Il-Pussy-Cat-anni-\u201970-Centro-Apice-\u2013-Universit\u00e0-degli-Studi-Milano-768x995.jpg 768w, https:\/\/www.biancoscuro.it\/site\/wp-content\/uploads\/2018\/01\/Il-Pussy-Cat-anni-\u201970-Centro-Apice-\u2013-Universit\u00e0-degli-Studi-Milano-790x1024.jpg 790w, https:\/\/www.biancoscuro.it\/site\/wp-content\/uploads\/2018\/01\/Il-Pussy-Cat-anni-\u201970-Centro-Apice-\u2013-Universit\u00e0-degli-Studi-Milano-600x778.jpg 600w\" sizes=\"auto, (max-width: 1000px) 100vw, 1000px\" \/><figcaption id=\"caption-attachment-6308\" class=\"wp-caption-text\">Il Pussy Cat, anni \u201970, Centro Apice<br \/>(Universit\u00e0 degli Studi Milano)<\/figcaption><\/figure>\n<pre><b><\/b>\r\n\r\n<\/pre>\n","protected":false},"excerpt":{"rendered":"<p><span class=\"span-reading-time rt-reading-time\" style=\"display: block;\"><span class=\"rt-label rt-prefix\">\u23f0 lettura <\/span> <span class=\"rt-time\"> 3<\/span> <span class=\"rt-label rt-postfix\">min. <\/p>\n<p><\/span><\/span>\u201cFurono tempi difficili dove, a tutti i costi, doveva essere contrastata l\u2019arroganza di centinaia di malavitosi che volevano imporre con violenza i loro soprusi. Si cre\u00f2 un fronte unito di magistrati e forze dell\u2019ordine che, con professionale e certosino lavoro, riuscirono ad assicurare alla giustizia tutti i malavitosi dell\u2019epoca ristabilendo serenit\u00e0 alla comunit\u00e0 milanese. La&hellip;&nbsp;<a href=\"https:\/\/www.biancoscuro.it\/site\/la-mala-milano-laltro-lato-della-rinascita-la-guerra\/\" rel=\"bookmark\">Leggi tutto &raquo;<span class=\"screen-reader-text\">La MALA a Milano. L\u2019altro lato della rinascita dopo la guerra<\/span><\/a><\/p>\n","protected":false},"author":1032,"featured_media":6310,"comment_status":"closed","ping_status":"closed","sticky":false,"template":"","format":"standard","meta":{"neve_meta_sidebar":"","neve_meta_container":"","neve_meta_enable_content_width":"","neve_meta_content_width":0,"neve_meta_title_alignment":"","neve_meta_author_avatar":"","neve_post_elements_order":"","neve_meta_disable_header":"","neve_meta_disable_footer":"","neve_meta_disable_title":"","advanced_seo_description":"","jetpack_seo_html_title":"","jetpack_seo_noindex":false,"footnotes":""},"categories":[5,26,24],"tags":[],"class_list":["post-6306","post","type-post","status-publish","format-standard","has-post-thumbnail","hentry","category-arte","category-eventi","category-mostre"],"jetpack_featured_media_url":"https:\/\/www.biancoscuro.it\/site\/wp-content\/uploads\/2018\/01\/Giancarlo-De-Bellis-Renato-Vallanzasca-arrestato-dopo-una-rapina-1972-Archivio-Fotogramma400.jpg","jetpack_sharing_enabled":true,"jetpack-related-posts":[{"id":14788,"url":"https:\/\/www.biancoscuro.it\/site\/al-castello-di-novara-la-milano-ottocentesca-romantica-e-scapigliata\/","url_meta":{"origin":6306,"position":0},"title":"Al Castello di Novara la Milano ottocentesca romantica e scapigliata","author":"Chiara","date":"9 Novembre 2022","format":false,"excerpt":"Milano da Romantica a Scapigliata \u00e8 il titolo della mostra da poco inaugurata al Castello Visconteo Sforzesco di Novara, ideata e prodotta da Comune di Novara, Fondazione Castello e Mets Percorsi d\u2019Arte. Attraverso oltre settanta capolavori eseguiti dai maggiori protagonisti della cultura figurativa ottocentesca attivi a Milano, la mostra, aperta\u2026","rel":"","context":"In &quot;arte&quot;","block_context":{"text":"arte","link":"https:\/\/www.biancoscuro.it\/site\/category\/arte\/"},"img":{"alt_text":"","src":"https:\/\/i0.wp.com\/www.biancoscuro.it\/site\/wp-content\/uploads\/2022\/11\/3.-Canella-Giuseppe-Veduta-della-Corsia-de-Servi-in-Milano-olio-su-tela-815-x-64-cm.jpg?resize=350%2C200&ssl=1","width":350,"height":200,"srcset":"https:\/\/i0.wp.com\/www.biancoscuro.it\/site\/wp-content\/uploads\/2022\/11\/3.-Canella-Giuseppe-Veduta-della-Corsia-de-Servi-in-Milano-olio-su-tela-815-x-64-cm.jpg?resize=350%2C200&ssl=1 1x, https:\/\/i0.wp.com\/www.biancoscuro.it\/site\/wp-content\/uploads\/2022\/11\/3.-Canella-Giuseppe-Veduta-della-Corsia-de-Servi-in-Milano-olio-su-tela-815-x-64-cm.jpg?resize=525%2C300&ssl=1 1.5x, https:\/\/i0.wp.com\/www.biancoscuro.it\/site\/wp-content\/uploads\/2022\/11\/3.-Canella-Giuseppe-Veduta-della-Corsia-de-Servi-in-Milano-olio-su-tela-815-x-64-cm.jpg?resize=700%2C400&ssl=1 2x"},"classes":[]},{"id":13787,"url":"https:\/\/www.biancoscuro.it\/site\/dal-buio-alla-luce-from-darkness-to-light\/","url_meta":{"origin":6306,"position":1},"title":"Dal buio alla luce \/ From darkness to light","author":"Claudia Migliore","date":"11 Luglio 2022","format":false,"excerpt":"Carlo Guzzi, \"Impronte di umanit\u00e0 di passaggi\u201c, ferro cotto, legno. 100x100x230 cm. Un progetto inserito nel panorama artistico delle mostre organizzate da SEA Aeroporti Linate Malpensa. Quattro artisti, un contesto diverso, dove il focus \u00e8 dare speranza, luce e bellezza in un momento storico difficile. Stiamo vivendo un\u2019epoca storica alquanto\u2026","rel":"","context":"In &quot;arte&quot;","block_context":{"text":"arte","link":"https:\/\/www.biancoscuro.it\/site\/category\/arte\/"},"img":{"alt_text":"","src":"https:\/\/i0.wp.com\/www.biancoscuro.it\/site\/wp-content\/uploads\/2022\/07\/Dal-buio-alla-luce-opera.jpg?resize=350%2C200&ssl=1","width":350,"height":200,"srcset":"https:\/\/i0.wp.com\/www.biancoscuro.it\/site\/wp-content\/uploads\/2022\/07\/Dal-buio-alla-luce-opera.jpg?resize=350%2C200&ssl=1 1x, https:\/\/i0.wp.com\/www.biancoscuro.it\/site\/wp-content\/uploads\/2022\/07\/Dal-buio-alla-luce-opera.jpg?resize=525%2C300&ssl=1 1.5x, https:\/\/i0.wp.com\/www.biancoscuro.it\/site\/wp-content\/uploads\/2022\/07\/Dal-buio-alla-luce-opera.jpg?resize=700%2C400&ssl=1 2x"},"classes":[]},{"id":8752,"url":"https:\/\/www.biancoscuro.it\/site\/i-percorsi-dellanima\/","url_meta":{"origin":6306,"position":2},"title":"I Percorsi dell&#8217;Anima","author":"Claudia Migliore","date":"24 Febbraio 2019","format":false,"excerpt":"I Percorsi dell'Anima, mostra fotografica collettiva, giunge alla sua ultima esposizione dopo un \u201cpercorso\u201d durato quasi nove mesi e partito da lontano. L'idea iniziale nasce da un progetto, per il Photofestival 2018, esposto per la prima volta in Acquario Civico a Milano e successivamente, con implementazione continua di fotografi ed\u2026","rel":"","context":"In &quot;arte&quot;","block_context":{"text":"arte","link":"https:\/\/www.biancoscuro.it\/site\/category\/arte\/"},"img":{"alt_text":"","src":"https:\/\/i0.wp.com\/www.biancoscuro.it\/site\/wp-content\/uploads\/2019\/02\/Transition-room-1000.jpg?resize=350%2C200&ssl=1","width":350,"height":200,"srcset":"https:\/\/i0.wp.com\/www.biancoscuro.it\/site\/wp-content\/uploads\/2019\/02\/Transition-room-1000.jpg?resize=350%2C200&ssl=1 1x, https:\/\/i0.wp.com\/www.biancoscuro.it\/site\/wp-content\/uploads\/2019\/02\/Transition-room-1000.jpg?resize=525%2C300&ssl=1 1.5x, https:\/\/i0.wp.com\/www.biancoscuro.it\/site\/wp-content\/uploads\/2019\/02\/Transition-room-1000.jpg?resize=700%2C400&ssl=1 2x, https:\/\/i0.wp.com\/www.biancoscuro.it\/site\/wp-content\/uploads\/2019\/02\/Transition-room-1000.jpg?resize=1050%2C600&ssl=1 3x"},"classes":[]},{"id":3095,"url":"https:\/\/www.biancoscuro.it\/site\/warhol-inedito-le-prime-sperimentazioni-digitali-con-amiga\/","url_meta":{"origin":6306,"position":3},"title":"Warhol inedito: le prime sperimentazioni digitali con Amiga","author":"Redazione BIANCOSCURO","date":"9 Settembre 2015","format":false,"excerpt":"Una mostra documentario a Milano,\u00a0dal 22 ottobre al 21 novembre 2015\u00a0inaugurazione mercoled\u00ec 21 ottobre, ore 18.30 Un corpus di opere inedite di Warhol per la prima volta in Italia da Deodato Arte. L'esposizione celebra i trent'anni della presentazione di Amiga 1000 al Lincoln Center di New York e ricrea il\u2026","rel":"","context":"In &quot;arte&quot;","block_context":{"text":"arte","link":"https:\/\/www.biancoscuro.it\/site\/category\/arte\/"},"img":{"alt_text":"","src":"https:\/\/i0.wp.com\/www.biancoscuro.it\/site\/wp-content\/uploads\/2015\/09\/Andy-Warhol_Autoritratto_1985_Amiga-1000-2000-copia.jpg?resize=350%2C200&ssl=1","width":350,"height":200,"srcset":"https:\/\/i0.wp.com\/www.biancoscuro.it\/site\/wp-content\/uploads\/2015\/09\/Andy-Warhol_Autoritratto_1985_Amiga-1000-2000-copia.jpg?resize=350%2C200&ssl=1 1x, https:\/\/i0.wp.com\/www.biancoscuro.it\/site\/wp-content\/uploads\/2015\/09\/Andy-Warhol_Autoritratto_1985_Amiga-1000-2000-copia.jpg?resize=525%2C300&ssl=1 1.5x, https:\/\/i0.wp.com\/www.biancoscuro.it\/site\/wp-content\/uploads\/2015\/09\/Andy-Warhol_Autoritratto_1985_Amiga-1000-2000-copia.jpg?resize=700%2C400&ssl=1 2x, https:\/\/i0.wp.com\/www.biancoscuro.it\/site\/wp-content\/uploads\/2015\/09\/Andy-Warhol_Autoritratto_1985_Amiga-1000-2000-copia.jpg?resize=1050%2C600&ssl=1 3x, https:\/\/i0.wp.com\/www.biancoscuro.it\/site\/wp-content\/uploads\/2015\/09\/Andy-Warhol_Autoritratto_1985_Amiga-1000-2000-copia.jpg?resize=1400%2C800&ssl=1 4x"},"classes":[]},{"id":10483,"url":"https:\/\/www.biancoscuro.it\/site\/prorogata-all8-marzo-la-mostra-guggenheim-la-collezione-thannhauser-da-van-gogh-a-picasso-a-palazzo-reale-a-milano\/","url_meta":{"origin":6306,"position":4},"title":"Prorogata all&#8217;8 marzo la mostra Guggenheim &#8220;La Collezione Thannhauser&#8221;","author":"Chiara","date":"3 Marzo 2020","format":false,"excerpt":"\"La Collezione Thannhauser\" da Van Gogh a Picasso a Palazzo Reale a Milano La splendida mostra\u00a0Guggenheim La Collezione Thannhauser da Van Gogh a Picasso,\u00a0rimasta chiusa la scorsa settimana in ottemperanza al decreto della Regione Lombardia relativo alle misure di contenimento del contagio da Coronavirus, \u00e8 stata prorogata e riapre da\u2026","rel":"","context":"In &quot;arte&quot;","block_context":{"text":"arte","link":"https:\/\/www.biancoscuro.it\/site\/category\/arte\/"},"img":{"alt_text":"","src":"https:\/\/i0.wp.com\/www.biancoscuro.it\/site\/wp-content\/uploads\/2020\/03\/15.-Rousseau-I-giocatori-di-football.jpg?resize=350%2C200&ssl=1","width":350,"height":200,"srcset":"https:\/\/i0.wp.com\/www.biancoscuro.it\/site\/wp-content\/uploads\/2020\/03\/15.-Rousseau-I-giocatori-di-football.jpg?resize=350%2C200&ssl=1 1x, https:\/\/i0.wp.com\/www.biancoscuro.it\/site\/wp-content\/uploads\/2020\/03\/15.-Rousseau-I-giocatori-di-football.jpg?resize=525%2C300&ssl=1 1.5x, https:\/\/i0.wp.com\/www.biancoscuro.it\/site\/wp-content\/uploads\/2020\/03\/15.-Rousseau-I-giocatori-di-football.jpg?resize=700%2C400&ssl=1 2x"},"classes":[]},{"id":1710,"url":"https:\/\/www.biancoscuro.it\/site\/unpainted-worlds\/","url_meta":{"origin":6306,"position":5},"title":"Unpainted Worlds","author":"Artmeet Gallery","date":"28 Agosto 2014","format":false,"excerpt":"Prende il via a Milano il prossimo 5 settembre \"Unpainted Worlds\", ciclo di mostre interamente dedicato all'arte visiva digitale. Organizzato e sostenuto dall'Artmeet Gallery, galleria di respiro internazionale, l'evento si inserisce in un contesto di valorizzazione dell'arte digitale nelle sue molteplici espressioni: dalla composizione digitale al retouching creativo, dalla fotomanipolazione\u2026","rel":"","context":"In &quot;arte&quot;","block_context":{"text":"arte","link":"https:\/\/www.biancoscuro.it\/site\/category\/arte\/"},"img":{"alt_text":"","src":"https:\/\/i0.wp.com\/www.biancoscuro.it\/site\/wp-content\/uploads\/2014\/08\/artmeet.jpg?resize=350%2C200&ssl=1","width":350,"height":200,"srcset":"https:\/\/i0.wp.com\/www.biancoscuro.it\/site\/wp-content\/uploads\/2014\/08\/artmeet.jpg?resize=350%2C200&ssl=1 1x, https:\/\/i0.wp.com\/www.biancoscuro.it\/site\/wp-content\/uploads\/2014\/08\/artmeet.jpg?resize=525%2C300&ssl=1 1.5x, https:\/\/i0.wp.com\/www.biancoscuro.it\/site\/wp-content\/uploads\/2014\/08\/artmeet.jpg?resize=700%2C400&ssl=1 2x"},"classes":[]}],"_links":{"self":[{"href":"https:\/\/www.biancoscuro.it\/site\/wp-json\/wp\/v2\/posts\/6306","targetHints":{"allow":["GET"]}}],"collection":[{"href":"https:\/\/www.biancoscuro.it\/site\/wp-json\/wp\/v2\/posts"}],"about":[{"href":"https:\/\/www.biancoscuro.it\/site\/wp-json\/wp\/v2\/types\/post"}],"author":[{"embeddable":true,"href":"https:\/\/www.biancoscuro.it\/site\/wp-json\/wp\/v2\/users\/1032"}],"replies":[{"embeddable":true,"href":"https:\/\/www.biancoscuro.it\/site\/wp-json\/wp\/v2\/comments?post=6306"}],"version-history":[{"count":0,"href":"https:\/\/www.biancoscuro.it\/site\/wp-json\/wp\/v2\/posts\/6306\/revisions"}],"wp:featuredmedia":[{"embeddable":true,"href":"https:\/\/www.biancoscuro.it\/site\/wp-json\/wp\/v2\/media\/6310"}],"wp:attachment":[{"href":"https:\/\/www.biancoscuro.it\/site\/wp-json\/wp\/v2\/media?parent=6306"}],"wp:term":[{"taxonomy":"category","embeddable":true,"href":"https:\/\/www.biancoscuro.it\/site\/wp-json\/wp\/v2\/categories?post=6306"},{"taxonomy":"post_tag","embeddable":true,"href":"https:\/\/www.biancoscuro.it\/site\/wp-json\/wp\/v2\/tags?post=6306"}],"curies":[{"name":"wp","href":"https:\/\/api.w.org\/{rel}","templated":true}]}}