{"id":6576,"date":"2018-02-26T15:02:12","date_gmt":"2018-02-26T14:02:12","guid":{"rendered":"https:\/\/www.biancoscuro.it\/site\/?p=6576"},"modified":"2018-03-01T12:46:08","modified_gmt":"2018-03-01T11:46:08","slug":"alla-casa-goethe-roma-presentazione-del-volume-museo-piranesi-pierluigi-panza-skira","status":"publish","type":"post","link":"https:\/\/www.biancoscuro.it\/site\/alla-casa-goethe-roma-presentazione-del-volume-museo-piranesi-pierluigi-panza-skira\/","title":{"rendered":"Alla Casa di Goethe a Roma Presentazione del volume MUSEO PIRANESI di Pierluigi Panza"},"content":{"rendered":"<span class=\"span-reading-time rt-reading-time\" style=\"display: block;\"><span class=\"rt-label rt-prefix\">\u23f0 lettura <\/span> <span class=\"rt-time\"> 2<\/span> <span class=\"rt-label rt-postfix\">min. <br><br><\/span><\/span><h3><strong>Gioved\u00ec 1 marzo 2018 alle\u00a019\u00a0alla Casa di Goethe a Roma<br \/>\n<\/strong><strong>(via del Corso 18) avr\u00e0 luogo\u00a0la presentazione<br \/>\ndel volume di\u00a0Pierluigi Panza MUSEO PIRANESI, <a href=\"http:\/\/www.skira.net\/\" target=\"_blank\" rel=\"noopener noreferrer\">Skira<\/a>.<\/strong><\/h3>\n<div>\n<h3><strong><em>Con l&#8217;autore interviene MARCELLO BARBANERA. \u00a0 \u00a0<\/em><\/strong><\/h3>\n<h3><strong><em>L&#8217;evento \u00e8 a ingresso gratuito! \u00a0 \u00a0 \u00a0 \u00a0 \u00a0 \u00a0 \u00a0 \u00a0 \u00a0 \u00a0 \u00a0 \u00a0 \u00a0 \u00a0 \u00a0 \u00a0 \u00a0 \u00a0 \u00a0 \u00a0 \u00a0 \u00a0 \u00a0 \u00a0 \u00a0 \u00a0 \u00a0 \u00a0 \u00a0 \u00a0 \u00a0 \u00a0 \u00a0 \u00a0 \u00a0 \u00a0 \u00a0 \u00a0 \u00a0 \u00a0 \u00a0 \u00a0 \u00a0 \u00a0 \u00a0 \u00a0 \u00a0 \u00a0 \u00a0 \u00a0 \u00a0 \u00a0 \u00a0 \u00a0 \u00a0 \u00a0 \u00a0 \u00a0 \u00a0 \u00a0 \u00a0 \u00a0 \u00a0 \u00a0 \u00a0 \u00a0 \u00a0 \u00a0 \u00a0 \u00a0 \u00a0 \u00a0 \u00a0 \u00a0 \u00a0 \u00a0 \u00a0 \u00a0 \u00a0 \u00a0 \u00a0 \u00a0 \u00a0 \u00a0 \u00a0 \u00a0 \u00a0 \u00a0 \u00a0 \u00a0 \u00a0 \u00a0 \u00a0 \u00a0 \u00a0 \u00a0\u00a0<\/em> <\/strong><\/h3>\n<\/div>\n<div><img loading=\"lazy\" decoding=\"async\" class=\"alignnone size-medium wp-image-6582\" src=\"https:\/\/www.biancoscuro.it\/site\/wp-content\/uploads\/2018\/02\/museo-piranesi_cover-205x300.jpg\" alt=\"\" width=\"205\" height=\"300\" srcset=\"https:\/\/www.biancoscuro.it\/site\/wp-content\/uploads\/2018\/02\/museo-piranesi_cover-205x300.jpg 205w, https:\/\/www.biancoscuro.it\/site\/wp-content\/uploads\/2018\/02\/museo-piranesi_cover.jpg 409w\" sizes=\"auto, (max-width: 205px) 100vw, 205px\" \/><\/div>\n<div><\/div>\n<div><strong>Giovan Battist<\/strong><strong style=\"line-height: 1.5;\">a\u00a0Piran<\/strong><strong style=\"line-height: 1.5;\">esi<\/strong><span style=\"line-height: 1.5;\"> (1720-1778) fu il pi\u00f9 celebre incisore di tutti i tempi, noto per le sue Vedute di Roma. Ma si \u00e8 scoperto che fu anche uno dei principali art-dealers, restauratori e rifacitori di sculture, vasi, candelabri, cippi e frammenti che venivano scavati o che lui stesso scavava nel ventre di Roma e poi collezionava nella sua casa-museo di Palazzo Tomati, prima di venderli ai nobili del Grand Tour. Molti cultori di Piranesi, osservando le sue incisioni si sono chiesti: inventava i pezzi antichi che compaiono nelle stampe oppure esistevano davvero? Il\u00a0Museo Piranesi, frutto di una ricerca che si \u00e8 protratta per pi\u00f9 di vent\u2019anni, risponde a questa domanda inventariando i pezzi passati dalla casa-museo dell\u2019artista che esistono ancora in varie collezioni del mondo. E&#8217; il primo censimento delle opere e frammenti antichi che furono scoperti, venduti, restaurati o assemblati da Giovan Battista e dal figlio Francesco.<\/span><\/div>\n<div>\n<hr \/>\n<\/div>\n<div><strong>P<\/strong><strong style=\"line-height: 1.5;\">ierluigi Panza <\/strong><span style=\"line-height: 1.5;\">\u00e8 giornalista e critico d\u2019arte del \u201cCorriere della Sera\u201d. Lo specialista di Piranesi ha pubblicato centinaia di interventi scientifici soprattutto sul Settecento italiano ed \u00e8 membro dell\u2019Accademia delle arti del Disegno di Firenze, dell\u2019Istituto Veneto di Scienze, lettere e arti, della Societ\u00e0 italiana di Estetica e della Societ\u00e0 italiana di Storia della critica d\u2019arte. Nel 2017 il suo volume \u201c<\/span><span style=\"line-height: 1.5;\">Museo Piranesi<\/span><span style=\"line-height: 1.5;\">\u201d (Skira), ha vinto l\u2019European Union Prize for Cultural Heritage\/Europa Nostra Awards maggior riconoscimento europeo per i Beni culturali. Sempre nel 2017 ha curato la mostra \u201cWinckelmann a Milano\u201d alla Biblioteca Nazionale Braidense. \u00a0<\/span><\/div>\n<div>\n<hr \/>\n<\/div>\n<div><strong style=\"line-height: 1.5;\">Marcello Barbanera<\/strong><span style=\"line-height: 1.5;\"> \u00e8 professore di Archeologia e Storia dell\u2019arte greca e romana nel Dipartimento di Scienze dell\u2019Antichit\u00e0 della Sapienza Universit\u00e0 di Roma. La sua attivit\u00e0 di ricerca \u00e8 orientata verso la storia dell\u2019archeologia, la scultura greca, la metodologia della storia dell\u2019arte, la storia del collezionismo,\u00a0 l\u2019archeologia della Magna Grecia, la museografia, la ricezione dell&#8217;antico e la definizione di arte nella societ\u00e0 greca. Tra le sue pubblicazioni: <em>The Envy of Daedalus. Essay on the artist as murderer<\/em> (2013);\u00a0 <em>Figure del corpo del mondo antico\u00a0<\/em>(2018).<\/span><\/div>\n<div><\/div>\n","protected":false},"excerpt":{"rendered":"<p><span class=\"span-reading-time rt-reading-time\" style=\"display: block;\"><span class=\"rt-label rt-prefix\">\u23f0 lettura <\/span> <span class=\"rt-time\"> 2<\/span> <span class=\"rt-label rt-postfix\">min. <\/p>\n<p><\/span><\/span>Gioved\u00ec 1 marzo 2018 alle\u00a019\u00a0alla Casa di Goethe a Roma (via del Corso 18) avr\u00e0 luogo\u00a0la presentazione del volume di\u00a0Pierluigi Panza MUSEO PIRANESI, Skira. Con l&#8217;autore interviene MARCELLO BARBANERA. \u00a0 \u00a0 L&#8217;evento \u00e8 a ingresso gratuito! \u00a0 \u00a0 \u00a0 \u00a0 \u00a0 \u00a0 \u00a0 \u00a0 \u00a0 \u00a0 \u00a0 \u00a0 \u00a0 \u00a0 \u00a0 \u00a0 \u00a0 \u00a0 \u00a0&hellip;&nbsp;<a href=\"https:\/\/www.biancoscuro.it\/site\/alla-casa-goethe-roma-presentazione-del-volume-museo-piranesi-pierluigi-panza-skira\/\" rel=\"bookmark\">Leggi tutto &raquo;<span class=\"screen-reader-text\">Alla Casa di Goethe a Roma Presentazione del volume MUSEO PIRANESI di Pierluigi Panza<\/span><\/a><\/p>\n","protected":false},"author":917,"featured_media":6582,"comment_status":"closed","ping_status":"closed","sticky":false,"template":"","format":"standard","meta":{"neve_meta_sidebar":"","neve_meta_container":"","neve_meta_enable_content_width":"","neve_meta_content_width":0,"neve_meta_title_alignment":"","neve_meta_author_avatar":"","neve_post_elements_order":"","neve_meta_disable_header":"","neve_meta_disable_footer":"","neve_meta_disable_title":"","advanced_seo_description":"","jetpack_seo_html_title":"","jetpack_seo_noindex":false,"footnotes":""},"categories":[5,32,26],"tags":[1666,1667,1670,1668,1669,1063,1069],"class_list":["post-6576","post","type-post","status-publish","format-standard","has-post-thumbnail","hentry","category-arte","category-editoria","category-eventi","tag-casa-di-goethe-a-roma","tag-goethe","tag-marcello-barbanera","tag-museo-piranesi","tag-pierluigi-panza","tag-skira","tag-skira-editore"],"jetpack_featured_media_url":"https:\/\/www.biancoscuro.it\/site\/wp-content\/uploads\/2018\/02\/museo-piranesi_cover.jpg","jetpack_sharing_enabled":true,"jetpack-related-posts":[{"id":6029,"url":"https:\/\/www.biancoscuro.it\/site\/brera-la-presentazione-del-volume-museo-piranesi-pierluigi-panza-edito-skira\/","url_meta":{"origin":6576,"position":0},"title":"A Brera la presentazione del volume MUSEO PIRANESI di Pierluigi Panza edito da SKIRA","author":"Chiara","date":"9 Ottobre 2017","format":false,"excerpt":"Luned\u00ec 16 ottobre alle 18 alla Pinacoteca di Brera a Milano in Sala della Passione (Via Brera 28) avr\u00e0 luogo la presentazione del volume MUSEO PIRANESI di Pierluigi Panza edito da SKIRA. Con l\u2019autore intervengono Aldo Bassetti, Andrea Carandini, Philippe Daverio e Carlo Orsi. Giovan Battista Piranesi (1720-1778) fu il\u2026","rel":"","context":"In &quot;arte&quot;","block_context":{"text":"arte","link":"https:\/\/www.biancoscuro.it\/site\/category\/arte\/"},"img":{"alt_text":"","src":"https:\/\/i0.wp.com\/www.biancoscuro.it\/site\/wp-content\/uploads\/2017\/10\/Museo-Piranesi.jpg?resize=350%2C200&ssl=1","width":350,"height":200,"srcset":"https:\/\/i0.wp.com\/www.biancoscuro.it\/site\/wp-content\/uploads\/2017\/10\/Museo-Piranesi.jpg?resize=350%2C200&ssl=1 1x, https:\/\/i0.wp.com\/www.biancoscuro.it\/site\/wp-content\/uploads\/2017\/10\/Museo-Piranesi.jpg?resize=525%2C300&ssl=1 1.5x, https:\/\/i0.wp.com\/www.biancoscuro.it\/site\/wp-content\/uploads\/2017\/10\/Museo-Piranesi.jpg?resize=700%2C400&ssl=1 2x"},"classes":[]},{"id":6266,"url":"https:\/\/www.biancoscuro.it\/site\/mistero-dellangelo-perduto-alla-fondazione-bracco-presentazione-del-libro-paolo-jorio-rossella-vodret-edito-skira\/","url_meta":{"origin":6576,"position":1},"title":"Il mistero dell&#8217;angelo perduto  Alla Fondazione Bracco presentazione del libro di Paolo Jorio e Rossella Vodret edito da Skira","author":"Chiara","date":"4 Dicembre 2017","format":false,"excerpt":"\u00a0 Marted\u00ec 12 dicembre alle ore 18.30 al Teatrino della Fondazione Bracco a Milano (Via Cino del Duca 8, Piazza San Babila) sar\u00e0 presentato il libro Il Mistero dell\u2019angelo perduto di Paolo Jorio e Rossella Vodret edito da SKIRA Con gli autori interviene Pierluigi Panza, Corriere della Sera. Berlino, Olimpiadi\u2026","rel":"","context":"In &quot;arte&quot;","block_context":{"text":"arte","link":"https:\/\/www.biancoscuro.it\/site\/category\/arte\/"},"img":{"alt_text":"","src":"https:\/\/i0.wp.com\/www.biancoscuro.it\/site\/wp-content\/uploads\/2017\/12\/Vodret-Mistero-angelo-perduto.jpg?resize=350%2C200&ssl=1","width":350,"height":200,"srcset":"https:\/\/i0.wp.com\/www.biancoscuro.it\/site\/wp-content\/uploads\/2017\/12\/Vodret-Mistero-angelo-perduto.jpg?resize=350%2C200&ssl=1 1x, https:\/\/i0.wp.com\/www.biancoscuro.it\/site\/wp-content\/uploads\/2017\/12\/Vodret-Mistero-angelo-perduto.jpg?resize=525%2C300&ssl=1 1.5x, https:\/\/i0.wp.com\/www.biancoscuro.it\/site\/wp-content\/uploads\/2017\/12\/Vodret-Mistero-angelo-perduto.jpg?resize=700%2C400&ssl=1 2x"},"classes":[]},{"id":7532,"url":"https:\/\/www.biancoscuro.it\/site\/sono-fernanda-wittgens-una-vita-per-brera-presentazione-del-volume-a-cura-di-giovanna-ginex-skira-editore\/","url_meta":{"origin":6576,"position":2},"title":"&#8220;Sono Fernanda Wittgens&#8221;. Presentazione a cura di Giovanna Ginex | Skira editore","author":"Chiara","date":"4 Luglio 2018","format":false,"excerpt":"Una vita per Brera Presentazione del volume a cura di Giovanna Ginex Skira editore Mercoled\u00ec 11 luglio alle ore 17.30 alla Pinacoteca di Brera, Sala della Passione\u00a0(via Brera 28 Milano) si terr\u00e0 la presentazione del volume \"SONO FERNANDA WITTGENS\u201d Una vita per Brera di Giovanna Ginex,\u00a0edito da SKIRA. Con l\u2019autrice\u2026","rel":"","context":"In &quot;arte&quot;","block_context":{"text":"arte","link":"https:\/\/www.biancoscuro.it\/site\/category\/arte\/"},"img":{"alt_text":"","src":"https:\/\/i0.wp.com\/www.biancoscuro.it\/site\/wp-content\/uploads\/2018\/07\/5.-Brera-in-guerra-il-cortile.-Le-opere-imballate-prima-della-partenza-verso-un-ricovero-sicuro-1942-43-300x221.jpg?resize=350%2C200&ssl=1","width":350,"height":200,"srcset":"https:\/\/i0.wp.com\/www.biancoscuro.it\/site\/wp-content\/uploads\/2018\/07\/5.-Brera-in-guerra-il-cortile.-Le-opere-imballate-prima-della-partenza-verso-un-ricovero-sicuro-1942-43-300x221.jpg?resize=350%2C200&ssl=1 1x, https:\/\/i0.wp.com\/www.biancoscuro.it\/site\/wp-content\/uploads\/2018\/07\/5.-Brera-in-guerra-il-cortile.-Le-opere-imballate-prima-della-partenza-verso-un-ricovero-sicuro-1942-43-300x221.jpg?resize=525%2C300&ssl=1 1.5x, https:\/\/i0.wp.com\/www.biancoscuro.it\/site\/wp-content\/uploads\/2018\/07\/5.-Brera-in-guerra-il-cortile.-Le-opere-imballate-prima-della-partenza-verso-un-ricovero-sicuro-1942-43-300x221.jpg?resize=700%2C400&ssl=1 2x, https:\/\/i0.wp.com\/www.biancoscuro.it\/site\/wp-content\/uploads\/2018\/07\/5.-Brera-in-guerra-il-cortile.-Le-opere-imballate-prima-della-partenza-verso-un-ricovero-sicuro-1942-43-300x221.jpg?resize=1050%2C600&ssl=1 3x, https:\/\/i0.wp.com\/www.biancoscuro.it\/site\/wp-content\/uploads\/2018\/07\/5.-Brera-in-guerra-il-cortile.-Le-opere-imballate-prima-della-partenza-verso-un-ricovero-sicuro-1942-43-300x221.jpg?resize=1400%2C800&ssl=1 4x"},"classes":[]},{"id":8045,"url":"https:\/\/www.biancoscuro.it\/site\/skira-e-cineteca-italiana-una-nuova-collaborazione-allinsegna-del-dialogo-tra-arte-cinema-e-grafica\/","url_meta":{"origin":6576,"position":3},"title":"SKIRA E CINETECA ITALIANA una nuova collaborazione all\u2019insegna del dialogo tra arte, cinema e grafica.","author":"Chiara","date":"19 Ottobre 2018","format":false,"excerpt":"Dal 20 ottobre al 24 dicembre 2018, la prestigiosa casa editrice di libri d\u2019arte Skira\u00a0- che quest\u2019anno compie 90 anni - e\u00a0Fondazione Cineteca Italiana danno vita a una nuova collaborazione all\u2019insegna del dialogo fra arte, cinema e grafica con incontri e proiezioni.Allo Spazio Oberdan a Milano\u00a0(piazza Oberedan) nasce infatti\u00a0Short Shop\u00a0-\u2026","rel":"","context":"In &quot;arte&quot;","block_context":{"text":"arte","link":"https:\/\/www.biancoscuro.it\/site\/category\/arte\/"},"img":{"alt_text":"","src":"https:\/\/i0.wp.com\/www.biancoscuro.it\/site\/wp-content\/uploads\/2018\/10\/Oberdan-bookshop-Skira-05.jpg?resize=350%2C200&ssl=1","width":350,"height":200,"srcset":"https:\/\/i0.wp.com\/www.biancoscuro.it\/site\/wp-content\/uploads\/2018\/10\/Oberdan-bookshop-Skira-05.jpg?resize=350%2C200&ssl=1 1x, https:\/\/i0.wp.com\/www.biancoscuro.it\/site\/wp-content\/uploads\/2018\/10\/Oberdan-bookshop-Skira-05.jpg?resize=525%2C300&ssl=1 1.5x, https:\/\/i0.wp.com\/www.biancoscuro.it\/site\/wp-content\/uploads\/2018\/10\/Oberdan-bookshop-Skira-05.jpg?resize=700%2C400&ssl=1 2x, https:\/\/i0.wp.com\/www.biancoscuro.it\/site\/wp-content\/uploads\/2018\/10\/Oberdan-bookshop-Skira-05.jpg?resize=1050%2C600&ssl=1 3x"},"classes":[]},{"id":15002,"url":"https:\/\/www.biancoscuro.it\/site\/presentazione-del-volume-raffaello-tra-gli-sterpi-le-rovine-di-roma-e-le-origini-della-tutela\/","url_meta":{"origin":6576,"position":4},"title":"Presentazione del volume RAFFAELLO TRA GLI STERPI | Le\u00a0rovine di Roma e le\u00a0origini della tutela","author":"Chiara","date":"21 Novembre 2022","format":false,"excerpt":"Gioved\u00ec\u00a024\u00a0novembre alle ore 18.30 alla Fondazione Luigi Rovati in Corso Venezia 52 a Milano si terr\u00e0 un incontro dedicato al volume\u00a0RAFFAELLO TRA GLI STERPI Le\u00a0rovine di Roma e le\u00a0origini della tutela\u00a0di\u00a0Salvatore Settis e Giulia Ammannati, Skira editore. Della famosa lettera a papa Leone X non esiste \u201cil\u201d testo in forma\u2026","rel":"","context":"In &quot;arte&quot;","block_context":{"text":"arte","link":"https:\/\/www.biancoscuro.it\/site\/category\/arte\/"},"img":{"alt_text":"","src":"https:\/\/i0.wp.com\/www.biancoscuro.it\/site\/wp-content\/uploads\/2022\/11\/5.-Raffaello-Raffaello-Madonna-del-diadema-blu-Louvre-Parigi-scaled-1.jpg?resize=350%2C200&ssl=1","width":350,"height":200,"srcset":"https:\/\/i0.wp.com\/www.biancoscuro.it\/site\/wp-content\/uploads\/2022\/11\/5.-Raffaello-Raffaello-Madonna-del-diadema-blu-Louvre-Parigi-scaled-1.jpg?resize=350%2C200&ssl=1 1x, https:\/\/i0.wp.com\/www.biancoscuro.it\/site\/wp-content\/uploads\/2022\/11\/5.-Raffaello-Raffaello-Madonna-del-diadema-blu-Louvre-Parigi-scaled-1.jpg?resize=525%2C300&ssl=1 1.5x, https:\/\/i0.wp.com\/www.biancoscuro.it\/site\/wp-content\/uploads\/2022\/11\/5.-Raffaello-Raffaello-Madonna-del-diadema-blu-Louvre-Parigi-scaled-1.jpg?resize=700%2C400&ssl=1 2x"},"classes":[]},{"id":15094,"url":"https:\/\/www.biancoscuro.it\/site\/al-museo-del-novecento-a-milano-il-catalogo-ragionato-delle-sculture-ceramiche-di-lucio-fontana\/","url_meta":{"origin":6576,"position":5},"title":"Al Museo del Novecento a Milano il Catalogo ragionato delle sculture ceramiche di Lucio Fontana","author":"Chiara","date":"25 Novembre 2022","format":false,"excerpt":"E' in programma per marted\u00ec 29 novembre alle 19 al Museo del Novecento a Milano in Sala Fontana la presentazione di una importante opera editoriale, il volume LUCIO FONTANA Catalogo ragionato delle sculture ceramiche a cura di Luca Massimo Barbero, pubblicato da Skira editore. Il volume rappresenta oggi la pi\u00f9\u2026","rel":"","context":"In &quot;arte&quot;","block_context":{"text":"arte","link":"https:\/\/www.biancoscuro.it\/site\/category\/arte\/"},"img":{"alt_text":"","src":"https:\/\/i0.wp.com\/www.biancoscuro.it\/site\/wp-content\/uploads\/2022\/11\/Fontana-Catalogo-ragionato-Sculture-Ceramiche-cofanetto-scaled.jpeg?resize=350%2C200&ssl=1","width":350,"height":200,"srcset":"https:\/\/i0.wp.com\/www.biancoscuro.it\/site\/wp-content\/uploads\/2022\/11\/Fontana-Catalogo-ragionato-Sculture-Ceramiche-cofanetto-scaled.jpeg?resize=350%2C200&ssl=1 1x, https:\/\/i0.wp.com\/www.biancoscuro.it\/site\/wp-content\/uploads\/2022\/11\/Fontana-Catalogo-ragionato-Sculture-Ceramiche-cofanetto-scaled.jpeg?resize=525%2C300&ssl=1 1.5x, https:\/\/i0.wp.com\/www.biancoscuro.it\/site\/wp-content\/uploads\/2022\/11\/Fontana-Catalogo-ragionato-Sculture-Ceramiche-cofanetto-scaled.jpeg?resize=700%2C400&ssl=1 2x, https:\/\/i0.wp.com\/www.biancoscuro.it\/site\/wp-content\/uploads\/2022\/11\/Fontana-Catalogo-ragionato-Sculture-Ceramiche-cofanetto-scaled.jpeg?resize=1050%2C600&ssl=1 3x, https:\/\/i0.wp.com\/www.biancoscuro.it\/site\/wp-content\/uploads\/2022\/11\/Fontana-Catalogo-ragionato-Sculture-Ceramiche-cofanetto-scaled.jpeg?resize=1400%2C800&ssl=1 4x"},"classes":[]}],"_links":{"self":[{"href":"https:\/\/www.biancoscuro.it\/site\/wp-json\/wp\/v2\/posts\/6576","targetHints":{"allow":["GET"]}}],"collection":[{"href":"https:\/\/www.biancoscuro.it\/site\/wp-json\/wp\/v2\/posts"}],"about":[{"href":"https:\/\/www.biancoscuro.it\/site\/wp-json\/wp\/v2\/types\/post"}],"author":[{"embeddable":true,"href":"https:\/\/www.biancoscuro.it\/site\/wp-json\/wp\/v2\/users\/917"}],"replies":[{"embeddable":true,"href":"https:\/\/www.biancoscuro.it\/site\/wp-json\/wp\/v2\/comments?post=6576"}],"version-history":[{"count":0,"href":"https:\/\/www.biancoscuro.it\/site\/wp-json\/wp\/v2\/posts\/6576\/revisions"}],"wp:featuredmedia":[{"embeddable":true,"href":"https:\/\/www.biancoscuro.it\/site\/wp-json\/wp\/v2\/media\/6582"}],"wp:attachment":[{"href":"https:\/\/www.biancoscuro.it\/site\/wp-json\/wp\/v2\/media?parent=6576"}],"wp:term":[{"taxonomy":"category","embeddable":true,"href":"https:\/\/www.biancoscuro.it\/site\/wp-json\/wp\/v2\/categories?post=6576"},{"taxonomy":"post_tag","embeddable":true,"href":"https:\/\/www.biancoscuro.it\/site\/wp-json\/wp\/v2\/tags?post=6576"}],"curies":[{"name":"wp","href":"https:\/\/api.w.org\/{rel}","templated":true}]}}