{"id":6980,"date":"2018-03-30T13:56:42","date_gmt":"2018-03-30T11:56:42","guid":{"rendered":"https:\/\/www.biancoscuro.it\/site\/?p=6980"},"modified":"2018-05-31T17:03:54","modified_gmt":"2018-05-31T15:03:54","slug":"biancoscuro-leditoriale-di-aprile-maggio-18","status":"publish","type":"post","link":"https:\/\/www.biancoscuro.it\/site\/biancoscuro-leditoriale-di-aprile-maggio-18\/","title":{"rendered":"BIANCOSCURO, l\u2019editoriale di aprile-maggio &#8217;18"},"content":{"rendered":"<span class=\"span-reading-time rt-reading-time\" style=\"display: block;\"><span class=\"rt-label rt-prefix\">\u23f0 lettura <\/span> <span class=\"rt-time\"> 3<\/span> <span class=\"rt-label rt-postfix\">min. <br><br><\/span><\/span><p>Qualche giorno fa mi \u00e8 arrivata all\u2019orecchio la notizia dello sciopero della fame intrapreso da un artista, per denunciare la corruzione nel mondo dell\u2019arte. <b>Nel sistema arte medio-basso questo ritornello \u00e8 all\u2019ordine del giorno<\/b>: <i>\u201cAttenzione, non date la percentuale, non pagate i servizi di cui usufruite, tutti si devono adoperare per voi senza aver nulla in cambio, perch\u00e9 i galleristi non si devono arricchire!\u201d<\/i>. Onestamente, vedo pochi galleristi su fuoriserie, vedo pi\u00f9 artisti con uno stile di vita molto agiato, ma questa, forse, \u00e8 solo una mia impressione.<\/p>\n<p>Io risiedo nel mezzo, e ho amici e conoscenti sia fra gli artisti che fra i galleristi, su ogni tipo di livello, logicamente quindi anche su quello dei <b>\u201cpaladini dei servizi all\u2019arte gratuiti\u201d<\/b>. Dal mio punto di vista questo sistema \u00e8 discutibile da ambo i lati: conosco artisti che dopo essere stati esposti presso importanti gallerie, non perdono tempo per recuperare l\u2019opera e venderla personalmente tagliando fuori il gallerista dalla trattativa (logicamente non fanno tutto da soli, certe vecchie volpi hanno capito il sistema pi\u00f9 redditizio, visitano le mostre e poi comprano direttamente dall\u2019artista a meno della met\u00e0 della quotazione); stessa cosa posso dire di gallerie che redigono contratti molto vincolanti per l\u2019artista, obbligandolo a produrre e vendere solo a loro, finch\u00e9 non si esaurisce la \u201cnovit\u00e0\u201d e pi\u00f9 che svendere e rovinare definitivamente le quotazioni non si fa.<\/p>\n<p>E come dimenticare chi si propone ad una galleria con una quotazione di tutto rispetto, per poi vendere privatamente <b>opere con le stesse caratteristiche ad un costo il 75% pi\u00f9 basso?<\/b> Operazione lecita pu\u00f2 dire qualcuno, ma provate a dirlo al collezionista che si sente preso in giro e al gallerista che ha perso definitivamente un grande cliente, grande amatore dell\u2019arte contemporanea.<\/p>\n<p><b>Quando si parla di denaro, ogni cosa, anche la pi\u00f9 nobile, marcisce<\/b>.<br \/>\nAl paladino degli artisti chiedo: <b>\u201cDenunciare, si, ma cosa?\u201d.\u00a0<\/b>Molti non capiscono il lavoro professionale necessario ad allestire\u00a0 un\u2019esposizione, di qualunque natura essa sia, e non comprendono quanti tipi diversi di professionisti entrano nel sistema espositivo. <b>L\u2019unico pensiero<\/b> dell\u2019artista di basso livello \u00e8 ripagarsi tela e colori, vendere almeno un pezzo in pi\u00f9 del loro vicino e, naturalmente, cercare di avere tutti i servizi necessari alle esposizioni e alle vendite, gratuiti.\u00a0<b>Il loro mondo \u00e8 quello dei mercatini e delle fiere di basso livello,<\/b> in cui sono liberi di affittare uno spazio (solitamente 2&#215;2 m) e autocurarselo, senza galleristi che impongono una certa pulizia e logica di esposizione.<\/p>\n<p>Spero di non aver demoralizzato tutti voi lettori, non \u00e8 mia intenzione, ma \u00e8 giusto che tutti conoscano certe assurdit\u00e0 del genere umano.<br \/>\nIl sistema arte, in realt\u00e0, non \u00e8 tutto marcio: \u00e8 marcio solo dove il denaro \u00e8 pi\u00f9 importante della morale e del senso estetico, diciamocelo, viviamo in una societ\u00e0 consumistica,\u00a0 tutto si compra, tutto si vende, tutto si butta e si ricompra. <b>Senza soldi non si fa nulla, non si compra il pane, non si compra il quadro, non si paga lo spazio espositivo.<\/b><\/p>\n<p>L\u2019importante \u00e8 solo trovare l\u2019equilibrio, e <b>mi batter\u00f2 per sostenere direttamente le spese degli artisti solo quando gli artisti si batteranno per sostenere le spese di acquisto dei collezionisti<\/b>: eliminando dall\u2019equazione il vile denaro, il sistema verrebbe immediatamente ripulito. <b>Ma \u00e8 solo utopia<\/b>.<\/p>\n<p><strong>Buona Lettura<\/strong><\/p>\n<p>&nbsp;<\/p>\n<p><img loading=\"lazy\" decoding=\"async\" class=\"wp-image-3226 alignnone\" src=\"http:\/\/www.biancoscuro.it\/site\/wp-content\/uploads\/2015\/10\/firmaVincenzoChettaDirettoreBiancoscuro-300x103.jpg\" alt=\"Vincenzo Chetta Direttore Biancoscuro\" width=\"265\" height=\"91\" srcset=\"https:\/\/www.biancoscuro.it\/site\/wp-content\/uploads\/2015\/10\/firmaVincenzoChettaDirettoreBiancoscuro-300x103.jpg 300w, https:\/\/www.biancoscuro.it\/site\/wp-content\/uploads\/2015\/10\/firmaVincenzoChettaDirettoreBiancoscuro.jpg 500w\" sizes=\"auto, (max-width: 265px) 100vw, 265px\" \/><br \/>\nVincenzo Chetta<br \/>\nDirettore<br \/>\nBIANCOSCURO Art Magazine<\/p>\n<figure id=\"attachment_6982\" aria-describedby=\"caption-attachment-6982\" style=\"width: 600px\" class=\"wp-caption aligncenter\"><img loading=\"lazy\" decoding=\"async\" class=\"size-full wp-image-6982\" src=\"https:\/\/www.biancoscuro.it\/site\/wp-content\/uploads\/2018\/03\/PeterHide311065-b900.jpg\" alt=\"\" width=\"600\" height=\"769\" srcset=\"https:\/\/www.biancoscuro.it\/site\/wp-content\/uploads\/2018\/03\/PeterHide311065-b900.jpg 600w, https:\/\/www.biancoscuro.it\/site\/wp-content\/uploads\/2018\/03\/PeterHide311065-b900-234x300.jpg 234w\" sizes=\"auto, (max-width: 600px) 100vw, 600px\" \/><figcaption id=\"caption-attachment-6982\" class=\"wp-caption-text\"><strong>Peter Hide 311065<\/strong><br \/>Accumulation \u201c<em><strong>To love money over everything<\/strong><\/em>\u201d<br \/>Tecnica mista + banconote su tela<br \/>Anno 2015 &#8211; 95x65x4cm.<\/figcaption><\/figure>\n","protected":false},"excerpt":{"rendered":"<p><span class=\"span-reading-time rt-reading-time\" style=\"display: block;\"><span class=\"rt-label rt-prefix\">\u23f0 lettura <\/span> <span class=\"rt-time\"> 3<\/span> <span class=\"rt-label rt-postfix\">min. <\/p>\n<p><\/span><\/span>Qualche giorno fa mi \u00e8 arrivata all\u2019orecchio la notizia dello sciopero della fame intrapreso da un artista, per denunciare la corruzione nel mondo dell\u2019arte. Nel sistema arte medio-basso questo ritornello \u00e8 all\u2019ordine del giorno: \u201cAttenzione, non date la percentuale, non pagate i servizi di cui usufruite, tutti si devono adoperare per voi senza aver nulla&hellip;&nbsp;<a href=\"https:\/\/www.biancoscuro.it\/site\/biancoscuro-leditoriale-di-aprile-maggio-18\/\" rel=\"bookmark\">Leggi tutto &raquo;<span class=\"screen-reader-text\">BIANCOSCURO, l\u2019editoriale di aprile-maggio &#8217;18<\/span><\/a><\/p>\n","protected":false},"author":909,"featured_media":6981,"comment_status":"closed","ping_status":"closed","sticky":false,"template":"","format":"standard","meta":{"neve_meta_sidebar":"","neve_meta_container":"","neve_meta_enable_content_width":"","neve_meta_content_width":0,"neve_meta_title_alignment":"","neve_meta_author_avatar":"","neve_post_elements_order":"","neve_meta_disable_header":"","neve_meta_disable_footer":"","neve_meta_disable_title":"","advanced_seo_description":"","jetpack_seo_html_title":"","jetpack_seo_noindex":false,"footnotes":""},"categories":[470,5,469,15],"tags":[39,185,583,408],"class_list":["post-6980","post","type-post","status-publish","format-standard","has-post-thumbnail","hentry","category-art-magazine","category-arte","category-editoriale","category-rivista-darte","tag-biancoscuro","tag-biancoscuro-art-magazine","tag-editoriale","tag-vincenzo-chetta"],"jetpack_featured_media_url":"https:\/\/www.biancoscuro.it\/site\/wp-content\/uploads\/2018\/03\/PeterHide311065-b400.jpg","jetpack_sharing_enabled":true,"jetpack-related-posts":[{"id":6420,"url":"https:\/\/www.biancoscuro.it\/site\/biancoscuro-leditoriale-febbraio-marzo-18\/","url_meta":{"origin":6980,"position":0},"title":"BIANCOSCURO, l\u2019editoriale di febbraio-marzo &#8217;18","author":"Vincenzo Chetta","date":"1 Febbraio 2018","format":false,"excerpt":"Il 2018 \u00e8 orfano di tre grandissimi Artisti, Enrico Castellani, Tino Stefanoni e Omar Ronda, scomparsi nei primi giorni di dicembre. Tre Maestri, nell\u2019arte e nella vita, tre personaggi completamente diversi uno dall\u2019altro, di quella diversit\u00e0 che completa e unisce. Erano amici fra di loro, orgogliosi l\u2019uno dei successi degli\u2026","rel":"","context":"In &quot;art magazine&quot;","block_context":{"text":"art magazine","link":"https:\/\/www.biancoscuro.it\/site\/category\/art-magazine\/"},"img":{"alt_text":"","src":"https:\/\/i0.wp.com\/www.biancoscuro.it\/site\/wp-content\/uploads\/2018\/02\/KEV0106quad.jpg?resize=350%2C200&ssl=1","width":350,"height":200},"classes":[]},{"id":13605,"url":"https:\/\/www.biancoscuro.it\/site\/biancoscuro-leditoriale-di-giugno-luglio-2022\/","url_meta":{"origin":6980,"position":1},"title":"BIANCOSCURO, l\u2019editoriale di giugno\/luglio 2022","author":"Vincenzo Chetta","date":"2 Giugno 2022","format":false,"excerpt":"Biennale Arte 2022 \u201cIl latte dei sogni\u201d. L\u2019ingresso all\u2019Arsenale May you live in interesting times\u00a0 \u00e8 il titolo che diede Ralph Rugoff alla 58. Esposizione Internazionale d\u2019Arte della Biennale 2019: \u201cUna sorta di maledizione\u201d - disse l\u2019allora Presidente Paolo Baratta, nella quale l\u2019espressione \u201cinteresting times\u201d evoca l\u2019idea di tempi minacciosi\u2026\u2026","rel":"","context":"In &quot;art magazine&quot;","block_context":{"text":"art magazine","link":"https:\/\/www.biancoscuro.it\/site\/category\/art-magazine\/"},"img":{"alt_text":"Biennale Arte 2022 \u201cIl latte dei sogni\u201d. L\u2019ingresso all\u2019Arsenale","src":"https:\/\/i0.wp.com\/www.biancoscuro.it\/site\/wp-content\/uploads\/2022\/05\/ILLATTEDEISOGNI_DSC1601-999.jpg?resize=350%2C200&ssl=1","width":350,"height":200,"srcset":"https:\/\/i0.wp.com\/www.biancoscuro.it\/site\/wp-content\/uploads\/2022\/05\/ILLATTEDEISOGNI_DSC1601-999.jpg?resize=350%2C200&ssl=1 1x, https:\/\/i0.wp.com\/www.biancoscuro.it\/site\/wp-content\/uploads\/2022\/05\/ILLATTEDEISOGNI_DSC1601-999.jpg?resize=525%2C300&ssl=1 1.5x, https:\/\/i0.wp.com\/www.biancoscuro.it\/site\/wp-content\/uploads\/2022\/05\/ILLATTEDEISOGNI_DSC1601-999.jpg?resize=700%2C400&ssl=1 2x"},"classes":[]},{"id":3663,"url":"https:\/\/www.biancoscuro.it\/site\/biancoscuro-leditoriale-di-aprile-maggio-2016\/","url_meta":{"origin":6980,"position":2},"title":"BIANCOSCURO, l\u2019editoriale di aprile-maggio 2016","author":"Vincenzo Chetta","date":"1 Aprile 2016","format":false,"excerpt":"Scegliere l\u2019argomento di cui parlare nell\u2019editoriale, \u00e8 sempre molto difficile, non per difetto, ma per eccesso di situazioni, ragionamenti e fatti \u201cinteressanti\u201d. La nostra rivista non \u00e8 letta solo da pittori, scultori, fotografi e grafici, ma da tante persone diverse, con in comune la passione per l\u2019Arte. Qualcuno mi ha\u2026","rel":"","context":"In &quot;art magazine&quot;","block_context":{"text":"art magazine","link":"https:\/\/www.biancoscuro.it\/site\/category\/art-magazine\/"},"img":{"alt_text":"","src":"https:\/\/i0.wp.com\/www.biancoscuro.it\/site\/wp-content\/uploads\/2016\/03\/aaa.jpg?resize=350%2C200&ssl=1","width":350,"height":200,"srcset":"https:\/\/i0.wp.com\/www.biancoscuro.it\/site\/wp-content\/uploads\/2016\/03\/aaa.jpg?resize=350%2C200&ssl=1 1x, https:\/\/i0.wp.com\/www.biancoscuro.it\/site\/wp-content\/uploads\/2016\/03\/aaa.jpg?resize=525%2C300&ssl=1 1.5x, https:\/\/i0.wp.com\/www.biancoscuro.it\/site\/wp-content\/uploads\/2016\/03\/aaa.jpg?resize=700%2C400&ssl=1 2x"},"classes":[]},{"id":4274,"url":"https:\/\/www.biancoscuro.it\/site\/biancoscuro-leditoriale-agosto-settembre-2016\/","url_meta":{"origin":6980,"position":3},"title":"BIANCOSCURO, l\u2019editoriale di agosto-settembre 2016","author":"Vincenzo Chetta","date":"1 Agosto 2016","format":false,"excerpt":"Nulla \u00e8 pi\u00f9 destabilizzante, nell\u2019ambito artistico, di chi si propone agli addetti ai lavori con opere rubate. E uso con cognizione di causa questa parola, \u201crubate\u201d, perch\u00e9 \u00e8 un furto vero e proprio quello che commettono. Forse non lo fanno tutti, ma noi controlliamo il materiale che ci viene proposto\u2026","rel":"","context":"In &quot;art magazine&quot;","block_context":{"text":"art magazine","link":"https:\/\/www.biancoscuro.it\/site\/category\/art-magazine\/"},"img":{"alt_text":"","src":"https:\/\/i0.wp.com\/www.biancoscuro.it\/site\/wp-content\/uploads\/2016\/08\/k-e1470048251449.jpg?resize=350%2C200&ssl=1","width":350,"height":200,"srcset":"https:\/\/i0.wp.com\/www.biancoscuro.it\/site\/wp-content\/uploads\/2016\/08\/k-e1470048251449.jpg?resize=350%2C200&ssl=1 1x, https:\/\/i0.wp.com\/www.biancoscuro.it\/site\/wp-content\/uploads\/2016\/08\/k-e1470048251449.jpg?resize=525%2C300&ssl=1 1.5x"},"classes":[]},{"id":3661,"url":"https:\/\/www.biancoscuro.it\/site\/biancoscuro-leditoriale-dicembre-2015-gennaio-2016\/","url_meta":{"origin":6980,"position":4},"title":"BIANCOSCURO, l\u2019editoriale di dicembre 2015","author":"Vincenzo Chetta","date":"1 Dicembre 2015","format":false,"excerpt":"Rileggendo l\u2019editoriale del precedente numero di Biancoscuro, mi chiedevo se non fossi stato troppo duro, in fondo tutti possono sbagliare toni e modi, e magari noi eravamo solo incappati in un periodo di luna calante molto duro da superare... Poi per\u00f2 ho pensato ai due mesi trascorsi dalla sua stesura,\u2026","rel":"","context":"In &quot;art magazine&quot;","block_context":{"text":"art magazine","link":"https:\/\/www.biancoscuro.it\/site\/category\/art-magazine\/"},"img":{"alt_text":"","src":"https:\/\/i0.wp.com\/www.biancoscuro.it\/site\/wp-content\/uploads\/2014\/02\/blocco-partner-biancoscuro-1.jpg?resize=350%2C200&ssl=1","width":350,"height":200,"srcset":"https:\/\/i0.wp.com\/www.biancoscuro.it\/site\/wp-content\/uploads\/2014\/02\/blocco-partner-biancoscuro-1.jpg?resize=350%2C200&ssl=1 1x, https:\/\/i0.wp.com\/www.biancoscuro.it\/site\/wp-content\/uploads\/2014\/02\/blocco-partner-biancoscuro-1.jpg?resize=525%2C300&ssl=1 1.5x"},"classes":[]},{"id":16596,"url":"https:\/\/www.biancoscuro.it\/site\/biancoscuro-leditoriale-di-vincenzo-chetta-60-ottobre-novembre-2023\/","url_meta":{"origin":6980,"position":5},"title":"BIANCOSCURO, l\u2019editoriale di Vincenzo Chetta &#8211; #60 OTTOBRE\/NOVEMBRE 2023","author":"Vincenzo Chetta","date":"1 Ottobre 2023","format":false,"excerpt":"L\u2019altro giorno, leggendo, mi sono imbattuto in questa frase:\u201cL'arte contemporanea pu\u00f2 essere un agente di cambiamento positivo, pu\u00f2 aiutare a promuovere la comprensione e la tolleranza, oltre a sensibilizzare il pubblico su importanti questioni e a ispirare il cambiamento sociale\u201d. Questa frase \u00e8 assolutamente condivisibile, e io personalmente ne sono\u2026","rel":"","context":"In &quot;art magazine&quot;","block_context":{"text":"art magazine","link":"https:\/\/www.biancoscuro.it\/site\/category\/art-magazine\/"},"img":{"alt_text":"","src":"https:\/\/i0.wp.com\/www.biancoscuro.it\/site\/wp-content\/uploads\/2023\/09\/The-Jardin-des-Tuileries-and-the-Musee-du-Louvre-Photography-by-Marion-Berrin-for-Paris-par-Art-Basel.-Courtesy-of-Paris-par-Art-Basel-999.jpg?resize=350%2C200&ssl=1","width":350,"height":200,"srcset":"https:\/\/i0.wp.com\/www.biancoscuro.it\/site\/wp-content\/uploads\/2023\/09\/The-Jardin-des-Tuileries-and-the-Musee-du-Louvre-Photography-by-Marion-Berrin-for-Paris-par-Art-Basel.-Courtesy-of-Paris-par-Art-Basel-999.jpg?resize=350%2C200&ssl=1 1x, https:\/\/i0.wp.com\/www.biancoscuro.it\/site\/wp-content\/uploads\/2023\/09\/The-Jardin-des-Tuileries-and-the-Musee-du-Louvre-Photography-by-Marion-Berrin-for-Paris-par-Art-Basel.-Courtesy-of-Paris-par-Art-Basel-999.jpg?resize=525%2C300&ssl=1 1.5x, https:\/\/i0.wp.com\/www.biancoscuro.it\/site\/wp-content\/uploads\/2023\/09\/The-Jardin-des-Tuileries-and-the-Musee-du-Louvre-Photography-by-Marion-Berrin-for-Paris-par-Art-Basel.-Courtesy-of-Paris-par-Art-Basel-999.jpg?resize=700%2C400&ssl=1 2x"},"classes":[]}],"_links":{"self":[{"href":"https:\/\/www.biancoscuro.it\/site\/wp-json\/wp\/v2\/posts\/6980","targetHints":{"allow":["GET"]}}],"collection":[{"href":"https:\/\/www.biancoscuro.it\/site\/wp-json\/wp\/v2\/posts"}],"about":[{"href":"https:\/\/www.biancoscuro.it\/site\/wp-json\/wp\/v2\/types\/post"}],"author":[{"embeddable":true,"href":"https:\/\/www.biancoscuro.it\/site\/wp-json\/wp\/v2\/users\/909"}],"replies":[{"embeddable":true,"href":"https:\/\/www.biancoscuro.it\/site\/wp-json\/wp\/v2\/comments?post=6980"}],"version-history":[{"count":0,"href":"https:\/\/www.biancoscuro.it\/site\/wp-json\/wp\/v2\/posts\/6980\/revisions"}],"wp:featuredmedia":[{"embeddable":true,"href":"https:\/\/www.biancoscuro.it\/site\/wp-json\/wp\/v2\/media\/6981"}],"wp:attachment":[{"href":"https:\/\/www.biancoscuro.it\/site\/wp-json\/wp\/v2\/media?parent=6980"}],"wp:term":[{"taxonomy":"category","embeddable":true,"href":"https:\/\/www.biancoscuro.it\/site\/wp-json\/wp\/v2\/categories?post=6980"},{"taxonomy":"post_tag","embeddable":true,"href":"https:\/\/www.biancoscuro.it\/site\/wp-json\/wp\/v2\/tags?post=6980"}],"curies":[{"name":"wp","href":"https:\/\/api.w.org\/{rel}","templated":true}]}}