{"id":7176,"date":"2018-04-30T18:39:10","date_gmt":"2018-04-30T16:39:10","guid":{"rendered":"https:\/\/www.biancoscuro.it\/site\/?p=7176"},"modified":"2018-04-30T18:39:10","modified_gmt":"2018-04-30T16:39:10","slug":"eurutopia-fotografie-di-luca-canonici","status":"publish","type":"post","link":"https:\/\/www.biancoscuro.it\/site\/eurutopia-fotografie-di-luca-canonici\/","title":{"rendered":"Eurutopia. Fotografie di Luca Canonici"},"content":{"rendered":"<span class=\"span-reading-time rt-reading-time\" style=\"display: block;\"><span class=\"rt-label rt-prefix\">\u23f0 lettura <\/span> <span class=\"rt-time\"> 5<\/span> <span class=\"rt-label rt-postfix\">min. <br><br><\/span><\/span><p style=\"text-align: center\"><img loading=\"lazy\" decoding=\"async\" class=\"aligncenter size-full wp-image-7177\" src=\"https:\/\/www.biancoscuro.it\/site\/wp-content\/uploads\/2018\/04\/Luca_Canonici_Cover.jpg\" alt=\"\" width=\"1024\" height=\"683\" srcset=\"https:\/\/www.biancoscuro.it\/site\/wp-content\/uploads\/2018\/04\/Luca_Canonici_Cover.jpg 1024w, https:\/\/www.biancoscuro.it\/site\/wp-content\/uploads\/2018\/04\/Luca_Canonici_Cover-300x200.jpg 300w, https:\/\/www.biancoscuro.it\/site\/wp-content\/uploads\/2018\/04\/Luca_Canonici_Cover-768x512.jpg 768w, https:\/\/www.biancoscuro.it\/site\/wp-content\/uploads\/2018\/04\/Luca_Canonici_Cover-600x400.jpg 600w\" sizes=\"auto, (max-width: 1024px) 100vw, 1024px\" \/><\/p>\n<p><b>Eurutopia<br \/>\nFotografie di Luca Canonici<br \/>\n<\/b>A cura di B\u00e4rbel Reinhard e Marco Signorini<br \/>\nTesto critico di Walter Guadagnini<\/p>\n<p><b>4 maggio 2018 ore 18.30 | RomaItaliaLab | Via dei Marsi 20 | Roma<\/b><\/p>\n<p><i>Venerd\u00ec 4 maggio 2018 alle ore 18.30<\/i>, <b>RomaItaliaLab <\/b>presenta, nel nuovo spazio <i>RomaItaliaLab <\/i>in via dei Marsi, 20 a Roma, <b>Eurutopia<\/b>, fotografie di <b>Luca Canonici<\/b>, a cura di <b>B\u00e4rbel Reinhard <\/b>e <b>Marco Signorini<\/b>, con un testo critico di<b> Walter Guadagnini.<span class=\"Apple-converted-space\">\u00a0<\/span><\/b><\/p>\n<p>Il lavoro <i>Eurutopia<\/i> di <i>Luca Canonici<\/i> sul Quartiere EUR di Roma \u00e8 un progetto su un luogo immaginato e pensato come ideale che l\u2019autore ri-idealizza e rappresenta seguendo il proprio concetto di arte. Le sue fotografie nascono in tensione tra due utopie: l\u2019ideologia politica, che questi spazi in epoca di regime avrebbero dovuto celebrare, e la ricerca di una possibile assoluta bellezza.<span class=\"Apple-converted-space\">\u00a0<\/span><\/p>\n<p>Canonici coglie, tramite questa relazione storico\/estetica, la possibilit\u00e0 di riflettere sulla nostra societ\u00e0 fatta immagine e portatrice di idee e forme. Attua una sospensione, rappresenta l\u2019EUR un teatro di scenari metafisici, senza tempo. Esplora questa area urbanistica e monumentale e si muove fra le architetture che variano al variare delle sue visioni. Ci restituisce cos\u00ec una percezione emotiva che si completa per somma di pi\u00f9 accostamenti, in modo articolato e vario, ritmico, con inquadrature e formati diversi. Ne scaturisce un montaggio complesso tra tempo storico e contemporaneit\u00e0. Non \u00e8 documentazione, per quanto renda sensibili e concreti questi luoghi, ma una restituzione di significati e immaginazioni, appunto utopie.<span class=\"Apple-converted-space\">\u00a0<\/span><\/p>\n<p>La curatela di <i>B\u00e4rbel Reinhard<\/i> e <i>Marco Signorini<\/i> \u00e8 impegnata nel valorizzare il lavoro <i>Eurutopia<\/i>, composto da pi\u00f9 di 60 fotografie in bianco e nero, in allestimenti di esposizioni e progetti editoriali mirati alla lettura di Luca Canonici, non tanto come un autore di genere, architettura piuttosto che paesaggio, ma nel tentativo di mettere in risalto la sua precisa visione dello spazio fra il reale, il simbolico e l\u2019estetico.<\/p>\n<p>&#8220;Archi, griglie, prospettive, superfici lisce e superfici scabre, l&#8217;architettura sembra essere in queste immagini pi\u00f9 dettagliate, pi\u00f9 attente al singolo particolare, sia esso grafico, costruttivo o spaziale, accarezzata dallo sguardo pi\u00f9 che indagata: non c&#8217;\u00e8 in Canonici l&#8217;idea di svelare il linguaggio degli architetti attraverso la fotografia (\u00e8 compito d&#8217;altri, questo, e Canonici lo sa bene), vi \u00e8 invece il desiderio di scoprire un&#8217;architettura possibile \u2013 non necessariamente reale \u2013 creata dagli edifici e dai loro rapporti, oppure dai rapporti interni alle loro forme. Poi, ritmicamente nella sequenza del volume, lo sguardo si apre, ed appare ci\u00f2 che sta intorno a quelle forme, a quegli spazi e a quelle materie: altre forme, altri spazi, altre materie. La citt\u00e0, intesa come evoluzione della storia intorno a un luogo che in questa visione risulta essere senza tempo; la temporalit\u00e0 reale che ritorna a far sentire la propria presenza, la fotografia che da visione assoluta assume nuovamente il suo carattere relativo, il suo essere un punto inserito nel flusso del tempo, del cui scorrere ci rende avvertiti proprio attraverso il suo arresto.<\/p>\n<p>\u00c8 chiaro qui che le grandi lezioni dei maestri recenti del paesaggio urbano, e in particolare quelle diverse ma egualmente centrali di Gabriele Basilico e Mimmo Jodice, fanno la loro apparizione, rivendicate da Canonici come modelli alti e giustamente inevitabili per chi si avvicini, particolarmente in Italia, a determinati soggetti, secondo una determinata inclinazione, che \u00e8 appunto quella di una declinazione del linguaggio documentario in una chiave pi\u00f9 affettiva, e<span class=\"Apple-converted-space\">\u00a0 <\/span>certo non immemore di una tradizione figurativa secolare.\u201d (<i>dal testo critico di Walter Guadagnini<\/i>)<\/p>\n<p><b>Luca Canonici<\/b>, tenore, direttore artistico, fotografo. Dopo il debutto a Roma nel 1985 in Rigoletto, nel ruolo del Duca di Mantova, ha intrapreso una brillante carriera lirica internazionale che lo ha condotto in alcuni fra i pi\u00f9 prestigiosi teatri del mondo fra i quali Teatro alla Scala, Royal Opera House-Covent Garden di Londra, Staatsoper di Vienna, Teatro Comunale di Firenze, Opernhaus di Zurigo, Bayerische Staatsoper di Monaco, Teatro la Fenice di Venezia, Concertgebouw di Amsterdam, Accademia Nazionale di Santa Cecilia in Roma, Teatro Regio di Parma, Rossini Opera Festival di Pesaro, Teatro San Carlo di Napoli, Teatro Massimo di Palermo, collaborando,tra gli altri con Direttori d\u2019orchestra del calibro di Bartoletti, Campanella, Chailly, Gardiner, Kuhn, Muti, Oren, Pid\u00f2, Renzetti, Sanzogno, Solti, Zedda. Nel 1987 ha sostenuto il ruolo di protagonista nelle riprese del film <i>La boh\u00e8me<\/i> diretto da Luigi Comencini, in sostituzione di Jos\u00e8 Carreras. Nel 2012 ha interpretato il ruolo di Mr Grey nel film <i>P.O.E. Poetry of Erie<\/i> diretto da artisti vari. La sua ricca discografia annovera titoli operistici quali La sonnambula (Nuova Era), Il signor Bruschino (Claves), Don Pasquale (Erato), La grande notte di Verona, La favorita e La cambiale di matrimonio (Ricordi), Linda di Chamounix (Europa Records), Falstaff con Georg Solti (Decca), Messa da requiem con John Eliot Gardiner (Philips). Nel 2006 ha cantato per il cinquecentenario della posa della prima pietra della Basilica di San Pietro in Vaticano. Ha aperto nel 2010 il Giubileo nell\u2019Anfiteatro del Colosseo con una messa di Salvatore Sciarrino. Nel 2014 ha cantato alla Sala Nervi il <i>Magnifica<\/i>t ed il <i>Requiem<\/i> di Domenico Bartolucci. Con Pupo e Emanuele Filiberto di Savoia, ha partecipato al Festival di Sanremo 2010 con la canzone <i>Italia amore mio<\/i>, classificandosi 2\u00ba posto. Lo stesso anno ha presentato un album pop dal titolo <i>Italia Amore Mio<\/i>, nel 2016 esce il secondo album dal titolo <i>Lettera d\u2019amore<\/i>, attualmente sta terminando un nuovo album chiamato <i>Showstoppers<\/i> composto da celebri melodie internazionali. Nel 2008 ha assunto la carica di Direttore Artistico di OperaFestival, un progetto culturale teso a far risuonare la grande Musica, il Teatro e La Danza nei luoghi pi\u00f9 suggestivi di Firenze e della Toscana. Dal 2010 ricopre la carica di Direttore del Museo di Arte Sacra della citt\u00e0 di Montevarchi, curando mostre, incontri e pubblicazioni come: <i>Giovanni Martinelli, I Medici a Montevarchi, La Collegiata di San Lorenzo. <\/i>Dall&#8217;ottobre 2010 conduce <i>Valdarno amore mio<\/i>, un programma che ha lo scopo di far conoscere e rivalutare delle ricchezze del territorio, su Valdarno Channel. Collabora come autore a Romaitalialab, ed ha partecipato come curatore a numerosi libri d\u2019Arte (<i>Giovanni Martinelli, Collegiata di San Lorenzo,<\/i> <i>I Medici<\/i> <i>a Montevarchi<\/i> sono alcuni titoli) e come studioso al catalogo della recente mostra curata da Vittorio Sgarbi: <i>Le stanze segrete da Lotto a Guercino<\/i>. Le sue fotografie fanno parte delle collezioni del Ministero dell&#8217;Interno, del Conservatorio Bellini di Palermo,<b> <\/b>del<b> <\/b>Comune di Montevarchi<b> <\/b>e dell\u2019Accademia del Poggio.Tra i progetti recenti<span class=\"Apple-converted-space\">\u00a0 <\/span>il Calendario 2015 per il Ministero dell\u2019Interno e relativa esposizione, la mostra dal titolo <i>Suggestioni borboniche in Terra di lavoro <\/i>con relativa pubblicazione, la serie <i>Quel che rimane<\/i>, lavoro sulla archeologia industriale, ed il progetto espositivo con relativa pubblicazione sul Cimitero degli Inglesi a Firenze dal titolo <i>Animae. <\/i>In uscita nel 2017 la pubblicazione e, la relativa mostra <i>Eurotopia<\/i> lavoro monografico basato sul quartiere<i> Eur <\/i>di Roma<i>. <\/i>Nel 2017\/18\/19 esporr\u00e0 un lavoro sullo scultore <i>Francesco Mochi<\/i> (1580-1654) pubblicandone il relativo catalogo nelle citt\u00e0 di Roma, Montevarchi, Orvieto, Piacenza. Come insegnante ha collaborato con il Conservatorio di Pescara, ed il Conservatorio di Reggio Emilia. Ha ricoperto ruoli di Presidente in Commissioni Ministeriali come il Conservatorio di San Pietro a Majella di Napoli ed in numerosi concorsi di Canto e strumentali. Nel 2017, in collaborazione dell\u2019Amministrazione di Montevarchi, crea e dirige il <i>Festival Arti e Varchi<\/i>; attualmente ne sta curando l\u2019edizione 2018. www.lucacanonici.com<\/p>\n<p><b>B\u00e4rbel Reinhard<\/b> (1977, Germania) si \u00e8 laureata in storia dell\u2019arte e sociologia a Berlino. Di seguito si \u00e8 diplomata in fotografia professionale alla Fondazione Studio Marangoni di Firenze. Accanto al suo lavoro di fotografa, lavora come docente e curatrice. Ha insegnato alla New York University e al Sarah Lawrence College a Firenze ed insegna attualmente alla Kent State University, la Minnesota University e la Fondazione Studio Marangoni. Il suo lavoro \u00e8 stato esposto in varie mostre in Italia ed all&#8217;estero, tra le quali all\u2019European Month of Photography Luxembourg, a Villa La Pietra Firenze, alla Galleria Metronom e alla Fondazione Fotografia di Modena, alla Luova Gallery Helsinki e al Corridoio Brunelleschi. Ha curato diversi progetti espositivi ed editoriali, anche in collaborazione con Marco Signorini. Collabora con case editrice come Danilo Montanari Editore, Gli Ori, Reel Art Press e cura l&#8217;archivio di Mario Carnicelli.<\/p>\n<p><b>Marco Signorini<\/b> (1962) vive a Firenze. Artista e docente di fotografia, ha curato vari progetti editoriali ed espositivi. Ha lavorato per musei e fondazioni, fra questi la Fondazione Sandretto Re Rebaudengo, il Museo di Fotografia Contemporanea di Cinisello Balsamo, Linea di Confine, Imago Mundi-Praestigium Italia di Luciano Benetton, Museo Arte Gallarate. Fra le esposizioni quelle a Metronom di Modena, al Centre d\u2019Art Nei Liicht in Lussemburgo, al Festival Europeo di Fotografia di Reggio Emilia, al Padiglione Toscana al Centro per l\u2019Arte Luigi Pecci di Prato, al Fotomuseum di Winterthur e al SK Stiftung Kultur di Colonia. Ha pubblicato i libri \u201cEcho\u201d e \u201cEarthHeart\u201d con Damiani editore di Bologna. Per la casa editrice Verbavolant ha curato la collana Focus on Italy, libri a tiratura limitata di fotografie di Ghirri, Basilico, Barbieri e Cresci. Collabora con B\u00e4rbel Reinhard alla valorizzazione di progetti artistici sia inediti che d\u2019archivio curando mostre e cataloghi come per Palazzo Fabroni a Pistoia, il Museo di antropologia di Roma, Danilo Montanari Editore di Ravenna e Reel Art Press di Londra.<\/p>\n<p><b>INFO<\/b><\/p>\n<p><b>Eurutopia<br \/>\nFotografie di Luca Canonici<br \/>\n<\/b>A cura di B\u00e4rbel Reinhard e Marco Signorini<br \/>\nTesto critico di Walter Guadagnini<\/p>\n<p><b>Inaugurazione 4 maggio 2018 ore 18.30<\/b><\/p>\n<p><b>RomaItaliaLab<\/b><br \/>\nVia dei Marsi 20 &#8211; Roma<\/p>\n<p><b>Fino al 29 giugno 2018<\/b><\/p>\n<p><b>RomaItaliaLab<\/b><br \/>\n<a href=\"mailto:redazione@romaitalialab.it?__xts__=\">redazione@romaitalialab.it<\/a><br \/>\n<a href=\"https:\/\/www.romaitalialab.it\">https:\/\/www.romaitalialab.it<\/a>\/<\/p>\n<p><b>Ufficio Stampa<br \/>\nMelasecca PressOffice<br \/>\n<\/b>Roberta Melasecca<br \/>\n3494945612.<span class=\"Apple-converted-space\">\u00a0 <\/span><a href=\"mailto:roberta.melasecca@gmail.com\">roberta.melasecca@gmail.com<\/a><br \/>\n<a href=\"http:\/\/www.melaseccapressoffice.it\">www.melaseccapressoffice.it<\/a><\/p>\n","protected":false},"excerpt":{"rendered":"<p><span class=\"span-reading-time rt-reading-time\" style=\"display: block;\"><span class=\"rt-label rt-prefix\">\u23f0 lettura <\/span> <span class=\"rt-time\"> 5<\/span> <span class=\"rt-label rt-postfix\">min. <\/p>\n<p><\/span><\/span>Eurutopia Fotografie di Luca Canonici A cura di B\u00e4rbel Reinhard e Marco Signorini Testo critico di Walter Guadagnini 4 maggio 2018 ore 18.30 | RomaItaliaLab | Via dei Marsi 20 | Roma Venerd\u00ec 4 maggio 2018 alle ore 18.30, RomaItaliaLab presenta, nel nuovo spazio RomaItaliaLab in via dei Marsi, 20 a Roma, Eurutopia, fotografie di&hellip;&nbsp;<a href=\"https:\/\/www.biancoscuro.it\/site\/eurutopia-fotografie-di-luca-canonici\/\" rel=\"bookmark\">Leggi tutto &raquo;<span class=\"screen-reader-text\">Eurutopia. Fotografie di Luca Canonici<\/span><\/a><\/p>\n","protected":false},"author":980,"featured_media":7177,"comment_status":"closed","ping_status":"closed","sticky":false,"template":"","format":"standard","meta":{"neve_meta_sidebar":"","neve_meta_container":"","neve_meta_enable_content_width":"","neve_meta_content_width":0,"neve_meta_title_alignment":"","neve_meta_author_avatar":"","neve_post_elements_order":"","neve_meta_disable_header":"","neve_meta_disable_footer":"","neve_meta_disable_title":"","advanced_seo_description":"","jetpack_seo_html_title":"","jetpack_seo_noindex":false,"footnotes":""},"categories":[5,26,8,24],"tags":[],"class_list":["post-7176","post","type-post","status-publish","format-standard","has-post-thumbnail","hentry","category-arte","category-eventi","category-fotografia","category-mostre"],"jetpack_featured_media_url":"https:\/\/www.biancoscuro.it\/site\/wp-content\/uploads\/2018\/04\/Luca_Canonici_Cover.jpg","jetpack_sharing_enabled":true,"jetpack-related-posts":[{"id":14498,"url":"https:\/\/www.biancoscuro.it\/site\/fotografia-due-secoli-di-storia-e-immagini-walter-guadagnini-presenta-il-suo-nuovo-volume-sulla-storia-della-fotografia\/","url_meta":{"origin":7176,"position":0},"title":"Fotografia\u00a0Due secoli di storia e immagini.","author":"Chiara","date":"20 Ottobre 2022","format":false,"excerpt":"Walter Guadagnini presenta il suo nuovo volume sulla storia della fotografia Marted\u00ec\u00a025\u00a0ottobre alle ore 18.30 alla Libreria\u00a0Feltrinelli di Piazza\u00a0Piemonte\u00a0a Milano si terr\u00e0 un incontro dedicato al volume di Walter Guadagnini FOTOGRAFIA Due secoli di storia e immagini edito da Skira. Con l\u2019autore intervengono Maria Vittoria Baravelli,\u00a0Art sharer, art and photography\u2026","rel":"","context":"In &quot;arte&quot;","block_context":{"text":"arte","link":"https:\/\/www.biancoscuro.it\/site\/category\/arte\/"},"img":{"alt_text":"","src":"https:\/\/i0.wp.com\/www.biancoscuro.it\/site\/wp-content\/uploads\/2022\/10\/2.-Mosse-Love-is-the-Drug-scaled.jpg?resize=350%2C200&ssl=1","width":350,"height":200,"srcset":"https:\/\/i0.wp.com\/www.biancoscuro.it\/site\/wp-content\/uploads\/2022\/10\/2.-Mosse-Love-is-the-Drug-scaled.jpg?resize=350%2C200&ssl=1 1x, https:\/\/i0.wp.com\/www.biancoscuro.it\/site\/wp-content\/uploads\/2022\/10\/2.-Mosse-Love-is-the-Drug-scaled.jpg?resize=525%2C300&ssl=1 1.5x, https:\/\/i0.wp.com\/www.biancoscuro.it\/site\/wp-content\/uploads\/2022\/10\/2.-Mosse-Love-is-the-Drug-scaled.jpg?resize=700%2C400&ssl=1 2x, https:\/\/i0.wp.com\/www.biancoscuro.it\/site\/wp-content\/uploads\/2022\/10\/2.-Mosse-Love-is-the-Drug-scaled.jpg?resize=1050%2C600&ssl=1 3x, https:\/\/i0.wp.com\/www.biancoscuro.it\/site\/wp-content\/uploads\/2022\/10\/2.-Mosse-Love-is-the-Drug-scaled.jpg?resize=1400%2C800&ssl=1 4x"},"classes":[]},{"id":9135,"url":"https:\/\/www.biancoscuro.it\/site\/antonio-mercadante-un-critico-irregolare-in-mostra-paesaggi-umani\/","url_meta":{"origin":7176,"position":1},"title":"Antonio Mercadante: Un critico irregolare in mostra \u2013 Paesaggi umani","author":"Roberta Melasecca","date":"16 Maggio 2019","format":false,"excerpt":"Antonio Mercadante Un critico irregolare in mostra \u2013 Paesaggi umani A cura di Walter Angelelli, Francesca Bottari, Stefano Petrocchi Renato Carosone, Salvo Catania Zingali, Giulio Catelli, Carmelo Giallo, Alessandra Giovannoni, Gaetano Giuffr\u00e8, Guido Giuffr\u00e8, Paolo Guarrera, Giovanni La Cognata, Ruggero Savinio, Vincenzo Scolamiero, Luciano Vadal\u00e0 Inaugurazione 20 maggio 2019 ore\u2026","rel":"","context":"In &quot;arte&quot;","block_context":{"text":"arte","link":"https:\/\/www.biancoscuro.it\/site\/category\/arte\/"},"img":{"alt_text":"","src":"https:\/\/i0.wp.com\/www.biancoscuro.it\/site\/wp-content\/uploads\/2019\/05\/Paesaggi_Umani_Copertina-low.jpg?resize=350%2C200&ssl=1","width":350,"height":200,"srcset":"https:\/\/i0.wp.com\/www.biancoscuro.it\/site\/wp-content\/uploads\/2019\/05\/Paesaggi_Umani_Copertina-low.jpg?resize=350%2C200&ssl=1 1x, https:\/\/i0.wp.com\/www.biancoscuro.it\/site\/wp-content\/uploads\/2019\/05\/Paesaggi_Umani_Copertina-low.jpg?resize=525%2C300&ssl=1 1.5x, https:\/\/i0.wp.com\/www.biancoscuro.it\/site\/wp-content\/uploads\/2019\/05\/Paesaggi_Umani_Copertina-low.jpg?resize=700%2C400&ssl=1 2x, https:\/\/i0.wp.com\/www.biancoscuro.it\/site\/wp-content\/uploads\/2019\/05\/Paesaggi_Umani_Copertina-low.jpg?resize=1050%2C600&ssl=1 3x, https:\/\/i0.wp.com\/www.biancoscuro.it\/site\/wp-content\/uploads\/2019\/05\/Paesaggi_Umani_Copertina-low.jpg?resize=1400%2C800&ssl=1 4x"},"classes":[]},{"id":7235,"url":"https:\/\/www.biancoscuro.it\/site\/antonella-albani-ho-scoperto-dove-sono\/","url_meta":{"origin":7176,"position":2},"title":"Antonella Albani. Ho scoperto dove sono","author":"Roberta Melasecca","date":"15 Maggio 2018","format":false,"excerpt":"Antonella Albani Ho scoperto dove sono A cura di Michela Becchis e Roberta Melasecca 18 maggio 2018 ore 18.30 | Interno 14 | Roma Fino al 30 maggio 2018 Venerd\u00ec 18 maggio 2018 alle ore 18.30 Interno 14 presenta la mostra personale Ho scoperto dove sono di Antonella Albani a\u2026","rel":"","context":"In &quot;arte&quot;","block_context":{"text":"arte","link":"https:\/\/www.biancoscuro.it\/site\/category\/arte\/"},"img":{"alt_text":"","src":"https:\/\/i0.wp.com\/www.biancoscuro.it\/site\/wp-content\/uploads\/2018\/05\/Antonella-albani-sito-2-copia.jpg?resize=350%2C200&ssl=1","width":350,"height":200,"srcset":"https:\/\/i0.wp.com\/www.biancoscuro.it\/site\/wp-content\/uploads\/2018\/05\/Antonella-albani-sito-2-copia.jpg?resize=350%2C200&ssl=1 1x, https:\/\/i0.wp.com\/www.biancoscuro.it\/site\/wp-content\/uploads\/2018\/05\/Antonella-albani-sito-2-copia.jpg?resize=525%2C300&ssl=1 1.5x, https:\/\/i0.wp.com\/www.biancoscuro.it\/site\/wp-content\/uploads\/2018\/05\/Antonella-albani-sito-2-copia.jpg?resize=700%2C400&ssl=1 2x, https:\/\/i0.wp.com\/www.biancoscuro.it\/site\/wp-content\/uploads\/2018\/05\/Antonella-albani-sito-2-copia.jpg?resize=1050%2C600&ssl=1 3x, https:\/\/i0.wp.com\/www.biancoscuro.it\/site\/wp-content\/uploads\/2018\/05\/Antonella-albani-sito-2-copia.jpg?resize=1400%2C800&ssl=1 4x"},"classes":[]},{"id":7443,"url":"https:\/\/www.biancoscuro.it\/site\/mostra-e-cerimonia-di-premiazione-artisti-selezionati-al-canova-prize-2018\/","url_meta":{"origin":7176,"position":3},"title":"Mostra e cerimonia di premiazione Artisti selezionati al Canova Prize 2018","author":"Roberta Melasecca","date":"17 Giugno 2018","format":false,"excerpt":"Mostra e cerimonia di premiazione Artisti selezionati al Canova Prize 2018 20 giugno 2018 ore 18.30 | Pop Up Space | 393 Broadway - New York\u00a0 La giuria del Canova Prize, composta da Angelo Crespi, Lucrezia De Domizio Durini, Marisa del Re, Alessandra Frosini, Emanuele Lamaro, Helidon Xhixha, Sun Yue,\u2026","rel":"","context":"In &quot;arte&quot;","block_context":{"text":"arte","link":"https:\/\/www.biancoscuro.it\/site\/category\/arte\/"},"img":{"alt_text":"","src":"https:\/\/i0.wp.com\/www.biancoscuro.it\/site\/wp-content\/uploads\/2018\/06\/OPENING.jpg?resize=350%2C200&ssl=1","width":350,"height":200,"srcset":"https:\/\/i0.wp.com\/www.biancoscuro.it\/site\/wp-content\/uploads\/2018\/06\/OPENING.jpg?resize=350%2C200&ssl=1 1x, https:\/\/i0.wp.com\/www.biancoscuro.it\/site\/wp-content\/uploads\/2018\/06\/OPENING.jpg?resize=525%2C300&ssl=1 1.5x, https:\/\/i0.wp.com\/www.biancoscuro.it\/site\/wp-content\/uploads\/2018\/06\/OPENING.jpg?resize=700%2C400&ssl=1 2x, https:\/\/i0.wp.com\/www.biancoscuro.it\/site\/wp-content\/uploads\/2018\/06\/OPENING.jpg?resize=1050%2C600&ssl=1 3x, https:\/\/i0.wp.com\/www.biancoscuro.it\/site\/wp-content\/uploads\/2018\/06\/OPENING.jpg?resize=1400%2C800&ssl=1 4x"},"classes":[]},{"id":5108,"url":"https:\/\/www.biancoscuro.it\/site\/essenziale-certe-volte-sogno-altri-mondi\/","url_meta":{"origin":7176,"position":4},"title":"Essenziale. Certe volte sogno \/ Altri mondi","author":"Roberta Melasecca","date":"14 Marzo 2017","format":false,"excerpt":"Essenziale. Certe volte sogno \/ Altri mondi Installazioni Performance Pittura Scultura Fotografia Video art Poesia Musica A cura di Roberta Melasecca e ignorarte.com Happening dal 22 al 31 marzo 2017 dalle ore 18.30 | Interno 14 | Via Carlo Alberto 63 Roma Il giorno 22 marzo 2017 alle ore 18.30,\u2026","rel":"","context":"In &quot;arte&quot;","block_context":{"text":"arte","link":"https:\/\/www.biancoscuro.it\/site\/category\/arte\/"},"img":{"alt_text":"","src":"https:\/\/i0.wp.com\/www.biancoscuro.it\/site\/wp-content\/uploads\/2017\/03\/essenziale-certe-volte-sogno-altri-mondi-roma-web-1.jpg?resize=350%2C200","width":350,"height":200,"srcset":"https:\/\/i0.wp.com\/www.biancoscuro.it\/site\/wp-content\/uploads\/2017\/03\/essenziale-certe-volte-sogno-altri-mondi-roma-web-1.jpg?resize=350%2C200 1x, https:\/\/i0.wp.com\/www.biancoscuro.it\/site\/wp-content\/uploads\/2017\/03\/essenziale-certe-volte-sogno-altri-mondi-roma-web-1.jpg?resize=525%2C300 1.5x"},"classes":[]},{"id":6482,"url":"https:\/\/www.biancoscuro.it\/site\/guido-laudani-la-citta-andando-2\/","url_meta":{"origin":7176,"position":5},"title":"Guido Laudani. La citt\u00e0 andando #2","author":"Roberta Melasecca","date":"11 Febbraio 2018","format":false,"excerpt":"Guido Laudani. La citt\u00e0 andando #2 A cura di Barbara Martusciello Inaugurazione gioved\u00ec 15 febbraio 2018 ore 18.30 | Interno 14 | Roma Gioved\u00ec 15 febbraio 2018 alle ore 18.30 Interno 14 presenta \u201cLa citt\u00e0 andando #2\u201d mostra fotografica di Guido Laudani a cura di Barbara Martusciello. Nel campo della\u2026","rel":"","context":"In &quot;arte&quot;","block_context":{"text":"arte","link":"https:\/\/www.biancoscuro.it\/site\/category\/arte\/"},"img":{"alt_text":"","src":"https:\/\/i0.wp.com\/www.biancoscuro.it\/site\/wp-content\/uploads\/2018\/02\/400Guido-Laudani-La-citt-andando-2-mostra-fotografica-a-cura-di-Barbara-Martusciello-2018-15-light-sito.jpg?resize=350%2C200&ssl=1","width":350,"height":200},"classes":[]}],"_links":{"self":[{"href":"https:\/\/www.biancoscuro.it\/site\/wp-json\/wp\/v2\/posts\/7176","targetHints":{"allow":["GET"]}}],"collection":[{"href":"https:\/\/www.biancoscuro.it\/site\/wp-json\/wp\/v2\/posts"}],"about":[{"href":"https:\/\/www.biancoscuro.it\/site\/wp-json\/wp\/v2\/types\/post"}],"author":[{"embeddable":true,"href":"https:\/\/www.biancoscuro.it\/site\/wp-json\/wp\/v2\/users\/980"}],"replies":[{"embeddable":true,"href":"https:\/\/www.biancoscuro.it\/site\/wp-json\/wp\/v2\/comments?post=7176"}],"version-history":[{"count":0,"href":"https:\/\/www.biancoscuro.it\/site\/wp-json\/wp\/v2\/posts\/7176\/revisions"}],"wp:featuredmedia":[{"embeddable":true,"href":"https:\/\/www.biancoscuro.it\/site\/wp-json\/wp\/v2\/media\/7177"}],"wp:attachment":[{"href":"https:\/\/www.biancoscuro.it\/site\/wp-json\/wp\/v2\/media?parent=7176"}],"wp:term":[{"taxonomy":"category","embeddable":true,"href":"https:\/\/www.biancoscuro.it\/site\/wp-json\/wp\/v2\/categories?post=7176"},{"taxonomy":"post_tag","embeddable":true,"href":"https:\/\/www.biancoscuro.it\/site\/wp-json\/wp\/v2\/tags?post=7176"}],"curies":[{"name":"wp","href":"https:\/\/api.w.org\/{rel}","templated":true}]}}