{"id":726,"date":"2014-02-19T13:45:25","date_gmt":"2014-02-19T13:45:25","guid":{"rendered":"http:\/\/www.biancoscuro.it\/site\/?p=726"},"modified":"2014-03-04T15:34:09","modified_gmt":"2014-03-04T15:34:09","slug":"arte-genova-2014-in-blu","status":"publish","type":"post","link":"https:\/\/www.biancoscuro.it\/site\/arte-genova-2014-in-blu\/","title":{"rendered":"ARTE Genova 2014 in BLU!"},"content":{"rendered":"<span class=\"span-reading-time rt-reading-time\" style=\"display: block;\"><span class=\"rt-label rt-prefix\">\u23f0 lettura <\/span> <span class=\"rt-time\"> &lt; 1<\/span> <span class=\"rt-label rt-postfix\">min. <br><br><\/span><\/span><p><strong>ARTE<\/strong> Genova 2014 in BLU! La <strong>decima edizione artistica<\/strong> vista mare.<br \/>\nIl polo fieristico di Genova ha accolto nel migliore dei modi l&#8217;Arte. <strong>Dal 14 al 17 febbraio 2014<\/strong>, il primo piano del <strong>Padiglione Blu<\/strong> (Progettato dall&#8217;architetto francese Jean Nouvel, \u00e8 entrato in funzione nell&#8217;ottobre 2008 in occasione del Salone Nautico ed \u00e8 stato inaugurato ufficialmente nel 2009) \u00e8 stato colorato dalla 10\u00aa edizione di <strong>Arte Genova 2014<\/strong>, mostra mercato d&#8217;Arte Moderna e Contemporanea.<\/p>\n<p>Molti i visitatori accorsi, tra loro non solo appassionati, ma anche critici, professionisti e collezionisti.\u00a0Tante le lingue sentite parlare lungo il percorso espositivo, a conferma di quanto sia internazionale questa vetrina.<\/p>\n<p>Non solo opere in esposizione ma <strong>REAL GAME<\/strong> spettacolo della compagnia teatrale <strong>MANIMA<\/strong>, messo in scena venerd\u00ec 14 alle 17. Sabato 15 invece si \u00e8 avuto l&#8217;onore di poter ascoltare il critico e storico dell&#8217;Arte Dott. Grasso (coordinatore generale della 54\u00b0 Biennale di Venezia Padiglione Italia al Palazzo delle Esposizione della Sala Nervi di Torino, dal 2013)\u00a0durante la conferenza stampa &#8220;<strong>La seduzione dell&#8217;Arte &#8211;\u00a0Se piace agli occhi e colpisce al cuore e coinvolge l\u2019anima ,allora ci troviamo davanti ad un&#8217;Opera d\u2019 Arte<\/strong>&#8221; dall&#8217;omonimo programma che conduce da aprile 2013\u00a0su <strong>TeleMilano<\/strong> &#8220;<strong>La seduzione dell&#8217;arte<\/strong>&#8221; per la regia di Giancarlo Danielli.<\/p>\n<p>Subito dopo il critico Dott. Giorgio Grasso non ha mancato di visitare gli stand per congratularsi con gli artisti, espositori e con gli editoriali, soffermandosi presso lo stand liberementi per una foto con l&#8217;editore di ARTECOLLEZIONISMO Francesco Chetta e Giorgio Gost, l&#8217;artista che ha fermato il tempo.<\/p>\n<div id=\"fb-root\"><\/div>\n<p><script type=\"text\/javascript\">\/\/ < ![CDATA[\n(function(d, s, id) { var js, fjs = d.getElementsByTagName(s)[0]; if (d.getElementById(id)) return; js = d.createElement(s); js.id = id; js.src = \"\/\/connect.facebook.net\/it_IT\/all.js#xfbml=1\"; fjs.parentNode.insertBefore(js, fjs); }(document, 'script', 'facebook-jssdk'));\n\/\/ ]]><\/script><\/p>\n<div class=\"fb-post\" data-href=\"https:\/\/www.facebook.com\/photo.php?fbid=658692927522881&amp;set=a.270051276387050.66310.254147374644107&amp;type=1\" data-width=\"466\">\n<div class=\"fb-xfbml-parse-ignore\"><a href=\"https:\/\/www.facebook.com\/photo.php?fbid=658692927522881&amp;set=a.270051276387050.66310.254147374644107&amp;type=1\">Pubblicazione<\/a> di <a href=\"https:\/\/www.facebook.com\/LibereMenti\">liberementi<\/a>.<\/div>\n<\/div>\n<div id=\"fb-root\"><\/div>\n<p><script type=\"text\/javascript\">\/\/ < ![CDATA[\n(function(d, s, id) { var js, fjs = d.getElementsByTagName(s)[0]; if (d.getElementById(id)) return; js = d.createElement(s); js.id = id; js.src = \"\/\/connect.facebook.net\/it_IT\/all.js#xfbml=1\"; fjs.parentNode.insertBefore(js, fjs); }(document, 'script', 'facebook-jssdk'));\n\/\/ ]]><\/script><\/p>\n<div class=\"fb-post\" data-href=\"https:\/\/www.facebook.com\/media\/set\/?set=a.659949350730572.1073741832.254147374644107&amp;type=1\" data-width=\"466\">\n<div class=\"fb-xfbml-parse-ignore\"><a href=\"https:\/\/www.facebook.com\/media\/set\/?set=a.659949350730572.1073741832.254147374644107&amp;type=1\">Pubblicazione<\/a> di <a href=\"https:\/\/www.facebook.com\/LibereMenti\">liberementi<\/a>.<\/div>\n<\/div>\n","protected":false},"excerpt":{"rendered":"<p><span class=\"span-reading-time rt-reading-time\" style=\"display: block;\"><span class=\"rt-label rt-prefix\">\u23f0 lettura <\/span> <span class=\"rt-time\"> &lt; 1<\/span> <span class=\"rt-label rt-postfix\">min. <\/p>\n<p><\/span><\/span>ARTE Genova 2014 in BLU! La decima edizione artistica vista mare. Il polo fieristico di Genova ha accolto nel migliore dei modi l&#8217;Arte. Dal 14 al 17 febbraio 2014, il primo piano del Padiglione Blu (Progettato dall&#8217;architetto francese Jean Nouvel, \u00e8 entrato in funzione nell&#8217;ottobre 2008 in occasione del Salone Nautico ed \u00e8 stato inaugurato&hellip;&nbsp;<a href=\"https:\/\/www.biancoscuro.it\/site\/arte-genova-2014-in-blu\/\" rel=\"bookmark\">Leggi tutto &raquo;<span class=\"screen-reader-text\">ARTE Genova 2014 in BLU!<\/span><\/a><\/p>\n","protected":false},"author":1,"featured_media":0,"comment_status":"closed","ping_status":"closed","sticky":false,"template":"","format":"standard","meta":{"neve_meta_sidebar":"","neve_meta_container":"","neve_meta_enable_content_width":"","neve_meta_content_width":0,"neve_meta_title_alignment":"","neve_meta_author_avatar":"","neve_post_elements_order":"","neve_meta_disable_header":"","neve_meta_disable_footer":"","neve_meta_disable_title":"","advanced_seo_description":"","jetpack_seo_html_title":"","jetpack_seo_noindex":false,"footnotes":""},"categories":[5,21,6,23,15,7],"tags":[],"class_list":["post-726","post","type-post","status-publish","format-standard","hentry","category-arte","category-catalogo-darte","category-pittura","category-pubblicazione-2","category-rivista-darte","category-scultura"],"jetpack_featured_media_url":"","jetpack_sharing_enabled":true,"jetpack-related-posts":[{"id":529,"url":"https:\/\/www.biancoscuro.it\/site\/biancoscuro-rivista-darte-arte-genova-2014\/","url_meta":{"origin":726,"position":0},"title":"Biancoscuro Rivista d&#8217;Arte ad ARTE Genova 2014","author":"Redazione BIANCOSCURO","date":"16 Gennaio 2014","format":"gallery","excerpt":"Biancoscuro Rivista d'Arte sar\u00e0 presente a ARTE GENOVA 2014 www.artegenova.org\u00a0presso la fiera di Genova -\u00a0dal 14 al 17 febbraio 2014 Biancoscuro\u00a0sar\u00e0 affiancata \u00a0nello stand editoriale da\u00a0liberementi - www.liberementi.it\u00a0per tutta la durata della fiera. Vieni a trovarci, puoi chiedere il biglietto gratuito compilando il form qui sotto, sarai nostro ospite e\u2026","rel":"","context":"In &quot;arte&quot;","block_context":{"text":"arte","link":"https:\/\/www.biancoscuro.it\/site\/category\/arte\/"},"img":{"alt_text":"biancoscuro arte genova 2014","src":"https:\/\/i0.wp.com\/www.biancoscuro.it\/site\/wp-content\/uploads\/2014\/01\/200x133_ArteGE14.jpg?resize=350%2C200","width":350,"height":200},"classes":[]},{"id":16974,"url":"https:\/\/www.biancoscuro.it\/site\/arte-genova-2024\/","url_meta":{"origin":726,"position":1},"title":"Arte Genova 2024","author":"Redazione BIANCOSCURO","date":"8 Febbraio 2024","format":false,"excerpt":"Finalmente nel Waterfront di Levante, un progetto firmato Renzo Piano. Arte Genova, una delle pi\u00f9 grandi e longeve manifestazioni artistiche in Italia, si appresta a inaugurare la sua 18\u00aa edizione presso il rinnovato ed elegante quartiere Waterfront di Levante, un progetto firmato Renzo Piano. Dopo un anno di stop per\u2026","rel":"","context":"In &quot;arte&quot;","block_context":{"text":"arte","link":"https:\/\/www.biancoscuro.it\/site\/category\/arte\/"},"img":{"alt_text":"","src":"https:\/\/i0.wp.com\/www.biancoscuro.it\/site\/wp-content\/uploads\/2024\/02\/20231217_073334LOW.jpg?resize=350%2C200&ssl=1","width":350,"height":200,"srcset":"https:\/\/i0.wp.com\/www.biancoscuro.it\/site\/wp-content\/uploads\/2024\/02\/20231217_073334LOW.jpg?resize=350%2C200&ssl=1 1x, https:\/\/i0.wp.com\/www.biancoscuro.it\/site\/wp-content\/uploads\/2024\/02\/20231217_073334LOW.jpg?resize=525%2C300&ssl=1 1.5x, https:\/\/i0.wp.com\/www.biancoscuro.it\/site\/wp-content\/uploads\/2024\/02\/20231217_073334LOW.jpg?resize=700%2C400&ssl=1 2x"},"classes":[]},{"id":4958,"url":"https:\/\/www.biancoscuro.it\/site\/artegenova-2017-ospitera-unesposizione-opere-scelte-andy-warhol\/","url_meta":{"origin":726,"position":2},"title":"ArteGenova 2017 ospiter\u00e0 un&#8217;esposizione di opere scelte di Andy Warhol","author":"Redazione BIANCOSCURO","date":"15 Febbraio 2017","format":false,"excerpt":"Arte moderna e contemporanea nel padiglione Blu. Presente quest'anno un'esposizione di opere di Andy Warhol dalla collezione Falcioni Dal 17 al 20 febbraio con ArteGenova la citt\u00e0 ospita, per il tredicesimo anno consecutivo, nel padiglione Blu del quartiere fieristico, quattro giorni di mostre, eventi e presentazioni: un\u2019immersione totale nell\u2019arte moderna\u2026","rel":"","context":"In &quot;arte&quot;","block_context":{"text":"arte","link":"https:\/\/www.biancoscuro.it\/site\/category\/arte\/"},"img":{"alt_text":"","src":"https:\/\/i0.wp.com\/www.biancoscuro.it\/site\/wp-content\/uploads\/2017\/02\/KEV_0639.jpg?resize=350%2C200","width":350,"height":200,"srcset":"https:\/\/i0.wp.com\/www.biancoscuro.it\/site\/wp-content\/uploads\/2017\/02\/KEV_0639.jpg?resize=350%2C200 1x, https:\/\/i0.wp.com\/www.biancoscuro.it\/site\/wp-content\/uploads\/2017\/02\/KEV_0639.jpg?resize=525%2C300 1.5x"},"classes":[]},{"id":748,"url":"https:\/\/www.biancoscuro.it\/site\/art-innsbruck-2014\/","url_meta":{"origin":726,"position":3},"title":"ART Innsbruck 2014","author":"Redazione BIANCOSCURO","date":"21 Febbraio 2014","format":false,"excerpt":"In pochi giorni siamo passati dalla \"vista mare\" di Genova, alla \"vista Alpi\" di Innsbruck dove \u00e8 in corso la 18esima edizione di ART. Austriaci, tedeschi, russi, armeni, spagnoli, inglesi e italiani insieme in una mostra internazionale di grande pregio. L'internazionalit\u00e0 di questo evento fa s\u00ec che culture e stili\u2026","rel":"","context":"In &quot;arte&quot;","block_context":{"text":"arte","link":"https:\/\/www.biancoscuro.it\/site\/category\/arte\/"},"img":{"alt_text":"","src":"","width":0,"height":0},"classes":[]},{"id":1811,"url":"https:\/\/www.biancoscuro.it\/site\/arte-forli-contemporanea-dal-7-10-novembre-2014\/","url_meta":{"origin":726,"position":4},"title":"Arte Forl\u00ec CONTEMPORANEA dal 7 al 10 novembre 2014","author":"Redazione BIANCOSCURO","date":"26 Settembre 2014","format":false,"excerpt":"Biancoscuro\u00a0in collaborazione con\u00a0ArteExp\u00f2 Gallery\u00a0propone \u00a0ad artisti meritevoli la possibilit\u00e0 di partecipare ad\u00a0ARTE FORLI' CONTEMPORANEA 2014! Per maggiori informazioni o ricevere il bando di partecipazione contattaci subito allo 0382.1902778 oppure scrivi\u00a0info@biancoscuro.it La partecipazione alle fiere d'arte\u00a0ad\u00a0ARTE FORLI' CONTEMPORANEA 2014\u00a0prevede in abbinata la pubblicazione degli artisti sulla nostra\u00a0rivista d'arte\u00a0BIANCOSCURO. Informiamo che sono\u2026","rel":"","context":"In &quot;arte&quot;","block_context":{"text":"arte","link":"https:\/\/www.biancoscuro.it\/site\/category\/arte\/"},"img":{"alt_text":"Arte_CONTEMPORANEA_FORLI_2014-BIANCOSCURO","src":"https:\/\/i0.wp.com\/www.biancoscuro.it\/site\/wp-content\/uploads\/2014\/05\/CONTEMPORANEAFORLI2014.jpg?resize=350%2C200","width":350,"height":200},"classes":[]},{"id":496,"url":"https:\/\/www.biancoscuro.it\/site\/bergamoartefiera-2014\/","url_meta":{"origin":726,"position":5},"title":"Bergamo Arte Fiera 2014","author":"Redazione BIANCOSCURO","date":"9 Gennaio 2014","format":"gallery","excerpt":"Dal 10 al 13 gennaio il Quartiere Fieristico di Bergamo si animer\u00e0 grazie a BAF 2014. Bergamo Arte Fiera, giunta ormai alla decima edizione, accoglier\u00e0 pi\u00f9 di cento gallerie nazionali, che esporranno e promuoveranno i propri artisti di arte moderna e contemporanea. L'inaugurazione si terr\u00e0 venerd\u00ec 10 gennaio alle ore\u2026","rel":"","context":"In &quot;arte&quot;","block_context":{"text":"arte","link":"https:\/\/www.biancoscuro.it\/site\/category\/arte\/"},"img":{"alt_text":"baf bergamo arte fiera","src":"https:\/\/i0.wp.com\/www.biancoscuro.it\/site\/wp-content\/uploads\/2014\/01\/Schermata-2014-01-09-alle-13.38.39.png?resize=350%2C200","width":350,"height":200,"srcset":"https:\/\/i0.wp.com\/www.biancoscuro.it\/site\/wp-content\/uploads\/2014\/01\/Schermata-2014-01-09-alle-13.38.39.png?resize=350%2C200 1x, https:\/\/i0.wp.com\/www.biancoscuro.it\/site\/wp-content\/uploads\/2014\/01\/Schermata-2014-01-09-alle-13.38.39.png?resize=525%2C300 1.5x"},"classes":[]}],"_links":{"self":[{"href":"https:\/\/www.biancoscuro.it\/site\/wp-json\/wp\/v2\/posts\/726","targetHints":{"allow":["GET"]}}],"collection":[{"href":"https:\/\/www.biancoscuro.it\/site\/wp-json\/wp\/v2\/posts"}],"about":[{"href":"https:\/\/www.biancoscuro.it\/site\/wp-json\/wp\/v2\/types\/post"}],"author":[{"embeddable":true,"href":"https:\/\/www.biancoscuro.it\/site\/wp-json\/wp\/v2\/users\/1"}],"replies":[{"embeddable":true,"href":"https:\/\/www.biancoscuro.it\/site\/wp-json\/wp\/v2\/comments?post=726"}],"version-history":[{"count":0,"href":"https:\/\/www.biancoscuro.it\/site\/wp-json\/wp\/v2\/posts\/726\/revisions"}],"wp:attachment":[{"href":"https:\/\/www.biancoscuro.it\/site\/wp-json\/wp\/v2\/media?parent=726"}],"wp:term":[{"taxonomy":"category","embeddable":true,"href":"https:\/\/www.biancoscuro.it\/site\/wp-json\/wp\/v2\/categories?post=726"},{"taxonomy":"post_tag","embeddable":true,"href":"https:\/\/www.biancoscuro.it\/site\/wp-json\/wp\/v2\/tags?post=726"}],"curies":[{"name":"wp","href":"https:\/\/api.w.org\/{rel}","templated":true}]}}