{"id":7516,"date":"2018-07-03T11:36:52","date_gmt":"2018-07-03T09:36:52","guid":{"rendered":"https:\/\/www.biancoscuro.it\/site\/?p=7516"},"modified":"2018-07-03T11:36:52","modified_gmt":"2018-07-03T09:36:52","slug":"ultimi-giorni-per-la-mostra-dedicata-a-franca-ghitti-a-mendrisio","status":"publish","type":"post","link":"https:\/\/www.biancoscuro.it\/site\/ultimi-giorni-per-la-mostra-dedicata-a-franca-ghitti-a-mendrisio\/","title":{"rendered":"Ultimi giorni per la mostra dedicata a Franca Ghitti a Mendrisio"},"content":{"rendered":"<span class=\"span-reading-time rt-reading-time\" style=\"display: block;\"><span class=\"rt-label rt-prefix\">\u23f0 lettura <\/span> <span class=\"rt-time\"> 2<\/span> <span class=\"rt-label rt-postfix\">min. <br><br><\/span><\/span><p><strong>E&#8217; aperta fino al 15 luglio la mostra <em>FRANCA GHITTI Scultrice<\/em> al Museo d&#8217;arte a Mendrisio.\u00a0<\/strong><\/p>\n<p>Nella splendida cornice del settecentesco convento dei Serviti, sede del Museo, sono esposte le <strong>opere pi\u00f9 significative delle principali tappe del cammino artistico di Franca Ghitti <\/strong>(Erbanno, 1932-Brescia, 2012) a partire dalla <strong>produzione lignea<\/strong> (indissolubilmente legata alla propria terra, la Valle Camonica, con i suoi repertori rupestri e con le tradizioni artigianali locali), fino alla\u00a0<strong>produzione in ferro<\/strong>. In mostra le bellissime opere in legno delle serie delle <strong><em>Mappe<\/em><\/strong>, le <strong><em>Vicinie<\/em><\/strong>, i <strong><em>Tondi<\/em><\/strong>, le <strong><em>Edicole<\/em><\/strong> e le <strong><em>Madie<\/em><\/strong>, il <strong><em>Bosco<\/em><\/strong>, e una selezione delle opere in ferro, come\u00a0gli spettacolari\u00a0<strong><em>Alberi vela <\/em><\/strong>e la<strong><em> Cascata<\/em><\/strong>, e ancora le <strong><em>Meridiane<\/em><\/strong>, la <em><strong>Pioggia<\/strong><\/em>.<\/p>\n<p><strong>Una sessantina di opere a ripercorrere tutta la carriera della grande scultrice camuna nella prima antologica organizzata in ambito svizzero<\/strong>, a cura di <strong>Barbara Paltenghi Malacrida<\/strong>,\u00a0in\u00a0collaborazione con <strong>Elena Pontiggia<\/strong>, organizzata con il sostegno della <strong>Fondazione Archivio Franca Ghitti di Cellatica<\/strong>.<\/p>\n<p><em><strong>museo.mendrisio.ch<\/strong><\/em><\/p>\n<p>&nbsp;<\/p>\n<p><img loading=\"lazy\" decoding=\"async\" class=\"alignnone size-medium wp-image-7518\" src=\"https:\/\/www.biancoscuro.it\/site\/wp-content\/uploads\/2018\/07\/GHITTI-allestimento-titolo-bio-300x181.jpg\" alt=\"\" width=\"300\" height=\"181\" srcset=\"https:\/\/www.biancoscuro.it\/site\/wp-content\/uploads\/2018\/07\/GHITTI-allestimento-titolo-bio-300x181.jpg 300w, https:\/\/www.biancoscuro.it\/site\/wp-content\/uploads\/2018\/07\/GHITTI-allestimento-titolo-bio-768x463.jpg 768w, https:\/\/www.biancoscuro.it\/site\/wp-content\/uploads\/2018\/07\/GHITTI-allestimento-titolo-bio-1024x617.jpg 1024w, https:\/\/www.biancoscuro.it\/site\/wp-content\/uploads\/2018\/07\/GHITTI-allestimento-titolo-bio-600x361.jpg 600w, https:\/\/www.biancoscuro.it\/site\/wp-content\/uploads\/2018\/07\/GHITTI-allestimento-titolo-bio-1320x795.jpg 1320w, https:\/\/www.biancoscuro.it\/site\/wp-content\/uploads\/2018\/07\/GHITTI-allestimento-titolo-bio.jpg 1328w\" sizes=\"auto, (max-width: 300px) 100vw, 300px\" \/> <img loading=\"lazy\" decoding=\"async\" class=\"alignnone size-medium wp-image-7519\" src=\"https:\/\/www.biancoscuro.it\/site\/wp-content\/uploads\/2018\/07\/GHITTI-allestimento-Spirale-300x225.jpg\" alt=\"\" width=\"300\" height=\"225\" srcset=\"https:\/\/www.biancoscuro.it\/site\/wp-content\/uploads\/2018\/07\/GHITTI-allestimento-Spirale-300x225.jpg 300w, https:\/\/www.biancoscuro.it\/site\/wp-content\/uploads\/2018\/07\/GHITTI-allestimento-Spirale-768x576.jpg 768w, https:\/\/www.biancoscuro.it\/site\/wp-content\/uploads\/2018\/07\/GHITTI-allestimento-Spirale-1024x768.jpg 1024w, https:\/\/www.biancoscuro.it\/site\/wp-content\/uploads\/2018\/07\/GHITTI-allestimento-Spirale-600x450.jpg 600w, https:\/\/www.biancoscuro.it\/site\/wp-content\/uploads\/2018\/07\/GHITTI-allestimento-Spirale.jpg 1066w\" sizes=\"auto, (max-width: 300px) 100vw, 300px\" \/> <img loading=\"lazy\" decoding=\"async\" class=\"alignnone size-medium wp-image-7520\" src=\"https:\/\/www.biancoscuro.it\/site\/wp-content\/uploads\/2018\/07\/GHITTI-allestimento-TONDI-2-231x300.jpg\" alt=\"\" width=\"231\" height=\"300\" srcset=\"https:\/\/www.biancoscuro.it\/site\/wp-content\/uploads\/2018\/07\/GHITTI-allestimento-TONDI-2-231x300.jpg 231w, https:\/\/www.biancoscuro.it\/site\/wp-content\/uploads\/2018\/07\/GHITTI-allestimento-TONDI-2-768x999.jpg 768w, https:\/\/www.biancoscuro.it\/site\/wp-content\/uploads\/2018\/07\/GHITTI-allestimento-TONDI-2-787x1024.jpg 787w, https:\/\/www.biancoscuro.it\/site\/wp-content\/uploads\/2018\/07\/GHITTI-allestimento-TONDI-2-600x781.jpg 600w, https:\/\/www.biancoscuro.it\/site\/wp-content\/uploads\/2018\/07\/GHITTI-allestimento-TONDI-2.jpg 800w\" sizes=\"auto, (max-width: 231px) 100vw, 231px\" \/> <img loading=\"lazy\" decoding=\"async\" class=\"alignnone size-medium wp-image-7521\" src=\"https:\/\/www.biancoscuro.it\/site\/wp-content\/uploads\/2018\/07\/GHITTI-allestimento-Tondo-225x300.jpg\" alt=\"\" width=\"225\" height=\"300\" srcset=\"https:\/\/www.biancoscuro.it\/site\/wp-content\/uploads\/2018\/07\/GHITTI-allestimento-Tondo-225x300.jpg 225w, https:\/\/www.biancoscuro.it\/site\/wp-content\/uploads\/2018\/07\/GHITTI-allestimento-Tondo-768x1024.jpg 768w, https:\/\/www.biancoscuro.it\/site\/wp-content\/uploads\/2018\/07\/GHITTI-allestimento-Tondo-600x800.jpg 600w, https:\/\/www.biancoscuro.it\/site\/wp-content\/uploads\/2018\/07\/GHITTI-allestimento-Tondo.jpg 800w\" sizes=\"auto, (max-width: 225px) 100vw, 225px\" \/> <img loading=\"lazy\" decoding=\"async\" class=\"alignnone size-medium wp-image-7522\" src=\"https:\/\/www.biancoscuro.it\/site\/wp-content\/uploads\/2018\/07\/GHITTI-allestimento-Tondo2-225x300.jpg\" alt=\"\" width=\"225\" height=\"300\" srcset=\"https:\/\/www.biancoscuro.it\/site\/wp-content\/uploads\/2018\/07\/GHITTI-allestimento-Tondo2-225x300.jpg 225w, https:\/\/www.biancoscuro.it\/site\/wp-content\/uploads\/2018\/07\/GHITTI-allestimento-Tondo2-768x1024.jpg 768w, https:\/\/www.biancoscuro.it\/site\/wp-content\/uploads\/2018\/07\/GHITTI-allestimento-Tondo2-600x800.jpg 600w, https:\/\/www.biancoscuro.it\/site\/wp-content\/uploads\/2018\/07\/GHITTI-allestimento-Tondo2.jpg 800w\" sizes=\"auto, (max-width: 225px) 100vw, 225px\" \/> <img loading=\"lazy\" decoding=\"async\" class=\"alignnone size-medium wp-image-7523\" src=\"https:\/\/www.biancoscuro.it\/site\/wp-content\/uploads\/2018\/07\/GHITTI-allestimento-VICINIE-300x200.jpg\" alt=\"\" width=\"300\" height=\"200\" srcset=\"https:\/\/www.biancoscuro.it\/site\/wp-content\/uploads\/2018\/07\/GHITTI-allestimento-VICINIE-300x200.jpg 300w, https:\/\/www.biancoscuro.it\/site\/wp-content\/uploads\/2018\/07\/GHITTI-allestimento-VICINIE-768x512.jpg 768w, https:\/\/www.biancoscuro.it\/site\/wp-content\/uploads\/2018\/07\/GHITTI-allestimento-VICINIE-1024x683.jpg 1024w, https:\/\/www.biancoscuro.it\/site\/wp-content\/uploads\/2018\/07\/GHITTI-allestimento-VICINIE-600x400.jpg 600w, https:\/\/www.biancoscuro.it\/site\/wp-content\/uploads\/2018\/07\/GHITTI-allestimento-VICINIE.jpg 1200w\" sizes=\"auto, (max-width: 300px) 100vw, 300px\" \/> <img loading=\"lazy\" decoding=\"async\" class=\"alignnone size-medium wp-image-7524\" src=\"https:\/\/www.biancoscuro.it\/site\/wp-content\/uploads\/2018\/07\/GHITTI-allestimento-Vicinie2-300x166.jpg\" alt=\"\" width=\"300\" height=\"166\" srcset=\"https:\/\/www.biancoscuro.it\/site\/wp-content\/uploads\/2018\/07\/GHITTI-allestimento-Vicinie2-300x166.jpg 300w, https:\/\/www.biancoscuro.it\/site\/wp-content\/uploads\/2018\/07\/GHITTI-allestimento-Vicinie2-768x424.jpg 768w, https:\/\/www.biancoscuro.it\/site\/wp-content\/uploads\/2018\/07\/GHITTI-allestimento-Vicinie2-1024x565.jpg 1024w, https:\/\/www.biancoscuro.it\/site\/wp-content\/uploads\/2018\/07\/GHITTI-allestimento-Vicinie2-600x331.jpg 600w, https:\/\/www.biancoscuro.it\/site\/wp-content\/uploads\/2018\/07\/GHITTI-allestimento-Vicinie2-1320x729.jpg 1320w, https:\/\/www.biancoscuro.it\/site\/wp-content\/uploads\/2018\/07\/GHITTI-allestimento-Vicinie2.jpg 1449w\" sizes=\"auto, (max-width: 300px) 100vw, 300px\" \/> <img loading=\"lazy\" decoding=\"async\" class=\"alignnone size-medium wp-image-7525\" src=\"https:\/\/www.biancoscuro.it\/site\/wp-content\/uploads\/2018\/07\/GHITTI-alllestimento-corridoio-187x300.jpg\" alt=\"\" width=\"187\" height=\"300\" srcset=\"https:\/\/www.biancoscuro.it\/site\/wp-content\/uploads\/2018\/07\/GHITTI-alllestimento-corridoio-187x300.jpg 187w, https:\/\/www.biancoscuro.it\/site\/wp-content\/uploads\/2018\/07\/GHITTI-alllestimento-corridoio-768x1232.jpg 768w, https:\/\/www.biancoscuro.it\/site\/wp-content\/uploads\/2018\/07\/GHITTI-alllestimento-corridoio-639x1024.jpg 639w, https:\/\/www.biancoscuro.it\/site\/wp-content\/uploads\/2018\/07\/GHITTI-alllestimento-corridoio-600x962.jpg 600w, https:\/\/www.biancoscuro.it\/site\/wp-content\/uploads\/2018\/07\/GHITTI-alllestimento-corridoio.jpg 800w\" sizes=\"auto, (max-width: 187px) 100vw, 187px\" \/> <img loading=\"lazy\" decoding=\"async\" class=\"alignnone size-medium wp-image-7526\" src=\"https:\/\/www.biancoscuro.it\/site\/wp-content\/uploads\/2018\/07\/GHITTI-allestimento-Lunario-300x193.jpg\" alt=\"\" width=\"300\" height=\"193\" srcset=\"https:\/\/www.biancoscuro.it\/site\/wp-content\/uploads\/2018\/07\/GHITTI-allestimento-Lunario-300x193.jpg 300w, https:\/\/www.biancoscuro.it\/site\/wp-content\/uploads\/2018\/07\/GHITTI-allestimento-Lunario-768x495.jpg 768w, https:\/\/www.biancoscuro.it\/site\/wp-content\/uploads\/2018\/07\/GHITTI-allestimento-Lunario-1024x660.jpg 1024w, https:\/\/www.biancoscuro.it\/site\/wp-content\/uploads\/2018\/07\/GHITTI-allestimento-Lunario-600x386.jpg 600w, https:\/\/www.biancoscuro.it\/site\/wp-content\/uploads\/2018\/07\/GHITTI-allestimento-Lunario.jpg 1242w\" sizes=\"auto, (max-width: 300px) 100vw, 300px\" \/><\/p>\n<p>&nbsp;<\/p>\n","protected":false},"excerpt":{"rendered":"<p><span class=\"span-reading-time rt-reading-time\" style=\"display: block;\"><span class=\"rt-label rt-prefix\">\u23f0 lettura <\/span> <span class=\"rt-time\"> 2<\/span> <span class=\"rt-label rt-postfix\">min. <\/p>\n<p><\/span><\/span>E&#8217; aperta fino al 15 luglio la mostra FRANCA GHITTI Scultrice al Museo d&#8217;arte a Mendrisio.\u00a0 Nella splendida cornice del settecentesco convento dei Serviti, sede del Museo, sono esposte le opere pi\u00f9 significative delle principali tappe del cammino artistico di Franca Ghitti (Erbanno, 1932-Brescia, 2012) a partire dalla produzione lignea (indissolubilmente legata alla propria terra,&hellip;&nbsp;<a href=\"https:\/\/www.biancoscuro.it\/site\/ultimi-giorni-per-la-mostra-dedicata-a-franca-ghitti-a-mendrisio\/\" rel=\"bookmark\">Leggi tutto &raquo;<span class=\"screen-reader-text\">Ultimi giorni per la mostra dedicata a Franca Ghitti a Mendrisio<\/span><\/a><\/p>\n","protected":false},"author":917,"featured_media":7517,"comment_status":"closed","ping_status":"closed","sticky":false,"template":"","format":"standard","meta":{"neve_meta_sidebar":"","neve_meta_container":"","neve_meta_enable_content_width":"","neve_meta_content_width":0,"neve_meta_title_alignment":"","neve_meta_author_avatar":"","neve_post_elements_order":"","neve_meta_disable_header":"","neve_meta_disable_footer":"","neve_meta_disable_title":"","advanced_seo_description":"","jetpack_seo_html_title":"","jetpack_seo_noindex":false,"footnotes":""},"categories":[5],"tags":[],"class_list":["post-7516","post","type-post","status-publish","format-standard","has-post-thumbnail","hentry","category-arte"],"jetpack_featured_media_url":"https:\/\/www.biancoscuro.it\/site\/wp-content\/uploads\/2018\/07\/GHITTI-allestimento-Alberi.jpg","jetpack_sharing_enabled":true,"jetpack-related-posts":[{"id":7020,"url":"https:\/\/www.biancoscuro.it\/site\/le-sculture-di-franca-ghitti-in-mostra-al-museo-darte-a-mendrisio\/","url_meta":{"origin":7516,"position":0},"title":"Le sculture di Franca Ghitti in mostra al Museo d&#8217;arte a Mendrisio","author":"Chiara","date":"9 Aprile 2018","format":false,"excerpt":"Inaugura il 14 aprile al Museo d'arte a Mendrisio una importante esposizione dedicata\u00a0ai lavori scultorei di Franca Ghitti (Erbanno, 1932 \u2013 Brescia, 2012), che intende presentare una selezione accurata dei principali capitoli espressivi di questa artista, nata in Valle Camonica e sempre particolarmente attenta alla ricerca intorno alle testimonianze e\u2026","rel":"","context":"In &quot;arte&quot;","block_context":{"text":"arte","link":"https:\/\/www.biancoscuro.it\/site\/category\/arte\/"},"img":{"alt_text":"","src":"https:\/\/i0.wp.com\/www.biancoscuro.it\/site\/wp-content\/uploads\/2018\/04\/2.-GHITTI-Mappa-dei-campi-arati-1.jpg?resize=350%2C200&ssl=1","width":350,"height":200,"srcset":"https:\/\/i0.wp.com\/www.biancoscuro.it\/site\/wp-content\/uploads\/2018\/04\/2.-GHITTI-Mappa-dei-campi-arati-1.jpg?resize=350%2C200&ssl=1 1x, https:\/\/i0.wp.com\/www.biancoscuro.it\/site\/wp-content\/uploads\/2018\/04\/2.-GHITTI-Mappa-dei-campi-arati-1.jpg?resize=525%2C300&ssl=1 1.5x, https:\/\/i0.wp.com\/www.biancoscuro.it\/site\/wp-content\/uploads\/2018\/04\/2.-GHITTI-Mappa-dei-campi-arati-1.jpg?resize=700%2C400&ssl=1 2x"},"classes":[]},{"id":4483,"url":"https:\/\/www.biancoscuro.it\/site\/grande-artista-danese-kirkeby-mostra-al-museo-darte-mendrisio\/","url_meta":{"origin":7516,"position":1},"title":"Il grande artista danese PER KIRKEBY in mostra al Museo d&#8217;arte di Mendrisio","author":"Chiara","date":"29 Settembre 2016","format":false,"excerpt":"PER KIRKEBY\u00a0 I luoghi dell'anima del grande maestro scandinavo 2 ottobre 2016 \u2013 29 gennaio 2017 Museo d\u2019arte di Mendrisio Acclamato in tutta Europa per gli straordinari risultati raggiunti in campo artistico, Per Kirkeby \u00e8 certamente uno tra i maggiori protagonisti della scena culturale scandinava del Novecento. Si \u00e8 imposto\u2026","rel":"","context":"In &quot;arte&quot;","block_context":{"text":"arte","link":"https:\/\/www.biancoscuro.it\/site\/category\/arte\/"},"img":{"alt_text":"PK_1249","src":"https:\/\/i0.wp.com\/www.biancoscuro.it\/site\/wp-content\/uploads\/2016\/09\/11.-KIRKEBY-1249-300x203.jpg?resize=350%2C200","width":350,"height":200},"classes":[]},{"id":6095,"url":"https:\/\/www.biancoscuro.it\/site\/paradiso-cuno-amiet-mostra-al-museo-darte-mendrisio\/","url_meta":{"origin":7516,"position":2},"title":"IL PARADISO DI CUNO AMIET IN MOSTRA AL MUSEO D&#8217;ARTE DI MENDRISIO","author":"Chiara","date":"31 Ottobre 2017","format":false,"excerpt":"Al Museo d'arte di Mendrisio \u00e8 stata da poco inaugurata una importante retrospettiva dedicata al grande pittore Cuno Amiet (Soletta, 1868; Oschwand, 1961), tra le personalit\u00e0 pi\u00f9 rappresentative dell\u2019arte svizzera della prima met\u00e0 del Novecento, considerato uno dei grandi maestri della pittura moderna. Partito giovanissimo in compagnia di Giovanni Giacometti\u2026","rel":"","context":"In &quot;arte&quot;","block_context":{"text":"arte","link":"https:\/\/www.biancoscuro.it\/site\/category\/arte\/"},"img":{"alt_text":"","src":"https:\/\/i0.wp.com\/www.biancoscuro.it\/site\/wp-content\/uploads\/2017\/10\/AMIET-1894.24.jpg?resize=350%2C200&ssl=1","width":350,"height":200,"srcset":"https:\/\/i0.wp.com\/www.biancoscuro.it\/site\/wp-content\/uploads\/2017\/10\/AMIET-1894.24.jpg?resize=350%2C200&ssl=1 1x, https:\/\/i0.wp.com\/www.biancoscuro.it\/site\/wp-content\/uploads\/2017\/10\/AMIET-1894.24.jpg?resize=525%2C300&ssl=1 1.5x, https:\/\/i0.wp.com\/www.biancoscuro.it\/site\/wp-content\/uploads\/2017\/10\/AMIET-1894.24.jpg?resize=700%2C400&ssl=1 2x, https:\/\/i0.wp.com\/www.biancoscuro.it\/site\/wp-content\/uploads\/2017\/10\/AMIET-1894.24.jpg?resize=1050%2C600&ssl=1 3x, https:\/\/i0.wp.com\/www.biancoscuro.it\/site\/wp-content\/uploads\/2017\/10\/AMIET-1894.24.jpg?resize=1400%2C800&ssl=1 4x"},"classes":[]},{"id":8975,"url":"https:\/\/www.biancoscuro.it\/site\/piero-guccione-la-pittura-come-il-mare\/","url_meta":{"origin":7516,"position":3},"title":"Piero Guccione La pittura come il mare","author":"Chiara","date":"3 Aprile 2019","format":false,"excerpt":"Da domenica 7 aprile in mostra al Museo d'arte Mendrisio le opere del grande artista siciliano, scomparso nel 2018, nella prima importante retrospettiva post mortem a lui dedicata. \u00abMi attira l'assoluta immobilit\u00e0 del mare, che per\u00f2 \u00e8 costantemente in movimento.\u00bb \u00c8 questa la grande impresa che quotidianamente ha affrontato Piero\u2026","rel":"","context":"In &quot;arte&quot;","block_context":{"text":"arte","link":"https:\/\/www.biancoscuro.it\/site\/category\/arte\/"},"img":{"alt_text":"","src":"https:\/\/i0.wp.com\/www.biancoscuro.it\/site\/wp-content\/uploads\/2019\/04\/29.-GUCCIOME-Luna-dAgosto.jpg?resize=350%2C200&ssl=1","width":350,"height":200,"srcset":"https:\/\/i0.wp.com\/www.biancoscuro.it\/site\/wp-content\/uploads\/2019\/04\/29.-GUCCIOME-Luna-dAgosto.jpg?resize=350%2C200&ssl=1 1x, https:\/\/i0.wp.com\/www.biancoscuro.it\/site\/wp-content\/uploads\/2019\/04\/29.-GUCCIOME-Luna-dAgosto.jpg?resize=525%2C300&ssl=1 1.5x, https:\/\/i0.wp.com\/www.biancoscuro.it\/site\/wp-content\/uploads\/2019\/04\/29.-GUCCIOME-Luna-dAgosto.jpg?resize=700%2C400&ssl=1 2x, https:\/\/i0.wp.com\/www.biancoscuro.it\/site\/wp-content\/uploads\/2019\/04\/29.-GUCCIOME-Luna-dAgosto.jpg?resize=1050%2C600&ssl=1 3x"},"classes":[]},{"id":9976,"url":"https:\/\/www.biancoscuro.it\/site\/arte-indiana-a-mendrisio\/","url_meta":{"origin":7516,"position":4},"title":"Arte indiana a Mendrisio","author":"Chiara","date":"14 Novembre 2019","format":false,"excerpt":"Fino al 26 gennaio 2020 al Museo d'arte Mendrisio \u00e8 possibile ammirare una straordinaria selezione di capolavori dell'arte indiana, oltre 70 sculture provenienti da diverse regioni dell\u2019India, Pakistan e Afghanistan - che\u00a0coprono un arco temporale di quattordici secoli, dal II secolo a.C. al XII secolo d.C. - riuniti nella mostra\u2026","rel":"","context":"In &quot;arte&quot;","block_context":{"text":"arte","link":"https:\/\/www.biancoscuro.it\/site\/category\/arte\/"},"img":{"alt_text":"","src":"https:\/\/i0.wp.com\/www.biancoscuro.it\/site\/wp-content\/uploads\/2019\/11\/23.-Testa-del-Budda.jpg?resize=350%2C200&ssl=1","width":350,"height":200,"srcset":"https:\/\/i0.wp.com\/www.biancoscuro.it\/site\/wp-content\/uploads\/2019\/11\/23.-Testa-del-Budda.jpg?resize=350%2C200&ssl=1 1x, https:\/\/i0.wp.com\/www.biancoscuro.it\/site\/wp-content\/uploads\/2019\/11\/23.-Testa-del-Budda.jpg?resize=525%2C300&ssl=1 1.5x, https:\/\/i0.wp.com\/www.biancoscuro.it\/site\/wp-content\/uploads\/2019\/11\/23.-Testa-del-Budda.jpg?resize=700%2C400&ssl=1 2x"},"classes":[]},{"id":12502,"url":"https:\/\/www.biancoscuro.it\/site\/a-r-penck-a-mendrisio-una-grande-retrospettiva-dedicata-al-maestro-tedesco\/","url_meta":{"origin":7516,"position":5},"title":"A.R. Penck. A Mendrisio una grande retrospettiva dedicata al maestro tedesco","author":"Chiara","date":"27 Ottobre 2021","format":false,"excerpt":"Il Museo d'arte di Mendrisio presenta fino al 13 febbraio 2022 una grande retrospettiva dedicata a A.R. Penck (pseudonimo di Ralf Winkler), tra i pi\u00f9 importanti artisti tedeschi della seconda met\u00e0 del Novecento, scomparso a Zurigo nel 2017. Curata da Simone Soldini, Ulf Jensen, Barbara Paltenghi Malacrida, la mostra, che\u2026","rel":"","context":"In &quot;arte&quot;","block_context":{"text":"arte","link":"https:\/\/www.biancoscuro.it\/site\/category\/arte\/"},"img":{"alt_text":"","src":"https:\/\/i0.wp.com\/www.biancoscuro.it\/site\/wp-content\/uploads\/2021\/10\/3.-PENCK-Standart-1969.jpg?resize=350%2C200&ssl=1","width":350,"height":200,"srcset":"https:\/\/i0.wp.com\/www.biancoscuro.it\/site\/wp-content\/uploads\/2021\/10\/3.-PENCK-Standart-1969.jpg?resize=350%2C200&ssl=1 1x, https:\/\/i0.wp.com\/www.biancoscuro.it\/site\/wp-content\/uploads\/2021\/10\/3.-PENCK-Standart-1969.jpg?resize=525%2C300&ssl=1 1.5x, https:\/\/i0.wp.com\/www.biancoscuro.it\/site\/wp-content\/uploads\/2021\/10\/3.-PENCK-Standart-1969.jpg?resize=700%2C400&ssl=1 2x"},"classes":[]}],"_links":{"self":[{"href":"https:\/\/www.biancoscuro.it\/site\/wp-json\/wp\/v2\/posts\/7516","targetHints":{"allow":["GET"]}}],"collection":[{"href":"https:\/\/www.biancoscuro.it\/site\/wp-json\/wp\/v2\/posts"}],"about":[{"href":"https:\/\/www.biancoscuro.it\/site\/wp-json\/wp\/v2\/types\/post"}],"author":[{"embeddable":true,"href":"https:\/\/www.biancoscuro.it\/site\/wp-json\/wp\/v2\/users\/917"}],"replies":[{"embeddable":true,"href":"https:\/\/www.biancoscuro.it\/site\/wp-json\/wp\/v2\/comments?post=7516"}],"version-history":[{"count":0,"href":"https:\/\/www.biancoscuro.it\/site\/wp-json\/wp\/v2\/posts\/7516\/revisions"}],"wp:featuredmedia":[{"embeddable":true,"href":"https:\/\/www.biancoscuro.it\/site\/wp-json\/wp\/v2\/media\/7517"}],"wp:attachment":[{"href":"https:\/\/www.biancoscuro.it\/site\/wp-json\/wp\/v2\/media?parent=7516"}],"wp:term":[{"taxonomy":"category","embeddable":true,"href":"https:\/\/www.biancoscuro.it\/site\/wp-json\/wp\/v2\/categories?post=7516"},{"taxonomy":"post_tag","embeddable":true,"href":"https:\/\/www.biancoscuro.it\/site\/wp-json\/wp\/v2\/tags?post=7516"}],"curies":[{"name":"wp","href":"https:\/\/api.w.org\/{rel}","templated":true}]}}