{"id":7625,"date":"2018-07-20T10:46:27","date_gmt":"2018-07-20T08:46:27","guid":{"rendered":"https:\/\/www.biancoscuro.it\/site\/?p=7625"},"modified":"2018-07-20T10:47:03","modified_gmt":"2018-07-20T08:47:03","slug":"oltre-la-fotografia-isabella-rigamonti-al-mimumo","status":"publish","type":"post","link":"https:\/\/www.biancoscuro.it\/site\/oltre-la-fotografia-isabella-rigamonti-al-mimumo\/","title":{"rendered":"Oltre la fotografia | Isabella Rigamonti al mimumo"},"content":{"rendered":"<span class=\"span-reading-time rt-reading-time\" style=\"display: block;\"><span class=\"rt-label rt-prefix\">\u23f0 lettura <\/span> <span class=\"rt-time\"> 2<\/span> <span class=\"rt-label rt-postfix\">min. <br><br><\/span><\/span><h3><strong>La vetrina del Micro Museo di Monza<\/strong>\u00a0ospita fino al 1 agosto Isabella Rigamonti con la mostra dal titolo &#8220;Oltre la fotografia&#8221;.<\/h3>\n<p>Andare oltre la fotografia, oltre una visione dedicata al bianco e nero o al colore e rendere la loro differenza rarefatta.<br \/>\nConcentrarsi sul l&#8217;importanza dello scatto nella propria visione e rielaborarlo concettualmente e manualmente attraverso il collage.<br \/>\nRidefinire uno spazio attraverso il segno, sottolinearlo con una sovrapposizione, contrapporre sensibilit\u00e0 differenti ed immaginare una dimensione nuova.<br \/>\nEsaltare la positivit\u00e0, la capacit\u00e0 del costruire e del \u201cfare\u201d dell&#8217;uomo, integrando modelli urbani ed epoche storiche differente, mostrando anche situazioni curiose o persone.<br \/>\nQuesto \u00e8 il modo\u00a0per riflettersi nel mondo, il modo di stimolare l&#8217;immaginazione e di lasciare che il mondo ne sia affascinato!<br \/>\nQuesta \u00e8 Isabella Rigamonti<\/p>\n<p><img loading=\"lazy\" decoding=\"async\" class=\"aligncenter wp-image-7626 size-full\" src=\"https:\/\/www.biancoscuro.it\/site\/wp-content\/uploads\/2018\/07\/mimumo_Rigamonti-opere-in-mostra.jpg\" alt=\"\" width=\"1000\" height=\"750\" srcset=\"https:\/\/www.biancoscuro.it\/site\/wp-content\/uploads\/2018\/07\/mimumo_Rigamonti-opere-in-mostra.jpg 1000w, https:\/\/www.biancoscuro.it\/site\/wp-content\/uploads\/2018\/07\/mimumo_Rigamonti-opere-in-mostra-300x225.jpg 300w, https:\/\/www.biancoscuro.it\/site\/wp-content\/uploads\/2018\/07\/mimumo_Rigamonti-opere-in-mostra-768x576.jpg 768w, https:\/\/www.biancoscuro.it\/site\/wp-content\/uploads\/2018\/07\/mimumo_Rigamonti-opere-in-mostra-600x450.jpg 600w\" sizes=\"auto, (max-width: 1000px) 100vw, 1000px\" \/><\/p>\n<p>Un Museo da Guinnes dei primati: 2,29 metri\u00a0quadrati di superficie, aperto 365 giorni all&#8217;anno, ventiquattro ore\u00a0su 24. Il <span class=\"il\">mimumo\u00a0<\/span>si trova al piano terra\u00a0della Casa della Luna Rossa via Lambro 1, una delle abitazioni pi\u00f9\u00a0antiche di Monza, che dal &#8216;300 \u00e8 affacciata in vicinanze sulla\u00a0centralissima piazza Duomo. L&#8217;idea del <span class=\"il\">mimumo\u00a0<\/span>\u00e8 di <strong>Luca Acquati<\/strong>: e di <strong>Felice\u00a0Terrabuio<\/strong>. Il motto del museo? &#8220;Se New York ha il Moma, Monza ha il <span class=\"il\">mimumo\u00a0<\/span>MICROMUSEOMONZA.&#8221;<\/p>\n<p>&nbsp;<\/p>\n<blockquote><p><em><strong><br \/>\n<\/strong><\/em><em>\u201cNata a Besana in Brianza (MI) nel 1969, Isabella Rigamonti approfondisce gli studi artistici presso il Liceo Artistico Collegio San Giuseppe di Monza e consegue la laurea in Architettura-Design presso il Politecnico di Milano.<br \/>\nIl suo esordio artistico \u00e8 nel campo pittorico figurativo con tecniche tradizionali da cui ben presto si allontana per confluire in una sperimentazione artistica di natura percettiva informale, con tecniche e materiali espressivi inconsueti.<br \/>\nIn concomitanza del primo periodo espressivo prende forma il suo interesse per la fotografia coltivata attraverso la frequentazione di diversi corsi e ad un approfondimento in un corso annuale all&#8217;Accademia Forma di Milano.<br \/>\nFra i suoi soggetti preferiti, ci sono le architetture, i particolari inanimati e le situazioni pi\u00f9 variegate della vita quotidiana, fotografati in diverse citt\u00e0.<br \/>\nAttualmente si presenta con un lavoro di rielaborazione concettuale e gestuale in cui la fotografia da lei scattata, non ritoccata in photoshop, viene presentata in bianco e nero con delle sovrapposizioni a collage di parti della stessa fotografia a colori.<br \/>\nLe parti della fotografia a colori di cui il rilievo \u00e8&#8217; visibile (e le contraddistingue, determinando anche la loro unicit\u00e0) vivono all&#8217;interno dell&#8217;opera di vita propria, in quanto realizzate attraverso forme inusuali o geometriche, ma tuttavia riescono ad individuare una dimensione differente, dove in virt\u00f9 del fatto di essere a colori, vanno a modificare il percepito dell&#8217;opera stessa.<br \/>\nDi conseguenza la percezione ha una natura mutevole e raffinata, ed ogni opera \u00e8 unica ed emozionante non solo per la materia percepita di natura fotografica, ma mutandone la percezione stessa ci rimanda alla genesi originaria della creazione e dell&#8217;atto decisionale dello scatto.<br \/>\nL&#8217;artista presenta due chiavi di lettura originali, una di natura pi\u00f9 formale, data dalla coesistenza della fotografia scattata in bianco e nero con delle forme di colore sovrapposte, ed una di natura pi\u00f9 concettuale in cui il momento della creazione dello scatto ed il messaggio che l&#8217;artista vuole ironicamente evidenziale emerge.<br \/>\nDi conseguenza l&#8217;opera perde una connotazione spazio\/temporale precisa, e appare sospesa in un divenire dove la percezione della luce rende reale l&#8217;illusione e l&#8217;illusione estremamente reale.<\/em><br \/>\n<strong>Isabella Rigamonti<\/strong><br \/>\n<em><strong>http:\/\/isabellarigamonti.blogspot.com<\/strong><\/em><\/p><\/blockquote>\n<p>&nbsp;<\/p>\n<pre>INFO\r\n\r\nOltre la fotografia\r\n\r\nMIMUMO (MIni MUseo MOnza)\r\nvia Lambro 1\r\nMonza\r\n\r\naperto h24, ingresso libero\r\ndal 21 luglio 2018 al 1 agosto 2018<\/pre>\n<p>&nbsp;<\/p>\n<p>&nbsp;<\/p>\n","protected":false},"excerpt":{"rendered":"<p><span class=\"span-reading-time rt-reading-time\" style=\"display: block;\"><span class=\"rt-label rt-prefix\">\u23f0 lettura <\/span> <span class=\"rt-time\"> 2<\/span> <span class=\"rt-label rt-postfix\">min. <\/p>\n<p><\/span><\/span>La vetrina del Micro Museo di Monza\u00a0ospita fino al 1 agosto Isabella Rigamonti con la mostra dal titolo &#8220;Oltre la fotografia&#8221;. Andare oltre la fotografia, oltre una visione dedicata al bianco e nero o al colore e rendere la loro differenza rarefatta. Concentrarsi sul l&#8217;importanza dello scatto nella propria visione e rielaborarlo concettualmente e manualmente&hellip;&nbsp;<a href=\"https:\/\/www.biancoscuro.it\/site\/oltre-la-fotografia-isabella-rigamonti-al-mimumo\/\" rel=\"bookmark\">Leggi tutto &raquo;<span class=\"screen-reader-text\">Oltre la fotografia | Isabella Rigamonti al mimumo<\/span><\/a><\/p>\n","protected":false},"author":1,"featured_media":7626,"comment_status":"closed","ping_status":"closed","sticky":false,"template":"","format":"standard","meta":{"neve_meta_sidebar":"","neve_meta_container":"","neve_meta_enable_content_width":"","neve_meta_content_width":0,"neve_meta_title_alignment":"","neve_meta_author_avatar":"","neve_post_elements_order":"","neve_meta_disable_header":"","neve_meta_disable_footer":"","neve_meta_disable_title":"","advanced_seo_description":"","jetpack_seo_html_title":"","jetpack_seo_noindex":false,"footnotes":""},"categories":[5],"tags":[1889,854,1888,1894,1885],"class_list":["post-7625","post","type-post","status-publish","format-standard","has-post-thumbnail","hentry","category-arte","tag-felice-terrabuio","tag-isabella-rigamonti","tag-luca-acquati","tag-micro-museo-di-monza","tag-mimumo"],"jetpack_featured_media_url":"https:\/\/www.biancoscuro.it\/site\/wp-content\/uploads\/2018\/07\/mimumo_Rigamonti-opere-in-mostra.jpg","jetpack_sharing_enabled":true,"jetpack-related-posts":[{"id":4706,"url":"https:\/\/www.biancoscuro.it\/site\/isabella-rigamonti-spaces\/","url_meta":{"origin":7625,"position":0},"title":"Isabella Rigamonti &#8220;Spaces&#8221;","author":"Redazione BIANCOSCURO","date":"24 Novembre 2016","format":false,"excerpt":"Fino a gennaio 2017 in mostra gli unici collage fotografici \u201cL\u2019attenzione al fragile e repentino cambiamento delle cose ci fa vivere immagini e contesti sempre nuovi dove l\u2019unicum della fotografia viene messo in discussione dai nostri occhi abituati a cogliere il variare di tutto ci\u00f2 che ci circonda\u201d. Cos\u00ec introduce\u2026","rel":"","context":"In &quot;arte&quot;","block_context":{"text":"arte","link":"https:\/\/www.biancoscuro.it\/site\/category\/arte\/"},"img":{"alt_text":"","src":"https:\/\/i0.wp.com\/www.biancoscuro.it\/site\/wp-content\/uploads\/2016\/11\/aaa-1.jpg?resize=350%2C200&ssl=1","width":350,"height":200,"srcset":"https:\/\/i0.wp.com\/www.biancoscuro.it\/site\/wp-content\/uploads\/2016\/11\/aaa-1.jpg?resize=350%2C200&ssl=1 1x, https:\/\/i0.wp.com\/www.biancoscuro.it\/site\/wp-content\/uploads\/2016\/11\/aaa-1.jpg?resize=525%2C300&ssl=1 1.5x, https:\/\/i0.wp.com\/www.biancoscuro.it\/site\/wp-content\/uploads\/2016\/11\/aaa-1.jpg?resize=700%2C400&ssl=1 2x, https:\/\/i0.wp.com\/www.biancoscuro.it\/site\/wp-content\/uploads\/2016\/11\/aaa-1.jpg?resize=1050%2C600&ssl=1 3x, https:\/\/i0.wp.com\/www.biancoscuro.it\/site\/wp-content\/uploads\/2016\/11\/aaa-1.jpg?resize=1400%2C800&ssl=1 4x"},"classes":[]},{"id":5626,"url":"https:\/\/www.biancoscuro.it\/site\/isabella-rigamonti-riflessi-1\/","url_meta":{"origin":7625,"position":1},"title":"Isabella Rigamonti &#8220;Riflessi #1&#8221;","author":"Redazione BIANCOSCURO","date":"12 Giugno 2017","format":false,"excerpt":"Il vernissage di\"Riflessi #1\" \u00e8 fissato per venerd\u00ec 23 giugno alle ore 19 presso la Villa Borromeo di Viggi\u00f9. La mostra vedr\u00e0 esposte le opere di \u00a0Isabella Rigamonti\u00a0artista che da tempo utilizza un linguaggio originale in cui la fotografia \u00e8 contaminata dal collage. Rigamonti rivolge la sua attenzione al fragile\u2026","rel":"","context":"In &quot;arte&quot;","block_context":{"text":"arte","link":"https:\/\/www.biancoscuro.it\/site\/category\/arte\/"},"img":{"alt_text":"","src":"https:\/\/i0.wp.com\/www.biancoscuro.it\/site\/wp-content\/uploads\/2017\/06\/Isabella-Rigamonti-RIFLESSI1.jpg?resize=350%2C200&ssl=1","width":350,"height":200,"srcset":"https:\/\/i0.wp.com\/www.biancoscuro.it\/site\/wp-content\/uploads\/2017\/06\/Isabella-Rigamonti-RIFLESSI1.jpg?resize=350%2C200&ssl=1 1x, https:\/\/i0.wp.com\/www.biancoscuro.it\/site\/wp-content\/uploads\/2017\/06\/Isabella-Rigamonti-RIFLESSI1.jpg?resize=525%2C300&ssl=1 1.5x, https:\/\/i0.wp.com\/www.biancoscuro.it\/site\/wp-content\/uploads\/2017\/06\/Isabella-Rigamonti-RIFLESSI1.jpg?resize=700%2C400&ssl=1 2x, https:\/\/i0.wp.com\/www.biancoscuro.it\/site\/wp-content\/uploads\/2017\/06\/Isabella-Rigamonti-RIFLESSI1.jpg?resize=1050%2C600&ssl=1 3x, https:\/\/i0.wp.com\/www.biancoscuro.it\/site\/wp-content\/uploads\/2017\/06\/Isabella-Rigamonti-RIFLESSI1.jpg?resize=1400%2C800&ssl=1 4x"},"classes":[]},{"id":7803,"url":"https:\/\/www.biancoscuro.it\/site\/post-tenebras-lux-peter-hide-311065-e-isabella-rigamonti\/","url_meta":{"origin":7625,"position":2},"title":"Post Tenebras Lux | Peter Hide 311065 e  Isabella Rigamonti","author":"Redazione BIANCOSCURO","date":"17 Settembre 2018","format":false,"excerpt":"La Chiesa di San Biagio, luogo di spiritualit\u00e0 da anni prestato al mondo dell\u2019arte, rappresenta il palcoscenico perfetto per presentare il lavoro artistico di Peter Hide 311065 e Isabella Rigamonti. Qui la solidit\u00e0 della pietra, \u201cla materia\u201d, la leggerezza della copertura \u201clo spazio e la luce\u201d si fondono e diventano\u2026","rel":"","context":"In &quot;arte&quot;","block_context":{"text":"arte","link":"https:\/\/www.biancoscuro.it\/site\/category\/arte\/"},"img":{"alt_text":"","src":"https:\/\/i0.wp.com\/www.biancoscuro.it\/site\/wp-content\/uploads\/2018\/09\/animaminimachiesa-di-S.-Biagio-2-LOW.jpg?resize=350%2C200&ssl=1","width":350,"height":200},"classes":[]},{"id":7599,"url":"https:\/\/www.biancoscuro.it\/site\/peter-hide-311065-al-mimumo\/","url_meta":{"origin":7625,"position":3},"title":"BANCONOTE, BANCONOTE, BANCONOTE\u2026 | Peter Hide 311065 al mimumo","author":"Redazione BIANCOSCURO","date":"13 Luglio 2018","format":false,"excerpt":"Does money makes the world go round or does love makes the world go round? Fino al 18 luglio 2018 a mimumo (MIcro MUseo MOnza) BANCONOTE, BANCONOTE, BANCONOTE\u2026 Nel centro di Monza una strana vetrina sommersa di Dollari: \u00e8 \u00a0la sala espositiva del Micro Museo di Monza\u00a0che ospita Peter Hide\u2026","rel":"","context":"In &quot;arte&quot;","block_context":{"text":"arte","link":"https:\/\/www.biancoscuro.it\/site\/category\/arte\/"},"img":{"alt_text":"","src":"https:\/\/i0.wp.com\/www.biancoscuro.it\/site\/wp-content\/uploads\/2018\/07\/mimumo_Hide-B2-400.jpg?resize=350%2C200&ssl=1","width":350,"height":200},"classes":[]},{"id":4176,"url":"https:\/\/www.biancoscuro.it\/site\/isabella-rigamonti-luoghi-non-luoghi-showcases-gallery-varese\/","url_meta":{"origin":7625,"position":4},"title":"Isabella Rigamonti | luoghi non luoghi @ SHOWCASES GALLERY Varese","author":"Redazione BIANCOSCURO","date":"7 Luglio 2016","format":false,"excerpt":"In pieno centro\u00a0pedonale a\u00a0Varese, la\u00a0SHOWCASES GALLERY ospiter\u00e0 la mostra personale di\u00a0 Isabella Rigamonti dal titolo \"luoghi non luoghi\" La mostra \"Luoghi non luoghi\" \u00e8 realizzata in collaborazione con \u201cGEA-contro la violenza sulle donne\u201d, presentata e\u00a0curata dal critico Clara Castaldo.\u00a0ISABELLA RIGAMONTI\u00a0\u00e8 l'artista che ha fatto della fotografia una vera e propria\u2026","rel":"","context":"In &quot;arte&quot;","block_context":{"text":"arte","link":"https:\/\/www.biancoscuro.it\/site\/category\/arte\/"},"img":{"alt_text":"","src":"https:\/\/i0.wp.com\/www.biancoscuro.it\/site\/wp-content\/uploads\/2016\/07\/isabella-rigamonti-luoghi-non-luoghi.jpg?resize=350%2C200&ssl=1","width":350,"height":200,"srcset":"https:\/\/i0.wp.com\/www.biancoscuro.it\/site\/wp-content\/uploads\/2016\/07\/isabella-rigamonti-luoghi-non-luoghi.jpg?resize=350%2C200&ssl=1 1x, https:\/\/i0.wp.com\/www.biancoscuro.it\/site\/wp-content\/uploads\/2016\/07\/isabella-rigamonti-luoghi-non-luoghi.jpg?resize=525%2C300&ssl=1 1.5x, https:\/\/i0.wp.com\/www.biancoscuro.it\/site\/wp-content\/uploads\/2016\/07\/isabella-rigamonti-luoghi-non-luoghi.jpg?resize=700%2C400&ssl=1 2x"},"classes":[]},{"id":5536,"url":"https:\/\/www.biancoscuro.it\/site\/20-20x20x3400-arzuffi_hide_rigamonti\/","url_meta":{"origin":7625,"position":5},"title":"20, 20x20x3=400 | ARZUFFI _ HIDE _ RIGAMONTI","author":"Redazione BIANCOSCURO","date":"24 Maggio 2017","format":false,"excerpt":"Showcases Gallery -\u00a0Varese inaugura una mostra dedicata a tre artisti contemporanei, Gian Pietro Arzuffi, Peter Hide 311065 e Isabella Rigamonti, accomunati nelle dimensioni delle opere che presentano (20 lavori ciascuno di dimensione 20x20cm.) si esprimono attraverso linguaggi diversi, sia di natura formale che espressiva. \u00c8 un viaggio nomade attraverso realt\u00e0\u2026","rel":"","context":"In &quot;arte&quot;","block_context":{"text":"arte","link":"https:\/\/www.biancoscuro.it\/site\/category\/arte\/"},"img":{"alt_text":"","src":"https:\/\/i0.wp.com\/www.biancoscuro.it\/site\/wp-content\/uploads\/2017\/05\/GIAN-PIETRO-ARZUFFI.jpg?resize=350%2C200","width":350,"height":200,"srcset":"https:\/\/i0.wp.com\/www.biancoscuro.it\/site\/wp-content\/uploads\/2017\/05\/GIAN-PIETRO-ARZUFFI.jpg?resize=350%2C200 1x, https:\/\/i0.wp.com\/www.biancoscuro.it\/site\/wp-content\/uploads\/2017\/05\/GIAN-PIETRO-ARZUFFI.jpg?resize=525%2C300 1.5x, https:\/\/i0.wp.com\/www.biancoscuro.it\/site\/wp-content\/uploads\/2017\/05\/GIAN-PIETRO-ARZUFFI.jpg?resize=700%2C400 2x"},"classes":[]}],"_links":{"self":[{"href":"https:\/\/www.biancoscuro.it\/site\/wp-json\/wp\/v2\/posts\/7625","targetHints":{"allow":["GET"]}}],"collection":[{"href":"https:\/\/www.biancoscuro.it\/site\/wp-json\/wp\/v2\/posts"}],"about":[{"href":"https:\/\/www.biancoscuro.it\/site\/wp-json\/wp\/v2\/types\/post"}],"author":[{"embeddable":true,"href":"https:\/\/www.biancoscuro.it\/site\/wp-json\/wp\/v2\/users\/1"}],"replies":[{"embeddable":true,"href":"https:\/\/www.biancoscuro.it\/site\/wp-json\/wp\/v2\/comments?post=7625"}],"version-history":[{"count":0,"href":"https:\/\/www.biancoscuro.it\/site\/wp-json\/wp\/v2\/posts\/7625\/revisions"}],"wp:featuredmedia":[{"embeddable":true,"href":"https:\/\/www.biancoscuro.it\/site\/wp-json\/wp\/v2\/media\/7626"}],"wp:attachment":[{"href":"https:\/\/www.biancoscuro.it\/site\/wp-json\/wp\/v2\/media?parent=7625"}],"wp:term":[{"taxonomy":"category","embeddable":true,"href":"https:\/\/www.biancoscuro.it\/site\/wp-json\/wp\/v2\/categories?post=7625"},{"taxonomy":"post_tag","embeddable":true,"href":"https:\/\/www.biancoscuro.it\/site\/wp-json\/wp\/v2\/tags?post=7625"}],"curies":[{"name":"wp","href":"https:\/\/api.w.org\/{rel}","templated":true}]}}