{"id":7654,"date":"2018-08-01T00:00:11","date_gmt":"2018-07-31T22:00:11","guid":{"rendered":"https:\/\/www.biancoscuro.it\/site\/?p=7654"},"modified":"2019-04-01T10:07:33","modified_gmt":"2019-04-01T08:07:33","slug":"biancoscuro-leditoriale-di-agosto-settembre-18","status":"publish","type":"post","link":"https:\/\/www.biancoscuro.it\/site\/biancoscuro-leditoriale-di-agosto-settembre-18\/","title":{"rendered":"BIANCOSCURO, l\u2019editoriale di agosto-settembre &#8217;18"},"content":{"rendered":"<span class=\"span-reading-time rt-reading-time\" style=\"display: block;\"><span class=\"rt-label rt-prefix\">\u23f0 lettura <\/span> <span class=\"rt-time\"> 2<\/span> <span class=\"rt-label rt-postfix\">min. <br><br><\/span><\/span><p>Andiamo in stampa nel pieno dell\u2019estate, in <b>un periodo davvero caldo<\/b> non solo meteorologicamente. Politica mondiale, disastri ambientali, gossip di ogni genere: tutto, pur di non\u00a0pensare a questi mancati Mondiali di calcio.\u00a0Ma sono proprio questi ultimi ad aver rinverdito un vecchio caso (che caso non \u00e8!).<span class=\"Apple-converted-space\">\u00a0<\/span><\/p>\n<p>Come sappiamo, \u201c<i>Les Bleus<\/i>\u201d vincono i Mondiali di Russia, ed una delle istituzioni francesi per eccellenza, <b>il Louvre, utilizza Twitter per congratularsi pubblicamente con i nuovi campioni del mondo<\/b>.<\/p>\n<p>Tutto normale, anzi, sacrosanto, perch\u00e9 mai dovrebbe scattare la polemica social? Il socialmedia manager del Louvre decide di utilizzare l\u2019immagine di una <b>Monna Lisa<\/b> <i>(opera iconica ed enigmatica della pittura mondiale, il ritratto pi\u00f9 celebre della storia, una delle opere d\u2019arte pi\u00f9 note in assoluto)<\/i> di blu vestita, con tanto di stelline sul petto, per festeggiare la vittoria.<span class=\"Apple-converted-space\">\u00a0<\/span><\/p>\n<p>Inutile raccontare <b>i commenti dei soliti \u201cleoni da tastiera\u201d, non solo maleducati e rozzi, ma soprattutto ignoranti<\/b>. La tiritera \u00e8 la solita: <b>Francia, hai rubato la Gioconda!<\/b> Credo non ci possa essere affermazione pi\u00f9 errata di questa, infatti il dipinto di Leonardo fu venduto da lui stesso al <b>Re Francesco I<\/b>. Pi\u00f9 tardi <b>Luigi XIV<\/b> fece trasferire il dipinto a Versailles, ma dopo la rivoluzione francese venne spostato al Louvre. Napoleone Bonaparte lo fece mettere nella sua camera da letto, ma nel 1804 torn\u00f2 al Louvre.<span class=\"Apple-converted-space\">\u00a0<\/span><\/p>\n<p><b>Monna Lisa fu davvero rubata<\/b>, ma da un ex impiegato del Museo che credeva fosse giusto riportarla in Italia. La tenne un paio d\u2019anni appesa nella sua cucina e poi cerc\u00f2, invano, di venderla. Il dipinto, finalmente ritrovato, torn\u00f2, giustamente, al Louvre. \u00c9 sicuramente pi\u00f9 avvincente il furto dal Museo piuttosto che una razzia di guerra, eppure<b> l\u2019ignoranza dilaga, e si palesa rapidamente attraverso i social<\/b>. Persone di ogni et\u00e0, nazionalit\u00e0 e ceto sociale, utilizzano la comunicazione tecnologica per rendere tutti partecipi della propria limitata conoscenza (grammaticale, sintattica, storica, ecc\u2026). Avessero avuto, ai tempi della scuola, <b>la stessa volont\u00e0 e la stessa tenacia<\/b> con le quali oggi asseriscono e difendono tristi, triti, sbagliati concetti, forse avrebbero imparato ad <b>aprire occhi e mente<\/b> per farsi una propria idea su un argomento e per non rimanere incastrati dai soliti cialtroni sforna bufale. Al giorno d\u2019oggi, la protezione pi\u00f9 grande che possiamo utilizzare, \u00e8 <b>la cultura<\/b>.<\/p>\n<p><strong>Buona Lettura<\/strong><\/p>\n<p><img loading=\"lazy\" decoding=\"async\" class=\"wp-image-3226 alignnone\" src=\"http:\/\/www.biancoscuro.it\/site\/wp-content\/uploads\/2015\/10\/firmaVincenzoChettaDirettoreBiancoscuro-300x103.jpg\" alt=\"Vincenzo Chetta Direttore Biancoscuro\" width=\"265\" height=\"91\" srcset=\"https:\/\/www.biancoscuro.it\/site\/wp-content\/uploads\/2015\/10\/firmaVincenzoChettaDirettoreBiancoscuro-300x103.jpg 300w, https:\/\/www.biancoscuro.it\/site\/wp-content\/uploads\/2015\/10\/firmaVincenzoChettaDirettoreBiancoscuro.jpg 500w\" sizes=\"auto, (max-width: 265px) 100vw, 265px\" \/><br \/>\nVincenzo Chetta<br \/>\nDirettore<br \/>\nBIANCOSCURO Art Magazine<\/p>\n<p>&nbsp;<\/p>\n<figure id=\"attachment_7657\" aria-describedby=\"caption-attachment-7657\" style=\"width: 633px\" class=\"wp-caption aligncenter\"><img loading=\"lazy\" decoding=\"async\" class=\"wp-image-7657 size-full\" src=\"https:\/\/www.biancoscuro.it\/site\/wp-content\/uploads\/2018\/08\/MONNALIDALUVRESchermata-2018-07-24-alle-18.12.27.jpg\" alt=\"\" width=\"633\" height=\"991\" srcset=\"https:\/\/www.biancoscuro.it\/site\/wp-content\/uploads\/2018\/08\/MONNALIDALUVRESchermata-2018-07-24-alle-18.12.27.jpg 633w, https:\/\/www.biancoscuro.it\/site\/wp-content\/uploads\/2018\/08\/MONNALIDALUVRESchermata-2018-07-24-alle-18.12.27-192x300.jpg 192w, https:\/\/www.biancoscuro.it\/site\/wp-content\/uploads\/2018\/08\/MONNALIDALUVRESchermata-2018-07-24-alle-18.12.27-600x939.jpg 600w\" sizes=\"auto, (max-width: 633px) 100vw, 633px\" \/><figcaption id=\"caption-attachment-7657\" class=\"wp-caption-text\">La Monna Lisa festeggia \u201cLes Bleus\u201d e la loro vittoria ai Mondiali di Russia, questa l\u2019immagine realizzata dal Louvre e usata sulla pagina ufficiale di Twitter<\/figcaption><\/figure>\n","protected":false},"excerpt":{"rendered":"<p><span class=\"span-reading-time rt-reading-time\" style=\"display: block;\"><span class=\"rt-label rt-prefix\">\u23f0 lettura <\/span> <span class=\"rt-time\"> 2<\/span> <span class=\"rt-label rt-postfix\">min. <\/p>\n<p><\/span><\/span>Andiamo in stampa nel pieno dell\u2019estate, in un periodo davvero caldo non solo meteorologicamente. Politica mondiale, disastri ambientali, gossip di ogni genere: tutto, pur di non\u00a0pensare a questi mancati Mondiali di calcio.\u00a0Ma sono proprio questi ultimi ad aver rinverdito un vecchio caso (che caso non \u00e8!).\u00a0 Come sappiamo, \u201cLes Bleus\u201d vincono i Mondiali di Russia,&hellip;&nbsp;<a href=\"https:\/\/www.biancoscuro.it\/site\/biancoscuro-leditoriale-di-agosto-settembre-18\/\" rel=\"bookmark\">Leggi tutto &raquo;<span class=\"screen-reader-text\">BIANCOSCURO, l\u2019editoriale di agosto-settembre &#8217;18<\/span><\/a><\/p>\n","protected":false},"author":909,"featured_media":7656,"comment_status":"closed","ping_status":"closed","sticky":false,"template":"","format":"standard","meta":{"neve_meta_sidebar":"","neve_meta_container":"","neve_meta_enable_content_width":"","neve_meta_content_width":0,"neve_meta_title_alignment":"","neve_meta_author_avatar":"","neve_post_elements_order":"","neve_meta_disable_header":"","neve_meta_disable_footer":"","neve_meta_disable_title":"","advanced_seo_description":"","jetpack_seo_html_title":"","jetpack_seo_noindex":false,"footnotes":""},"categories":[470,5,469,15],"tags":[39,185,583,408],"class_list":["post-7654","post","type-post","status-publish","format-standard","has-post-thumbnail","hentry","category-art-magazine","category-arte","category-editoriale","category-rivista-darte","tag-biancoscuro","tag-biancoscuro-art-magazine","tag-editoriale","tag-vincenzo-chetta"],"jetpack_featured_media_url":"https:\/\/www.biancoscuro.it\/site\/wp-content\/uploads\/2018\/08\/Monna-Lisa-festeggia-la-vittoria-della-Francia-ai-Mondiali-696x1020-OK.jpg","jetpack_sharing_enabled":true,"jetpack-related-posts":[{"id":18094,"url":"https:\/\/www.biancoscuro.it\/site\/biancoscuro-leditoriale-di-vincenzo-chetta-68-febbraio-marzo-2025\/","url_meta":{"origin":7654,"position":0},"title":"BIANCOSCURO, l\u2019editoriale di Vincenzo Chetta &#8211; #68 Febbraio\/Marzo 2025","author":"Vincenzo Chetta","date":"1 Febbraio 2025","format":false,"excerpt":"Monna Lisa si \u00e8 stufata e vuole andare in vacanza?Andiamo con ordine: la Presidente del Louvre, Laurence des Cars, aveva segnalato guasti, spazi gravemente deteriorati, una obsolescenza della struttura che portava anche a insidiose variazioni di temperatura, della quale sappiamo essere fondamentale la stabilit\u00e0 per conservare in maniera eccellente i\u2026","rel":"","context":"In &quot;art magazine&quot;","block_context":{"text":"art magazine","link":"https:\/\/www.biancoscuro.it\/site\/category\/art-magazine\/"},"img":{"alt_text":"","src":"https:\/\/i0.wp.com\/www.biancoscuro.it\/site\/wp-content\/uploads\/2025\/02\/LOUVRE-Michael-Fousert-Ql9PCaOhyyE-unsplash.jpg?resize=350%2C200&ssl=1","width":350,"height":200,"srcset":"https:\/\/i0.wp.com\/www.biancoscuro.it\/site\/wp-content\/uploads\/2025\/02\/LOUVRE-Michael-Fousert-Ql9PCaOhyyE-unsplash.jpg?resize=350%2C200&ssl=1 1x, https:\/\/i0.wp.com\/www.biancoscuro.it\/site\/wp-content\/uploads\/2025\/02\/LOUVRE-Michael-Fousert-Ql9PCaOhyyE-unsplash.jpg?resize=525%2C300&ssl=1 1.5x, https:\/\/i0.wp.com\/www.biancoscuro.it\/site\/wp-content\/uploads\/2025\/02\/LOUVRE-Michael-Fousert-Ql9PCaOhyyE-unsplash.jpg?resize=700%2C400&ssl=1 2x"},"classes":[]},{"id":12172,"url":"https:\/\/www.biancoscuro.it\/site\/biancoscuro-leditoriale-di-agosto-settembre-21\/","url_meta":{"origin":7654,"position":1},"title":"BIANCOSCURO, l\u2019editoriale di agosto\/settembre &#8217;21","author":"Vincenzo Chetta","date":"27 Luglio 2021","format":false,"excerpt":"Tutto pronto per riaprire la stagione fieristica dell\u2019Arte, e non vediamo l\u2019ora di respirare nuovamente quella frenesia pre-fiera che tanto ci piace. Settembre vedr\u00e0 nascere la nuova edizione in presenza della fiera d\u2019arte pi\u00f9 importante del mondo: Art Basel a Basilea sar\u00e0 aperta al pubblico dal 23 al 26 settembre,\u2026","rel":"","context":"In &quot;art magazine&quot;","block_context":{"text":"art magazine","link":"https:\/\/www.biancoscuro.it\/site\/category\/art-magazine\/"},"img":{"alt_text":"","src":"https:\/\/i0.wp.com\/www.biancoscuro.it\/site\/wp-content\/uploads\/2021\/07\/ARTBASEL_KEV9689-999.jpg?resize=350%2C200&ssl=1","width":350,"height":200,"srcset":"https:\/\/i0.wp.com\/www.biancoscuro.it\/site\/wp-content\/uploads\/2021\/07\/ARTBASEL_KEV9689-999.jpg?resize=350%2C200&ssl=1 1x, https:\/\/i0.wp.com\/www.biancoscuro.it\/site\/wp-content\/uploads\/2021\/07\/ARTBASEL_KEV9689-999.jpg?resize=525%2C300&ssl=1 1.5x, https:\/\/i0.wp.com\/www.biancoscuro.it\/site\/wp-content\/uploads\/2021\/07\/ARTBASEL_KEV9689-999.jpg?resize=700%2C400&ssl=1 2x"},"classes":[]},{"id":19153,"url":"https:\/\/www.biancoscuro.it\/site\/biancoscuro-73-leditoriale-di-vincenzo-chetta-dicembre25-gennaio-2026\/","url_meta":{"origin":7654,"position":2},"title":"BIANCOSCURO #73, l\u2019editoriale di Vincenzo Chetta &#8211; DICEMBRE&#8217;25\/Gennaio 2026","author":"Vincenzo Chetta","date":"2 Dicembre 2025","format":false,"excerpt":"Siamo onesti: il mondo dell\u2019arte sta vivendo una schizofrenia senza precedenti. Mentre chiudiamo l\u2019anno, non posso fare a meno di osservare con un certo sarcasmo quello che sta accadendo nelle \u201ccattedrali\u201d della cultura. Guardiamo al Louvre. La Grande Dame dei musei sembra aver smarrito la bussola, degradata ormai a costoso\u2026","rel":"","context":"In &quot;art magazine&quot;","block_context":{"text":"art magazine","link":"https:\/\/www.biancoscuro.it\/site\/category\/art-magazine\/"},"img":{"alt_text":"","src":"https:\/\/i0.wp.com\/www.biancoscuro.it\/site\/wp-content\/uploads\/2025\/12\/Art-Basel-Miami-Beach-2025-BIANCOSCURO-999.jpg?resize=350%2C200&ssl=1","width":350,"height":200,"srcset":"https:\/\/i0.wp.com\/www.biancoscuro.it\/site\/wp-content\/uploads\/2025\/12\/Art-Basel-Miami-Beach-2025-BIANCOSCURO-999.jpg?resize=350%2C200&ssl=1 1x, https:\/\/i0.wp.com\/www.biancoscuro.it\/site\/wp-content\/uploads\/2025\/12\/Art-Basel-Miami-Beach-2025-BIANCOSCURO-999.jpg?resize=525%2C300&ssl=1 1.5x, https:\/\/i0.wp.com\/www.biancoscuro.it\/site\/wp-content\/uploads\/2025\/12\/Art-Basel-Miami-Beach-2025-BIANCOSCURO-999.jpg?resize=700%2C400&ssl=1 2x"},"classes":[]},{"id":8267,"url":"https:\/\/www.biancoscuro.it\/site\/biancoscuro-leditoriale-di-dicembre18-gennaio-19\/","url_meta":{"origin":7654,"position":3},"title":"BIANCOSCURO, l\u2019editoriale di dicembre&#8217;18 \/ gennaio &#8217;19","author":"Vincenzo Chetta","date":"30 Novembre 2018","format":false,"excerpt":"Pensare che questo \u00e8 gi\u00e0 l\u2019ultimo numero del 2018, porta un po\u2019 di... Stupore! In questa societ\u00e0 in continua accelerazione, siamo come sempre un passo davanti agli altri, il nostro ultimo numero del 2018, \u00e8 anche il primo del 2019! Di solito dicembre \u00e8 il momento per fare il bilancio\u2026","rel":"","context":"In &quot;art magazine&quot;","block_context":{"text":"art magazine","link":"https:\/\/www.biancoscuro.it\/site\/category\/art-magazine\/"},"img":{"alt_text":"Art Basel Miami Beach \u00a9 Courtesy Art Basel","src":"https:\/\/i0.wp.com\/www.biancoscuro.it\/site\/wp-content\/uploads\/2018\/11\/ABMB17__General_Impressions__PR_9059_HiRes600px.jpg?resize=350%2C200&ssl=1","width":350,"height":200,"srcset":"https:\/\/i0.wp.com\/www.biancoscuro.it\/site\/wp-content\/uploads\/2018\/11\/ABMB17__General_Impressions__PR_9059_HiRes600px.jpg?resize=350%2C200&ssl=1 1x, https:\/\/i0.wp.com\/www.biancoscuro.it\/site\/wp-content\/uploads\/2018\/11\/ABMB17__General_Impressions__PR_9059_HiRes600px.jpg?resize=525%2C300&ssl=1 1.5x"},"classes":[]},{"id":4892,"url":"https:\/\/www.biancoscuro.it\/site\/biancoscuro-art-magazine-line-numero-20\/","url_meta":{"origin":7654,"position":4},"title":"BIANCOSCURO Art Magazine! On-line il nuovo numero #20","author":"Redazione BIANCOSCURO","date":"1 Febbraio 2017","format":false,"excerpt":"\"BIANCOSCURO\u00a0Rivista d'Arte\", sfoglia qui \u00a0sotto l'anteprima di BIANCOSCURO Art Magazine\u00a0#20 (febbraio-marzo 2017) o\u00a0scarica la versione integrale.\u00a0Iscriviti\u00a0alla nostra\u00a0mailing list\u00a0per essere costantemente aggiornato sui nostri eventi e sulle nostre attivit\u00e0:\u00a0inserisci\u00a0nome,\u00a0cognome\u00a0ed\u00a0e-mail\u00a0nei campi qui a destra per ricevere gratuitamente nella tua casella email. Ordina\u00a0su\u00a0artshop.biancoscuro.it Se vuoi puoi abbonarti alla versione\u00a0cartacea\u00a0cliccando sull'immagine qui sotto! Vuoi\u2026","rel":"","context":"In &quot;art magazine&quot;","block_context":{"text":"art magazine","link":"https:\/\/www.biancoscuro.it\/site\/category\/art-magazine\/"},"img":{"alt_text":"","src":"https:\/\/i0.wp.com\/www.biancoscuro.it\/site\/wp-content\/uploads\/2014\/03\/BAM_issue19_900px.jpg?resize=350%2C200","width":350,"height":200,"srcset":"https:\/\/i0.wp.com\/www.biancoscuro.it\/site\/wp-content\/uploads\/2014\/03\/BAM_issue19_900px.jpg?resize=350%2C200 1x, https:\/\/i0.wp.com\/www.biancoscuro.it\/site\/wp-content\/uploads\/2014\/03\/BAM_issue19_900px.jpg?resize=525%2C300 1.5x, https:\/\/i0.wp.com\/www.biancoscuro.it\/site\/wp-content\/uploads\/2014\/03\/BAM_issue19_900px.jpg?resize=700%2C400 2x"},"classes":[]},{"id":3661,"url":"https:\/\/www.biancoscuro.it\/site\/biancoscuro-leditoriale-dicembre-2015-gennaio-2016\/","url_meta":{"origin":7654,"position":5},"title":"BIANCOSCURO, l\u2019editoriale di dicembre 2015","author":"Vincenzo Chetta","date":"1 Dicembre 2015","format":false,"excerpt":"Rileggendo l\u2019editoriale del precedente numero di Biancoscuro, mi chiedevo se non fossi stato troppo duro, in fondo tutti possono sbagliare toni e modi, e magari noi eravamo solo incappati in un periodo di luna calante molto duro da superare... Poi per\u00f2 ho pensato ai due mesi trascorsi dalla sua stesura,\u2026","rel":"","context":"In &quot;art magazine&quot;","block_context":{"text":"art magazine","link":"https:\/\/www.biancoscuro.it\/site\/category\/art-magazine\/"},"img":{"alt_text":"","src":"https:\/\/i0.wp.com\/www.biancoscuro.it\/site\/wp-content\/uploads\/2014\/02\/blocco-partner-biancoscuro-1.jpg?resize=350%2C200&ssl=1","width":350,"height":200,"srcset":"https:\/\/i0.wp.com\/www.biancoscuro.it\/site\/wp-content\/uploads\/2014\/02\/blocco-partner-biancoscuro-1.jpg?resize=350%2C200&ssl=1 1x, https:\/\/i0.wp.com\/www.biancoscuro.it\/site\/wp-content\/uploads\/2014\/02\/blocco-partner-biancoscuro-1.jpg?resize=525%2C300&ssl=1 1.5x"},"classes":[]}],"_links":{"self":[{"href":"https:\/\/www.biancoscuro.it\/site\/wp-json\/wp\/v2\/posts\/7654","targetHints":{"allow":["GET"]}}],"collection":[{"href":"https:\/\/www.biancoscuro.it\/site\/wp-json\/wp\/v2\/posts"}],"about":[{"href":"https:\/\/www.biancoscuro.it\/site\/wp-json\/wp\/v2\/types\/post"}],"author":[{"embeddable":true,"href":"https:\/\/www.biancoscuro.it\/site\/wp-json\/wp\/v2\/users\/909"}],"replies":[{"embeddable":true,"href":"https:\/\/www.biancoscuro.it\/site\/wp-json\/wp\/v2\/comments?post=7654"}],"version-history":[{"count":0,"href":"https:\/\/www.biancoscuro.it\/site\/wp-json\/wp\/v2\/posts\/7654\/revisions"}],"wp:featuredmedia":[{"embeddable":true,"href":"https:\/\/www.biancoscuro.it\/site\/wp-json\/wp\/v2\/media\/7656"}],"wp:attachment":[{"href":"https:\/\/www.biancoscuro.it\/site\/wp-json\/wp\/v2\/media?parent=7654"}],"wp:term":[{"taxonomy":"category","embeddable":true,"href":"https:\/\/www.biancoscuro.it\/site\/wp-json\/wp\/v2\/categories?post=7654"},{"taxonomy":"post_tag","embeddable":true,"href":"https:\/\/www.biancoscuro.it\/site\/wp-json\/wp\/v2\/tags?post=7654"}],"curies":[{"name":"wp","href":"https:\/\/api.w.org\/{rel}","templated":true}]}}