{"id":7783,"date":"2018-09-14T11:28:53","date_gmt":"2018-09-14T09:28:53","guid":{"rendered":"https:\/\/www.biancoscuro.it\/site\/?p=7783"},"modified":"2018-09-17T11:48:25","modified_gmt":"2018-09-17T09:48:25","slug":"i-racconti-del-progetto-di-vittorio-gregotti","status":"publish","type":"post","link":"https:\/\/www.biancoscuro.it\/site\/i-racconti-del-progetto-di-vittorio-gregotti\/","title":{"rendered":"I racconti del progetto di Vittorio Gregotti"},"content":{"rendered":"<span class=\"span-reading-time rt-reading-time\" style=\"display: block;\"><span class=\"rt-label rt-prefix\">\u23f0 lettura <\/span> <span class=\"rt-time\"> &lt; 1<\/span> <span class=\"rt-label rt-postfix\">min. <br><br><\/span><\/span>\n<p class=\"has-drop-cap has-regular-font-size\">Mercoled\u00ec 19 settembre alle 18 alla Fondazione Corriere della Sera a Milano (Via Balzan 3)\u00a0sar\u00e0 presentato il volume\u00a0<em>I racconti del progetto<\/em>\u00a0di VITTORIO GREGOTTI, edito da Skira.\u00a0<br \/>Con il celebre architetto interverranno Maurizio Ferraris e Franco Purini, coordina Pierluigi Panza.<br \/>Ingresso libero con prenotazione : www.rsvpfondazionecorriere.it<\/p>\n\n\n\n<p class=\"has-regular-font-size\"><em>Come si possono raccontare oggi i diversi processi di costituzione di un progetto di architettura? In che modo la loro progressiva organizzazione di senso e di intenzionalit\u00e0 ha delle specificit\u00e0 diverse o simili a quelle di un\u2019opera letteraria musicale o visuale? Scopo di questo testo \u00e8 quello di cercare di capire se sia possibile ed utile riflettere sul percorso del progetto di architettura come racconto dei modi di prender forma delle sue intenzionalit\u00e0, capire cio\u00e8 come l\u2019architettura, nel suo percorso progettuale, oltre che nei suoi esiti costruiti, si offra anche come una narrazione della trasformazione dei materiali scelti in un\u2019organizzazione di senso capace di una modificazione nuova e necessaria dello stato delle cose, proponendo cos\u00ec, per mezzo delle sue forme, un frammento di verit\u00e0 altra rispetto alla realt\u00e0 del presente.<\/em><\/p>\n\n\n\n<p>Vittorio Gregotti, architetto e saggista, protagonista\ndell\u2019architettura italiana e internazionale, \u00e8 autore di numerosi volumi di\nsuccesso. Ha pubblicato con Skira, tra gli altri, <em>L\u2019ultimo hutong. Lavorare in architettura nella nuova Cina<\/em> (2009), <em>Incertezze e simulazioni. Architettura tra\nmoderno e contemporaneo<\/em> (2011), <em>L\u2019architettura\ndi C\u00e9zanne<\/em> (2011) e <em>Lezioni veneziane<\/em>\n(2016).<\/p>\n\n\n\n<figure class=\"wp-block-image\"><img loading=\"lazy\" decoding=\"async\" width=\"849\" height=\"1181\" src=\"https:\/\/www.biancoscuro.it\/site\/wp-content\/uploads\/2018\/09\/Gregotti-Racconti-del-progetto.jpg\" alt=\"\" class=\"wp-image-7784\" srcset=\"https:\/\/www.biancoscuro.it\/site\/wp-content\/uploads\/2018\/09\/Gregotti-Racconti-del-progetto.jpg 849w, https:\/\/www.biancoscuro.it\/site\/wp-content\/uploads\/2018\/09\/Gregotti-Racconti-del-progetto-216x300.jpg 216w, https:\/\/www.biancoscuro.it\/site\/wp-content\/uploads\/2018\/09\/Gregotti-Racconti-del-progetto-768x1068.jpg 768w, https:\/\/www.biancoscuro.it\/site\/wp-content\/uploads\/2018\/09\/Gregotti-Racconti-del-progetto-736x1024.jpg 736w, https:\/\/www.biancoscuro.it\/site\/wp-content\/uploads\/2018\/09\/Gregotti-Racconti-del-progetto-600x835.jpg 600w\" sizes=\"auto, (max-width: 849px) 100vw, 849px\" \/><\/figure>\n","protected":false},"excerpt":{"rendered":"<p><span class=\"span-reading-time rt-reading-time\" style=\"display: block;\"><span class=\"rt-label rt-prefix\">\u23f0 lettura <\/span> <span class=\"rt-time\"> &lt; 1<\/span> <span class=\"rt-label rt-postfix\">min. <\/p>\n<p><\/span><\/span>Mercoled\u00ec 19 settembre alle 18 alla Fondazione Corriere della Sera a Milano (Via Balzan 3)\u00a0sar\u00e0 presentato il volume\u00a0I racconti del progetto\u00a0di VITTORIO GREGOTTI, edito da Skira.\u00a0Con il celebre architetto interverranno Maurizio Ferraris e Franco Purini, coordina Pierluigi Panza.Ingresso libero con prenotazione : www.rsvpfondazionecorriere.it Come si possono raccontare oggi i diversi processi di costituzione di un&hellip;&nbsp;<a href=\"https:\/\/www.biancoscuro.it\/site\/i-racconti-del-progetto-di-vittorio-gregotti\/\" rel=\"bookmark\">Leggi tutto &raquo;<span class=\"screen-reader-text\">I racconti del progetto di Vittorio Gregotti<\/span><\/a><\/p>\n","protected":false},"author":917,"featured_media":7784,"comment_status":"closed","ping_status":"closed","sticky":false,"template":"","format":"standard","meta":{"neve_meta_sidebar":"","neve_meta_container":"","neve_meta_enable_content_width":"","neve_meta_content_width":0,"neve_meta_title_alignment":"","neve_meta_author_avatar":"","neve_post_elements_order":"","neve_meta_disable_header":"","neve_meta_disable_footer":"","neve_meta_disable_title":"","advanced_seo_description":"","jetpack_seo_html_title":"","jetpack_seo_noindex":false,"footnotes":""},"categories":[5],"tags":[],"class_list":["post-7783","post","type-post","status-publish","format-standard","has-post-thumbnail","hentry","category-arte"],"jetpack_featured_media_url":"https:\/\/www.biancoscuro.it\/site\/wp-content\/uploads\/2018\/09\/Gregotti-Racconti-del-progetto.jpg","jetpack_sharing_enabled":true,"jetpack-related-posts":[{"id":8225,"url":"https:\/\/www.biancoscuro.it\/site\/new-urban-housing-labitare-condiviso-in-europa\/","url_meta":{"origin":7783,"position":0},"title":"New Urban Housing. L\u2019abitare condiviso in Europa","author":"Chiara","date":"20 Novembre 2018","format":false,"excerpt":"Mercoled\u00ec 21 novembre alle 18.30 alla Cascina Cuccagna a Milano (via privata Cuccagna 2\/4)\u00a0si terr\u00e0\u00a0la presentazione del volume di Stefano Guidarini New Urban Housing L\u2019abitare condiviso in Europa, Skira editore. Intervengono\u00a0Massimo Bricocoli, Politecnico di Milano \u2013 Dipartimento di Architettura e Studi Urbani - Franco Zinna, Comune di Milano \u2013 Direzione\u2026","rel":"","context":"In &quot;arte&quot;","block_context":{"text":"arte","link":"https:\/\/www.biancoscuro.it\/site\/category\/arte\/"},"img":{"alt_text":"","src":"https:\/\/i0.wp.com\/www.biancoscuro.it\/site\/wp-content\/uploads\/2018\/11\/New-Urban-Housing.jpg?resize=350%2C200&ssl=1","width":350,"height":200,"srcset":"https:\/\/i0.wp.com\/www.biancoscuro.it\/site\/wp-content\/uploads\/2018\/11\/New-Urban-Housing.jpg?resize=350%2C200&ssl=1 1x, https:\/\/i0.wp.com\/www.biancoscuro.it\/site\/wp-content\/uploads\/2018\/11\/New-Urban-Housing.jpg?resize=525%2C300&ssl=1 1.5x, https:\/\/i0.wp.com\/www.biancoscuro.it\/site\/wp-content\/uploads\/2018\/11\/New-Urban-Housing.jpg?resize=700%2C400&ssl=1 2x"},"classes":[]},{"id":7734,"url":"https:\/\/www.biancoscuro.it\/site\/la-milano-prima-di-oggi-gli-scali-ferroviari-negli-scatti-di-introini-e-radino\/","url_meta":{"origin":7783,"position":1},"title":"La Milano prima di oggi | Gli scali ferroviari negli scatti di Introini e Radino","author":"Mario Gambatesa","date":"6 Agosto 2018","format":false,"excerpt":"Milano... Una delle citt\u00e0 italiane pi\u00f9 belle, una di quelle citt\u00e0 che affascinano. Milano contagia, illude e disillude, ricarica i sentimenti; Milano \u00e8 cultura, ha la Scala, il Duomo, il risotto giallo, ma soprattutto ha gli scali ferroviari pi\u00f9 belli e di certo, i pi\u00f9 documentati. Il tema di questi\u2026","rel":"","context":"In &quot;arte&quot;","block_context":{"text":"arte","link":"https:\/\/www.biancoscuro.it\/site\/category\/arte\/"},"img":{"alt_text":"","src":"https:\/\/i0.wp.com\/www.biancoscuro.it\/site\/wp-content\/uploads\/2018\/08\/Francesco-Radino_Scalo-Porta-Romana_2018_stampa-su-carta-di-cotone_cm-67x100-2.jpg?resize=350%2C200&ssl=1","width":350,"height":200,"srcset":"https:\/\/i0.wp.com\/www.biancoscuro.it\/site\/wp-content\/uploads\/2018\/08\/Francesco-Radino_Scalo-Porta-Romana_2018_stampa-su-carta-di-cotone_cm-67x100-2.jpg?resize=350%2C200&ssl=1 1x, https:\/\/i0.wp.com\/www.biancoscuro.it\/site\/wp-content\/uploads\/2018\/08\/Francesco-Radino_Scalo-Porta-Romana_2018_stampa-su-carta-di-cotone_cm-67x100-2.jpg?resize=525%2C300&ssl=1 1.5x, https:\/\/i0.wp.com\/www.biancoscuro.it\/site\/wp-content\/uploads\/2018\/08\/Francesco-Radino_Scalo-Porta-Romana_2018_stampa-su-carta-di-cotone_cm-67x100-2.jpg?resize=700%2C400&ssl=1 2x, https:\/\/i0.wp.com\/www.biancoscuro.it\/site\/wp-content\/uploads\/2018\/08\/Francesco-Radino_Scalo-Porta-Romana_2018_stampa-su-carta-di-cotone_cm-67x100-2.jpg?resize=1050%2C600&ssl=1 3x, https:\/\/i0.wp.com\/www.biancoscuro.it\/site\/wp-content\/uploads\/2018\/08\/Francesco-Radino_Scalo-Porta-Romana_2018_stampa-su-carta-di-cotone_cm-67x100-2.jpg?resize=1400%2C800&ssl=1 4x"},"classes":[]},{"id":18432,"url":"https:\/\/www.biancoscuro.it\/site\/architetture-e-visioni-il-racconto-fotografico-lungo-trentanni-di-alberto-lagomaggiore-a-villa-ghirlanda\/","url_meta":{"origin":7783,"position":2},"title":"Architetture e visioni","author":"Chiara","date":"6 Maggio 2025","format":false,"excerpt":"Il racconto fotografico lungo trent\u2019anni di Alberto Lagomaggiore\u00a0A VILLA GHIRLANDA Sabato 17 maggio alle ore 16 inaugura nelle sale di Villa Ghirlanda a Cinisello Balsamo (MI) la mostra personale di Alberto Lagomaggiore \u201cFotografie di architettura 1994-2024\u201d, a cura di Maria Fratelli e Giorgio Olivero, che ripercorre trent\u2019anni di fotografia d\u2019architettura\u2026","rel":"","context":"In &quot;arte&quot;","block_context":{"text":"arte","link":"https:\/\/www.biancoscuro.it\/site\/category\/arte\/"},"img":{"alt_text":"","src":"https:\/\/i0.wp.com\/www.biancoscuro.it\/site\/wp-content\/uploads\/2025\/05\/9-Villa-Belgiojoso-Bonaparte-Milano-2004-%C2%A9-Alberto-Lagomaggiore.jpg?resize=350%2C200&ssl=1","width":350,"height":200},"classes":[]},{"id":4445,"url":"https:\/\/www.biancoscuro.it\/site\/cristoforo-bono-architetture-ritrovate\/","url_meta":{"origin":7783,"position":3},"title":"Cristoforo Bono. Architetture Ritrovate","author":"Roberta Melasecca","date":"25 Settembre 2016","format":false,"excerpt":"Cristoforo Bono. Architetture Ritrovate Da quattro disegni del dopoguerra ad altri progetti Venerd\u00ec 30 settembre 2016 ore 19.00 OCRA Officina Creativa dell\u2019Abitare \u2013 Montalcino (SI) \u00a0 Venerd\u00ec 30 settembre 2016 alle ore 19.00, OCRA Officina Creativa dell'Abitare per i Venerd\u00ec OCRA presenta \u201cArchitetture Ritrovate\u201d: una conversazione con Cristoforo Bono intorno\u2026","rel":"","context":"In &quot;eventi&quot;","block_context":{"text":"eventi","link":"https:\/\/www.biancoscuro.it\/site\/category\/eventi\/"},"img":{"alt_text":"","src":"https:\/\/i0.wp.com\/www.biancoscuro.it\/site\/wp-content\/uploads\/2016\/09\/Architetture-ritrovate-web.jpg?resize=350%2C200&ssl=1","width":350,"height":200,"srcset":"https:\/\/i0.wp.com\/www.biancoscuro.it\/site\/wp-content\/uploads\/2016\/09\/Architetture-ritrovate-web.jpg?resize=350%2C200&ssl=1 1x, https:\/\/i0.wp.com\/www.biancoscuro.it\/site\/wp-content\/uploads\/2016\/09\/Architetture-ritrovate-web.jpg?resize=525%2C300&ssl=1 1.5x"},"classes":[]},{"id":18302,"url":"https:\/\/www.biancoscuro.it\/site\/presentazione-concorso-marisa-cerruti-e-igitalizzazione-de-larchitettura-cronache-e-storia\/","url_meta":{"origin":7783,"position":4},"title":"Memoria e innovazione","author":"Roberta Melasecca","date":"18 Marzo 2025","format":false,"excerpt":"la Fondazione Zevi presenta due progetti per il futuro dell'architettura Il 10 aprile 2025 nella Sala Alessandrina dell\u2019Archivio di Stato di Roma, la Fondazione Bruno Zevi presenter\u00e0 due iniziative del 2025, rese possibili da un lascito testamentario di Marisa Cerruti, storica collaboratrice e coordinatrice della redazione della rivista \u201cL\u2019architettura -\u2026","rel":"","context":"In &quot;editoria&quot;","block_context":{"text":"editoria","link":"https:\/\/www.biancoscuro.it\/site\/category\/editoria\/"},"img":{"alt_text":"","src":"https:\/\/i0.wp.com\/www.biancoscuro.it\/site\/wp-content\/uploads\/2025\/03\/Bruno-Zevi.jpg?resize=350%2C200&ssl=1","width":350,"height":200,"srcset":"https:\/\/i0.wp.com\/www.biancoscuro.it\/site\/wp-content\/uploads\/2025\/03\/Bruno-Zevi.jpg?resize=350%2C200&ssl=1 1x, https:\/\/i0.wp.com\/www.biancoscuro.it\/site\/wp-content\/uploads\/2025\/03\/Bruno-Zevi.jpg?resize=525%2C300&ssl=1 1.5x"},"classes":[]},{"id":10280,"url":"https:\/\/www.biancoscuro.it\/site\/workshop-le-mutevoli-forme-del-classico\/","url_meta":{"origin":7783,"position":5},"title":"Workshop  Le mutevoli forme del classico","author":"Roberta Melasecca","date":"13 Gennaio 2020","format":false,"excerpt":"Canova 22, associazione culturale sita nell\u2019omonima via del Tridente Sistino, all\u2019interno degli spazi fortemente evocativi della Antica Fornace dove Antonio Canova approntava i bozzetti in terracotta delle successive opere marmoree, promuove, dall\u20198 febbraio all\u20198 marzo 2020, il Workshop Le mutevoli forme del classico - Disegnare il contemporaneo, incentrato sull\u2019apprendimento delle\u2026","rel":"","context":"In &quot;arte&quot;","block_context":{"text":"arte","link":"https:\/\/www.biancoscuro.it\/site\/category\/arte\/"},"img":{"alt_text":"","src":"https:\/\/i0.wp.com\/www.biancoscuro.it\/site\/wp-content\/uploads\/2020\/01\/Copertina-le-mutevoli-forme-del-classico.jpg?resize=350%2C200&ssl=1","width":350,"height":200,"srcset":"https:\/\/i0.wp.com\/www.biancoscuro.it\/site\/wp-content\/uploads\/2020\/01\/Copertina-le-mutevoli-forme-del-classico.jpg?resize=350%2C200&ssl=1 1x, https:\/\/i0.wp.com\/www.biancoscuro.it\/site\/wp-content\/uploads\/2020\/01\/Copertina-le-mutevoli-forme-del-classico.jpg?resize=525%2C300&ssl=1 1.5x, https:\/\/i0.wp.com\/www.biancoscuro.it\/site\/wp-content\/uploads\/2020\/01\/Copertina-le-mutevoli-forme-del-classico.jpg?resize=700%2C400&ssl=1 2x"},"classes":[]}],"_links":{"self":[{"href":"https:\/\/www.biancoscuro.it\/site\/wp-json\/wp\/v2\/posts\/7783","targetHints":{"allow":["GET"]}}],"collection":[{"href":"https:\/\/www.biancoscuro.it\/site\/wp-json\/wp\/v2\/posts"}],"about":[{"href":"https:\/\/www.biancoscuro.it\/site\/wp-json\/wp\/v2\/types\/post"}],"author":[{"embeddable":true,"href":"https:\/\/www.biancoscuro.it\/site\/wp-json\/wp\/v2\/users\/917"}],"replies":[{"embeddable":true,"href":"https:\/\/www.biancoscuro.it\/site\/wp-json\/wp\/v2\/comments?post=7783"}],"version-history":[{"count":0,"href":"https:\/\/www.biancoscuro.it\/site\/wp-json\/wp\/v2\/posts\/7783\/revisions"}],"wp:featuredmedia":[{"embeddable":true,"href":"https:\/\/www.biancoscuro.it\/site\/wp-json\/wp\/v2\/media\/7784"}],"wp:attachment":[{"href":"https:\/\/www.biancoscuro.it\/site\/wp-json\/wp\/v2\/media?parent=7783"}],"wp:term":[{"taxonomy":"category","embeddable":true,"href":"https:\/\/www.biancoscuro.it\/site\/wp-json\/wp\/v2\/categories?post=7783"},{"taxonomy":"post_tag","embeddable":true,"href":"https:\/\/www.biancoscuro.it\/site\/wp-json\/wp\/v2\/tags?post=7783"}],"curies":[{"name":"wp","href":"https:\/\/api.w.org\/{rel}","templated":true}]}}