{"id":7837,"date":"2018-09-20T18:13:38","date_gmt":"2018-09-20T16:13:38","guid":{"rendered":"https:\/\/www.biancoscuro.it\/site\/?p=7837"},"modified":"2018-09-22T11:10:48","modified_gmt":"2018-09-22T09:10:48","slug":"silenzi-e-stanze-altre-storie-da-edward-hopper","status":"publish","type":"post","link":"https:\/\/www.biancoscuro.it\/site\/silenzi-e-stanze-altre-storie-da-edward-hopper\/","title":{"rendered":"Silenzi e stanze. Altre storie da Edward Hopper"},"content":{"rendered":"<span class=\"span-reading-time rt-reading-time\" style=\"display: block;\"><span class=\"rt-label rt-prefix\">\u23f0 lettura <\/span> <span class=\"rt-time\"> 2<\/span> <span class=\"rt-label rt-postfix\">min. <br><br><\/span><\/span>\n<p><strong>Marted\u00ec 25 settembre alle 18.30 al Teatro Franco Parenti<\/strong>\u00a0<strong>a Milano <\/strong>(via Pier Lombardo 18)\u00a0sar\u00e0 presentato il volume <strong><em>Silenzi e stanze Altre storie da Edward Hopper<\/em><\/strong> di <strong>Michele Mozzati<\/strong>, edito da<strong> Skira<\/strong>.<\/p>\n\n\n\n<p><strong>Giorgio Melazzi<\/strong> e <strong>Elisabetta Vergani<\/strong> leggeranno passi da alcuni racconti\u00a0<\/p>\n\n\n\n<p><strong>Gaetano Liguori<\/strong> interpreter\u00e0 alcuni brani di musica jazz dell&#8217;epoca<\/p>\n\n\n\n<p>Quando ci si imbatte in un quadro di Edward Hopper non si sa\nmai quello che c\u2019\u00e8 oltre la cornice, dove guardino i suoi protagonisti. Si\npensa che qualcosa sia appena accaduto, o stia per accadere.<\/p>\n\n\n\n<p>I suoi dipinti sono emozionanti fermo-immagine, per questo\nHopper piace tanto a chi fa cinema. Michele Mozzati per la seconda volta, dopo\nil successo di Luce con muri, racconta altre dodici storie, ispirate dalle\nluci, dagli oggetti, dalle persone dipinte da colui che \u00e8 considerato uno tra i\npi\u00f9 grandi pittori americani. <\/p>\n\n\n\n<p>Attraversando tutto il Novecento e approdando agli anni Duemila, anche questa seconda raccolta si muove tra realt\u00e0 e fantasia, proponendo storie a volte cos\u00ec impossibili, da sfiorare la nostra quotidianit\u00e0 pi\u00f9 viva.<\/p>\n\n\n\n<p>Michele Mozzati \u00e8 scrittore, autore teatrale e televisivo e condirettore dell\u2019agenda Smemoranda. Conosciuto soprattutto per il suo quarantennale lavoro con Gino Vignali (insieme Gino &amp; Michele), alterna il sodalizio professionale di coppia con sorprendenti incursioni nel mondo della narrativa. Ha pubblicato per Skira <em>Luce con muri<\/em> nel 2016.<\/p>\n\n\n\n<p><em>Sala AcomeA \u00a0&#8211; Ingresso con biglietto di cortesia di Euro 3.50 \u00a0 \u00a0 \u00a0 \u00a0 \u00a0 \u00a0 \u00a0 \u00a0 \u00a0 \u00a0 \u00a0 \u00a0 \u00a0 \u00a0 Per informazioni : tel. 02 59995206<\/em><\/p>\n\n\n\n<figure class=\"wp-block-image\"><img loading=\"lazy\" decoding=\"async\" width=\"1066\" height=\"800\" src=\"https:\/\/www.biancoscuro.it\/site\/wp-content\/uploads\/2018\/09\/9-Cape-Code-Evening-1939.jpg\" alt=\"\" class=\"wp-image-7840\" srcset=\"https:\/\/www.biancoscuro.it\/site\/wp-content\/uploads\/2018\/09\/9-Cape-Code-Evening-1939.jpg 1066w, https:\/\/www.biancoscuro.it\/site\/wp-content\/uploads\/2018\/09\/9-Cape-Code-Evening-1939-300x225.jpg 300w, https:\/\/www.biancoscuro.it\/site\/wp-content\/uploads\/2018\/09\/9-Cape-Code-Evening-1939-768x576.jpg 768w, https:\/\/www.biancoscuro.it\/site\/wp-content\/uploads\/2018\/09\/9-Cape-Code-Evening-1939-1024x768.jpg 1024w, https:\/\/www.biancoscuro.it\/site\/wp-content\/uploads\/2018\/09\/9-Cape-Code-Evening-1939-600x450.jpg 600w\" sizes=\"auto, (max-width: 1066px) 100vw, 1066px\" \/><figcaption>Edward Hopper, <em>Cape Code Evening<\/em>, 1939, Washington D.C., National Gallery of Art <\/figcaption><\/figure>\n\n\n\n<figure class=\"wp-block-image\"><img loading=\"lazy\" decoding=\"async\" width=\"1001\" height=\"800\" src=\"https:\/\/www.biancoscuro.it\/site\/wp-content\/uploads\/2018\/09\/10-Second-Story-Sunligh-1960.jpg\" alt=\"\" class=\"wp-image-7841\" srcset=\"https:\/\/www.biancoscuro.it\/site\/wp-content\/uploads\/2018\/09\/10-Second-Story-Sunligh-1960.jpg 1001w, https:\/\/www.biancoscuro.it\/site\/wp-content\/uploads\/2018\/09\/10-Second-Story-Sunligh-1960-300x240.jpg 300w, https:\/\/www.biancoscuro.it\/site\/wp-content\/uploads\/2018\/09\/10-Second-Story-Sunligh-1960-768x614.jpg 768w, https:\/\/www.biancoscuro.it\/site\/wp-content\/uploads\/2018\/09\/10-Second-Story-Sunligh-1960-600x480.jpg 600w\" sizes=\"auto, (max-width: 1001px) 100vw, 1001px\" \/><figcaption>Edward Hopper, <em>Second Story Sunligh<\/em>, 1960, New York, Whitney Museum of American Art <\/figcaption><\/figure>\n\n\n\n<figure class=\"wp-block-image\"><img loading=\"lazy\" decoding=\"async\" width=\"954\" height=\"800\" src=\"https:\/\/www.biancoscuro.it\/site\/wp-content\/uploads\/2018\/09\/13-Sunlight-on-Brownstones-1956.jpg\" alt=\"\" class=\"wp-image-7843\" srcset=\"https:\/\/www.biancoscuro.it\/site\/wp-content\/uploads\/2018\/09\/13-Sunlight-on-Brownstones-1956.jpg 954w, https:\/\/www.biancoscuro.it\/site\/wp-content\/uploads\/2018\/09\/13-Sunlight-on-Brownstones-1956-300x252.jpg 300w, https:\/\/www.biancoscuro.it\/site\/wp-content\/uploads\/2018\/09\/13-Sunlight-on-Brownstones-1956-768x644.jpg 768w, https:\/\/www.biancoscuro.it\/site\/wp-content\/uploads\/2018\/09\/13-Sunlight-on-Brownstones-1956-600x503.jpg 600w\" sizes=\"auto, (max-width: 954px) 100vw, 954px\" \/><figcaption>Edward Hopper, <em>Sunlight on Brownstones<\/em>, 1956, Wichita, Wichita Art Museum<\/figcaption><\/figure>\n\n\n\n<figure class=\"wp-block-image\"><img loading=\"lazy\" decoding=\"async\" width=\"1004\" height=\"800\" src=\"https:\/\/www.biancoscuro.it\/site\/wp-content\/uploads\/2018\/09\/11-Tables-for-Ladies-1930.jpg\" alt=\"\" class=\"wp-image-7842\" srcset=\"https:\/\/www.biancoscuro.it\/site\/wp-content\/uploads\/2018\/09\/11-Tables-for-Ladies-1930.jpg 1004w, https:\/\/www.biancoscuro.it\/site\/wp-content\/uploads\/2018\/09\/11-Tables-for-Ladies-1930-300x239.jpg 300w, https:\/\/www.biancoscuro.it\/site\/wp-content\/uploads\/2018\/09\/11-Tables-for-Ladies-1930-768x612.jpg 768w, https:\/\/www.biancoscuro.it\/site\/wp-content\/uploads\/2018\/09\/11-Tables-for-Ladies-1930-600x478.jpg 600w\" sizes=\"auto, (max-width: 1004px) 100vw, 1004px\" \/><figcaption>Edward Hopper, <em>Tables for Ladies<\/em>, 1930, New York, The Metropolitan Museum of Art <\/figcaption><\/figure>\n\n\n\n<p><\/p>\n","protected":false},"excerpt":{"rendered":"<p><span class=\"span-reading-time rt-reading-time\" style=\"display: block;\"><span class=\"rt-label rt-prefix\">\u23f0 lettura <\/span> <span class=\"rt-time\"> 2<\/span> <span class=\"rt-label rt-postfix\">min. <\/p>\n<p><\/span><\/span>Marted\u00ec 25 settembre alle 18.30 al Teatro Franco Parenti a Milano (via Pier Lombardo 18) sar\u00e0 presentato il volume Silenzi e stanze Altre storie da Edward Hopper di Michele Mozzati, edito da Skira.<\/p>\n","protected":false},"author":917,"featured_media":7838,"comment_status":"closed","ping_status":"closed","sticky":false,"template":"","format":"standard","meta":{"neve_meta_sidebar":"","neve_meta_container":"","neve_meta_enable_content_width":"","neve_meta_content_width":0,"neve_meta_title_alignment":"","neve_meta_author_avatar":"","neve_post_elements_order":"","neve_meta_disable_header":"","neve_meta_disable_footer":"","neve_meta_disable_title":"","advanced_seo_description":"","jetpack_seo_html_title":"","jetpack_seo_noindex":false,"footnotes":""},"categories":[5,26],"tags":[],"class_list":["post-7837","post","type-post","status-publish","format-standard","has-post-thumbnail","hentry","category-arte","category-eventi"],"jetpack_featured_media_url":"https:\/\/www.biancoscuro.it\/site\/wp-content\/uploads\/2018\/09\/Mozzati-Silenzi-e-stanze.jpg","jetpack_sharing_enabled":true,"jetpack-related-posts":[{"id":15731,"url":"https:\/\/www.biancoscuro.it\/site\/ugo-nespolo-e-i-vizi-darte-se-ne-parla-il-28-marzo-al-teatro-franco-parenti-a-milano\/","url_meta":{"origin":7837,"position":0},"title":"Ugo Nespolo e i &#8220;Vizi d&#8217;arte&#8221;. Se ne parla il 28 marzo al Teatro Franco Parenti a Milano","author":"Chiara","date":"19 Marzo 2023","format":false,"excerpt":"Marted\u00ec 28 marzo alle 18.30 Ugo Nespolo sar\u00e0 al Teatro Franco Parenti a Milano per presentare il suo volume Vizi d'arte, pubblicato dalla casa editrice Skira. Con l'artista interverranno Flaminio Gualdoni, Andrea Kerbaker e Claudio Parmiggiani. Vizi d\u2019arte \u00e8 una raccolta di scritti frutto dell\u2019appassionata ricerca critica portata al torbido\u2026","rel":"","context":"In &quot;arte&quot;","block_context":{"text":"arte","link":"https:\/\/www.biancoscuro.it\/site\/category\/arte\/"},"img":{"alt_text":"","src":"https:\/\/i0.wp.com\/www.biancoscuro.it\/site\/wp-content\/uploads\/2023\/03\/Nespolo-Vizi-Arte.jpg?resize=350%2C200&ssl=1","width":350,"height":200,"srcset":"https:\/\/i0.wp.com\/www.biancoscuro.it\/site\/wp-content\/uploads\/2023\/03\/Nespolo-Vizi-Arte.jpg?resize=350%2C200&ssl=1 1x, https:\/\/i0.wp.com\/www.biancoscuro.it\/site\/wp-content\/uploads\/2023\/03\/Nespolo-Vizi-Arte.jpg?resize=525%2C300&ssl=1 1.5x, https:\/\/i0.wp.com\/www.biancoscuro.it\/site\/wp-content\/uploads\/2023\/03\/Nespolo-Vizi-Arte.jpg?resize=700%2C400&ssl=1 2x"},"classes":[]},{"id":9149,"url":"https:\/\/www.biancoscuro.it\/site\/anthropocene-limpatto-delluomo-sul-pianeta-in-una-mostra-straordinaria-in-anteprima-europea-al-mast-a-bologna\/","url_meta":{"origin":7837,"position":1},"title":"ANTHROPOCENE L&#8217;impatto dell&#8217;uomo sul pianeta in una mostra straordinaria in anteprima europea al MAST a Bologna","author":"Chiara","date":"21 Maggio 2019","format":false,"excerpt":"Alla FONDAZIONE MAST di Bologna \u00e8 in corso fino al 22 settembre la mostra ANTHROPOCENE, \u00a0a cura di Sophie Hackett, Andrea Kunard, Urs Sthael, che indaga l\u2019impatto dell\u2019uomo sul pianeta attraverso le straordinarie immagini di Edward Burtynsky, i filmati di Jennifer Baichwal\u00a0 e Nicholas de Pencier\u00a0 e le esperienze immersive\u2026","rel":"","context":"In &quot;arte&quot;","block_context":{"text":"arte","link":"https:\/\/www.biancoscuro.it\/site\/category\/arte\/"},"img":{"alt_text":"","src":"https:\/\/i0.wp.com\/www.biancoscuro.it\/site\/wp-content\/uploads\/2019\/05\/2.-Uralkali-Potash-Mine-4-Berezniki-Russia2017_WEB.jpg?resize=350%2C200&ssl=1","width":350,"height":200,"srcset":"https:\/\/i0.wp.com\/www.biancoscuro.it\/site\/wp-content\/uploads\/2019\/05\/2.-Uralkali-Potash-Mine-4-Berezniki-Russia2017_WEB.jpg?resize=350%2C200&ssl=1 1x, https:\/\/i0.wp.com\/www.biancoscuro.it\/site\/wp-content\/uploads\/2019\/05\/2.-Uralkali-Potash-Mine-4-Berezniki-Russia2017_WEB.jpg?resize=525%2C300&ssl=1 1.5x, https:\/\/i0.wp.com\/www.biancoscuro.it\/site\/wp-content\/uploads\/2019\/05\/2.-Uralkali-Potash-Mine-4-Berezniki-Russia2017_WEB.jpg?resize=700%2C400&ssl=1 2x, https:\/\/i0.wp.com\/www.biancoscuro.it\/site\/wp-content\/uploads\/2019\/05\/2.-Uralkali-Potash-Mine-4-Berezniki-Russia2017_WEB.jpg?resize=1050%2C600&ssl=1 3x"},"classes":[]},{"id":8882,"url":"https:\/\/www.biancoscuro.it\/site\/storie-dellarte-per-quasi-principianti-un-volume-di-valter-curzi-per-skira\/","url_meta":{"origin":7837,"position":2},"title":"STORIE DELL&#8217;ARTE per quasi principianti Un volume di Valter Curzi per Skira","author":"Chiara","date":"19 Marzo 2019","format":false,"excerpt":"Marted\u00ec 26 marzo alle 18.30 nella Sala della Cavallerizza del FAI Fondo Ambiente Italiano a Milano, via Foldi 2, sar\u00e0 presentato il volume di Valter Curzi STORIE DELL'ARTE per quasi principianti, edito da SKIRA. L\u2019autore ne parla con Stefano Zuffi e racconta la vicenda de La derelitta attribuita a Sandro\u2026","rel":"","context":"In &quot;arte&quot;","block_context":{"text":"arte","link":"https:\/\/www.biancoscuro.it\/site\/category\/arte\/"},"img":{"alt_text":"","src":"https:\/\/i0.wp.com\/www.biancoscuro.it\/site\/wp-content\/uploads\/2019\/03\/Curzi-Storie-arte-per-quasi-principianti.jpg?resize=350%2C200&ssl=1","width":350,"height":200,"srcset":"https:\/\/i0.wp.com\/www.biancoscuro.it\/site\/wp-content\/uploads\/2019\/03\/Curzi-Storie-arte-per-quasi-principianti.jpg?resize=350%2C200&ssl=1 1x, https:\/\/i0.wp.com\/www.biancoscuro.it\/site\/wp-content\/uploads\/2019\/03\/Curzi-Storie-arte-per-quasi-principianti.jpg?resize=525%2C300&ssl=1 1.5x, https:\/\/i0.wp.com\/www.biancoscuro.it\/site\/wp-content\/uploads\/2019\/03\/Curzi-Storie-arte-per-quasi-principianti.jpg?resize=700%2C400&ssl=1 2x"},"classes":[]},{"id":13233,"url":"https:\/\/www.biancoscuro.it\/site\/tiziano-vecellio-lamore-la-donna-a-milano-una-lezione-spettacolo-di-luca-nannipieri\/","url_meta":{"origin":7837,"position":3},"title":"Tiziano Vecellio, l&#8217;amore, la donna","author":"Chiara","date":"20 Aprile 2022","format":false,"excerpt":"A Milano una lezione-spettacolo di Luca Nannipieri Autore del recente volume pubblicato da Skira Il destino di un amore Tiziano Vecellio e Cecilia, Luca Nannipieri, critico e storico dell\u2019arte, dedicher\u00e0 una lezione-spettacolo a Tiziano, l'amore, la donna gioved\u00ec 28 aprile alle 18 al Teatro Franco Parenti a Milano (via Pier\u2026","rel":"","context":"In &quot;arte&quot;","block_context":{"text":"arte","link":"https:\/\/www.biancoscuro.it\/site\/category\/arte\/"},"img":{"alt_text":"","src":"https:\/\/i0.wp.com\/www.biancoscuro.it\/site\/wp-content\/uploads\/2022\/04\/Nannipieri-Destino-di-un-amore-Tiziano-e-Cecilia.jpg?resize=350%2C200&ssl=1","width":350,"height":200,"srcset":"https:\/\/i0.wp.com\/www.biancoscuro.it\/site\/wp-content\/uploads\/2022\/04\/Nannipieri-Destino-di-un-amore-Tiziano-e-Cecilia.jpg?resize=350%2C200&ssl=1 1x, https:\/\/i0.wp.com\/www.biancoscuro.it\/site\/wp-content\/uploads\/2022\/04\/Nannipieri-Destino-di-un-amore-Tiziano-e-Cecilia.jpg?resize=525%2C300&ssl=1 1.5x, https:\/\/i0.wp.com\/www.biancoscuro.it\/site\/wp-content\/uploads\/2022\/04\/Nannipieri-Destino-di-un-amore-Tiziano-e-Cecilia.jpg?resize=700%2C400&ssl=1 2x"},"classes":[]},{"id":6392,"url":"https:\/\/www.biancoscuro.it\/site\/michele-marinaccio-stanze-vapori-dellanima-racconti-allesquilino-nelle-stanze-interno-14\/","url_meta":{"origin":7837,"position":4},"title":"Michele Marinaccio. \u201cStanze. I vapori dell\u2019anima &#8211; Racconti all\u2019Esquilino nelle stanze di Interno 14\u201d","author":"Roberta Melasecca","date":"28 Gennaio 2018","format":false,"excerpt":"\u00a0 Michele Marinaccio. \u201cStanze. I vapori dell\u2019anima - Racconti all\u2019Esquilino nelle stanze di Interno 14\u201d A cura di Roberta Melasecca 31 gennaio 2018 ore 18.30 | Interno 14 | Roma Mercoled\u00ec 31 gennaio 2018 alle ore 18.30 Interno 14 presenta \u201cStanze. I vapori dell\u2019anima - Racconti all\u2019Esquilino nelle stanze di\u2026","rel":"","context":"In &quot;arte&quot;","block_context":{"text":"arte","link":"https:\/\/www.biancoscuro.it\/site\/category\/arte\/"},"img":{"alt_text":"","src":"https:\/\/i0.wp.com\/www.biancoscuro.it\/site\/wp-content\/uploads\/2018\/01\/piuma-sito2.jpeg?resize=350%2C200&ssl=1","width":350,"height":200,"srcset":"https:\/\/i0.wp.com\/www.biancoscuro.it\/site\/wp-content\/uploads\/2018\/01\/piuma-sito2.jpeg?resize=350%2C200&ssl=1 1x, https:\/\/i0.wp.com\/www.biancoscuro.it\/site\/wp-content\/uploads\/2018\/01\/piuma-sito2.jpeg?resize=525%2C300&ssl=1 1.5x"},"classes":[]},{"id":8833,"url":"https:\/\/www.biancoscuro.it\/site\/carlo-ripa-di-meana-le-mie-biennali-1974-1978\/","url_meta":{"origin":7837,"position":5},"title":"Carlo Ripa di Meana. Le mie Biennali 1974-1978","author":"Chiara","date":"5 Marzo 2019","format":false,"excerpt":"Luned\u00ec 11 marzo alle ore 18 nel Foyer del Teatro Franco Parenti a Milano (Via Pier Lombardo 14) sar\u00e0 presentato il volume di Carlo Ripa di Meana Le mie Biennali 1974-1978, a cura di Lucrezia Lante della Rovere, Andrea Ripa di Meana Cardella, Lorenzo Capellini, Skira editore. Intervengono Aldo Bassetti,\u2026","rel":"","context":"In &quot;arte&quot;","block_context":{"text":"arte","link":"https:\/\/www.biancoscuro.it\/site\/category\/arte\/"},"img":{"alt_text":"","src":"https:\/\/i0.wp.com\/www.biancoscuro.it\/site\/wp-content\/uploads\/2019\/03\/Skira-Ripa-Di-Meana-cover.jpg?resize=350%2C200&ssl=1","width":350,"height":200,"srcset":"https:\/\/i0.wp.com\/www.biancoscuro.it\/site\/wp-content\/uploads\/2019\/03\/Skira-Ripa-Di-Meana-cover.jpg?resize=350%2C200&ssl=1 1x, https:\/\/i0.wp.com\/www.biancoscuro.it\/site\/wp-content\/uploads\/2019\/03\/Skira-Ripa-Di-Meana-cover.jpg?resize=525%2C300&ssl=1 1.5x, https:\/\/i0.wp.com\/www.biancoscuro.it\/site\/wp-content\/uploads\/2019\/03\/Skira-Ripa-Di-Meana-cover.jpg?resize=700%2C400&ssl=1 2x"},"classes":[]}],"_links":{"self":[{"href":"https:\/\/www.biancoscuro.it\/site\/wp-json\/wp\/v2\/posts\/7837","targetHints":{"allow":["GET"]}}],"collection":[{"href":"https:\/\/www.biancoscuro.it\/site\/wp-json\/wp\/v2\/posts"}],"about":[{"href":"https:\/\/www.biancoscuro.it\/site\/wp-json\/wp\/v2\/types\/post"}],"author":[{"embeddable":true,"href":"https:\/\/www.biancoscuro.it\/site\/wp-json\/wp\/v2\/users\/917"}],"replies":[{"embeddable":true,"href":"https:\/\/www.biancoscuro.it\/site\/wp-json\/wp\/v2\/comments?post=7837"}],"version-history":[{"count":0,"href":"https:\/\/www.biancoscuro.it\/site\/wp-json\/wp\/v2\/posts\/7837\/revisions"}],"wp:featuredmedia":[{"embeddable":true,"href":"https:\/\/www.biancoscuro.it\/site\/wp-json\/wp\/v2\/media\/7838"}],"wp:attachment":[{"href":"https:\/\/www.biancoscuro.it\/site\/wp-json\/wp\/v2\/media?parent=7837"}],"wp:term":[{"taxonomy":"category","embeddable":true,"href":"https:\/\/www.biancoscuro.it\/site\/wp-json\/wp\/v2\/categories?post=7837"},{"taxonomy":"post_tag","embeddable":true,"href":"https:\/\/www.biancoscuro.it\/site\/wp-json\/wp\/v2\/tags?post=7837"}],"curies":[{"name":"wp","href":"https:\/\/api.w.org\/{rel}","templated":true}]}}