{"id":8061,"date":"2018-10-24T17:04:17","date_gmt":"2018-10-24T15:04:17","guid":{"rendered":"https:\/\/www.biancoscuro.it\/site\/?p=8061"},"modified":"2018-10-24T17:04:19","modified_gmt":"2018-10-24T15:04:19","slug":"allo-spazio-oberdan-a-milano-atmosfere-gotiche-tra-letteratura-e-cinema","status":"publish","type":"post","link":"https:\/\/www.biancoscuro.it\/site\/allo-spazio-oberdan-a-milano-atmosfere-gotiche-tra-letteratura-e-cinema\/","title":{"rendered":"Allo Spazio Oberdan a Milano atmosfere gotiche tra letteratura e cinema"},"content":{"rendered":"<span class=\"span-reading-time rt-reading-time\" style=\"display: block;\"><span class=\"rt-label rt-prefix\">\u23f0 lettura <\/span> <span class=\"rt-time\"> &lt; 1<\/span> <span class=\"rt-label rt-postfix\">min. <br><br><\/span><\/span>\n<p><\/p>\n\n\n\n<p><strong>Domenica 28 ottobre alle 17 allo Spazio Oberdan a Milano si terr\u00e0 la presentazione della nuova collana edita da Skira \u201cGotica\u201d<\/strong>, che esplora il mondo dell\u2019Occulto attraverso una nuova edizione di classici senza tempo della letteratura internazionale.\u00a0Mistero, magia, fantastico, sublime, paranormale, orrore, esoterismo, cabala, alchimia, teosofia, accompagneranno i lettori di &#8220;<strong>Gotica&#8221;<\/strong>, da Meyrink a Stoker, da Machen a Helena Blavatsky, da Beckford a Lovecraft.<\/p>\n\n\n\n<p>I primi due titoli della collana:\u00a0<strong><em>Il Golem<\/em><\/strong>\u00a0di <strong>Gustav Meyrink<\/strong>, un libro di mistero, alchimia e cabala sullo sfondo di una Praga magica, mirabilmente descritta. Un &#8220;romanzo onirico&#8221; come lo ha definito Borges.\u00a0<strong><em>Vampiri<\/em><\/strong>, una raccolta dei tre straordinari romanzi che hanno fondato il mito del vampiro di tre grandi maestri del gotico, Bram Stoker, Joseph Sheridan Le Fanu e John W. Polidori:\u00a0rispettivamente\u00a0<strong><em>Dracula<\/em><\/strong>\u00a0(1897), \u00a0<strong><em>Carmilla<\/em><\/strong>\u00a0(1872) e\u00a0<strong><em>Il vampiro<\/em><\/strong> (1819).<\/p>\n\n\n\n<p>Interviene\u00a0<strong>Stefano Piantini,<\/strong>\u00a0editore incaricato Skira.<\/p>\n\n\n\n<p>A seguire<strong> proiezione del film <em>Il Golem \u2013 Come venne al mondo \u00a0<\/em><\/strong><\/p>\n\n\n\n<p><strong><em>\u00a0<\/em><\/strong>R.:\u00a0Paul Wegener, Carl Boese.\u00a0Sc.:\u00a0Henrik Galeen, dal romanzo di Gustav Meyrink.\u00a0Int.:\u00a0Albert Stert Steinr\u00fcck, Paul Wegener, Lyda Salmonova, Ernst Deutsch, Lothar M\u00fcthel, Otto Geb\u00fchr. Ger., 1920, 76\u2019, muto.<\/p>\n\n\n\n<p><em>Il mito della creazione della vita, dell\u2019uomo che vuole diventare Dio. Ambientato a Praga nel \u2018500 e ispirato a una leggenda medioevale, il film racconta la storia del Gran Maestro Low, capo di una comunit\u00e0 ebraica scacciato dall\u2019imperatore perch\u00e9 accusato di stregoneria. Per riabilitarsi Low costruisce il Golem, gigante d\u2019argilla che egli riesce ad animare servendosi di formule magiche. Ma la creatura sfuggir\u00e0 al suo controllo.\u00a0<\/em><\/p>\n\n\n\n<p>Con sottotitoli italiani e l\u2019accompagnamento al pianoforte dal vivo di\u00a0<strong>Francesca Badalini<\/strong>.\u00a0La versione presentata \u00e8 un nuovo, recentissimo restauro in 4K eseguito dall\u2019Immagine Ritrovata di Bologna e supervisionato dalla F. W. Murnau Stiftung di Wiesbaden.\u00a0<\/p>\n\n\n\n<p>L&#8217;incontro rientra nel\u00a0<strong>nuovo<\/strong>\u00a0<strong>programma di eventi speciali allo Spazio Oberdan, con presentazioni di libri e proiezioni cinematografiche a tema, promosso da Skira e Fondazione Cineteca Italiana fino al 24 dicembre 2018.<\/strong><\/p>\n\n\n\n<p><strong>Modalit\u00e0 d\u2019ingresso al Cinema Spazio Oberdan:\u00a0<\/strong>Biglietto intero \u20ac 7,50 &#8211;\u00a0Ridotto con *Cinetessera \u20ac 6 &#8211;\u00a0Gratuito per ragazzi dai 16 ai 19 anni &#8211;\u00a0*Cinetessera annuale \u20ac 10 \u00a0 (Piazza Oberdan, Milano tel. 02 83982421)\u00a0<\/p>\n","protected":false},"excerpt":{"rendered":"<p><span class=\"span-reading-time rt-reading-time\" style=\"display: block;\"><span class=\"rt-label rt-prefix\">\u23f0 lettura <\/span> <span class=\"rt-time\"> &lt; 1<\/span> <span class=\"rt-label rt-postfix\">min. <\/p>\n<p><\/span><\/span>Domenica 28 ottobre alle 17 allo Spazio Oberdan a Milano si terr\u00e0 la presentazione della nuova collana edita da Skira \u201cGotica\u201d, che esplora il mondo dell\u2019Occulto attraverso una nuova edizione di classici senza tempo della letteratura internazionale.\u00a0Mistero, magia, fantastico, sublime, paranormale, orrore, esoterismo, cabala, alchimia, teosofia, accompagneranno i lettori di &#8220;Gotica&#8221;, da Meyrink a Stoker,&hellip;&nbsp;<a href=\"https:\/\/www.biancoscuro.it\/site\/allo-spazio-oberdan-a-milano-atmosfere-gotiche-tra-letteratura-e-cinema\/\" rel=\"bookmark\">Leggi tutto &raquo;<span class=\"screen-reader-text\">Allo Spazio Oberdan a Milano atmosfere gotiche tra letteratura e cinema<\/span><\/a><\/p>\n","protected":false},"author":917,"featured_media":8062,"comment_status":"closed","ping_status":"closed","sticky":false,"template":"","format":"standard","meta":{"neve_meta_sidebar":"","neve_meta_container":"","neve_meta_enable_content_width":"","neve_meta_content_width":0,"neve_meta_title_alignment":"","neve_meta_author_avatar":"","neve_post_elements_order":"","neve_meta_disable_header":"","neve_meta_disable_footer":"","neve_meta_disable_title":"","advanced_seo_description":"","jetpack_seo_html_title":"","jetpack_seo_noindex":false,"footnotes":""},"categories":[5],"tags":[],"class_list":["post-8061","post","type-post","status-publish","format-standard","has-post-thumbnail","hentry","category-arte"],"jetpack_featured_media_url":"https:\/\/www.biancoscuro.it\/site\/wp-content\/uploads\/2018\/10\/Gotica-SKIRA.jpg","jetpack_sharing_enabled":true,"jetpack-related-posts":[{"id":8045,"url":"https:\/\/www.biancoscuro.it\/site\/skira-e-cineteca-italiana-una-nuova-collaborazione-allinsegna-del-dialogo-tra-arte-cinema-e-grafica\/","url_meta":{"origin":8061,"position":0},"title":"SKIRA E CINETECA ITALIANA una nuova collaborazione all\u2019insegna del dialogo tra arte, cinema e grafica.","author":"Chiara","date":"19 Ottobre 2018","format":false,"excerpt":"Dal 20 ottobre al 24 dicembre 2018, la prestigiosa casa editrice di libri d\u2019arte Skira\u00a0- che quest\u2019anno compie 90 anni - e\u00a0Fondazione Cineteca Italiana danno vita a una nuova collaborazione all\u2019insegna del dialogo fra arte, cinema e grafica con incontri e proiezioni.Allo Spazio Oberdan a Milano\u00a0(piazza Oberedan) nasce infatti\u00a0Short Shop\u00a0-\u2026","rel":"","context":"In &quot;arte&quot;","block_context":{"text":"arte","link":"https:\/\/www.biancoscuro.it\/site\/category\/arte\/"},"img":{"alt_text":"","src":"https:\/\/i0.wp.com\/www.biancoscuro.it\/site\/wp-content\/uploads\/2018\/10\/Oberdan-bookshop-Skira-05.jpg?resize=350%2C200&ssl=1","width":350,"height":200,"srcset":"https:\/\/i0.wp.com\/www.biancoscuro.it\/site\/wp-content\/uploads\/2018\/10\/Oberdan-bookshop-Skira-05.jpg?resize=350%2C200&ssl=1 1x, https:\/\/i0.wp.com\/www.biancoscuro.it\/site\/wp-content\/uploads\/2018\/10\/Oberdan-bookshop-Skira-05.jpg?resize=525%2C300&ssl=1 1.5x, https:\/\/i0.wp.com\/www.biancoscuro.it\/site\/wp-content\/uploads\/2018\/10\/Oberdan-bookshop-Skira-05.jpg?resize=700%2C400&ssl=1 2x, https:\/\/i0.wp.com\/www.biancoscuro.it\/site\/wp-content\/uploads\/2018\/10\/Oberdan-bookshop-Skira-05.jpg?resize=1050%2C600&ssl=1 3x"},"classes":[]},{"id":12621,"url":"https:\/\/www.biancoscuro.it\/site\/manuel-canelles-in-vitro\/","url_meta":{"origin":8061,"position":1},"title":"Manuel Canelles &#8211; In Vitro","author":"Roberta Melasecca","date":"29 Novembre 2021","format":false,"excerpt":"Venerd\u00ec 3 dicembre 2021 alle ore 18.30, presso 00a gallery di Merano c\/o Villa Dolores, via Laurin 18, verr\u00e0 inaugurata IN VITRO, esposizione personale dell\u2019artista Manuel Canelles, presentata in forma di studio. In Vitro \u00e8 un progetto che ha origine da un\u2019esperienza personale dell\u2019artista il quale in Alsazia, guidato dai\u2026","rel":"","context":"In &quot;arte&quot;","block_context":{"text":"arte","link":"https:\/\/www.biancoscuro.it\/site\/category\/arte\/"},"img":{"alt_text":"","src":"https:\/\/i0.wp.com\/www.biancoscuro.it\/site\/wp-content\/uploads\/2021\/11\/1-copia.jpg?resize=350%2C200&ssl=1","width":350,"height":200,"srcset":"https:\/\/i0.wp.com\/www.biancoscuro.it\/site\/wp-content\/uploads\/2021\/11\/1-copia.jpg?resize=350%2C200&ssl=1 1x, https:\/\/i0.wp.com\/www.biancoscuro.it\/site\/wp-content\/uploads\/2021\/11\/1-copia.jpg?resize=525%2C300&ssl=1 1.5x, https:\/\/i0.wp.com\/www.biancoscuro.it\/site\/wp-content\/uploads\/2021\/11\/1-copia.jpg?resize=700%2C400&ssl=1 2x"},"classes":[]},{"id":9281,"url":"https:\/\/www.biancoscuro.it\/site\/lultimo-respiro-del-corvo-lomicidio-caravaggio-secondo-silvia-brena-e-lucio-salvini\/","url_meta":{"origin":8061,"position":2},"title":"L&#8217;ultimo respiro del corvo. L&#8217;omicidio Caravaggio secondo Silvia Brena e Lucio Salvini","author":"Chiara","date":"7 Giugno 2019","format":false,"excerpt":"Michelangelo Merisi da Caravaggio Martirio di Sant\u2019Orsola, 1610 Mercoled\u00ec 12 giugno al TEATRO FRANCO PARENTI a Milano alle 18.30 in Sala AcomeA si terr\u00e0 la presentazione del libro di Silvia Brena e Lucio Salvini L\u2019ULTIMO RESPIRO DEL CORVO. L\u2019OMICIDIO CARAVAGGIO\u00a0 Skira editore. L\u2019attore Angelo Di Genio legger\u00e0 brani tratti dal\u2026","rel":"","context":"In &quot;arte&quot;","block_context":{"text":"arte","link":"https:\/\/www.biancoscuro.it\/site\/category\/arte\/"},"img":{"alt_text":"","src":"https:\/\/i0.wp.com\/www.biancoscuro.it\/site\/wp-content\/uploads\/2019\/06\/Brena-Salvini-Ultimo-respiro-del-corvo-cover.jpg?resize=350%2C200&ssl=1","width":350,"height":200,"srcset":"https:\/\/i0.wp.com\/www.biancoscuro.it\/site\/wp-content\/uploads\/2019\/06\/Brena-Salvini-Ultimo-respiro-del-corvo-cover.jpg?resize=350%2C200&ssl=1 1x, https:\/\/i0.wp.com\/www.biancoscuro.it\/site\/wp-content\/uploads\/2019\/06\/Brena-Salvini-Ultimo-respiro-del-corvo-cover.jpg?resize=525%2C300&ssl=1 1.5x, https:\/\/i0.wp.com\/www.biancoscuro.it\/site\/wp-content\/uploads\/2019\/06\/Brena-Salvini-Ultimo-respiro-del-corvo-cover.jpg?resize=700%2C400&ssl=1 2x"},"classes":[]},{"id":10051,"url":"https:\/\/www.biancoscuro.it\/site\/presentazione-del-romanzo-exitus-di-salvatore-enrico-anselmi\/","url_meta":{"origin":8061,"position":3},"title":"Exitus di Salvatore Enrico Anselmi","author":"Roberta Melasecca","date":"28 Novembre 2019","format":false,"excerpt":"Presentazione del romanzo Exitus di Salvatore Enrico Anselmi (GBEditoriA)Venerd\u00ec 6 dicembre 2019\u00a0ore 17.00Sede GBEditoriA Vicolo Savelli 9 Roma Venerd\u00ec 6 dicembre 2019 alle ore 17.00, presso la sede della casa editrice GBEditoriA a Roma, verr\u00e0 presentato il nuovo romanzo di Salvatore Enrico Anselmi, Exitus.\u00a0 Interverranno Francesca Ceci archeologa, Musei Capitolini\u2026","rel":"","context":"In &quot;arte&quot;","block_context":{"text":"arte","link":"https:\/\/www.biancoscuro.it\/site\/category\/arte\/"},"img":{"alt_text":"","src":"https:\/\/i0.wp.com\/www.biancoscuro.it\/site\/wp-content\/uploads\/2019\/11\/A.S.-ANSELMI-EXITUS-copia.jpg?resize=350%2C200&ssl=1","width":350,"height":200,"srcset":"https:\/\/i0.wp.com\/www.biancoscuro.it\/site\/wp-content\/uploads\/2019\/11\/A.S.-ANSELMI-EXITUS-copia.jpg?resize=350%2C200&ssl=1 1x, https:\/\/i0.wp.com\/www.biancoscuro.it\/site\/wp-content\/uploads\/2019\/11\/A.S.-ANSELMI-EXITUS-copia.jpg?resize=525%2C300&ssl=1 1.5x, https:\/\/i0.wp.com\/www.biancoscuro.it\/site\/wp-content\/uploads\/2019\/11\/A.S.-ANSELMI-EXITUS-copia.jpg?resize=700%2C400&ssl=1 2x"},"classes":[]},{"id":3056,"url":"https:\/\/www.biancoscuro.it\/site\/dario-fo-accende-il-castello-visconteo-con-la-sua-arte-mistero-buffo-a-colori\/","url_meta":{"origin":8061,"position":4},"title":"Dario Fo accende il Castello Visconteo con la sua Arte: Mistero Buffo a colori","author":"Redazione BIANCOSCURO","date":"3 Settembre 2015","format":false,"excerpt":"Questa mattina si \u00e8 tenuta la conferenza stampa della prossima mostra di Dario Fo, in scena al Castello Visconteo di Pavia. L'Artista non \u00e8 nuovo di casa, infatti due sue opere sono presenti nell'introduzione della mostra \u201cPavia, la Battaglia, il Futuro\u201d, allestita al secondo piano del Castello, esperienza che ha\u2026","rel":"","context":"In &quot;eventi&quot;","block_context":{"text":"eventi","link":"https:\/\/www.biancoscuro.it\/site\/category\/eventi\/"},"img":{"alt_text":"","src":"https:\/\/i0.wp.com\/www.biancoscuro.it\/site\/wp-content\/uploads\/2015\/09\/HEADDSC_04442.jpg?resize=350%2C200&ssl=1","width":350,"height":200,"srcset":"https:\/\/i0.wp.com\/www.biancoscuro.it\/site\/wp-content\/uploads\/2015\/09\/HEADDSC_04442.jpg?resize=350%2C200&ssl=1 1x, https:\/\/i0.wp.com\/www.biancoscuro.it\/site\/wp-content\/uploads\/2015\/09\/HEADDSC_04442.jpg?resize=525%2C300&ssl=1 1.5x, https:\/\/i0.wp.com\/www.biancoscuro.it\/site\/wp-content\/uploads\/2015\/09\/HEADDSC_04442.jpg?resize=700%2C400&ssl=1 2x, https:\/\/i0.wp.com\/www.biancoscuro.it\/site\/wp-content\/uploads\/2015\/09\/HEADDSC_04442.jpg?resize=1050%2C600&ssl=1 3x, https:\/\/i0.wp.com\/www.biancoscuro.it\/site\/wp-content\/uploads\/2015\/09\/HEADDSC_04442.jpg?resize=1400%2C800&ssl=1 4x"},"classes":[]},{"id":9292,"url":"https:\/\/www.biancoscuro.it\/site\/lultimo-messaggio-di-leonardo-presentazione-a-milano\/","url_meta":{"origin":8061,"position":5},"title":"L&#8217;ULTIMO MESSAGGIO DI LEONARDO Presentazione a Milano","author":"Chiara","date":"13 Giugno 2019","format":false,"excerpt":"Leonardo da Vinci, Studio di mani, 1474 Windsor Castle, Royal Library \u00a0 Quando la barca ebbe attraccato al pontile che si affacciava sul naviglio di Milano, Leonardo sent\u00ec come quella stessa parola illuminasse in modo indubitabile la frase con cui il Maestro si era congedato da lui. \u201cNoi siamo qui\u2026","rel":"","context":"In &quot;arte&quot;","block_context":{"text":"arte","link":"https:\/\/www.biancoscuro.it\/site\/category\/arte\/"},"img":{"alt_text":"","src":"https:\/\/i0.wp.com\/www.biancoscuro.it\/site\/wp-content\/uploads\/2019\/06\/Pirulli-Ferrio-Ultimo-Messaggio-di-Leonardo-1.jpg?resize=350%2C200&ssl=1","width":350,"height":200,"srcset":"https:\/\/i0.wp.com\/www.biancoscuro.it\/site\/wp-content\/uploads\/2019\/06\/Pirulli-Ferrio-Ultimo-Messaggio-di-Leonardo-1.jpg?resize=350%2C200&ssl=1 1x, https:\/\/i0.wp.com\/www.biancoscuro.it\/site\/wp-content\/uploads\/2019\/06\/Pirulli-Ferrio-Ultimo-Messaggio-di-Leonardo-1.jpg?resize=525%2C300&ssl=1 1.5x, https:\/\/i0.wp.com\/www.biancoscuro.it\/site\/wp-content\/uploads\/2019\/06\/Pirulli-Ferrio-Ultimo-Messaggio-di-Leonardo-1.jpg?resize=700%2C400&ssl=1 2x"},"classes":[]}],"_links":{"self":[{"href":"https:\/\/www.biancoscuro.it\/site\/wp-json\/wp\/v2\/posts\/8061","targetHints":{"allow":["GET"]}}],"collection":[{"href":"https:\/\/www.biancoscuro.it\/site\/wp-json\/wp\/v2\/posts"}],"about":[{"href":"https:\/\/www.biancoscuro.it\/site\/wp-json\/wp\/v2\/types\/post"}],"author":[{"embeddable":true,"href":"https:\/\/www.biancoscuro.it\/site\/wp-json\/wp\/v2\/users\/917"}],"replies":[{"embeddable":true,"href":"https:\/\/www.biancoscuro.it\/site\/wp-json\/wp\/v2\/comments?post=8061"}],"version-history":[{"count":0,"href":"https:\/\/www.biancoscuro.it\/site\/wp-json\/wp\/v2\/posts\/8061\/revisions"}],"wp:featuredmedia":[{"embeddable":true,"href":"https:\/\/www.biancoscuro.it\/site\/wp-json\/wp\/v2\/media\/8062"}],"wp:attachment":[{"href":"https:\/\/www.biancoscuro.it\/site\/wp-json\/wp\/v2\/media?parent=8061"}],"wp:term":[{"taxonomy":"category","embeddable":true,"href":"https:\/\/www.biancoscuro.it\/site\/wp-json\/wp\/v2\/categories?post=8061"},{"taxonomy":"post_tag","embeddable":true,"href":"https:\/\/www.biancoscuro.it\/site\/wp-json\/wp\/v2\/tags?post=8061"}],"curies":[{"name":"wp","href":"https:\/\/api.w.org\/{rel}","templated":true}]}}