{"id":8200,"date":"2018-11-07T16:58:24","date_gmt":"2018-11-07T14:58:24","guid":{"rendered":"https:\/\/www.biancoscuro.it\/site\/?p=8200"},"modified":"2018-11-07T17:03:55","modified_gmt":"2018-11-07T15:03:55","slug":"al-museo-del-paesaggio-di-verbania-in-mostra-i-progetti-della-10-biennale-del-paesaggio-di-barcellona","status":"publish","type":"post","link":"https:\/\/www.biancoscuro.it\/site\/al-museo-del-paesaggio-di-verbania-in-mostra-i-progetti-della-10-biennale-del-paesaggio-di-barcellona\/","title":{"rendered":"Al Museo del Paesaggio di Verbania in mostra i progetti della 10\u00b0 Biennale del Paesaggio di Barcellona"},"content":{"rendered":"<span class=\"span-reading-time rt-reading-time\" style=\"display: block;\"><span class=\"rt-label rt-prefix\">\u23f0 lettura <\/span> <span class=\"rt-time\"> 2<\/span> <span class=\"rt-label rt-postfix\">min. <br><br><\/span><\/span>\n<p><strong>Dal 17 novembre 2018 al 6 gennaio 2019 il MUSEO DEL PAESAGGIO DI VERBANIA ospita una mostra multimediale che raccoglie tutti i progetti presentati in concorso alla 10a edizione della BIENNALE INTERNAZIONALE DEL PAESAGGIO DI BARCELLONA.<\/strong><\/p>\n\n\n\n<p>La Biennale di Barcellona \u00e8 stata riconosciuta negli anni come un punto di riferimento essenziale nel campo dell\u2019architettura del paesaggio. <strong>Quest\u2019anno il symposium della Biennale si \u00e8 svolto a Barcellona dal 26 al 29 settembre<\/strong>, radunando un pubblico di architetti, professionisti, accademici e studenti<strong>. Le tre giornate di dibattiti, tavole rotonde e mostre hanno saputo tracciare l\u2019evoluzione contemporanea della disciplina a livello globale<\/strong>, grazie anche all\u2019internazionalizzazione del Premio Rosa Barba, che raccoglie le candidature di progetti paesaggistici realizzati in tutto il mondo.<\/p>\n\n\n\n<p><strong>La progettazione del paesaggio diventa dunque chiave di lettura e strumento di azione per le sfide della societ\u00e0<\/strong>. I paesaggi di domani saranno il luogo dell\u2019apertura, della partecipazione, della bellezza e della sostenibilit\u00e0 come si era immaginato potessero essere? Il cambiamento climatico, la proliferazione dell\u2019intolleranza e la vulnerabilit\u00e0 delle persone attaccate in luoghi pubblici spingerebbero a fortificare le citt\u00e0 nel nome della sicurezza, progettando paesaggi difensivi in nome di politiche difensive. Questo non deve essere per\u00f2 il momento della paralisi: <strong>il tema della Biennale invita ognuno ad agire, ad attivarsi per plasmare gli habitat futuri, chiamati a impersonare simultaneamente ruoli sociali, ecologici e politici<\/strong>.&nbsp;<\/p>\n\n\n\n<p>Il pubblico del Museo del Paesaggio di Verbania ha dunque per la prima volta occasione di avvicinarsi a una selezione di installazioni e progetti di respiro internazionale. <strong>Il percorso si dipana tra le sale del Museo attraverso sei tappe di scoperta dei progetti tramite diverse slideshow<\/strong>: complessivamente <strong>i visitatori possono ammirare 223 opere selezionate in quattro diversi ambiti espositivi<\/strong> &#8211; articolazione, transazione, rigenerazione e intersezione -, oltre alla raccolta dei progetti inviati dagli studenti di 68 universit\u00e0 internazionali; <strong>sono poi esposti i progetti dei 10 finalisti di quest\u2019ultima edizione<\/strong>.<\/p>\n\n\n\n<p>In programma, oltre all\u2019esposizione al Museo, anche <strong>tre serate nella sede del Museo di Casa Ceretti<\/strong> (Via Roma, 42 \u2013 Verbania Intra) con diversi ospiti protagonisti della Biennale Internazionale del Paesaggio 2018.<\/p>\n\n\n\n<p>Museo del Paesaggio \u2013 Palazzo Viani Dugnani, Via Ruga 44 Verbania &nbsp;tel. 0323 557116 &#8211;&nbsp;<a href=\"http:\/\/www.museodelpaesaggio.it\/\">www.museodelpaesaggio.it &#8211;<\/a><a href=\"mailto:segreteria@museodelpaesaggio.it\">segreteria@museodelpaesaggio.it<\/a><\/p>\n\n\n\n<figure class=\"wp-block-image\"><img loading=\"lazy\" decoding=\"async\" width=\"1194\" height=\"800\" src=\"https:\/\/www.biancoscuro.it\/site\/wp-content\/uploads\/2018\/11\/19.-SAXHOLL-CRATER-STAIRWAY-Winner.jpg\" alt=\"\" class=\"wp-image-8206\" srcset=\"https:\/\/www.biancoscuro.it\/site\/wp-content\/uploads\/2018\/11\/19.-SAXHOLL-CRATER-STAIRWAY-Winner.jpg 1194w, https:\/\/www.biancoscuro.it\/site\/wp-content\/uploads\/2018\/11\/19.-SAXHOLL-CRATER-STAIRWAY-Winner-300x201.jpg 300w, https:\/\/www.biancoscuro.it\/site\/wp-content\/uploads\/2018\/11\/19.-SAXHOLL-CRATER-STAIRWAY-Winner-768x515.jpg 768w, https:\/\/www.biancoscuro.it\/site\/wp-content\/uploads\/2018\/11\/19.-SAXHOLL-CRATER-STAIRWAY-Winner-1024x686.jpg 1024w, https:\/\/www.biancoscuro.it\/site\/wp-content\/uploads\/2018\/11\/19.-SAXHOLL-CRATER-STAIRWAY-Winner-600x402.jpg 600w\" sizes=\"auto, (max-width: 1194px) 100vw, 1194px\" \/><\/figure>\n\n\n\n<figure class=\"wp-block-image\"><img loading=\"lazy\" decoding=\"async\" width=\"1413\" height=\"750\" src=\"https:\/\/www.biancoscuro.it\/site\/wp-content\/uploads\/2018\/11\/11.-JIAHE-RIVER-COUNTRY-PARK.jpg\" alt=\"\" class=\"wp-image-8203\" srcset=\"https:\/\/www.biancoscuro.it\/site\/wp-content\/uploads\/2018\/11\/11.-JIAHE-RIVER-COUNTRY-PARK.jpg 1413w, https:\/\/www.biancoscuro.it\/site\/wp-content\/uploads\/2018\/11\/11.-JIAHE-RIVER-COUNTRY-PARK-300x159.jpg 300w, https:\/\/www.biancoscuro.it\/site\/wp-content\/uploads\/2018\/11\/11.-JIAHE-RIVER-COUNTRY-PARK-768x408.jpg 768w, https:\/\/www.biancoscuro.it\/site\/wp-content\/uploads\/2018\/11\/11.-JIAHE-RIVER-COUNTRY-PARK-1024x544.jpg 1024w, https:\/\/www.biancoscuro.it\/site\/wp-content\/uploads\/2018\/11\/11.-JIAHE-RIVER-COUNTRY-PARK-600x318.jpg 600w, https:\/\/www.biancoscuro.it\/site\/wp-content\/uploads\/2018\/11\/11.-JIAHE-RIVER-COUNTRY-PARK-1320x701.jpg 1320w\" sizes=\"auto, (max-width: 1413px) 100vw, 1413px\" \/><\/figure>\n\n\n\n<figure class=\"wp-block-image\"><img loading=\"lazy\" decoding=\"async\" width=\"1016\" height=\"800\" src=\"https:\/\/www.biancoscuro.it\/site\/wp-content\/uploads\/2018\/11\/14.-HALLE-PAJOL-ROSA-LUXEMBURG-GARDEN-Ph-Karolina-Samborska.jpg\" alt=\"\" class=\"wp-image-8204\" srcset=\"https:\/\/www.biancoscuro.it\/site\/wp-content\/uploads\/2018\/11\/14.-HALLE-PAJOL-ROSA-LUXEMBURG-GARDEN-Ph-Karolina-Samborska.jpg 1016w, https:\/\/www.biancoscuro.it\/site\/wp-content\/uploads\/2018\/11\/14.-HALLE-PAJOL-ROSA-LUXEMBURG-GARDEN-Ph-Karolina-Samborska-300x236.jpg 300w, https:\/\/www.biancoscuro.it\/site\/wp-content\/uploads\/2018\/11\/14.-HALLE-PAJOL-ROSA-LUXEMBURG-GARDEN-Ph-Karolina-Samborska-768x605.jpg 768w, https:\/\/www.biancoscuro.it\/site\/wp-content\/uploads\/2018\/11\/14.-HALLE-PAJOL-ROSA-LUXEMBURG-GARDEN-Ph-Karolina-Samborska-600x472.jpg 600w\" sizes=\"auto, (max-width: 1016px) 100vw, 1016px\" \/><\/figure>\n\n\n\n<figure class=\"wp-block-image\"><img loading=\"lazy\" decoding=\"async\" width=\"1270\" height=\"800\" src=\"https:\/\/www.biancoscuro.it\/site\/wp-content\/uploads\/2018\/11\/16.-SACCA-SESSOLA-ISLAND-OPEN-SPACES-AND-HISTORICAL-PARK-PROJECT.jpg\" alt=\"\" class=\"wp-image-8205\" srcset=\"https:\/\/www.biancoscuro.it\/site\/wp-content\/uploads\/2018\/11\/16.-SACCA-SESSOLA-ISLAND-OPEN-SPACES-AND-HISTORICAL-PARK-PROJECT.jpg 1270w, https:\/\/www.biancoscuro.it\/site\/wp-content\/uploads\/2018\/11\/16.-SACCA-SESSOLA-ISLAND-OPEN-SPACES-AND-HISTORICAL-PARK-PROJECT-300x189.jpg 300w, https:\/\/www.biancoscuro.it\/site\/wp-content\/uploads\/2018\/11\/16.-SACCA-SESSOLA-ISLAND-OPEN-SPACES-AND-HISTORICAL-PARK-PROJECT-768x484.jpg 768w, https:\/\/www.biancoscuro.it\/site\/wp-content\/uploads\/2018\/11\/16.-SACCA-SESSOLA-ISLAND-OPEN-SPACES-AND-HISTORICAL-PARK-PROJECT-1024x645.jpg 1024w, https:\/\/www.biancoscuro.it\/site\/wp-content\/uploads\/2018\/11\/16.-SACCA-SESSOLA-ISLAND-OPEN-SPACES-AND-HISTORICAL-PARK-PROJECT-600x378.jpg 600w\" sizes=\"auto, (max-width: 1270px) 100vw, 1270px\" \/><\/figure>\n","protected":false},"excerpt":{"rendered":"<p><span class=\"span-reading-time rt-reading-time\" style=\"display: block;\"><span class=\"rt-label rt-prefix\">\u23f0 lettura <\/span> <span class=\"rt-time\"> 2<\/span> <span class=\"rt-label rt-postfix\">min. <\/p>\n<p><\/span><\/span>Dal 17 novembre 2018 al 6 gennaio 2019 il MUSEO DEL PAESAGGIO DI VERBANIA ospita una mostra multimediale che raccoglie tutti i progetti presentati in concorso alla 10a edizione della BIENNALE INTERNAZIONALE DEL PAESAGGIO DI BARCELLONA. La Biennale di Barcellona \u00e8 stata riconosciuta negli anni come un punto di riferimento essenziale nel campo dell\u2019architettura del&hellip;&nbsp;<a href=\"https:\/\/www.biancoscuro.it\/site\/al-museo-del-paesaggio-di-verbania-in-mostra-i-progetti-della-10-biennale-del-paesaggio-di-barcellona\/\" rel=\"bookmark\">Leggi tutto &raquo;<span class=\"screen-reader-text\">Al Museo del Paesaggio di Verbania in mostra i progetti della 10\u00b0 Biennale del Paesaggio di Barcellona<\/span><\/a><\/p>\n","protected":false},"author":917,"featured_media":8208,"comment_status":"closed","ping_status":"closed","sticky":false,"template":"","format":"standard","meta":{"neve_meta_sidebar":"","neve_meta_container":"","neve_meta_enable_content_width":"","neve_meta_content_width":0,"neve_meta_title_alignment":"","neve_meta_author_avatar":"","neve_post_elements_order":"","neve_meta_disable_header":"","neve_meta_disable_footer":"","neve_meta_disable_title":"","advanced_seo_description":"","jetpack_seo_html_title":"","jetpack_seo_noindex":false,"footnotes":""},"categories":[5],"tags":[],"class_list":["post-8200","post","type-post","status-publish","format-standard","has-post-thumbnail","hentry","category-arte"],"jetpack_featured_media_url":"https:\/\/www.biancoscuro.it\/site\/wp-content\/uploads\/2018\/11\/27.-QUZHOU-LUMING-PARK.jpg","jetpack_sharing_enabled":true,"jetpack-related-posts":[{"id":4131,"url":"https:\/\/www.biancoscuro.it\/site\/posibilidad-de-paisaie-le-opere-di-tina-lupo-in-mostra-a-barcellona\/","url_meta":{"origin":8200,"position":0},"title":"&#8220;POSIBILIDAD DE PAISAIE&#8221;: le opere di Tina Lupo in mostra a Barcellona","author":"Redazione BIANCOSCURO","date":"29 Giugno 2016","format":false,"excerpt":"Quattordici Artisti italiani espongono a Barcellona alla BCM Art Gallery Si intitola \u201cPosibilidad de paisaje\" la mostra che aprir\u00e0 che si inaugurer\u00e0 gioved\u00ec 14 luglio a Barcellona, alla BCM Art Gallery. Vi parteciperanno Artisti italiani impegnati da tempo in interessanti indagini formali ed estetiche sul tema del paesaggio contemporaneo, sia\u2026","rel":"","context":"In &quot;arte&quot;","block_context":{"text":"arte","link":"https:\/\/www.biancoscuro.it\/site\/category\/arte\/"},"img":{"alt_text":"","src":"https:\/\/i0.wp.com\/www.biancoscuro.it\/site\/wp-content\/uploads\/2016\/06\/Invito-mostra-a-Barcellona-1.jpg?resize=350%2C200&ssl=1","width":350,"height":200,"srcset":"https:\/\/i0.wp.com\/www.biancoscuro.it\/site\/wp-content\/uploads\/2016\/06\/Invito-mostra-a-Barcellona-1.jpg?resize=350%2C200&ssl=1 1x, https:\/\/i0.wp.com\/www.biancoscuro.it\/site\/wp-content\/uploads\/2016\/06\/Invito-mostra-a-Barcellona-1.jpg?resize=525%2C300&ssl=1 1.5x, https:\/\/i0.wp.com\/www.biancoscuro.it\/site\/wp-content\/uploads\/2016\/06\/Invito-mostra-a-Barcellona-1.jpg?resize=700%2C400&ssl=1 2x"},"classes":[]},{"id":6193,"url":"https:\/\/www.biancoscuro.it\/site\/patagonia-stabilitas-loci-dal-25-novembre-due-mostre-fotografiche-al-museo-del-paesaggio-verbania\/","url_meta":{"origin":8200,"position":1},"title":"Patagonia e Stabilitas Loci dal 25 novembre due mostre fotografiche al Museo del Paesaggio di Verbania","author":"Chiara","date":"20 Novembre 2017","format":false,"excerpt":"In occasione della mostra della Camelia e dei Giardini d\u2019inverno 2017, il Museo del Paesaggio \u2013 in collaborazione con MIA PHOTO FAIR di Milano \u2013 propone una doppia mostra fotografica. Protagonista degli scatti di Niccol\u00f2 Aiazzi e Giorgio Majno \u00e8 il paesaggio rappresentato nella sua potenza: gli scatti dei due\u2026","rel":"","context":"In &quot;arte&quot;","block_context":{"text":"arte","link":"https:\/\/www.biancoscuro.it\/site\/category\/arte\/"},"img":{"alt_text":"","src":"https:\/\/i0.wp.com\/www.biancoscuro.it\/site\/wp-content\/uploads\/2017\/11\/Locandina-A3-Stampa.jpg?resize=350%2C200&ssl=1","width":350,"height":200,"srcset":"https:\/\/i0.wp.com\/www.biancoscuro.it\/site\/wp-content\/uploads\/2017\/11\/Locandina-A3-Stampa.jpg?resize=350%2C200&ssl=1 1x, https:\/\/i0.wp.com\/www.biancoscuro.it\/site\/wp-content\/uploads\/2017\/11\/Locandina-A3-Stampa.jpg?resize=525%2C300&ssl=1 1.5x, https:\/\/i0.wp.com\/www.biancoscuro.it\/site\/wp-content\/uploads\/2017\/11\/Locandina-A3-Stampa.jpg?resize=700%2C400&ssl=1 2x"},"classes":[]},{"id":7256,"url":"https:\/\/www.biancoscuro.it\/site\/arte-in-rap-al-museo-del-paesaggio-di-verbania\/","url_meta":{"origin":8200,"position":2},"title":"ARTE IN RAP al Museo del Paesaggio di Verbania","author":"Chiara","date":"16 Maggio 2018","format":false,"excerpt":"Il Museo del Paesaggio di Verbania ha realizzato, di concerto con i quattro Istituti Scolastici Comprensivi di Verbania e del circondario, il progetto ARTE IN RAP, il cui obiettivo principale \u00e8 quello di avvicinare i ragazzi delle scuole secondarie di primo grado alle collezioni del Museo, rendendoli protagonisti di un\u2026","rel":"","context":"In &quot;arte&quot;","block_context":{"text":"arte","link":"https:\/\/www.biancoscuro.it\/site\/category\/arte\/"},"img":{"alt_text":"","src":"https:\/\/i0.wp.com\/www.biancoscuro.it\/site\/wp-content\/uploads\/2018\/05\/Troubetzkoy-allestimento-11.jpg?resize=350%2C200&ssl=1","width":350,"height":200,"srcset":"https:\/\/i0.wp.com\/www.biancoscuro.it\/site\/wp-content\/uploads\/2018\/05\/Troubetzkoy-allestimento-11.jpg?resize=350%2C200&ssl=1 1x, https:\/\/i0.wp.com\/www.biancoscuro.it\/site\/wp-content\/uploads\/2018\/05\/Troubetzkoy-allestimento-11.jpg?resize=525%2C300&ssl=1 1.5x, https:\/\/i0.wp.com\/www.biancoscuro.it\/site\/wp-content\/uploads\/2018\/05\/Troubetzkoy-allestimento-11.jpg?resize=700%2C400&ssl=1 2x, https:\/\/i0.wp.com\/www.biancoscuro.it\/site\/wp-content\/uploads\/2018\/05\/Troubetzkoy-allestimento-11.jpg?resize=1050%2C600&ssl=1 3x, https:\/\/i0.wp.com\/www.biancoscuro.it\/site\/wp-content\/uploads\/2018\/05\/Troubetzkoy-allestimento-11.jpg?resize=1400%2C800&ssl=1 4x"},"classes":[]},{"id":5240,"url":"https:\/\/www.biancoscuro.it\/site\/volti-cuore-al-museo-del-paesaggio-verbania-mostra-dedicata-alla-figura-femminile-ranzoni-sironi-martini\/","url_meta":{"origin":8200,"position":3},"title":"I VOLTI E IL CUORE &#8211; Verbania","author":"Chiara","date":"28 Marzo 2017","format":false,"excerpt":"Al Museo del Paesaggio di Verbania una mostra dedicata alla figura femminile da Ranzoni a Sironi e Martini Il Museo del Paesaggio di Verbania - dopo la riapertura nel giugno 2016 con la splendida mostra dedicata allo scultore Paolo Troubetzkoy che, visto il grande successo di pubblico e critica, rimane\u2026","rel":"","context":"In &quot;arte&quot;","block_context":{"text":"arte","link":"https:\/\/www.biancoscuro.it\/site\/category\/arte\/"},"img":{"alt_text":"","src":"https:\/\/i0.wp.com\/www.biancoscuro.it\/site\/wp-content\/uploads\/2017\/03\/9.Alciati-Il-convegno.jpg?resize=350%2C200&ssl=1","width":350,"height":200,"srcset":"https:\/\/i0.wp.com\/www.biancoscuro.it\/site\/wp-content\/uploads\/2017\/03\/9.Alciati-Il-convegno.jpg?resize=350%2C200&ssl=1 1x, https:\/\/i0.wp.com\/www.biancoscuro.it\/site\/wp-content\/uploads\/2017\/03\/9.Alciati-Il-convegno.jpg?resize=525%2C300&ssl=1 1.5x, https:\/\/i0.wp.com\/www.biancoscuro.it\/site\/wp-content\/uploads\/2017\/03\/9.Alciati-Il-convegno.jpg?resize=700%2C400&ssl=1 2x"},"classes":[]},{"id":6920,"url":"https:\/\/www.biancoscuro.it\/site\/armonie-verdi-paesaggi-dalla-scapigliatura-al-novecento\/","url_meta":{"origin":8200,"position":4},"title":"ARMONIE VERDI | Paesaggi dalla Scapigliatura al Novecento","author":"Chiara","date":"21 Marzo 2018","format":false,"excerpt":"Il Museo del Paesaggio di Verbania - dopo la riapertura nel 2016 con la splendida mostra dedicata a Paolo Troubetzkoy aperta in modo permanente al piano terra e la bella rassegna del 2017 I volti e il cuore, sulla figura femminile tra Otto e Novecento - riapre la stagione primaverile\u2026","rel":"","context":"In &quot;arte&quot;","block_context":{"text":"arte","link":"https:\/\/www.biancoscuro.it\/site\/category\/arte\/"},"img":{"alt_text":"","src":"https:\/\/i0.wp.com\/www.biancoscuro.it\/site\/wp-content\/uploads\/2018\/03\/9.-Gnecchi-Fondo-Toce-Lago-Maggiore-1884.jpg?resize=350%2C200&ssl=1","width":350,"height":200,"srcset":"https:\/\/i0.wp.com\/www.biancoscuro.it\/site\/wp-content\/uploads\/2018\/03\/9.-Gnecchi-Fondo-Toce-Lago-Maggiore-1884.jpg?resize=350%2C200&ssl=1 1x, https:\/\/i0.wp.com\/www.biancoscuro.it\/site\/wp-content\/uploads\/2018\/03\/9.-Gnecchi-Fondo-Toce-Lago-Maggiore-1884.jpg?resize=525%2C300&ssl=1 1.5x, https:\/\/i0.wp.com\/www.biancoscuro.it\/site\/wp-content\/uploads\/2018\/03\/9.-Gnecchi-Fondo-Toce-Lago-Maggiore-1884.jpg?resize=700%2C400&ssl=1 2x, https:\/\/i0.wp.com\/www.biancoscuro.it\/site\/wp-content\/uploads\/2018\/03\/9.-Gnecchi-Fondo-Toce-Lago-Maggiore-1884.jpg?resize=1050%2C600&ssl=1 3x, https:\/\/i0.wp.com\/www.biancoscuro.it\/site\/wp-content\/uploads\/2018\/03\/9.-Gnecchi-Fondo-Toce-Lago-Maggiore-1884.jpg?resize=1400%2C800&ssl=1 4x"},"classes":[]},{"id":11988,"url":"https:\/\/www.biancoscuro.it\/site\/carra-e-martini-a-verbania-le-opere-grafiche-dei-due-grandi-artisti-del-novecento\/","url_meta":{"origin":8200,"position":5},"title":"CARRA&#8217; E MARTINI. A Verbania le opere grafiche dei due grandi artisti del Novecento","author":"Chiara","date":"10 Giugno 2021","format":false,"excerpt":"Dal 13 giugno al 3 ottobre il Museo del Paesaggio a Verbania presenta la mostra Carr\u00e0 e Martini. Mito, visione e invenzione. L\u2019opera grafica, curata dalla storica dell'arte Elena Pontiggia e da Federica Rabai, direttore artistico e conservatore del Museo. La mostra espone oltre 90 opere, per lo pi\u00f9 di\u2026","rel":"","context":"In &quot;arte&quot;","block_context":{"text":"arte","link":"https:\/\/www.biancoscuro.it\/site\/category\/arte\/"},"img":{"alt_text":"","src":"https:\/\/i0.wp.com\/www.biancoscuro.it\/site\/wp-content\/uploads\/2021\/06\/26-Carlo-Carra%CC%80-La-casa-dellamore-II-o-Interno-o-La-massaia-1924.jpg?resize=350%2C200&ssl=1","width":350,"height":200,"srcset":"https:\/\/i0.wp.com\/www.biancoscuro.it\/site\/wp-content\/uploads\/2021\/06\/26-Carlo-Carra%CC%80-La-casa-dellamore-II-o-Interno-o-La-massaia-1924.jpg?resize=350%2C200&ssl=1 1x, https:\/\/i0.wp.com\/www.biancoscuro.it\/site\/wp-content\/uploads\/2021\/06\/26-Carlo-Carra%CC%80-La-casa-dellamore-II-o-Interno-o-La-massaia-1924.jpg?resize=525%2C300&ssl=1 1.5x, https:\/\/i0.wp.com\/www.biancoscuro.it\/site\/wp-content\/uploads\/2021\/06\/26-Carlo-Carra%CC%80-La-casa-dellamore-II-o-Interno-o-La-massaia-1924.jpg?resize=700%2C400&ssl=1 2x, https:\/\/i0.wp.com\/www.biancoscuro.it\/site\/wp-content\/uploads\/2021\/06\/26-Carlo-Carra%CC%80-La-casa-dellamore-II-o-Interno-o-La-massaia-1924.jpg?resize=1050%2C600&ssl=1 3x, https:\/\/i0.wp.com\/www.biancoscuro.it\/site\/wp-content\/uploads\/2021\/06\/26-Carlo-Carra%CC%80-La-casa-dellamore-II-o-Interno-o-La-massaia-1924.jpg?resize=1400%2C800&ssl=1 4x"},"classes":[]}],"_links":{"self":[{"href":"https:\/\/www.biancoscuro.it\/site\/wp-json\/wp\/v2\/posts\/8200","targetHints":{"allow":["GET"]}}],"collection":[{"href":"https:\/\/www.biancoscuro.it\/site\/wp-json\/wp\/v2\/posts"}],"about":[{"href":"https:\/\/www.biancoscuro.it\/site\/wp-json\/wp\/v2\/types\/post"}],"author":[{"embeddable":true,"href":"https:\/\/www.biancoscuro.it\/site\/wp-json\/wp\/v2\/users\/917"}],"replies":[{"embeddable":true,"href":"https:\/\/www.biancoscuro.it\/site\/wp-json\/wp\/v2\/comments?post=8200"}],"version-history":[{"count":0,"href":"https:\/\/www.biancoscuro.it\/site\/wp-json\/wp\/v2\/posts\/8200\/revisions"}],"wp:featuredmedia":[{"embeddable":true,"href":"https:\/\/www.biancoscuro.it\/site\/wp-json\/wp\/v2\/media\/8208"}],"wp:attachment":[{"href":"https:\/\/www.biancoscuro.it\/site\/wp-json\/wp\/v2\/media?parent=8200"}],"wp:term":[{"taxonomy":"category","embeddable":true,"href":"https:\/\/www.biancoscuro.it\/site\/wp-json\/wp\/v2\/categories?post=8200"},{"taxonomy":"post_tag","embeddable":true,"href":"https:\/\/www.biancoscuro.it\/site\/wp-json\/wp\/v2\/tags?post=8200"}],"curies":[{"name":"wp","href":"https:\/\/api.w.org\/{rel}","templated":true}]}}