{"id":8236,"date":"2018-11-22T12:18:18","date_gmt":"2018-11-22T10:18:18","guid":{"rendered":"https:\/\/www.biancoscuro.it\/site\/?p=8236"},"modified":"2018-12-10T11:36:28","modified_gmt":"2018-12-10T09:36:28","slug":"dylan-schatzberg-il-primo-libro-che-riunisce-gli-iconici-scatti-di-schatzberg-fatti-a-bob-dylan-allapice-della-sua-carriera","status":"publish","type":"post","link":"https:\/\/www.biancoscuro.it\/site\/dylan-schatzberg-il-primo-libro-che-riunisce-gli-iconici-scatti-di-schatzberg-fatti-a-bob-dylan-allapice-della-sua-carriera\/","title":{"rendered":"DYLAN \/ SCHATZBERG | Skira"},"content":{"rendered":"<span class=\"span-reading-time rt-reading-time\" style=\"display: block;\"><span class=\"rt-label rt-prefix\">\u23f0 lettura <\/span> <span class=\"rt-time\"> 2<\/span> <span class=\"rt-label rt-postfix\">min. <br><br><\/span><\/span>\n<h4 class=\"wp-block-heading\">Il primo libro che riunisce gli iconici scatti di Schatzberg fatti a Bob Dylan all\u2019apice della sua carriera<\/h4>\n\n\n\n<p><strong>Gioved\u00ec 29 novembre alle 18.30 alla Libreria Feltrinelli Duomo a Milano <\/strong>si terr\u00e0 la&nbsp;presentazione del magnifico volume <strong>DYLAN\/SCHATZBERG <\/strong>edito da<strong> Skira. Intervengono Raffaello Carabini, Denis Curti, Paolo Jannacci.<\/strong><\/p>\n\n\n\n<p>Il primo libro che riunisce gli iconici scatti di Schatzberg fatti a Bob Dylan, all\u2019apice della sua&nbsp;carriera: i ritratti di studio, le fotografie in sala di registrazione, le rarit\u00e0, i concerti.<\/p>\n\n\n\n<figure class=\"wp-block-image\"><img loading=\"lazy\" decoding=\"async\" width=\"800\" height=\"871\" src=\"https:\/\/www.biancoscuro.it\/site\/wp-content\/uploads\/2018\/11\/3.-DYLAN-Bobby-Neuwirth-gioca-a-fotografare-Dylan-1965.jpg\" alt=\"\" class=\"wp-image-8239\" srcset=\"https:\/\/www.biancoscuro.it\/site\/wp-content\/uploads\/2018\/11\/3.-DYLAN-Bobby-Neuwirth-gioca-a-fotografare-Dylan-1965.jpg 800w, https:\/\/www.biancoscuro.it\/site\/wp-content\/uploads\/2018\/11\/3.-DYLAN-Bobby-Neuwirth-gioca-a-fotografare-Dylan-1965-276x300.jpg 276w, https:\/\/www.biancoscuro.it\/site\/wp-content\/uploads\/2018\/11\/3.-DYLAN-Bobby-Neuwirth-gioca-a-fotografare-Dylan-1965-768x836.jpg 768w, https:\/\/www.biancoscuro.it\/site\/wp-content\/uploads\/2018\/11\/3.-DYLAN-Bobby-Neuwirth-gioca-a-fotografare-Dylan-1965-600x653.jpg 600w\" sizes=\"auto, (max-width: 800px) 100vw, 800px\" \/><figcaption>L\u2019anima di Dylan, 1966<br \/>\u00a92018 Jerry Schatzberg<\/figcaption><\/figure>\n\n\n\n<p>Nel 1965, Jerry Schatzberg, gi\u00e0 ben affermato attraverso il suo lavoro con le riviste, incontr\u00f2&nbsp;un giovane Bob Dylan che era all\u2019apice della sua fama.&nbsp;<\/p>\n\n\n\n<p>Le fotografie di Schatzberg catturano Dylan durante uno dei momenti pi\u00f9 cruciali della storia&nbsp;della musica e includono le riprese di quello che sarebbe probabilmente diventato il suo pi\u00f9&nbsp;grande album, <em>Blonde on Blonde<\/em>. Immagini essenziali e intramontabili, che non solo resistono&nbsp;alla prova del tempo, ma sono anche diventate visivamente sinonimi di uno degli artisti pi\u00f9&nbsp;importanti del XX secolo.&nbsp;<\/p>\n\n\n\n<figure class=\"wp-block-image\"><img loading=\"lazy\" decoding=\"async\" width=\"812\" height=\"800\" src=\"https:\/\/www.biancoscuro.it\/site\/wp-content\/uploads\/2018\/11\/6.-DYLAN-Lo-spirito-ludico-di-Dylan-1966.jpg\" alt=\"\" class=\"wp-image-8240\" srcset=\"https:\/\/www.biancoscuro.it\/site\/wp-content\/uploads\/2018\/11\/6.-DYLAN-Lo-spirito-ludico-di-Dylan-1966.jpg 812w, https:\/\/www.biancoscuro.it\/site\/wp-content\/uploads\/2018\/11\/6.-DYLAN-Lo-spirito-ludico-di-Dylan-1966-300x296.jpg 300w, https:\/\/www.biancoscuro.it\/site\/wp-content\/uploads\/2018\/11\/6.-DYLAN-Lo-spirito-ludico-di-Dylan-1966-768x757.jpg 768w, https:\/\/www.biancoscuro.it\/site\/wp-content\/uploads\/2018\/11\/6.-DYLAN-Lo-spirito-ludico-di-Dylan-1966-600x591.jpg 600w\" sizes=\"auto, (max-width: 812px) 100vw, 812px\" \/><figcaption>Lo spirito ludico di Dylan, 1966<br \/>\u00a92018 Jerry Schatzberg<\/figcaption><\/figure>\n\n\n\n<p>Il volume include i reprint di interviste al menestrello di Duluth, compresa la mitica&nbsp;<em>A night with Bob Dylan<\/em> di Al Aronowitz, pubblicata sul \u201cNew York Herald Tribune\u201d nel 1965 e una intervista a Schatzberg del celebre scrittore e saggista statunitense Jonathan Lethem.<\/p>\n\n\n\n<figure class=\"wp-block-image\"><img loading=\"lazy\" decoding=\"async\" width=\"1192\" height=\"800\" src=\"https:\/\/www.biancoscuro.it\/site\/wp-content\/uploads\/2018\/11\/1.-DYLAN-Fotografie-per-copertina-Saturday-Evening-Post-1966.jpg\" alt=\"\" class=\"wp-image-8238\" srcset=\"https:\/\/www.biancoscuro.it\/site\/wp-content\/uploads\/2018\/11\/1.-DYLAN-Fotografie-per-copertina-Saturday-Evening-Post-1966.jpg 1192w, https:\/\/www.biancoscuro.it\/site\/wp-content\/uploads\/2018\/11\/1.-DYLAN-Fotografie-per-copertina-Saturday-Evening-Post-1966-300x201.jpg 300w, https:\/\/www.biancoscuro.it\/site\/wp-content\/uploads\/2018\/11\/1.-DYLAN-Fotografie-per-copertina-Saturday-Evening-Post-1966-768x515.jpg 768w, https:\/\/www.biancoscuro.it\/site\/wp-content\/uploads\/2018\/11\/1.-DYLAN-Fotografie-per-copertina-Saturday-Evening-Post-1966-1024x687.jpg 1024w, https:\/\/www.biancoscuro.it\/site\/wp-content\/uploads\/2018\/11\/1.-DYLAN-Fotografie-per-copertina-Saturday-Evening-Post-1966-600x403.jpg 600w\" sizes=\"auto, (max-width: 1192px) 100vw, 1192px\" \/><figcaption>Fotografie per copertina Saturday Evening Post, 1966<br \/>\u00a92018 Jerry Schatzberg<\/figcaption><\/figure>\n\n\n\n<p>Jerry Schatzberg (1927) \u00e8 un fotografo e regista. Prima di dirigere film, negli anni settanta, era&nbsp;gi\u00e0 un affermato fotografo professionista. Il suo lavoro \u00e8 apparso in molte riviste tra cui \u201cVogue\u201d&nbsp;e \u201cMcCall\u2019s\u201d.<\/p>\n\n\n\n<figure class=\"wp-block-image\"><img loading=\"lazy\" decoding=\"async\" width=\"1174\" height=\"800\" src=\"https:\/\/www.biancoscuro.it\/site\/wp-content\/uploads\/2018\/11\/10.-DYLAN-Dylan-scherza-1965.jpg\" alt=\"\" class=\"wp-image-8241\" srcset=\"https:\/\/www.biancoscuro.it\/site\/wp-content\/uploads\/2018\/11\/10.-DYLAN-Dylan-scherza-1965.jpg 1174w, https:\/\/www.biancoscuro.it\/site\/wp-content\/uploads\/2018\/11\/10.-DYLAN-Dylan-scherza-1965-300x204.jpg 300w, https:\/\/www.biancoscuro.it\/site\/wp-content\/uploads\/2018\/11\/10.-DYLAN-Dylan-scherza-1965-768x523.jpg 768w, https:\/\/www.biancoscuro.it\/site\/wp-content\/uploads\/2018\/11\/10.-DYLAN-Dylan-scherza-1965-1024x698.jpg 1024w, https:\/\/www.biancoscuro.it\/site\/wp-content\/uploads\/2018\/11\/10.-DYLAN-Dylan-scherza-1965-600x409.jpg 600w\" sizes=\"auto, (max-width: 1174px) 100vw, 1174px\" \/><figcaption>Dylan scherza, 1965<br \/>\u00a92018 Jerry Schatzberg<\/figcaption><\/figure>\n","protected":false},"excerpt":{"rendered":"<p><span class=\"span-reading-time rt-reading-time\" style=\"display: block;\"><span class=\"rt-label rt-prefix\">\u23f0 lettura <\/span> <span class=\"rt-time\"> 2<\/span> <span class=\"rt-label rt-postfix\">min. <\/p>\n<p><\/span><\/span>Il primo libro che riunisce gli iconici scatti di Schatzberg fatti a Bob Dylan all\u2019apice della sua carriera Gioved\u00ec 29 novembre alle 18.30 alla Libreria Feltrinelli Duomo a Milano si terr\u00e0 la&nbsp;presentazione del magnifico volume DYLAN\/SCHATZBERG edito da Skira. Intervengono Raffaello Carabini, Denis Curti, Paolo Jannacci. Il primo libro che riunisce gli iconici scatti di&hellip;&nbsp;<a href=\"https:\/\/www.biancoscuro.it\/site\/dylan-schatzberg-il-primo-libro-che-riunisce-gli-iconici-scatti-di-schatzberg-fatti-a-bob-dylan-allapice-della-sua-carriera\/\" rel=\"bookmark\">Leggi tutto &raquo;<span class=\"screen-reader-text\">DYLAN \/ SCHATZBERG | Skira<\/span><\/a><\/p>\n","protected":false},"author":917,"featured_media":8237,"comment_status":"closed","ping_status":"closed","sticky":false,"template":"","format":"standard","meta":{"neve_meta_sidebar":"","neve_meta_container":"","neve_meta_enable_content_width":"","neve_meta_content_width":0,"neve_meta_title_alignment":"","neve_meta_author_avatar":"","neve_post_elements_order":"","neve_meta_disable_header":"","neve_meta_disable_footer":"","neve_meta_disable_title":"","advanced_seo_description":"","jetpack_seo_html_title":"","jetpack_seo_noindex":false,"footnotes":""},"categories":[5],"tags":[],"class_list":["post-8236","post","type-post","status-publish","format-standard","has-post-thumbnail","hentry","category-arte"],"jetpack_featured_media_url":"https:\/\/www.biancoscuro.it\/site\/wp-content\/uploads\/2018\/11\/Dylan-Schatzberg-cover-DEF.jpg","jetpack_sharing_enabled":true,"jetpack-related-posts":[{"id":7207,"url":"https:\/\/www.biancoscuro.it\/site\/super-pino-pascali-e-il-sogno-americano-presentazione-al-museo-del-novecento-a-milano\/","url_meta":{"origin":8236,"position":0},"title":"SUPER. Pino Pascali e il Sogno americano   Presentazione al Museo del Novecento a Milano","author":"Chiara","date":"7 Maggio 2018","format":false,"excerpt":"Mercoled\u00ec 9 Maggio alle 18 al Museo del Novecento a Milano (Piazza Duomo 8) si terr\u00e0 la presentazione del libro SUPER. Pino Pascali e il Sogno americano\u00a0di Roberto Lacarbonara e Giuseppe Teofilo, SKIRA editore. Introduce\u00a0Anna Maria Montaldo.\u00a0Intervengono\u00a0Raffaella Perna, Gaspare Luigi Marcone, Roberto Lacarbonara. Ingresso libero fino a esaurimento posti. \u00a0\u2026","rel":"","context":"In &quot;arte&quot;","block_context":{"text":"arte","link":"https:\/\/www.biancoscuro.it\/site\/category\/arte\/"},"img":{"alt_text":"","src":"https:\/\/i0.wp.com\/www.biancoscuro.it\/site\/wp-content\/uploads\/2018\/05\/PASCALI-Super.jpeg?resize=350%2C200&ssl=1","width":350,"height":200,"srcset":"https:\/\/i0.wp.com\/www.biancoscuro.it\/site\/wp-content\/uploads\/2018\/05\/PASCALI-Super.jpeg?resize=350%2C200&ssl=1 1x, https:\/\/i0.wp.com\/www.biancoscuro.it\/site\/wp-content\/uploads\/2018\/05\/PASCALI-Super.jpeg?resize=525%2C300&ssl=1 1.5x, https:\/\/i0.wp.com\/www.biancoscuro.it\/site\/wp-content\/uploads\/2018\/05\/PASCALI-Super.jpeg?resize=700%2C400&ssl=1 2x"},"classes":[]},{"id":7476,"url":"https:\/\/www.biancoscuro.it\/site\/a-bottega-brera-il-27-giugno-le-limited-editions-skira-di-paladino-sugimoto-moriyama-orsi\/","url_meta":{"origin":8236,"position":1},"title":"A Bottega Brera il 27 giugno le Limited Editions Skira  Paladino, Sugimoto, Moriyama, Orsi","author":"Chiara","date":"20 Giugno 2018","format":false,"excerpt":"Il 27 giugno dalle 18 alla Bottega Brera, il nuovo bookstore Skira alla Pinacoteca di Brera (Via Brera 28 pianoterra) Brindisi e musica per festeggiare l\u2019estate e le nuove prestigiose Limited Editions. L\u2019artista Mimmo Paladino e i fotografi Daido Moriyama, Carlo Orsi, Hiroshi Sugimoto sono i protagonisti di splendide edizioni\u2026","rel":"","context":"In &quot;arte&quot;","block_context":{"text":"arte","link":"https:\/\/www.biancoscuro.it\/site\/category\/arte\/"},"img":{"alt_text":"","src":"https:\/\/i0.wp.com\/www.biancoscuro.it\/site\/wp-content\/uploads\/2018\/06\/5_Moriyama.jpg?resize=350%2C200&ssl=1","width":350,"height":200,"srcset":"https:\/\/i0.wp.com\/www.biancoscuro.it\/site\/wp-content\/uploads\/2018\/06\/5_Moriyama.jpg?resize=350%2C200&ssl=1 1x, https:\/\/i0.wp.com\/www.biancoscuro.it\/site\/wp-content\/uploads\/2018\/06\/5_Moriyama.jpg?resize=525%2C300&ssl=1 1.5x, https:\/\/i0.wp.com\/www.biancoscuro.it\/site\/wp-content\/uploads\/2018\/06\/5_Moriyama.jpg?resize=700%2C400&ssl=1 2x"},"classes":[]},{"id":6266,"url":"https:\/\/www.biancoscuro.it\/site\/mistero-dellangelo-perduto-alla-fondazione-bracco-presentazione-del-libro-paolo-jorio-rossella-vodret-edito-skira\/","url_meta":{"origin":8236,"position":2},"title":"Il mistero dell&#8217;angelo perduto  Alla Fondazione Bracco presentazione del libro di Paolo Jorio e Rossella Vodret edito da Skira","author":"Chiara","date":"4 Dicembre 2017","format":false,"excerpt":"\u00a0 Marted\u00ec 12 dicembre alle ore 18.30 al Teatrino della Fondazione Bracco a Milano (Via Cino del Duca 8, Piazza San Babila) sar\u00e0 presentato il libro Il Mistero dell\u2019angelo perduto di Paolo Jorio e Rossella Vodret edito da SKIRA Con gli autori interviene Pierluigi Panza, Corriere della Sera. Berlino, Olimpiadi\u2026","rel":"","context":"In &quot;arte&quot;","block_context":{"text":"arte","link":"https:\/\/www.biancoscuro.it\/site\/category\/arte\/"},"img":{"alt_text":"","src":"https:\/\/i0.wp.com\/www.biancoscuro.it\/site\/wp-content\/uploads\/2017\/12\/Vodret-Mistero-angelo-perduto.jpg?resize=350%2C200&ssl=1","width":350,"height":200,"srcset":"https:\/\/i0.wp.com\/www.biancoscuro.it\/site\/wp-content\/uploads\/2017\/12\/Vodret-Mistero-angelo-perduto.jpg?resize=350%2C200&ssl=1 1x, https:\/\/i0.wp.com\/www.biancoscuro.it\/site\/wp-content\/uploads\/2017\/12\/Vodret-Mistero-angelo-perduto.jpg?resize=525%2C300&ssl=1 1.5x, https:\/\/i0.wp.com\/www.biancoscuro.it\/site\/wp-content\/uploads\/2017\/12\/Vodret-Mistero-angelo-perduto.jpg?resize=700%2C400&ssl=1 2x"},"classes":[]},{"id":5517,"url":"https:\/\/www.biancoscuro.it\/site\/wrecksrelitti-presentazione-milano-del-volume-fotografico-stefano-benazzo-edito-skira\/","url_meta":{"origin":8236,"position":3},"title":"WRECKS\/RELITTI Presentazione a Milano del volume fotografico di Stefano Benazzo edito da SKIRA","author":"Chiara","date":"16 Maggio 2017","format":false,"excerpt":"\u00a0 Gioved\u00ec 18 maggio alle 19.00 alla Libreria del Mare a Milano avr\u00e0 luogo la presentazione del volume WRECKS\/RELITTI di Stefano Benazzo pubblicato da SKIRA. Con l\u2019autore interviene Roberto Mutti Attraverso potenti immagini di relitti scattate da decenni sulle coste del mondo, il fotografo italiano Stefano Benazzo fa rivivere i\u2026","rel":"","context":"In &quot;editoria&quot;","block_context":{"text":"editoria","link":"https:\/\/www.biancoscuro.it\/site\/category\/editoria\/"},"img":{"alt_text":"","src":"https:\/\/i0.wp.com\/www.biancoscuro.it\/site\/wp-content\/uploads\/2017\/05\/BENAZZO-Relitti.jpg?resize=350%2C200&ssl=1","width":350,"height":200,"srcset":"https:\/\/i0.wp.com\/www.biancoscuro.it\/site\/wp-content\/uploads\/2017\/05\/BENAZZO-Relitti.jpg?resize=350%2C200&ssl=1 1x, https:\/\/i0.wp.com\/www.biancoscuro.it\/site\/wp-content\/uploads\/2017\/05\/BENAZZO-Relitti.jpg?resize=525%2C300&ssl=1 1.5x, https:\/\/i0.wp.com\/www.biancoscuro.it\/site\/wp-content\/uploads\/2017\/05\/BENAZZO-Relitti.jpg?resize=700%2C400&ssl=1 2x, https:\/\/i0.wp.com\/www.biancoscuro.it\/site\/wp-content\/uploads\/2017\/05\/BENAZZO-Relitti.jpg?resize=1050%2C600&ssl=1 3x"},"classes":[]},{"id":9143,"url":"https:\/\/www.biancoscuro.it\/site\/alla-scoperta-di-antonello-da-messina-con-vittorio-sgarbi\/","url_meta":{"origin":8236,"position":4},"title":"Alla scoperta di Antonello da Messina con Vittorio Sgarbi","author":"Chiara","date":"17 Maggio 2019","format":false,"excerpt":"Il Comune di Milano-Cultura, Palazzo Reale e Skira Editore promuovono luned\u00ec 27 maggio UNA VISITA SPECIALE\u00a0con\u00a0VITTORIO SGARBI alla mostra\u00a0ANTONELLO DA MESSINA\u00a0in corso sino al 2 giugno a Palazzo Reale, in occasione della pubblicazione del suo nuovo libro Antonello contemporaneo, SKIRA. Appuntamento alle ore 19 all\u2019ingresso della mostra a Palazzo Reale,\u2026","rel":"","context":"In &quot;arte&quot;","block_context":{"text":"arte","link":"https:\/\/www.biancoscuro.it\/site\/category\/arte\/"},"img":{"alt_text":"","src":"https:\/\/i0.wp.com\/www.biancoscuro.it\/site\/wp-content\/uploads\/2019\/05\/Sgarbi-Antonello-contemporaneo.jpg?resize=350%2C200&ssl=1","width":350,"height":200,"srcset":"https:\/\/i0.wp.com\/www.biancoscuro.it\/site\/wp-content\/uploads\/2019\/05\/Sgarbi-Antonello-contemporaneo.jpg?resize=350%2C200&ssl=1 1x, https:\/\/i0.wp.com\/www.biancoscuro.it\/site\/wp-content\/uploads\/2019\/05\/Sgarbi-Antonello-contemporaneo.jpg?resize=525%2C300&ssl=1 1.5x, https:\/\/i0.wp.com\/www.biancoscuro.it\/site\/wp-content\/uploads\/2019\/05\/Sgarbi-Antonello-contemporaneo.jpg?resize=700%2C400&ssl=1 2x"},"classes":[]},{"id":6989,"url":"https:\/\/www.biancoscuro.it\/site\/alla-triennale-di-milano-una-serata-dedicata-a-gillo-dorfles-e-al-suo-ultimo-libro-la-mia-america\/","url_meta":{"origin":8236,"position":5},"title":"Alla Triennale di Milano una serata speciale dedicata a GILLO DORFLES e al suo ultimo libro la mia America","author":"Chiara","date":"3 Aprile 2018","format":false,"excerpt":"Marted\u00ec 10 aprile alle 18.30 nel Salone d\u2019Onore della Triennale di Milano (Viale Alemagna 6) Skira Editore e la Triennale ricordano ufficialmente GILLO DORFLES Il 12 aprile il grande critico d\u2019arte avrebbe compiuto 108 anni. Milano lo ricorda con un grande evento pubblico, dove interverranno Stefano Boeri, Aldo Colonetti, Nicoletta\u2026","rel":"","context":"In &quot;arte&quot;","block_context":{"text":"arte","link":"https:\/\/www.biancoscuro.it\/site\/category\/arte\/"},"img":{"alt_text":"","src":"https:\/\/i0.wp.com\/www.biancoscuro.it\/site\/wp-content\/uploads\/2018\/04\/Dorfles-La-mia-America.jpg?resize=350%2C200&ssl=1","width":350,"height":200,"srcset":"https:\/\/i0.wp.com\/www.biancoscuro.it\/site\/wp-content\/uploads\/2018\/04\/Dorfles-La-mia-America.jpg?resize=350%2C200&ssl=1 1x, https:\/\/i0.wp.com\/www.biancoscuro.it\/site\/wp-content\/uploads\/2018\/04\/Dorfles-La-mia-America.jpg?resize=525%2C300&ssl=1 1.5x, https:\/\/i0.wp.com\/www.biancoscuro.it\/site\/wp-content\/uploads\/2018\/04\/Dorfles-La-mia-America.jpg?resize=700%2C400&ssl=1 2x, https:\/\/i0.wp.com\/www.biancoscuro.it\/site\/wp-content\/uploads\/2018\/04\/Dorfles-La-mia-America.jpg?resize=1050%2C600&ssl=1 3x, https:\/\/i0.wp.com\/www.biancoscuro.it\/site\/wp-content\/uploads\/2018\/04\/Dorfles-La-mia-America.jpg?resize=1400%2C800&ssl=1 4x"},"classes":[]}],"_links":{"self":[{"href":"https:\/\/www.biancoscuro.it\/site\/wp-json\/wp\/v2\/posts\/8236","targetHints":{"allow":["GET"]}}],"collection":[{"href":"https:\/\/www.biancoscuro.it\/site\/wp-json\/wp\/v2\/posts"}],"about":[{"href":"https:\/\/www.biancoscuro.it\/site\/wp-json\/wp\/v2\/types\/post"}],"author":[{"embeddable":true,"href":"https:\/\/www.biancoscuro.it\/site\/wp-json\/wp\/v2\/users\/917"}],"replies":[{"embeddable":true,"href":"https:\/\/www.biancoscuro.it\/site\/wp-json\/wp\/v2\/comments?post=8236"}],"version-history":[{"count":0,"href":"https:\/\/www.biancoscuro.it\/site\/wp-json\/wp\/v2\/posts\/8236\/revisions"}],"wp:featuredmedia":[{"embeddable":true,"href":"https:\/\/www.biancoscuro.it\/site\/wp-json\/wp\/v2\/media\/8237"}],"wp:attachment":[{"href":"https:\/\/www.biancoscuro.it\/site\/wp-json\/wp\/v2\/media?parent=8236"}],"wp:term":[{"taxonomy":"category","embeddable":true,"href":"https:\/\/www.biancoscuro.it\/site\/wp-json\/wp\/v2\/categories?post=8236"},{"taxonomy":"post_tag","embeddable":true,"href":"https:\/\/www.biancoscuro.it\/site\/wp-json\/wp\/v2\/tags?post=8236"}],"curies":[{"name":"wp","href":"https:\/\/api.w.org\/{rel}","templated":true}]}}