{"id":8275,"date":"2018-12-07T13:22:59","date_gmt":"2018-12-07T11:22:59","guid":{"rendered":"https:\/\/www.biancoscuro.it\/site\/?p=8275"},"modified":"2018-12-10T11:15:09","modified_gmt":"2018-12-10T09:15:09","slug":"a-lezione-con-caravaggio","status":"publish","type":"post","link":"https:\/\/www.biancoscuro.it\/site\/a-lezione-con-caravaggio\/","title":{"rendered":"A lezione con Caravaggio al Museo della Permanente"},"content":{"rendered":"<span class=\"span-reading-time rt-reading-time\" style=\"display: block;\"><span class=\"rt-label rt-prefix\">\u23f0 lettura <\/span> <span class=\"rt-time\"> 2<\/span> <span class=\"rt-label rt-postfix\">min. <br><br><\/span><\/span>\n<h4 class=\"wp-block-heading\"><strong>Marted\u00ec 11 dicembre alle 18.30 al Museo della Permanente a Milano  &#8211; dove \u00e8 in corso la spettacolare mostra immersiva <em>Caravaggio Oltre la tela &#8211;&nbsp;<\/em>si terr\u00e0 una lezione del docente e storico dell&#8217;arte STEFANO ZUFFI, autore del volume <em>Nel segno di CARAVAGGIO<\/em> edito da Skira.<\/strong><\/h4>\n\n\n\n<figure class=\"wp-block-image\"><img loading=\"lazy\" decoding=\"async\" width=\"841\" height=\"1024\" src=\"https:\/\/www.biancoscuro.it\/site\/wp-content\/uploads\/2018\/12\/Nel-segno-di-Caravaggio-Zuffi-841x1024.jpg\" alt=\"\" class=\"wp-image-8276\" srcset=\"https:\/\/www.biancoscuro.it\/site\/wp-content\/uploads\/2018\/12\/Nel-segno-di-Caravaggio-Zuffi-841x1024.jpg 841w, https:\/\/www.biancoscuro.it\/site\/wp-content\/uploads\/2018\/12\/Nel-segno-di-Caravaggio-Zuffi-246x300.jpg 246w, https:\/\/www.biancoscuro.it\/site\/wp-content\/uploads\/2018\/12\/Nel-segno-di-Caravaggio-Zuffi-768x935.jpg 768w, https:\/\/www.biancoscuro.it\/site\/wp-content\/uploads\/2018\/12\/Nel-segno-di-Caravaggio-Zuffi-600x731.jpg 600w, https:\/\/www.biancoscuro.it\/site\/wp-content\/uploads\/2018\/12\/Nel-segno-di-Caravaggio-Zuffi-1320x1608.jpg 1320w, https:\/\/www.biancoscuro.it\/site\/wp-content\/uploads\/2018\/12\/Nel-segno-di-Caravaggio-Zuffi.jpg 1455w\" sizes=\"auto, (max-width: 841px) 100vw, 841px\" \/><\/figure>\n\n\n\n<p>Pittore e assassino sullo sfondo solenne della Roma del primo Seicento, Caravaggio (1571-1610) \u00e8 uno degli artisti pi\u00f9 appassionanti e potentemente espressivi: protagonista di una vera&nbsp;e propria Odissea mediterranea, ma insieme capace di rivoluzionare il corso della pittura&nbsp;europea.<\/p>\n\n\n\n<figure class=\"wp-block-image\"><img loading=\"lazy\" decoding=\"async\" width=\"635\" height=\"787\" src=\"https:\/\/www.biancoscuro.it\/site\/wp-content\/uploads\/2018\/12\/1a.Caravaggio-Maddalena-penitente-Galleria-Doria-Pamphilj-Roma.jpg\" alt=\"\" class=\"wp-image-8277\" srcset=\"https:\/\/www.biancoscuro.it\/site\/wp-content\/uploads\/2018\/12\/1a.Caravaggio-Maddalena-penitente-Galleria-Doria-Pamphilj-Roma.jpg 635w, https:\/\/www.biancoscuro.it\/site\/wp-content\/uploads\/2018\/12\/1a.Caravaggio-Maddalena-penitente-Galleria-Doria-Pamphilj-Roma-242x300.jpg 242w, https:\/\/www.biancoscuro.it\/site\/wp-content\/uploads\/2018\/12\/1a.Caravaggio-Maddalena-penitente-Galleria-Doria-Pamphilj-Roma-600x744.jpg 600w\" sizes=\"auto, (max-width: 635px) 100vw, 635px\" \/><figcaption>Caravaggio,&nbsp;<em>Maddalena penitente,<\/em> 1595-1596 <br \/>olio su tela, 122,5&#215;98,5 cm<br \/>Galleria Doria Pamphilj, Roma <br \/><br \/><\/figcaption><\/figure>\n\n\n\n<p>Il volume vuole avvicinarci a questo maestro dell\u2019arte italiana da <strong>un punto di vista nuovo.<\/strong>&nbsp;Rinunciando per una volta alla consueta sequenza cronologica, le opere di Caravaggio sono&nbsp;qui considerate nel loro insieme, nei due decenni a cavallo dell\u2019anno 1600.&nbsp;Di capitolo in capitolo, osserveremo <strong>aspetti particolari dell\u2019arte del pittore milanese<\/strong>: la presenza&nbsp;di <strong>modelli ricorrenti<\/strong>, la <strong>passione per lame e pugnali<\/strong>, l\u2019<strong>ossessione per le teste mozzate<\/strong>,&nbsp;l\u2019<strong>eccezionale <\/strong>e pionieristica <strong>abilit\u00e0 nella natura morta<\/strong>, e cos\u00ec via.&nbsp;Fra le luci e le ombre di <strong>una pittura appassionata<\/strong>, Caravaggio ci chiama sulla scena,&nbsp;coinvolgendoci in un fatto che si sta compiendo <em>hic et nunc<\/em>, qui e adesso, sotto i nostri occhi.<\/p>\n\n\n\n<figure class=\"wp-block-image is-resized\"><img loading=\"lazy\" decoding=\"async\" src=\"https:\/\/www.biancoscuro.it\/site\/wp-content\/uploads\/2018\/12\/9a.-Caravaggio-Testa-di-Medusa-Galleria-Uffizi-Firenze.jpg\" alt=\"\" class=\"wp-image-8283\" width=\"580\" height=\"607\" srcset=\"https:\/\/www.biancoscuro.it\/site\/wp-content\/uploads\/2018\/12\/9a.-Caravaggio-Testa-di-Medusa-Galleria-Uffizi-Firenze.jpg 600w, https:\/\/www.biancoscuro.it\/site\/wp-content\/uploads\/2018\/12\/9a.-Caravaggio-Testa-di-Medusa-Galleria-Uffizi-Firenze-287x300.jpg 287w\" sizes=\"auto, (max-width: 580px) 100vw, 580px\" \/><figcaption>Caravaggio,&nbsp;<em>Testa di Medusa<\/em>, 1597<br \/>olio su tela montata su scudo in legno di pioppo, 60&#215;55 cm<br \/>Galleria degli Uffizi, Firenze<\/figcaption><\/figure>\n\n\n\n<p><strong>La sua pittura entra nella nostra vita.<\/strong><br \/>Storico dell\u2019arte, <strong>Stefano Zuffi<\/strong> si occupa del periodo tra Rinascimento e Barocco.&nbsp;\u00c8 autore di oltre cento pubblicazioni, in particolare su Durer, Michelangelo, Rembrandt,Vermeer, Tiziano e Caravaggio.<br \/><\/p>\n\n\n\n<div class=\"wp-block-image\"><figure class=\"aligncenter\"><img loading=\"lazy\" decoding=\"async\" width=\"412\" height=\"475\" src=\"https:\/\/www.biancoscuro.it\/site\/wp-content\/uploads\/2018\/12\/2a.-Caravaggio-Bacco-Galleria-Uffizi-Firenze.jpg\" alt=\"\" class=\"wp-image-8279\" srcset=\"https:\/\/www.biancoscuro.it\/site\/wp-content\/uploads\/2018\/12\/2a.-Caravaggio-Bacco-Galleria-Uffizi-Firenze.jpg 412w, https:\/\/www.biancoscuro.it\/site\/wp-content\/uploads\/2018\/12\/2a.-Caravaggio-Bacco-Galleria-Uffizi-Firenze-260x300.jpg 260w\" sizes=\"auto, (max-width: 412px) 100vw, 412px\" \/><figcaption>Caravaggio,&nbsp;<em>Bacco<\/em>, 1594-1595<br \/>oliosu tela, 95&#215;85 cm<br \/>Galleria degli Uffizi, Firenze<\/figcaption><\/figure><\/div>\n\n\n\n<p>In occasione dell&#8217;incontro, \u00e8 riservata a chi non avesse ancora visto <strong>la mostra immersiva&nbsp;<em>Caravaggio Oltre la tela<\/em> una straordinaria promozione<\/strong>:&nbsp;<strong>chi acquister\u00e0 il biglietto di ingresso tra le ore 17 e le 19 di marted\u00ec 11 dicembre e visiter\u00e0 la mostra quel giorno<\/strong> pagher\u00e0 un <strong>ridotto di 8 euro<\/strong> (anzich\u00e9 14 euro)&nbsp;<\/p>\n\n\n\n<figure class=\"wp-block-image\"><img loading=\"lazy\" decoding=\"async\" width=\"866\" height=\"614\" src=\"https:\/\/www.biancoscuro.it\/site\/wp-content\/uploads\/2018\/12\/4a.-Caravaggio-Cena-in-Emmaus-National-Gallery-Londra.jpg\" alt=\"\" class=\"wp-image-8281\" srcset=\"https:\/\/www.biancoscuro.it\/site\/wp-content\/uploads\/2018\/12\/4a.-Caravaggio-Cena-in-Emmaus-National-Gallery-Londra.jpg 866w, https:\/\/www.biancoscuro.it\/site\/wp-content\/uploads\/2018\/12\/4a.-Caravaggio-Cena-in-Emmaus-National-Gallery-Londra-300x213.jpg 300w, https:\/\/www.biancoscuro.it\/site\/wp-content\/uploads\/2018\/12\/4a.-Caravaggio-Cena-in-Emmaus-National-Gallery-Londra-768x545.jpg 768w, https:\/\/www.biancoscuro.it\/site\/wp-content\/uploads\/2018\/12\/4a.-Caravaggio-Cena-in-Emmaus-National-Gallery-Londra-600x425.jpg 600w\" sizes=\"auto, (max-width: 866px) 100vw, 866px\" \/><figcaption>Caravaggio,&nbsp;<em>Cena in Emmaus,<\/em>1601<br \/>olio e tempera su tela, 141&#215;196,2 cm<br \/>The National Gallery, Londra<\/figcaption><\/figure>\n\n\n\n<p>Un percorso affascinante ed emozionante per rivivere in 45 minuti, con l&#8217;ausilio della tecnologia pi\u00f9 avanzata, la vita e le opere di Caravaggio in un avvincente e suggestivo racconto, realizzato con la consulenza scientifica di Rossella Vodret.<\/p>\n\n\n\n<p><strong><a href=\"http:\/\/www.caravaggiomilano.it\" target=\"_blank\" rel=\"noreferrer noopener\" aria-label=\"www.caravaggiomilano.it (opens in a new tab)\">www.caravaggiomilano.it<\/a><\/strong><\/p>\n","protected":false},"excerpt":{"rendered":"<p><span class=\"span-reading-time rt-reading-time\" style=\"display: block;\"><span class=\"rt-label rt-prefix\">\u23f0 lettura <\/span> <span class=\"rt-time\"> 2<\/span> <span class=\"rt-label rt-postfix\">min. <\/p>\n<p><\/span><\/span>Marted\u00ec 11 dicembre alle 18.30 al Museo della Permanente a Milano &#8211; dove \u00e8 in corso la spettacolare mostra immersiva Caravaggio Oltre la tela &#8211;&nbsp;si terr\u00e0 una lezione del docente e storico dell&#8217;arte STEFANO ZUFFI, autore del volume Nel segno di CARAVAGGIO edito da Skira. Pittore e assassino sullo sfondo solenne della Roma del primo&hellip;&nbsp;<a href=\"https:\/\/www.biancoscuro.it\/site\/a-lezione-con-caravaggio\/\" rel=\"bookmark\">Leggi tutto &raquo;<span class=\"screen-reader-text\">A lezione con Caravaggio al Museo della Permanente<\/span><\/a><\/p>\n","protected":false},"author":917,"featured_media":8279,"comment_status":"closed","ping_status":"closed","sticky":false,"template":"","format":"standard","meta":{"neve_meta_sidebar":"","neve_meta_container":"","neve_meta_enable_content_width":"","neve_meta_content_width":0,"neve_meta_title_alignment":"","neve_meta_author_avatar":"","neve_post_elements_order":"","neve_meta_disable_header":"","neve_meta_disable_footer":"","neve_meta_disable_title":"","advanced_seo_description":"","jetpack_seo_html_title":"","jetpack_seo_noindex":false,"footnotes":""},"categories":[5],"tags":[1957,1958,1063,1956],"class_list":["post-8275","post","type-post","status-publish","format-standard","has-post-thumbnail","hentry","category-arte","tag-caravaggio","tag-museo-della-permanente","tag-skira","tag-stefano-zuffi"],"jetpack_featured_media_url":"https:\/\/www.biancoscuro.it\/site\/wp-content\/uploads\/2018\/12\/2a.-Caravaggio-Bacco-Galleria-Uffizi-Firenze.jpg","jetpack_sharing_enabled":true,"jetpack-related-posts":[{"id":9281,"url":"https:\/\/www.biancoscuro.it\/site\/lultimo-respiro-del-corvo-lomicidio-caravaggio-secondo-silvia-brena-e-lucio-salvini\/","url_meta":{"origin":8275,"position":0},"title":"L&#8217;ultimo respiro del corvo. L&#8217;omicidio Caravaggio secondo Silvia Brena e Lucio Salvini","author":"Chiara","date":"7 Giugno 2019","format":false,"excerpt":"Michelangelo Merisi da Caravaggio Martirio di Sant\u2019Orsola, 1610 Mercoled\u00ec 12 giugno al TEATRO FRANCO PARENTI a Milano alle 18.30 in Sala AcomeA si terr\u00e0 la presentazione del libro di Silvia Brena e Lucio Salvini L\u2019ULTIMO RESPIRO DEL CORVO. L\u2019OMICIDIO CARAVAGGIO\u00a0 Skira editore. L\u2019attore Angelo Di Genio legger\u00e0 brani tratti dal\u2026","rel":"","context":"In &quot;arte&quot;","block_context":{"text":"arte","link":"https:\/\/www.biancoscuro.it\/site\/category\/arte\/"},"img":{"alt_text":"","src":"https:\/\/i0.wp.com\/www.biancoscuro.it\/site\/wp-content\/uploads\/2019\/06\/Brena-Salvini-Ultimo-respiro-del-corvo-cover.jpg?resize=350%2C200&ssl=1","width":350,"height":200,"srcset":"https:\/\/i0.wp.com\/www.biancoscuro.it\/site\/wp-content\/uploads\/2019\/06\/Brena-Salvini-Ultimo-respiro-del-corvo-cover.jpg?resize=350%2C200&ssl=1 1x, https:\/\/i0.wp.com\/www.biancoscuro.it\/site\/wp-content\/uploads\/2019\/06\/Brena-Salvini-Ultimo-respiro-del-corvo-cover.jpg?resize=525%2C300&ssl=1 1.5x, https:\/\/i0.wp.com\/www.biancoscuro.it\/site\/wp-content\/uploads\/2019\/06\/Brena-Salvini-Ultimo-respiro-del-corvo-cover.jpg?resize=700%2C400&ssl=1 2x"},"classes":[]},{"id":6357,"url":"https:\/\/www.biancoscuro.it\/site\/prorogata-al-4-febbraio-la-mostra-dentro-caravaggio-palazzo-reale-milano\/","url_meta":{"origin":8275,"position":1},"title":"PROROGATA AL 4 FEBBRAIO LA MOSTRA DENTRO CARAVAGGIO A PALAZZO REALE A MILANO","author":"Chiara","date":"18 Gennaio 2018","format":false,"excerpt":"La mostra Dentro Caravaggio, aperta a Palazzo Reale il 28 settembre 2017, la cui chiusura era prevista per domenica 28 gennaio, viene prorogata sino a domenica 4 febbraio. La decisione, visto l\u2019esito straordinario della rassegna (gi\u00e0 visitata, a ieri, 17 gennaio, da oltre 320.000 visitatori) e l\u2019ancora vastissima richiesta di\u2026","rel":"","context":"In &quot;arte&quot;","block_context":{"text":"arte","link":"https:\/\/www.biancoscuro.it\/site\/category\/arte\/"},"img":{"alt_text":"","src":"https:\/\/i0.wp.com\/www.biancoscuro.it\/site\/wp-content\/uploads\/2018\/01\/Dentro-Caravaggio-02-Photo-Molteni-Motta.jpg?resize=350%2C200&ssl=1","width":350,"height":200,"srcset":"https:\/\/i0.wp.com\/www.biancoscuro.it\/site\/wp-content\/uploads\/2018\/01\/Dentro-Caravaggio-02-Photo-Molteni-Motta.jpg?resize=350%2C200&ssl=1 1x, https:\/\/i0.wp.com\/www.biancoscuro.it\/site\/wp-content\/uploads\/2018\/01\/Dentro-Caravaggio-02-Photo-Molteni-Motta.jpg?resize=525%2C300&ssl=1 1.5x, https:\/\/i0.wp.com\/www.biancoscuro.it\/site\/wp-content\/uploads\/2018\/01\/Dentro-Caravaggio-02-Photo-Molteni-Motta.jpg?resize=700%2C400&ssl=1 2x, https:\/\/i0.wp.com\/www.biancoscuro.it\/site\/wp-content\/uploads\/2018\/01\/Dentro-Caravaggio-02-Photo-Molteni-Motta.jpg?resize=1050%2C600&ssl=1 3x"},"classes":[]},{"id":7951,"url":"https:\/\/www.biancoscuro.it\/site\/caravaggio-oltre-la-tela-la-mostra-immersiva\/","url_meta":{"origin":8275,"position":2},"title":"CARAVAGGIO Oltre la tela     La mostra immersiva","author":"Chiara","date":"2 Ottobre 2018","format":false,"excerpt":"Al Museo della Permanente a Milano dal 6 ottobre al 27 gennaio una spettacolare e avvincente mostra multimediale immersiva alla scoperta del genio di Caravaggio e dei suoi straordinari capolavori. MondoMostreSkira, dopo lo straordinario successo della mostra Dentro Caravaggio, presenta al Museo della Permanente a Milano\u00a0Caravaggio. Oltre la tela: La\u2026","rel":"","context":"In &quot;arte&quot;","block_context":{"text":"arte","link":"https:\/\/www.biancoscuro.it\/site\/category\/arte\/"},"img":{"alt_text":"","src":"https:\/\/i0.wp.com\/www.biancoscuro.it\/site\/wp-content\/uploads\/2018\/10\/Render-Medusa.jpg?resize=350%2C200&ssl=1","width":350,"height":200,"srcset":"https:\/\/i0.wp.com\/www.biancoscuro.it\/site\/wp-content\/uploads\/2018\/10\/Render-Medusa.jpg?resize=350%2C200&ssl=1 1x, https:\/\/i0.wp.com\/www.biancoscuro.it\/site\/wp-content\/uploads\/2018\/10\/Render-Medusa.jpg?resize=525%2C300&ssl=1 1.5x, https:\/\/i0.wp.com\/www.biancoscuro.it\/site\/wp-content\/uploads\/2018\/10\/Render-Medusa.jpg?resize=700%2C400&ssl=1 2x, https:\/\/i0.wp.com\/www.biancoscuro.it\/site\/wp-content\/uploads\/2018\/10\/Render-Medusa.jpg?resize=1050%2C600&ssl=1 3x"},"classes":[]},{"id":6266,"url":"https:\/\/www.biancoscuro.it\/site\/mistero-dellangelo-perduto-alla-fondazione-bracco-presentazione-del-libro-paolo-jorio-rossella-vodret-edito-skira\/","url_meta":{"origin":8275,"position":3},"title":"Il mistero dell&#8217;angelo perduto  Alla Fondazione Bracco presentazione del libro di Paolo Jorio e Rossella Vodret edito da Skira","author":"Chiara","date":"4 Dicembre 2017","format":false,"excerpt":"\u00a0 Marted\u00ec 12 dicembre alle ore 18.30 al Teatrino della Fondazione Bracco a Milano (Via Cino del Duca 8, Piazza San Babila) sar\u00e0 presentato il libro Il Mistero dell\u2019angelo perduto di Paolo Jorio e Rossella Vodret edito da SKIRA Con gli autori interviene Pierluigi Panza, Corriere della Sera. Berlino, Olimpiadi\u2026","rel":"","context":"In &quot;arte&quot;","block_context":{"text":"arte","link":"https:\/\/www.biancoscuro.it\/site\/category\/arte\/"},"img":{"alt_text":"","src":"https:\/\/i0.wp.com\/www.biancoscuro.it\/site\/wp-content\/uploads\/2017\/12\/Vodret-Mistero-angelo-perduto.jpg?resize=350%2C200&ssl=1","width":350,"height":200,"srcset":"https:\/\/i0.wp.com\/www.biancoscuro.it\/site\/wp-content\/uploads\/2017\/12\/Vodret-Mistero-angelo-perduto.jpg?resize=350%2C200&ssl=1 1x, https:\/\/i0.wp.com\/www.biancoscuro.it\/site\/wp-content\/uploads\/2017\/12\/Vodret-Mistero-angelo-perduto.jpg?resize=525%2C300&ssl=1 1.5x, https:\/\/i0.wp.com\/www.biancoscuro.it\/site\/wp-content\/uploads\/2017\/12\/Vodret-Mistero-angelo-perduto.jpg?resize=700%2C400&ssl=1 2x"},"classes":[]},{"id":6912,"url":"https:\/\/www.biancoscuro.it\/site\/il-mistero-dellangelo-perduto-a-palermo-la-presentazione-skira\/","url_meta":{"origin":8275,"position":4},"title":"IL MISTERO DELL&#8217;ANGELO PERDUTO | A Palermo la presentazione &#8211; SKIRA","author":"Chiara","date":"20 Marzo 2018","format":false,"excerpt":"Sabato 24 marzo si terr\u00e0 a Palermo al Museo Internazionale delle Marionette Antonio Pasqualino alle ore 11.30 La presentazione del libro di Paolo Jorio e Rossella Vodret\u00a0IL MISTERO DELL\u2019ANGELO PERDUTO edito da Skira, che rievoca l\u2019avventurosa e misteriosa vicenda del capolavoro di Caravaggio San Matteo e l\u2019angelo, che risulta andato\u2026","rel":"","context":"In &quot;arte&quot;","block_context":{"text":"arte","link":"https:\/\/www.biancoscuro.it\/site\/category\/arte\/"},"img":{"alt_text":"","src":"https:\/\/i0.wp.com\/www.biancoscuro.it\/site\/wp-content\/uploads\/2018\/03\/Vodret-Mistero-angelo-perduto.jpg?resize=350%2C200&ssl=1","width":350,"height":200,"srcset":"https:\/\/i0.wp.com\/www.biancoscuro.it\/site\/wp-content\/uploads\/2018\/03\/Vodret-Mistero-angelo-perduto.jpg?resize=350%2C200&ssl=1 1x, https:\/\/i0.wp.com\/www.biancoscuro.it\/site\/wp-content\/uploads\/2018\/03\/Vodret-Mistero-angelo-perduto.jpg?resize=525%2C300&ssl=1 1.5x, https:\/\/i0.wp.com\/www.biancoscuro.it\/site\/wp-content\/uploads\/2018\/03\/Vodret-Mistero-angelo-perduto.jpg?resize=700%2C400&ssl=1 2x"},"classes":[]},{"id":7356,"url":"https:\/\/www.biancoscuro.it\/site\/il-mistero-dellangelo-perduto-presentazione-a-roma\/","url_meta":{"origin":8275,"position":5},"title":"Il mistero dell&#8217;angelo perduto | Presentazione a Roma &#8211; Circolo Canottieri Aniene","author":"Chiara","date":"1 Giugno 2018","format":false,"excerpt":"Marted\u00ec 5 giugno, ore 19 - Circolo Canottieri Aniene a Roma (Lungotevere dell\u2019Acqua Acetosa, 119) presentazione del libro \"Il mistero dell'angelo perduto\" di Paolo Jorio e Rossella Vodret SKIRA editore Introduzione a cura di \u00a0Ciro Paolillo, Circolo Canottieri Aniene Interventi di\u00a0Louis Godart, Accademico dei Lincei,\u00a0Franco Recanatesi, giornalista, Giovanni Scipioni, giornalista.\u2026","rel":"","context":"In &quot;arte&quot;","block_context":{"text":"arte","link":"https:\/\/www.biancoscuro.it\/site\/category\/arte\/"},"img":{"alt_text":"","src":"https:\/\/i0.wp.com\/www.biancoscuro.it\/site\/wp-content\/uploads\/2018\/03\/Vodret-Mistero-angelo-perduto.jpg?resize=350%2C200&ssl=1","width":350,"height":200,"srcset":"https:\/\/i0.wp.com\/www.biancoscuro.it\/site\/wp-content\/uploads\/2018\/03\/Vodret-Mistero-angelo-perduto.jpg?resize=350%2C200&ssl=1 1x, https:\/\/i0.wp.com\/www.biancoscuro.it\/site\/wp-content\/uploads\/2018\/03\/Vodret-Mistero-angelo-perduto.jpg?resize=525%2C300&ssl=1 1.5x, https:\/\/i0.wp.com\/www.biancoscuro.it\/site\/wp-content\/uploads\/2018\/03\/Vodret-Mistero-angelo-perduto.jpg?resize=700%2C400&ssl=1 2x"},"classes":[]}],"_links":{"self":[{"href":"https:\/\/www.biancoscuro.it\/site\/wp-json\/wp\/v2\/posts\/8275","targetHints":{"allow":["GET"]}}],"collection":[{"href":"https:\/\/www.biancoscuro.it\/site\/wp-json\/wp\/v2\/posts"}],"about":[{"href":"https:\/\/www.biancoscuro.it\/site\/wp-json\/wp\/v2\/types\/post"}],"author":[{"embeddable":true,"href":"https:\/\/www.biancoscuro.it\/site\/wp-json\/wp\/v2\/users\/917"}],"replies":[{"embeddable":true,"href":"https:\/\/www.biancoscuro.it\/site\/wp-json\/wp\/v2\/comments?post=8275"}],"version-history":[{"count":0,"href":"https:\/\/www.biancoscuro.it\/site\/wp-json\/wp\/v2\/posts\/8275\/revisions"}],"wp:featuredmedia":[{"embeddable":true,"href":"https:\/\/www.biancoscuro.it\/site\/wp-json\/wp\/v2\/media\/8279"}],"wp:attachment":[{"href":"https:\/\/www.biancoscuro.it\/site\/wp-json\/wp\/v2\/media?parent=8275"}],"wp:term":[{"taxonomy":"category","embeddable":true,"href":"https:\/\/www.biancoscuro.it\/site\/wp-json\/wp\/v2\/categories?post=8275"},{"taxonomy":"post_tag","embeddable":true,"href":"https:\/\/www.biancoscuro.it\/site\/wp-json\/wp\/v2\/tags?post=8275"}],"curies":[{"name":"wp","href":"https:\/\/api.w.org\/{rel}","templated":true}]}}