{"id":8292,"date":"2018-12-08T20:07:36","date_gmt":"2018-12-08T18:07:36","guid":{"rendered":"https:\/\/www.biancoscuro.it\/site\/?p=8292"},"modified":"2018-12-10T11:14:50","modified_gmt":"2018-12-10T09:14:50","slug":"a-brera-la-limited-edition-lanterna-magica-di-guido-crepax","status":"publish","type":"post","link":"https:\/\/www.biancoscuro.it\/site\/a-brera-la-limited-edition-lanterna-magica-di-guido-crepax\/","title":{"rendered":"A Brera la Limited Edition Lanterna magica di Guido Crepax"},"content":{"rendered":"<span class=\"span-reading-time rt-reading-time\" style=\"display: block;\"><span class=\"rt-label rt-prefix\">\u23f0 lettura <\/span> <span class=\"rt-time\"> &lt; 1<\/span> <span class=\"rt-label rt-postfix\">min. <br><br><\/span><\/span>\n<h4 class=\"wp-block-heading\"><strong>Gioved\u00ec 13 dicembre alle 17.30 alla Pinacoteca di Brera (Sala della Passione)<\/strong> si terr\u00e0 la<strong>&nbsp;<\/strong>presentazione del volume <strong><em>Lanterna magica<\/em><\/strong>, <strong>nuova<\/strong>&nbsp;<strong>prestigiosa LIMITED EDITION SKIRA dedicata a Guido Crepax.<\/strong><\/h4>\n\n\n\n<p><em>Partecipano Antonio, Caterina e Giacomo Crepax. Interviene Paolo Barcucci, esperto di fumetto d&#8217;autore.<\/em><\/p>\n\n\n\n<p>Pubblicato per rendere omaggio alla prima edizione della graphic novel datata 1978, <strong>la Limited&nbsp;Edition di <\/strong><em><strong>Lanterna Magica<\/strong><\/em><strong> \u00e8 un libro di grande formato, impreziosito da tre serigrafie,&nbsp;<\/strong><em><strong>Imitazioni, Riflesso e Bambole,<\/strong><\/em>&nbsp;<strong>numerate e autenticate dall\u2019Archivio Guido Crepax<\/strong> e da una tavola artistica espressamente realizzata ed autografata da&nbsp;Lorenzo Mattotti.<\/p>\n\n\n\n<figure class=\"wp-block-image\"><img loading=\"lazy\" decoding=\"async\" width=\"774\" height=\"1024\" src=\"https:\/\/www.biancoscuro.it\/site\/wp-content\/uploads\/2018\/12\/LIMITED-Crepax-cover-774x1024.jpg\" alt=\"\" class=\"wp-image-8293\" srcset=\"https:\/\/www.biancoscuro.it\/site\/wp-content\/uploads\/2018\/12\/LIMITED-Crepax-cover-774x1024.jpg 774w, https:\/\/www.biancoscuro.it\/site\/wp-content\/uploads\/2018\/12\/LIMITED-Crepax-cover-227x300.jpg 227w, https:\/\/www.biancoscuro.it\/site\/wp-content\/uploads\/2018\/12\/LIMITED-Crepax-cover-768x1016.jpg 768w, https:\/\/www.biancoscuro.it\/site\/wp-content\/uploads\/2018\/12\/LIMITED-Crepax-cover-600x794.jpg 600w, https:\/\/www.biancoscuro.it\/site\/wp-content\/uploads\/2018\/12\/LIMITED-Crepax-cover-1320x1747.jpg 1320w, https:\/\/www.biancoscuro.it\/site\/wp-content\/uploads\/2018\/12\/LIMITED-Crepax-cover.jpg 1785w\" sizes=\"auto, (max-width: 774px) 100vw, 774px\" \/><\/figure>\n\n\n\n<p>La storia, interamente disegnata da Crepax, \u00e8 esempio di grafica modernissima e di ambientazioni e contesti \u201cfuori dalle dimensioni storiche\u201d. La prima edizione era stata&nbsp;introdotta da un testo di Gillo Dorfles, riportato qui integralmente.<\/p>\n\n\n\n<p><strong>Le 216 pagine dell\u2019opera sono stampate su preziosa carta avorio, il volume \u00e8 tirato a 300 copie<\/strong> e diviso in tre varianti&nbsp;caratterizzate, ognuna, da <strong>una serigrafia autenticata<\/strong> ed&nbsp;\u00e8 contenuto in una scatola a pozzetto, interamente rivestita in tela; ogni serigrafia \u00e8 inserita in una cartella rivestita in tela posta sopra&nbsp;il volume.&nbsp;<\/p>\n","protected":false},"excerpt":{"rendered":"<p><span class=\"span-reading-time rt-reading-time\" style=\"display: block;\"><span class=\"rt-label rt-prefix\">\u23f0 lettura <\/span> <span class=\"rt-time\"> &lt; 1<\/span> <span class=\"rt-label rt-postfix\">min. <\/p>\n<p><\/span><\/span>Gioved\u00ec 13 dicembre alle 17.30 alla Pinacoteca di Brera (Sala della Passione) si terr\u00e0 la&nbsp;presentazione del volume Lanterna magica, nuova&nbsp;prestigiosa LIMITED EDITION SKIRA dedicata a Guido Crepax. Partecipano Antonio, Caterina e Giacomo Crepax. Interviene Paolo Barcucci, esperto di fumetto d&#8217;autore. Pubblicato per rendere omaggio alla prima edizione della graphic novel datata 1978, la Limited&nbsp;Edition di&hellip;&nbsp;<a href=\"https:\/\/www.biancoscuro.it\/site\/a-brera-la-limited-edition-lanterna-magica-di-guido-crepax\/\" rel=\"bookmark\">Leggi tutto &raquo;<span class=\"screen-reader-text\">A Brera la Limited Edition Lanterna magica di Guido Crepax<\/span><\/a><\/p>\n","protected":false},"author":917,"featured_media":8293,"comment_status":"closed","ping_status":"closed","sticky":false,"template":"","format":"standard","meta":{"neve_meta_sidebar":"","neve_meta_container":"","neve_meta_enable_content_width":"","neve_meta_content_width":0,"neve_meta_title_alignment":"","neve_meta_author_avatar":"","neve_post_elements_order":"","neve_meta_disable_header":"","neve_meta_disable_footer":"","neve_meta_disable_title":"","advanced_seo_description":"","jetpack_seo_html_title":"","jetpack_seo_noindex":false,"footnotes":""},"categories":[5],"tags":[],"class_list":["post-8292","post","type-post","status-publish","format-standard","has-post-thumbnail","hentry","category-arte"],"jetpack_featured_media_url":"https:\/\/www.biancoscuro.it\/site\/wp-content\/uploads\/2018\/12\/LIMITED-Crepax-cover.jpg","jetpack_sharing_enabled":true,"jetpack-related-posts":[{"id":7476,"url":"https:\/\/www.biancoscuro.it\/site\/a-bottega-brera-il-27-giugno-le-limited-editions-skira-di-paladino-sugimoto-moriyama-orsi\/","url_meta":{"origin":8292,"position":0},"title":"A Bottega Brera il 27 giugno le Limited Editions Skira  Paladino, Sugimoto, Moriyama, Orsi","author":"Chiara","date":"20 Giugno 2018","format":false,"excerpt":"Il 27 giugno dalle 18 alla Bottega Brera, il nuovo bookstore Skira alla Pinacoteca di Brera (Via Brera 28 pianoterra) Brindisi e musica per festeggiare l\u2019estate e le nuove prestigiose Limited Editions. L\u2019artista Mimmo Paladino e i fotografi Daido Moriyama, Carlo Orsi, Hiroshi Sugimoto sono i protagonisti di splendide edizioni\u2026","rel":"","context":"In &quot;arte&quot;","block_context":{"text":"arte","link":"https:\/\/www.biancoscuro.it\/site\/category\/arte\/"},"img":{"alt_text":"","src":"https:\/\/i0.wp.com\/www.biancoscuro.it\/site\/wp-content\/uploads\/2018\/06\/5_Moriyama.jpg?resize=350%2C200&ssl=1","width":350,"height":200,"srcset":"https:\/\/i0.wp.com\/www.biancoscuro.it\/site\/wp-content\/uploads\/2018\/06\/5_Moriyama.jpg?resize=350%2C200&ssl=1 1x, https:\/\/i0.wp.com\/www.biancoscuro.it\/site\/wp-content\/uploads\/2018\/06\/5_Moriyama.jpg?resize=525%2C300&ssl=1 1.5x, https:\/\/i0.wp.com\/www.biancoscuro.it\/site\/wp-content\/uploads\/2018\/06\/5_Moriyama.jpg?resize=700%2C400&ssl=1 2x"},"classes":[]},{"id":16872,"url":"https:\/\/www.biancoscuro.it\/site\/10a-edizione-del-bac-winter-edition\/","url_meta":{"origin":8292,"position":1},"title":"10\u00aa edizione del BAC Winter Edition","author":"Redazione BIANCOSCURO","date":"9 Dicembre 2023","format":false,"excerpt":"Apertura iscrizioni il 21 dicembre - Una nuova avventura nell\u2019Arte con premiazione finale a Monte-Carlo La premiazione del BAC Winter Edition a Monte-Carlo, nel Principato di Monaco Il BAC Winter Edition, edizione invernale del famoso BIANCOSCURO Art Contest, si \u00e8 affermato ormai come uno dei concorsi artistici pi\u00f9 rinomati e\u2026","rel":"","context":"In &quot;concorso&quot;","block_context":{"text":"concorso","link":"https:\/\/www.biancoscuro.it\/site\/category\/concorso\/"},"img":{"alt_text":"","src":"https:\/\/i0.wp.com\/www.biancoscuro.it\/site\/wp-content\/uploads\/2023\/12\/BACwe-PREMIAZIONEMONTECARLO_KEV7967-Edit.jpg?resize=350%2C200&ssl=1","width":350,"height":200,"srcset":"https:\/\/i0.wp.com\/www.biancoscuro.it\/site\/wp-content\/uploads\/2023\/12\/BACwe-PREMIAZIONEMONTECARLO_KEV7967-Edit.jpg?resize=350%2C200&ssl=1 1x, https:\/\/i0.wp.com\/www.biancoscuro.it\/site\/wp-content\/uploads\/2023\/12\/BACwe-PREMIAZIONEMONTECARLO_KEV7967-Edit.jpg?resize=525%2C300&ssl=1 1.5x, https:\/\/i0.wp.com\/www.biancoscuro.it\/site\/wp-content\/uploads\/2023\/12\/BACwe-PREMIAZIONEMONTECARLO_KEV7967-Edit.jpg?resize=700%2C400&ssl=1 2x"},"classes":[]},{"id":1957,"url":"https:\/\/www.biancoscuro.it\/site\/biancoscuro-art-contest-winter-edition\/","url_meta":{"origin":8292,"position":2},"title":"BIANCOSCURO ART Contest &#8211; Winter Edition!","author":"Redazione BIANCOSCURO","date":"3 Novembre 2014","format":false,"excerpt":"Biancoscuro ART contest WINTER EDITION! [Aggiornamento del 27 Novembre 2014] La redazione Biancoscuro ha decretato il vincitore del BIANCOSCURO ART CONTEST WinterEdition! Il vincitore \u00e8\u00a0GIUSEPPE DI BELLA che con l'opera\u00a0\"Buon Natale\"\u00a0 acrilico su lastra di plexiglass gestito in ordine inverso (l'artista vede l'opera solo quando \u00e8 terminata)\u00a0 dimensioni 100x50 cm.\u2026","rel":"","context":"In &quot;arte&quot;","block_context":{"text":"arte","link":"https:\/\/www.biancoscuro.it\/site\/category\/arte\/"},"img":{"alt_text":"BIANCOSCURO_ART_CONTEST_WINTER_edition","src":"https:\/\/i0.wp.com\/www.biancoscuro.it\/site\/wp-content\/uploads\/2014\/11\/BIANCOSCURO_ART_CONTEST_WINTER2.jpg?resize=350%2C200","width":350,"height":200,"srcset":"https:\/\/i0.wp.com\/www.biancoscuro.it\/site\/wp-content\/uploads\/2014\/11\/BIANCOSCURO_ART_CONTEST_WINTER2.jpg?resize=350%2C200 1x, https:\/\/i0.wp.com\/www.biancoscuro.it\/site\/wp-content\/uploads\/2014\/11\/BIANCOSCURO_ART_CONTEST_WINTER2.jpg?resize=525%2C300 1.5x"},"classes":[]},{"id":8764,"url":"https:\/\/www.biancoscuro.it\/site\/per-le-strade-dellarte-a-brera-la-presentazione-del-volume-di-casimiro-porro-edito-da-skira\/","url_meta":{"origin":8292,"position":3},"title":"Per le strade dell\u2019arte. A Brera il volume di Casimiro Porro","author":"Chiara","date":"18 Febbraio 2019","format":false,"excerpt":"Mercoled\u00ec 6 marzo alla Pinacoteca di Brera a Milano, alle 18.15 in Sala della Passione, si terr\u00e0 la presentazione del volume di Casimiro Porro Per le strade dell\u2019arte. Ricordi e riflessioni di un protagonista, tra mercato e istituzioni, con il contributo di Gianpietro Borghini, SKIRA. Introduzione di James Bradburne -\u2026","rel":"","context":"In &quot;arte&quot;","block_context":{"text":"arte","link":"https:\/\/www.biancoscuro.it\/site\/category\/arte\/"},"img":{"alt_text":"","src":"https:\/\/i0.wp.com\/www.biancoscuro.it\/site\/wp-content\/uploads\/2019\/02\/Porro-Strade-dellArte.jpg?resize=350%2C200&ssl=1","width":350,"height":200,"srcset":"https:\/\/i0.wp.com\/www.biancoscuro.it\/site\/wp-content\/uploads\/2019\/02\/Porro-Strade-dellArte.jpg?resize=350%2C200&ssl=1 1x, https:\/\/i0.wp.com\/www.biancoscuro.it\/site\/wp-content\/uploads\/2019\/02\/Porro-Strade-dellArte.jpg?resize=525%2C300&ssl=1 1.5x, https:\/\/i0.wp.com\/www.biancoscuro.it\/site\/wp-content\/uploads\/2019\/02\/Porro-Strade-dellArte.jpg?resize=700%2C400&ssl=1 2x"},"classes":[]},{"id":6482,"url":"https:\/\/www.biancoscuro.it\/site\/guido-laudani-la-citta-andando-2\/","url_meta":{"origin":8292,"position":4},"title":"Guido Laudani. La citt\u00e0 andando #2","author":"Roberta Melasecca","date":"11 Febbraio 2018","format":false,"excerpt":"Guido Laudani. La citt\u00e0 andando #2 A cura di Barbara Martusciello Inaugurazione gioved\u00ec 15 febbraio 2018 ore 18.30 | Interno 14 | Roma Gioved\u00ec 15 febbraio 2018 alle ore 18.30 Interno 14 presenta \u201cLa citt\u00e0 andando #2\u201d mostra fotografica di Guido Laudani a cura di Barbara Martusciello. Nel campo della\u2026","rel":"","context":"In &quot;arte&quot;","block_context":{"text":"arte","link":"https:\/\/www.biancoscuro.it\/site\/category\/arte\/"},"img":{"alt_text":"","src":"https:\/\/i0.wp.com\/www.biancoscuro.it\/site\/wp-content\/uploads\/2018\/02\/400Guido-Laudani-La-citt-andando-2-mostra-fotografica-a-cura-di-Barbara-Martusciello-2018-15-light-sito.jpg?resize=350%2C200&ssl=1","width":350,"height":200},"classes":[]},{"id":4730,"url":"https:\/\/www.biancoscuro.it\/site\/biancoscuro-art-contest-winter-edition-2016\/","url_meta":{"origin":8292,"position":5},"title":"Biancoscuro ART contest WINTER EDITION 2016","author":"Redazione BIANCOSCURO","date":"30 Novembre 2016","format":false,"excerpt":"Da quest'anno, anche per l'edizione invernale del BIANCOSCURO Art Contest,\u00a0ci sar\u00e0 in palio la copertina della rivista! Biancoscuro ART contest WINTER EDITION 2016, giunto ormai alla terza edizione, il premio prevede la pubblicazione di tutti i partecipanti sulla rivista d'arte BIANCOSCURO\u00a0aprile\/maggio e\u00a0sul sito internet dedicato\u00a0artcontest.biancoscuro.it\u00a0per 12 mesi,\u00a0tra tutti i partecipanti\u2026","rel":"","context":"In &quot;arte&quot;","block_context":{"text":"arte","link":"https:\/\/www.biancoscuro.it\/site\/category\/arte\/"},"img":{"alt_text":"BIANCOSCURO_ART_CONTEST_WINTER_edition","src":"https:\/\/i0.wp.com\/www.biancoscuro.it\/site\/wp-content\/uploads\/2014\/11\/BIANCOSCURO_ART_CONTEST_WINTER2.jpg?resize=350%2C200&ssl=1","width":350,"height":200,"srcset":"https:\/\/i0.wp.com\/www.biancoscuro.it\/site\/wp-content\/uploads\/2014\/11\/BIANCOSCURO_ART_CONTEST_WINTER2.jpg?resize=350%2C200&ssl=1 1x, https:\/\/i0.wp.com\/www.biancoscuro.it\/site\/wp-content\/uploads\/2014\/11\/BIANCOSCURO_ART_CONTEST_WINTER2.jpg?resize=525%2C300&ssl=1 1.5x"},"classes":[]}],"_links":{"self":[{"href":"https:\/\/www.biancoscuro.it\/site\/wp-json\/wp\/v2\/posts\/8292","targetHints":{"allow":["GET"]}}],"collection":[{"href":"https:\/\/www.biancoscuro.it\/site\/wp-json\/wp\/v2\/posts"}],"about":[{"href":"https:\/\/www.biancoscuro.it\/site\/wp-json\/wp\/v2\/types\/post"}],"author":[{"embeddable":true,"href":"https:\/\/www.biancoscuro.it\/site\/wp-json\/wp\/v2\/users\/917"}],"replies":[{"embeddable":true,"href":"https:\/\/www.biancoscuro.it\/site\/wp-json\/wp\/v2\/comments?post=8292"}],"version-history":[{"count":0,"href":"https:\/\/www.biancoscuro.it\/site\/wp-json\/wp\/v2\/posts\/8292\/revisions"}],"wp:featuredmedia":[{"embeddable":true,"href":"https:\/\/www.biancoscuro.it\/site\/wp-json\/wp\/v2\/media\/8293"}],"wp:attachment":[{"href":"https:\/\/www.biancoscuro.it\/site\/wp-json\/wp\/v2\/media?parent=8292"}],"wp:term":[{"taxonomy":"category","embeddable":true,"href":"https:\/\/www.biancoscuro.it\/site\/wp-json\/wp\/v2\/categories?post=8292"},{"taxonomy":"post_tag","embeddable":true,"href":"https:\/\/www.biancoscuro.it\/site\/wp-json\/wp\/v2\/tags?post=8292"}],"curies":[{"name":"wp","href":"https:\/\/api.w.org\/{rel}","templated":true}]}}