{"id":8509,"date":"2019-01-14T14:33:03","date_gmt":"2019-01-14T12:33:03","guid":{"rendered":"https:\/\/www.biancoscuro.it\/site\/?p=8509"},"modified":"2019-01-15T10:30:55","modified_gmt":"2019-01-15T08:30:55","slug":"una-vita-da-scienziata-i-volti-delleccellenza-femminile-della-scienza-negli-scatti-di-gerald-bruneau","status":"publish","type":"post","link":"https:\/\/www.biancoscuro.it\/site\/una-vita-da-scienziata-i-volti-delleccellenza-femminile-della-scienza-negli-scatti-di-gerald-bruneau\/","title":{"rendered":"Una vita da scienziata. I volti dell&#8217;eccellenza femminile della scienza negli scatti di Gerald Bruneau"},"content":{"rendered":"<span class=\"span-reading-time rt-reading-time\" style=\"display: block;\"><span class=\"rt-label rt-prefix\">\u23f0 lettura <\/span> <span class=\"rt-time\"> 3<\/span> <span class=\"rt-label rt-postfix\">min. <br><br><\/span><\/span>\n<p><strong>FONDAZIONE BRACCO&nbsp;realizza una mostra per presentare volti e competenze di alcune delle scienziate del progetto&nbsp;<em>#100esperte<\/em>, nato per valorizzare l\u2019expertise femminile in settori percepiti ancora come dominio maschile.&nbsp;<\/strong><\/p>\n\n\n\n<p><strong>La mostra&nbsp;\u201cUNA VITA DA SCIENZIATA&#8221;, con gli scatti del celebre fotografo Gerald Bruneau,&nbsp;inaugura il 15 gennaio 2019 a Milano presso il CDI &#8211; Centro Diagnostico Italiano.<\/strong><\/p>\n\n\n\n<p>Un progetto artistico ideato e curato da Fondazione Bracco a partire da \u201c<em>100 donne contro gli stereotipi<\/em>\u201d per contribuire al superamento di pregiudizi nella pratica scientifica, che l\u2019immaginario collettivo delinea ancora, a torto, come prettamente maschile.<\/p>\n\n\n\n<p>Numerose ricerche sulla presenza femminile nell\u2019informazione dimostrano infatti che le donne sono raramente interpellate dai media in qualit\u00e0 di esperte. A spiegare e interpretare il mondo sono quasi sempre gli uomini: nell\u201982% dei casi secondo i risultati nazionali del Global Media Monitoring Project 2015. Per contribuire alla costruzione di una societ\u00e0 paritetica, in cui il merito sia il discrimine per carriera e visibilit\u00e0, nel 2016 \u00e8 nato il progetto \u201c<em>100 donne contro gli stereotipi<\/em>\u201d da un\u2019idea dell\u2019Osservatorio di Pavia e dell\u2019Associazione Gi.U.Li.A. in collaborazione con Fondazione Bracco e con il supporto della Rappresentanza in Italia della Commissione Europea.<\/p>\n\n\n\n<p>Accanto alla banca dati online, in cui sono raccolti i profili eccellenti di esperte in vari settori del sapere,&nbsp;<strong>Fondazione Bracco propone oggi, con la mostra \u201c<em>Una vita da scienziata<\/em>\u201d, una narrazione complementare, con l\u2019obiettivo di avvicinare il grande pubblico al volto femminile della ricerca e allo stesso tempo a rappresentare la scienza come bellezza, accessibilit\u00e0 e, perch\u00e9 no, divertimento.<\/strong><\/p>\n\n\n\n<p><strong>Biologhe, chimiche, farmacologhe, ingegnere, astrofisiche, matematiche, chirurghe, paleontologhe, informatiche sono solo alcune delle professioni, condotte ai massimi livelli, delle 35 scienziate ritratte dal celebre fotografo francese Gerard Bruneau, autore eclettico e sensibile artista. Osservare ogni ritratto \u00e8 come attraversare una soglia, che d\u00e0 accesso ad ambienti protetti, privati, a spazi di ricerca e pensiero. Sono i luoghi di lavoro delle esperte: laboratori, universit\u00e0, ambulatori, in cui ogni giorno donne e uomini si impegnano per spostare i confini della conoscenza.<\/strong><\/p>\n\n\n\n<p>&nbsp;\u201c<em>La nuova presa di coscienza delle donne in tutte le parti del mondo \u00e8 una straordinaria leva di cambiamento sociale e politico\u201d, sottolinea&nbsp;<\/em><strong><em>Diana Bracco<\/em><\/strong>, Presidente di Fondazione Bracco<em>&nbsp;\u201cma, c\u2019\u00e8 ancora molta strada da fare. In questa direzione si muove anche il progetto&nbsp;<\/em><strong><em>100 donne contro gli stereotipi<\/em><\/strong><em>, nato prima come una piattaforma, poi con un libro e ora con una mostra di ritratti di alcune di loro che hanno accettato di mettersi in gioco, talvolta in modo spiritoso nei confronti della loro professione<\/em>.\u201d<\/p>\n\n\n\n<p>\u201c<em>Anche la mia \u00e8 stata una ricerca, tra la scienza e la donna, tra la bellezza della vita e la bellezza inanimata degli strumenti e delle formule, tra i misteri della scienza e quello che per me, ogni volta, \u00e8 il vero mistero: la persona che incontro<\/em>\u201d afferma il fotografo&nbsp;<strong>Gerald Bruneau<\/strong>. \u201c<em>Ho trovato grandi donne, anche quando piccole e fragili di aspetto, che hanno avuto la forza e la capacit\u00e0 di affermarsi e di conquistare spazi di rispetto, di responsabilit\u00e0 e direzione in un mondo cos\u00ec difficile, ancora fortemente androcentrico, diffidente, discriminante<\/em>\u201d.<\/p>\n\n\n\n<p><strong>La mostra \u00e8 parte di un ciclo di esposizioni avviato nel 2010 da Fondazione Bracco in collaborazione con il Centro Diagnostico Italiano con l\u2019obiettivo di dare l\u2019opportunit\u00e0 a pazienti, medici e staff di fruire di un\u2019esperienza culturale, nella convinzione, sostenuta da evidenze scientifiche, che questa contribuisca al complessivo miglioramento della qualit\u00e0 della vita.<\/strong><\/p>\n\n\n\n<pre class=\"wp-block-preformatted\"><strong>Mostra fotografica<\/strong>\u00a0<strong>\u201cUNA VITA DA SCIENZIATA - I VOLTI DEL PROGETTO #100ESPERTE\u201d<\/strong><br \/><strong>CDI Centro Diagnostico Italiano<\/strong>\u00a0- Milano, via Saint Bon, 20 <br \/><strong>16 gennaio - 30 giugno 2019\u00a0-\u00a0INGRESSO\u00a0LIBERO<\/strong><br \/><a href=\"http:\/\/www.fondazionebracco.com\/\"><strong>fondazionebracco.com<\/strong><\/a><\/pre>\n\n\n\n<figure class=\"wp-block-image\"><img loading=\"lazy\" decoding=\"async\" width=\"1024\" height=\"682\" src=\"https:\/\/www.biancoscuro.it\/site\/wp-content\/uploads\/2019\/01\/1.-Caputo-foto-Gerald-Bruneau-\u00a9Fondazione-Bracco-1024x682.jpg\" alt=\"\" class=\"wp-image-8512\" srcset=\"https:\/\/www.biancoscuro.it\/site\/wp-content\/uploads\/2019\/01\/1.-Caputo-foto-Gerald-Bruneau-\u00a9Fondazione-Bracco-1024x682.jpg 1024w, https:\/\/www.biancoscuro.it\/site\/wp-content\/uploads\/2019\/01\/1.-Caputo-foto-Gerald-Bruneau-\u00a9Fondazione-Bracco-300x200.jpg 300w, https:\/\/www.biancoscuro.it\/site\/wp-content\/uploads\/2019\/01\/1.-Caputo-foto-Gerald-Bruneau-\u00a9Fondazione-Bracco-768x512.jpg 768w, https:\/\/www.biancoscuro.it\/site\/wp-content\/uploads\/2019\/01\/1.-Caputo-foto-Gerald-Bruneau-\u00a9Fondazione-Bracco-600x400.jpg 600w, https:\/\/www.biancoscuro.it\/site\/wp-content\/uploads\/2019\/01\/1.-Caputo-foto-Gerald-Bruneau-\u00a9Fondazione-Bracco.jpg 1100w\" sizes=\"auto, (max-width: 1024px) 100vw, 1024px\" \/><figcaption> <br \/>  <strong>Barbara Caputo<\/strong><br \/><em>Fisica, docente di Ingegneria informatica presso l\u2019Universit\u00e0 La Sapienza di Roma <\/em><br \/><em>e ricercatrice all\u2019IIT-Istituto Italiano di Tecnologia<\/em><br \/>fotografo Gerald Bruneau, <strong>\u00a9Fondazione Bracco<\/strong> <\/figcaption><\/figure>\n\n\n\n<figure class=\"wp-block-image\"><img loading=\"lazy\" decoding=\"async\" width=\"1024\" height=\"679\" src=\"https:\/\/www.biancoscuro.it\/site\/wp-content\/uploads\/2019\/01\/2.-Caraveo-foto-Gerald-Bruneau-\u00a9Fondazione-Bracco-1024x679.jpg\" alt=\"\" class=\"wp-image-8514\" srcset=\"https:\/\/www.biancoscuro.it\/site\/wp-content\/uploads\/2019\/01\/2.-Caraveo-foto-Gerald-Bruneau-\u00a9Fondazione-Bracco-1024x679.jpg 1024w, https:\/\/www.biancoscuro.it\/site\/wp-content\/uploads\/2019\/01\/2.-Caraveo-foto-Gerald-Bruneau-\u00a9Fondazione-Bracco-300x199.jpg 300w, https:\/\/www.biancoscuro.it\/site\/wp-content\/uploads\/2019\/01\/2.-Caraveo-foto-Gerald-Bruneau-\u00a9Fondazione-Bracco-768x509.jpg 768w, https:\/\/www.biancoscuro.it\/site\/wp-content\/uploads\/2019\/01\/2.-Caraveo-foto-Gerald-Bruneau-\u00a9Fondazione-Bracco-600x398.jpg 600w, https:\/\/www.biancoscuro.it\/site\/wp-content\/uploads\/2019\/01\/2.-Caraveo-foto-Gerald-Bruneau-\u00a9Fondazione-Bracco.jpg 1100w\" sizes=\"auto, (max-width: 1024px) 100vw, 1024px\" \/><figcaption><strong>  Patrizia Caraveo<\/strong><br \/><em>Astrofisica, dirigente di ricerca dell\u2019Istituto Nazionale di Astrofisica (INAF), <br \/>Commendatore dell\u2019Ordine al Merito della Repubblica italiana<\/em><br \/>fotografo Gerald Bruneau, <strong>\u00a9Fondazione Bracco<\/strong><br \/> &nbsp; <\/figcaption><\/figure>\n\n\n\n<figure class=\"wp-block-image\"><img loading=\"lazy\" decoding=\"async\" width=\"619\" height=\"927\" src=\"https:\/\/www.biancoscuro.it\/site\/wp-content\/uploads\/2019\/01\/3.-Casarotti-foto-Gerald-Bruneau-\u00a9Fondazione-Bracco.jpg\" alt=\"\" class=\"wp-image-8515\" srcset=\"https:\/\/www.biancoscuro.it\/site\/wp-content\/uploads\/2019\/01\/3.-Casarotti-foto-Gerald-Bruneau-\u00a9Fondazione-Bracco.jpg 619w, https:\/\/www.biancoscuro.it\/site\/wp-content\/uploads\/2019\/01\/3.-Casarotti-foto-Gerald-Bruneau-\u00a9Fondazione-Bracco-200x300.jpg 200w, https:\/\/www.biancoscuro.it\/site\/wp-content\/uploads\/2019\/01\/3.-Casarotti-foto-Gerald-Bruneau-\u00a9Fondazione-Bracco-600x899.jpg 600w\" sizes=\"auto, (max-width: 619px) 100vw, 619px\" \/><figcaption> <strong>Chiara Casarotti<\/strong><br \/><em>Ingegnere, PhD, Capo Dipartimento Supporto all\u2019 Emergenza della Fondazione EUCENTRE (Centro Europeo di Ricerca e Formazione in Ingegneria Sismica) di Pavia<\/em><br \/>fotografo Gerald Bruneau, <strong>\u00a9Fondazione Bracco<\/strong><br \/> &nbsp; <\/figcaption><\/figure>\n\n\n\n<figure class=\"wp-block-image\"><img loading=\"lazy\" decoding=\"async\" width=\"1024\" height=\"681\" src=\"https:\/\/www.biancoscuro.it\/site\/wp-content\/uploads\/2019\/01\/5.-La-Porta-foto-Gerald-Bruneau-\u00a9Fondazione-Bracco-1024x681.jpg\" alt=\"\" class=\"wp-image-8516\" srcset=\"https:\/\/www.biancoscuro.it\/site\/wp-content\/uploads\/2019\/01\/5.-La-Porta-foto-Gerald-Bruneau-\u00a9Fondazione-Bracco-1024x681.jpg 1024w, https:\/\/www.biancoscuro.it\/site\/wp-content\/uploads\/2019\/01\/5.-La-Porta-foto-Gerald-Bruneau-\u00a9Fondazione-Bracco-300x200.jpg 300w, https:\/\/www.biancoscuro.it\/site\/wp-content\/uploads\/2019\/01\/5.-La-Porta-foto-Gerald-Bruneau-\u00a9Fondazione-Bracco-768x511.jpg 768w, https:\/\/www.biancoscuro.it\/site\/wp-content\/uploads\/2019\/01\/5.-La-Porta-foto-Gerald-Bruneau-\u00a9Fondazione-Bracco-600x399.jpg 600w, https:\/\/www.biancoscuro.it\/site\/wp-content\/uploads\/2019\/01\/5.-La-Porta-foto-Gerald-Bruneau-\u00a9Fondazione-Bracco.jpg 1100w\" sizes=\"auto, (max-width: 1024px) 100vw, 1024px\" \/><figcaption> <strong>Caterina La Porta<\/strong><br \/><em>Biologa, docente di Patologia Generale, Group Leader del gruppo di ricerca OncoLab<br \/><\/em>fotografo Gerald Bruneau, <strong>\u00a9Fondazione Bracco<\/strong><br \/> &nbsp; <\/figcaption><\/figure>\n\n\n\n<figure class=\"wp-block-image\"><img loading=\"lazy\" decoding=\"async\" width=\"1024\" height=\"682\" src=\"https:\/\/www.biancoscuro.it\/site\/wp-content\/uploads\/2019\/01\/6.-Torsi-foto-Gerald-Bruneau-\u00a9Fondazione-Bracco-1024x682.jpg\" alt=\"\" class=\"wp-image-8517\" srcset=\"https:\/\/www.biancoscuro.it\/site\/wp-content\/uploads\/2019\/01\/6.-Torsi-foto-Gerald-Bruneau-\u00a9Fondazione-Bracco-1024x682.jpg 1024w, https:\/\/www.biancoscuro.it\/site\/wp-content\/uploads\/2019\/01\/6.-Torsi-foto-Gerald-Bruneau-\u00a9Fondazione-Bracco-300x200.jpg 300w, https:\/\/www.biancoscuro.it\/site\/wp-content\/uploads\/2019\/01\/6.-Torsi-foto-Gerald-Bruneau-\u00a9Fondazione-Bracco-768x512.jpg 768w, https:\/\/www.biancoscuro.it\/site\/wp-content\/uploads\/2019\/01\/6.-Torsi-foto-Gerald-Bruneau-\u00a9Fondazione-Bracco-600x400.jpg 600w, https:\/\/www.biancoscuro.it\/site\/wp-content\/uploads\/2019\/01\/6.-Torsi-foto-Gerald-Bruneau-\u00a9Fondazione-Bracco.jpg 1100w\" sizes=\"auto, (max-width: 1024px) 100vw, 1024px\" \/><figcaption><strong>  Luisa Torsi<\/strong><br \/><em>Chimica, docente all\u2019Universit\u00e0 degli Studi di Bari e alla \u00c5bo Akademi University in Finlandia<\/em><br \/> fotografo Gerald Bruneau, <strong>\u00a9Fondazione Bracco<\/strong> <\/figcaption><\/figure>\n","protected":false},"excerpt":{"rendered":"<p><span class=\"span-reading-time rt-reading-time\" style=\"display: block;\"><span class=\"rt-label rt-prefix\">\u23f0 lettura <\/span> <span class=\"rt-time\"> 3<\/span> <span class=\"rt-label rt-postfix\">min. <\/p>\n<p><\/span><\/span>FONDAZIONE BRACCO&nbsp;realizza una mostra per presentare volti e competenze di alcune delle scienziate del progetto&nbsp;#100esperte, nato per valorizzare l\u2019expertise femminile in settori percepiti ancora come dominio maschile.&nbsp; La mostra&nbsp;\u201cUNA VITA DA SCIENZIATA&#8221;, con gli scatti del celebre fotografo Gerald Bruneau,&nbsp;inaugura il 15 gennaio 2019 a Milano presso il CDI &#8211; Centro Diagnostico Italiano. Un progetto&hellip;&nbsp;<a href=\"https:\/\/www.biancoscuro.it\/site\/una-vita-da-scienziata-i-volti-delleccellenza-femminile-della-scienza-negli-scatti-di-gerald-bruneau\/\" rel=\"bookmark\">Leggi tutto &raquo;<span class=\"screen-reader-text\">Una vita da scienziata. I volti dell&#8217;eccellenza femminile della scienza negli scatti di Gerald Bruneau<\/span><\/a><\/p>\n","protected":false},"author":917,"featured_media":8511,"comment_status":"closed","ping_status":"closed","sticky":false,"template":"","format":"standard","meta":{"neve_meta_sidebar":"","neve_meta_container":"","neve_meta_enable_content_width":"","neve_meta_content_width":0,"neve_meta_title_alignment":"","neve_meta_author_avatar":"","neve_post_elements_order":"","neve_meta_disable_header":"","neve_meta_disable_footer":"","neve_meta_disable_title":"","advanced_seo_description":"","jetpack_seo_html_title":"","jetpack_seo_noindex":false,"footnotes":""},"categories":[5],"tags":[],"class_list":["post-8509","post","type-post","status-publish","format-standard","has-post-thumbnail","hentry","category-arte"],"jetpack_featured_media_url":"https:\/\/www.biancoscuro.it\/site\/wp-content\/uploads\/2019\/01\/4.-Dejana-foto-Gerald-Bruneau-\u00a9Fondazione-Bracco.jpg","jetpack_sharing_enabled":true,"jetpack-related-posts":[{"id":12925,"url":"https:\/\/www.biancoscuro.it\/site\/a-palazzo-reale-a-milano-la-mostra-fotografica-ritratte-direttrici-di-musei-italiani\/","url_meta":{"origin":8509,"position":0},"title":"A Palazzo Reale a Milano la mostra fotografica &#8216;Ritratte Direttrici di Musei italiani&#8217;","author":"Chiara","date":"26 Febbraio 2022","format":false,"excerpt":"Sono 22 le protagoniste della mostra fotografica Ritratte Direttrici di musei italiani in apertura il 3 marzo a Palazzo Reale a Milano (Sale degli Arazzi), fino al 3 aprile, prodotta e promossa da Palazzo Reale, Comune di Milano Cultura e Fondazione Bracco. 22 Direttrici di alcune delle pi\u00f9 importanti istituzioni\u2026","rel":"","context":"In &quot;arte&quot;","block_context":{"text":"arte","link":"https:\/\/www.biancoscuro.it\/site\/category\/arte\/"},"img":{"alt_text":"","src":"https:\/\/i0.wp.com\/www.biancoscuro.it\/site\/wp-content\/uploads\/2022\/02\/Edith-Gabrielli-Ministero-della-Cultura-Istituto-Vittoriano-e-Palazzo-Venezia-ViVe-Roma-WEB.jpg?resize=350%2C200&ssl=1","width":350,"height":200,"srcset":"https:\/\/i0.wp.com\/www.biancoscuro.it\/site\/wp-content\/uploads\/2022\/02\/Edith-Gabrielli-Ministero-della-Cultura-Istituto-Vittoriano-e-Palazzo-Venezia-ViVe-Roma-WEB.jpg?resize=350%2C200&ssl=1 1x, https:\/\/i0.wp.com\/www.biancoscuro.it\/site\/wp-content\/uploads\/2022\/02\/Edith-Gabrielli-Ministero-della-Cultura-Istituto-Vittoriano-e-Palazzo-Venezia-ViVe-Roma-WEB.jpg?resize=525%2C300&ssl=1 1.5x, https:\/\/i0.wp.com\/www.biancoscuro.it\/site\/wp-content\/uploads\/2022\/02\/Edith-Gabrielli-Ministero-della-Cultura-Istituto-Vittoriano-e-Palazzo-Venezia-ViVe-Roma-WEB.jpg?resize=700%2C400&ssl=1 2x"},"classes":[]},{"id":17055,"url":"https:\/\/www.biancoscuro.it\/site\/performance-non-e-imperativo-quello-che-il-corpo-urla-come-fatale\/","url_meta":{"origin":8509,"position":1},"title":"Performance &#8216;Non \u00e8 imperativo quello che il corpo urla come fatale&#8217;","author":"Roberta Melasecca","date":"11 Marzo 2024","format":false,"excerpt":"Domenica 24 marzo 2024 alle ore 16.30, all\u2019interno di ANTICORPI - RASSEGNA culturale di lotta alle molestie agli stereotipi e alla violenza di genere promossa, organizzata e finanziata dal Comune di Monterotondo per la delega alle Pari opportunit\u00e0 della consigliera Alessandra Clementini, l\u2019Associazione Culturale blowart presenta la Performance Non \u00e8\u2026","rel":"","context":"In &quot;arte&quot;","block_context":{"text":"arte","link":"https:\/\/www.biancoscuro.it\/site\/category\/arte\/"},"img":{"alt_text":"","src":"https:\/\/i0.wp.com\/www.biancoscuro.it\/site\/wp-content\/uploads\/2024\/03\/Immagine-di-copertina-Non-e-imperativo-quello-che-il-corpo-urla-come-fatale.jpg?resize=350%2C200&ssl=1","width":350,"height":200,"srcset":"https:\/\/i0.wp.com\/www.biancoscuro.it\/site\/wp-content\/uploads\/2024\/03\/Immagine-di-copertina-Non-e-imperativo-quello-che-il-corpo-urla-come-fatale.jpg?resize=350%2C200&ssl=1 1x, https:\/\/i0.wp.com\/www.biancoscuro.it\/site\/wp-content\/uploads\/2024\/03\/Immagine-di-copertina-Non-e-imperativo-quello-che-il-corpo-urla-come-fatale.jpg?resize=525%2C300&ssl=1 1.5x, https:\/\/i0.wp.com\/www.biancoscuro.it\/site\/wp-content\/uploads\/2024\/03\/Immagine-di-copertina-Non-e-imperativo-quello-che-il-corpo-urla-come-fatale.jpg?resize=700%2C400&ssl=1 2x, https:\/\/i0.wp.com\/www.biancoscuro.it\/site\/wp-content\/uploads\/2024\/03\/Immagine-di-copertina-Non-e-imperativo-quello-che-il-corpo-urla-come-fatale.jpg?resize=1050%2C600&ssl=1 3x"},"classes":[]},{"id":15686,"url":"https:\/\/www.biancoscuro.it\/site\/al-piccolo-teatro-di-milano-strehler-interpreta-le-donne-presentazione-del-libro-di-stella-casiraghi\/","url_meta":{"origin":8509,"position":2},"title":"STREHLER interpreta le DONNE","author":"Chiara","date":"20 Marzo 2023","format":false,"excerpt":"Al Piccolo Teatro di Milano STREHLER interpreta le DONNE. Presentazione del libro di Stella Casiraghi Venerd\u00ec 24 marzo alle 17.30 presso il Chiostro 'Nina Vinchi' del Piccolo Teatro Grassi di Milano (Via Rovello 2) si terr\u00e0 un incontro speciale per la presentazione del volume di Stella Casiraghi STREHLER interpreta le\u2026","rel":"","context":"In &quot;arte&quot;","block_context":{"text":"arte","link":"https:\/\/www.biancoscuro.it\/site\/category\/arte\/"},"img":{"alt_text":"","src":"https:\/\/i0.wp.com\/www.biancoscuro.it\/site\/wp-content\/uploads\/2023\/03\/Strehler-e-Ottavia-Piccolo-Prove-Re-Lear-di-Shakespeare-1972-%C2%A9-Luigi-Ciminaghi.jpg?resize=350%2C200&ssl=1","width":350,"height":200,"srcset":"https:\/\/i0.wp.com\/www.biancoscuro.it\/site\/wp-content\/uploads\/2023\/03\/Strehler-e-Ottavia-Piccolo-Prove-Re-Lear-di-Shakespeare-1972-%C2%A9-Luigi-Ciminaghi.jpg?resize=350%2C200&ssl=1 1x, https:\/\/i0.wp.com\/www.biancoscuro.it\/site\/wp-content\/uploads\/2023\/03\/Strehler-e-Ottavia-Piccolo-Prove-Re-Lear-di-Shakespeare-1972-%C2%A9-Luigi-Ciminaghi.jpg?resize=525%2C300&ssl=1 1.5x, https:\/\/i0.wp.com\/www.biancoscuro.it\/site\/wp-content\/uploads\/2023\/03\/Strehler-e-Ottavia-Piccolo-Prove-Re-Lear-di-Shakespeare-1972-%C2%A9-Luigi-Ciminaghi.jpg?resize=700%2C400&ssl=1 2x, https:\/\/i0.wp.com\/www.biancoscuro.it\/site\/wp-content\/uploads\/2023\/03\/Strehler-e-Ottavia-Piccolo-Prove-Re-Lear-di-Shakespeare-1972-%C2%A9-Luigi-Ciminaghi.jpg?resize=1050%2C600&ssl=1 3x"},"classes":[]},{"id":5240,"url":"https:\/\/www.biancoscuro.it\/site\/volti-cuore-al-museo-del-paesaggio-verbania-mostra-dedicata-alla-figura-femminile-ranzoni-sironi-martini\/","url_meta":{"origin":8509,"position":3},"title":"I VOLTI E IL CUORE &#8211; Verbania","author":"Chiara","date":"28 Marzo 2017","format":false,"excerpt":"Al Museo del Paesaggio di Verbania una mostra dedicata alla figura femminile da Ranzoni a Sironi e Martini Il Museo del Paesaggio di Verbania - dopo la riapertura nel giugno 2016 con la splendida mostra dedicata allo scultore Paolo Troubetzkoy che, visto il grande successo di pubblico e critica, rimane\u2026","rel":"","context":"In &quot;arte&quot;","block_context":{"text":"arte","link":"https:\/\/www.biancoscuro.it\/site\/category\/arte\/"},"img":{"alt_text":"","src":"https:\/\/i0.wp.com\/www.biancoscuro.it\/site\/wp-content\/uploads\/2017\/03\/9.Alciati-Il-convegno.jpg?resize=350%2C200&ssl=1","width":350,"height":200,"srcset":"https:\/\/i0.wp.com\/www.biancoscuro.it\/site\/wp-content\/uploads\/2017\/03\/9.Alciati-Il-convegno.jpg?resize=350%2C200&ssl=1 1x, https:\/\/i0.wp.com\/www.biancoscuro.it\/site\/wp-content\/uploads\/2017\/03\/9.Alciati-Il-convegno.jpg?resize=525%2C300&ssl=1 1.5x, https:\/\/i0.wp.com\/www.biancoscuro.it\/site\/wp-content\/uploads\/2017\/03\/9.Alciati-Il-convegno.jpg?resize=700%2C400&ssl=1 2x"},"classes":[]},{"id":13727,"url":"https:\/\/www.biancoscuro.it\/site\/alla-triennale-di-milano-linstallazione-mind-the-stem-gap-di-fondazione-bracco\/","url_meta":{"origin":8509,"position":4},"title":"Mind the STEM Gap alla Triennale di Milano","author":"Chiara","date":"28 Giugno 2022","format":false,"excerpt":"Venerd\u00ec 1\u00b0 luglio inaugura nei giardini della Triennale di Milano l'installazione interattiva Mind the STEM Gap \u2013 A Roblox Jukebox, ideata da Fondazione Bracco e progettata da Space Caviar, il noto studio di architettura e ricerca fondato da Joseph Grima e Tamar Shafrir. L'installazione, realizzata per contribuire al superamento degli\u2026","rel":"","context":"In &quot;arte&quot;","block_context":{"text":"arte","link":"https:\/\/www.biancoscuro.it\/site\/category\/arte\/"},"img":{"alt_text":"","src":"https:\/\/i0.wp.com\/www.biancoscuro.it\/site\/wp-content\/uploads\/2022\/06\/MindtheSTEMGap1.jpg?resize=350%2C200&ssl=1","width":350,"height":200,"srcset":"https:\/\/i0.wp.com\/www.biancoscuro.it\/site\/wp-content\/uploads\/2022\/06\/MindtheSTEMGap1.jpg?resize=350%2C200&ssl=1 1x, https:\/\/i0.wp.com\/www.biancoscuro.it\/site\/wp-content\/uploads\/2022\/06\/MindtheSTEMGap1.jpg?resize=525%2C300&ssl=1 1.5x, https:\/\/i0.wp.com\/www.biancoscuro.it\/site\/wp-content\/uploads\/2022\/06\/MindtheSTEMGap1.jpg?resize=700%2C400&ssl=1 2x"},"classes":[]},{"id":14456,"url":"https:\/\/www.biancoscuro.it\/site\/1943-volti-e-luoghi-della-sicilia-liberata-fotografie-di-nick-parrino\/","url_meta":{"origin":8509,"position":5},"title":"1943. Volti e luoghi della Sicilia Liberata. Fotografie di Nick Parrino","author":"Elena Seno","date":"19 Ottobre 2022","format":false,"excerpt":"Di Nick Parrino non si sa molto. E' certo che lavorasse per l\u2019Office of War Information, ente preposto alla creazione di programmi di informazione, utilizzando tutti i mezzi di comunicazione a disposizione del tempo, per favorire la conoscenza dello svolgersi delle operazioni belliche, delle politiche di guerra e delle attivit\u00e0\u2026","rel":"","context":"In &quot;eventi&quot;","block_context":{"text":"eventi","link":"https:\/\/www.biancoscuro.it\/site\/category\/eventi\/"},"img":{"alt_text":"","src":"https:\/\/i0.wp.com\/www.biancoscuro.it\/site\/wp-content\/uploads\/2022\/10\/4-copia.jpg?resize=350%2C200&ssl=1","width":350,"height":200},"classes":[]}],"_links":{"self":[{"href":"https:\/\/www.biancoscuro.it\/site\/wp-json\/wp\/v2\/posts\/8509","targetHints":{"allow":["GET"]}}],"collection":[{"href":"https:\/\/www.biancoscuro.it\/site\/wp-json\/wp\/v2\/posts"}],"about":[{"href":"https:\/\/www.biancoscuro.it\/site\/wp-json\/wp\/v2\/types\/post"}],"author":[{"embeddable":true,"href":"https:\/\/www.biancoscuro.it\/site\/wp-json\/wp\/v2\/users\/917"}],"replies":[{"embeddable":true,"href":"https:\/\/www.biancoscuro.it\/site\/wp-json\/wp\/v2\/comments?post=8509"}],"version-history":[{"count":0,"href":"https:\/\/www.biancoscuro.it\/site\/wp-json\/wp\/v2\/posts\/8509\/revisions"}],"wp:featuredmedia":[{"embeddable":true,"href":"https:\/\/www.biancoscuro.it\/site\/wp-json\/wp\/v2\/media\/8511"}],"wp:attachment":[{"href":"https:\/\/www.biancoscuro.it\/site\/wp-json\/wp\/v2\/media?parent=8509"}],"wp:term":[{"taxonomy":"category","embeddable":true,"href":"https:\/\/www.biancoscuro.it\/site\/wp-json\/wp\/v2\/categories?post=8509"},{"taxonomy":"post_tag","embeddable":true,"href":"https:\/\/www.biancoscuro.it\/site\/wp-json\/wp\/v2\/tags?post=8509"}],"curies":[{"name":"wp","href":"https:\/\/api.w.org\/{rel}","templated":true}]}}