{"id":8548,"date":"2019-01-21T17:09:51","date_gmt":"2019-01-21T15:09:51","guid":{"rendered":"https:\/\/www.biancoscuro.it\/site\/?p=8548"},"modified":"2019-01-23T17:18:31","modified_gmt":"2019-01-23T15:18:31","slug":"a-perdita-docchio-visibilita-e-invisibilita-nellarte-contemporanea-skira-editore","status":"publish","type":"post","link":"https:\/\/www.biancoscuro.it\/site\/a-perdita-docchio-visibilita-e-invisibilita-nellarte-contemporanea-skira-editore\/","title":{"rendered":"A perdita d&#8217;occhio. Visibilit\u00e0 e invisibilit\u00e0 nell\u2019arte contemporanea &#8211; Skira editore"},"content":{"rendered":"<span class=\"span-reading-time rt-reading-time\" style=\"display: block;\"><span class=\"rt-label rt-prefix\">\u23f0 lettura <\/span> <span class=\"rt-time\"> &lt; 1<\/span> <span class=\"rt-label rt-postfix\">min. <br><br><\/span><\/span>\n<p>Il 24 gennaio alle 18.30 alla <strong>Feltrinelli di piazza Piemonte a Milano<\/strong>, si terr\u00e0 la\u00a0presentazione del volume di <strong>Francesca Alfano Miglietti<\/strong>.<\/p>\n\n\n\n<p><strong>Una serie di appunti sulle questioni sollevate dal problema della \u201cvisione\u201d attraverso le opere di un nucleo di artisti contemporanei. <\/strong>Un saggio che diventa indagine linguistica imprescindibile da quella visiva, essendo suo tema costante lo \u201csguardo\u201d, il \u201cguardare\u201d. Parole e opere che interagiscono spingendo il lettore a farsi obbligatoriamente anche \u201cosservatore\u201d. Spesso, quanto accomuna questi autori \u2013 <strong>Fabio Mauri, Gino De Dominicis, Jannis Kounellis, Oscar Mu\u00f1oz, Claudio Parmiggiani, On Kawara<\/strong> tra gli altri \u2013 \u00e8 apparentemente un pretesto, uno strumento, un segnale. In realt\u00e0, <strong>a renderli vicini \u00e8 una potente onnipotenza: far vedere quello che non c\u2019\u00e8, far vedere un presagio, una memoria, un amore, un tempo, un disagio,tutte \u201ccose\u201d che non si vedono e tuttavia si sentono, si percepiscono, coinvolgono, inquietano, attraggono.<\/strong><\/p>\n\n\n\n<figure class=\"wp-block-image\"><img loading=\"lazy\" decoding=\"async\" width=\"750\" height=\"1024\" src=\"https:\/\/www.biancoscuro.it\/site\/wp-content\/uploads\/2019\/01\/FAM-A-perdita-docchio-750x1024.jpg\" alt=\"\" class=\"wp-image-8549\" srcset=\"https:\/\/www.biancoscuro.it\/site\/wp-content\/uploads\/2019\/01\/FAM-A-perdita-docchio-750x1024.jpg 750w, https:\/\/www.biancoscuro.it\/site\/wp-content\/uploads\/2019\/01\/FAM-A-perdita-docchio-220x300.jpg 220w, https:\/\/www.biancoscuro.it\/site\/wp-content\/uploads\/2019\/01\/FAM-A-perdita-docchio-768x1049.jpg 768w, https:\/\/www.biancoscuro.it\/site\/wp-content\/uploads\/2019\/01\/FAM-A-perdita-docchio-600x819.jpg 600w, https:\/\/www.biancoscuro.it\/site\/wp-content\/uploads\/2019\/01\/FAM-A-perdita-docchio.jpg 865w\" sizes=\"auto, (max-width: 750px) 100vw, 750px\" \/><\/figure>\n\n\n\n<p><strong>Con un\u2019introduzione di Franco \u201cBifo\u201d Berardi e un testo di Filippo Timi.<\/strong><\/p>\n\n\n\n<p><strong><em>Francesca Alfano Miglietti <\/em><\/strong><em>(fam), teorico e critico d\u2019arte, docente all\u2019Accademia di Brera, autrice di libri e saggi sull\u2019arte contemporanea, ha incentrato la sua ricerca sulle contaminazioni dei linguaggi, il corpo e le sue modificazioni, la performance, il rapporto tra visibile e invisibile. Ideatrice e direttrice della rivista \u201cVirus\u201d, con Skira ha pubblicato Nessun tempo, nessun corpo(2001), Virus Art (2003), Virus Moda (2005), Manuale delle passioni (2007) e Percorsi di arte contemporanea (2011).<\/em><\/p>\n","protected":false},"excerpt":{"rendered":"<p><span class=\"span-reading-time rt-reading-time\" style=\"display: block;\"><span class=\"rt-label rt-prefix\">\u23f0 lettura <\/span> <span class=\"rt-time\"> &lt; 1<\/span> <span class=\"rt-label rt-postfix\">min. <\/p>\n<p><\/span><\/span>Il 24 gennaio alle 18.30 alla Feltrinelli di piazza Piemonte a Milano, si terr\u00e0 la\u00a0presentazione del volume di Francesca Alfano Miglietti. Una serie di appunti sulle questioni sollevate dal problema della \u201cvisione\u201d attraverso le opere di un nucleo di artisti contemporanei. Un saggio che diventa indagine linguistica imprescindibile da quella visiva, essendo suo tema costante&hellip;&nbsp;<a href=\"https:\/\/www.biancoscuro.it\/site\/a-perdita-docchio-visibilita-e-invisibilita-nellarte-contemporanea-skira-editore\/\" rel=\"bookmark\">Leggi tutto &raquo;<span class=\"screen-reader-text\">A perdita d&#8217;occhio. Visibilit\u00e0 e invisibilit\u00e0 nell\u2019arte contemporanea &#8211; Skira editore<\/span><\/a><\/p>\n","protected":false},"author":917,"featured_media":8549,"comment_status":"closed","ping_status":"closed","sticky":false,"template":"","format":"standard","meta":{"neve_meta_sidebar":"","neve_meta_container":"","neve_meta_enable_content_width":"","neve_meta_content_width":0,"neve_meta_title_alignment":"","neve_meta_author_avatar":"","neve_post_elements_order":"","neve_meta_disable_header":"","neve_meta_disable_footer":"","neve_meta_disable_title":"","advanced_seo_description":"","jetpack_seo_html_title":"","jetpack_seo_noindex":false,"footnotes":""},"categories":[5],"tags":[],"class_list":["post-8548","post","type-post","status-publish","format-standard","has-post-thumbnail","hentry","category-arte"],"jetpack_featured_media_url":"https:\/\/www.biancoscuro.it\/site\/wp-content\/uploads\/2019\/01\/FAM-A-perdita-docchio.jpg","jetpack_sharing_enabled":true,"jetpack-related-posts":[{"id":7105,"url":"https:\/\/www.biancoscuro.it\/site\/canova-prize-2018\/","url_meta":{"origin":8548,"position":0},"title":"CANOVA PRIZE 2018","author":"Roberta Melasecca","date":"16 Aprile 2018","format":false,"excerpt":"CANOVA PRIZE 2018 Premio internazionale dedicato all\u2019arte contemporanea L'edizione 2018 vola oltre oceano, esportando a New York un concept di matrice tutta italiana. L\u2019edizione\u00a02016, nata come Premio Arte Roma,\u00a0ha visto vincitore l\u2019artista albanese Alfred Milot Mirashi, premiato con il titolo di Eccellenza contemporanea tra i 60 artisti provenienti da tutto\u2026","rel":"","context":"In &quot;concorso&quot;","block_context":{"text":"concorso","link":"https:\/\/www.biancoscuro.it\/site\/category\/concorso\/"},"img":{"alt_text":"","src":"https:\/\/i0.wp.com\/www.biancoscuro.it\/site\/wp-content\/uploads\/2018\/04\/immagine_3-1.jpg?resize=350%2C200&ssl=1","width":350,"height":200,"srcset":"https:\/\/i0.wp.com\/www.biancoscuro.it\/site\/wp-content\/uploads\/2018\/04\/immagine_3-1.jpg?resize=350%2C200&ssl=1 1x, https:\/\/i0.wp.com\/www.biancoscuro.it\/site\/wp-content\/uploads\/2018\/04\/immagine_3-1.jpg?resize=525%2C300&ssl=1 1.5x, https:\/\/i0.wp.com\/www.biancoscuro.it\/site\/wp-content\/uploads\/2018\/04\/immagine_3-1.jpg?resize=700%2C400&ssl=1 2x, https:\/\/i0.wp.com\/www.biancoscuro.it\/site\/wp-content\/uploads\/2018\/04\/immagine_3-1.jpg?resize=1050%2C600&ssl=1 3x, https:\/\/i0.wp.com\/www.biancoscuro.it\/site\/wp-content\/uploads\/2018\/04\/immagine_3-1.jpg?resize=1400%2C800&ssl=1 4x"},"classes":[]},{"id":11685,"url":"https:\/\/www.biancoscuro.it\/site\/open-call-per-artisti-e-designer-la-forma-del-vino\/","url_meta":{"origin":8548,"position":1},"title":"La Forma del Vino","author":"Beatrice","date":"23 Aprile 2021","format":false,"excerpt":"Associazione Contemporanea e IRVIT Istituto Regionale per le Ville Tuscolane, con il Patrocinio di ADI Associazione per il Disegno Industriale, MIC Museo Internazionale delle Ceramiche in Faenza e AiCC Associazione Italiana Citt\u00e0 della Ceramica, lanciano una Open Call nazionale, che terminer\u00e0 il prossimo 16 di luglio con la\u00a0 chiusura delle\u2026","rel":"","context":"In &quot;arte&quot;","block_context":{"text":"arte","link":"https:\/\/www.biancoscuro.it\/site\/category\/arte\/"},"img":{"alt_text":"","src":"https:\/\/i0.wp.com\/www.biancoscuro.it\/site\/wp-content\/uploads\/2021\/04\/img-la-forma-del-vino.jpg?resize=350%2C200&ssl=1","width":350,"height":200,"srcset":"https:\/\/i0.wp.com\/www.biancoscuro.it\/site\/wp-content\/uploads\/2021\/04\/img-la-forma-del-vino.jpg?resize=350%2C200&ssl=1 1x, https:\/\/i0.wp.com\/www.biancoscuro.it\/site\/wp-content\/uploads\/2021\/04\/img-la-forma-del-vino.jpg?resize=525%2C300&ssl=1 1.5x, https:\/\/i0.wp.com\/www.biancoscuro.it\/site\/wp-content\/uploads\/2021\/04\/img-la-forma-del-vino.jpg?resize=700%2C400&ssl=1 2x"},"classes":[]},{"id":1950,"url":"https:\/\/www.biancoscuro.it\/site\/arte-forli-contemporanea-2014\/","url_meta":{"origin":8548,"position":2},"title":"Arte Forl\u00ec Contemporanea 2014 | Grande pubblico per grandi artisti","author":"Redazione BIANCOSCURO","date":"12 Novembre 2014","format":false,"excerpt":"Arte Forl\u00ec Contemporanea 2014 Grande pubblico per grandi artisti Il Quartiere Fieristico di Forl\u00ec ha ospitato anche quest'anno una spumeggiante XVIII edizione di Arte Forl\u00ec Contemporanea, aperta al pubblico da venerd\u00ec 7 a luned\u00ec 10 novembre, la kermesse artistica ha visto pi\u00f9 di 50 gallerie partecipanti, un afflusso di pubblico\u2026","rel":"","context":"In &quot;arte&quot;","block_context":{"text":"arte","link":"https:\/\/www.biancoscuro.it\/site\/category\/arte\/"},"img":{"alt_text":"Arte forti 2014 biancoscuro art magazine","src":"https:\/\/i0.wp.com\/www.biancoscuro.it\/site\/wp-content\/uploads\/2014\/11\/10407165_880054342013195_5279866839702880757_n.jpg?resize=350%2C200","width":350,"height":200},"classes":[]},{"id":1811,"url":"https:\/\/www.biancoscuro.it\/site\/arte-forli-contemporanea-dal-7-10-novembre-2014\/","url_meta":{"origin":8548,"position":3},"title":"Arte Forl\u00ec CONTEMPORANEA dal 7 al 10 novembre 2014","author":"Redazione BIANCOSCURO","date":"26 Settembre 2014","format":false,"excerpt":"Biancoscuro\u00a0in collaborazione con\u00a0ArteExp\u00f2 Gallery\u00a0propone \u00a0ad artisti meritevoli la possibilit\u00e0 di partecipare ad\u00a0ARTE FORLI' CONTEMPORANEA 2014! Per maggiori informazioni o ricevere il bando di partecipazione contattaci subito allo 0382.1902778 oppure scrivi\u00a0info@biancoscuro.it La partecipazione alle fiere d'arte\u00a0ad\u00a0ARTE FORLI' CONTEMPORANEA 2014\u00a0prevede in abbinata la pubblicazione degli artisti sulla nostra\u00a0rivista d'arte\u00a0BIANCOSCURO. Informiamo che sono\u2026","rel":"","context":"In &quot;arte&quot;","block_context":{"text":"arte","link":"https:\/\/www.biancoscuro.it\/site\/category\/arte\/"},"img":{"alt_text":"Arte_CONTEMPORANEA_FORLI_2014-BIANCOSCURO","src":"https:\/\/i0.wp.com\/www.biancoscuro.it\/site\/wp-content\/uploads\/2014\/05\/CONTEMPORANEAFORLI2014.jpg?resize=350%2C200","width":350,"height":200},"classes":[]},{"id":2361,"url":"https:\/\/www.biancoscuro.it\/site\/andy-warhol-sul-como-opere-della-collezione-rosetta-barabino\/","url_meta":{"origin":8548,"position":4},"title":"Andy Warhol sul com\u00f2. Opere della Collezione Rosetta Barabino","author":"Redazione BIANCOSCURO","date":"13 Marzo 2015","format":false,"excerpt":"ANDY WARHOL SUL COM\u00d2 Opere della Collezione Rosetta Barabino Genova, Museo di arte Contemporanea di Villa Croce 2 aprile 2015 \u2013 5 luglio 2015 Villa Croce ritorna a essere una dimora privata arredata con mobili di design per ospitare quasi cento opere da una straordinaria collezione genovese mai prima presentata\u2026","rel":"","context":"In &quot;arte&quot;","block_context":{"text":"arte","link":"https:\/\/www.biancoscuro.it\/site\/category\/arte\/"},"img":{"alt_text":"","src":"https:\/\/i0.wp.com\/www.biancoscuro.it\/site\/wp-content\/uploads\/2015\/03\/image003.jpg?resize=350%2C200&ssl=1","width":350,"height":200,"srcset":"https:\/\/i0.wp.com\/www.biancoscuro.it\/site\/wp-content\/uploads\/2015\/03\/image003.jpg?resize=350%2C200&ssl=1 1x, https:\/\/i0.wp.com\/www.biancoscuro.it\/site\/wp-content\/uploads\/2015\/03\/image003.jpg?resize=525%2C300&ssl=1 1.5x"},"classes":[]},{"id":1909,"url":"https:\/\/www.biancoscuro.it\/site\/arte-forli-contemporanea-2014-dal-7-10-novembre-2014\/","url_meta":{"origin":8548,"position":5},"title":"Arte Forl\u00ec Contemporanea, dal 7 al 10 novembre 2014","author":"Redazione BIANCOSCURO","date":"28 Ottobre 2014","format":false,"excerpt":"Arte Forl\u00ec Contemporanea 2014\u00a0dal 7 al 10 novembre\u00a02014. Venerd\u00ec 7 novembre aprir\u00e0 la nuova edizione di Arte Forl\u00ec Contemporanea 2014, esposizione di arte moderna e contemporanea giunta ormai alla sua XVIII edizione.\u00a0Interverr\u00e0 l'On.Vittorio Sgarbi, in qualit\u00e0 di critico d'arte, nella mattinata di sabato 8 novembre, visitando le Gallerie presenti e\u2026","rel":"","context":"In &quot;arte&quot;","block_context":{"text":"arte","link":"https:\/\/www.biancoscuro.it\/site\/category\/arte\/"},"img":{"alt_text":"sgarbi biancoscuro art magazine","src":"https:\/\/i0.wp.com\/www.biancoscuro.it\/site\/wp-content\/uploads\/2014\/10\/DSC_4232.jpg?resize=350%2C200","width":350,"height":200},"classes":[]}],"_links":{"self":[{"href":"https:\/\/www.biancoscuro.it\/site\/wp-json\/wp\/v2\/posts\/8548","targetHints":{"allow":["GET"]}}],"collection":[{"href":"https:\/\/www.biancoscuro.it\/site\/wp-json\/wp\/v2\/posts"}],"about":[{"href":"https:\/\/www.biancoscuro.it\/site\/wp-json\/wp\/v2\/types\/post"}],"author":[{"embeddable":true,"href":"https:\/\/www.biancoscuro.it\/site\/wp-json\/wp\/v2\/users\/917"}],"replies":[{"embeddable":true,"href":"https:\/\/www.biancoscuro.it\/site\/wp-json\/wp\/v2\/comments?post=8548"}],"version-history":[{"count":0,"href":"https:\/\/www.biancoscuro.it\/site\/wp-json\/wp\/v2\/posts\/8548\/revisions"}],"wp:featuredmedia":[{"embeddable":true,"href":"https:\/\/www.biancoscuro.it\/site\/wp-json\/wp\/v2\/media\/8549"}],"wp:attachment":[{"href":"https:\/\/www.biancoscuro.it\/site\/wp-json\/wp\/v2\/media?parent=8548"}],"wp:term":[{"taxonomy":"category","embeddable":true,"href":"https:\/\/www.biancoscuro.it\/site\/wp-json\/wp\/v2\/categories?post=8548"},{"taxonomy":"post_tag","embeddable":true,"href":"https:\/\/www.biancoscuro.it\/site\/wp-json\/wp\/v2\/tags?post=8548"}],"curies":[{"name":"wp","href":"https:\/\/api.w.org\/{rel}","templated":true}]}}