{"id":8710,"date":"2019-02-11T12:58:13","date_gmt":"2019-02-11T10:58:13","guid":{"rendered":"https:\/\/www.biancoscuro.it\/site\/?p=8710"},"modified":"2019-02-11T13:27:53","modified_gmt":"2019-02-11T11:27:53","slug":"ultima-settimana-per-picasso-a-palazzo-reale-a-milano","status":"publish","type":"post","link":"https:\/\/www.biancoscuro.it\/site\/ultima-settimana-per-picasso-a-palazzo-reale-a-milano\/","title":{"rendered":"Ultima settimana per Picasso a Palazzo Reale a Milano"},"content":{"rendered":"<span class=\"span-reading-time rt-reading-time\" style=\"display: block;\"><span class=\"rt-label rt-prefix\">\u23f0 lettura <\/span> <span class=\"rt-time\"> 2<\/span> <span class=\"rt-label rt-postfix\">min. <br><br><\/span><\/span>\n<p><strong>C\u2019\u00c8 ANCORA UNA SETTIMANA DI TEMPO PER VISITARE LA GRANDE MOSTRA <em>PICASSO METAMORFOSI<\/em> A MILANO A PALAZZO REALE.<\/strong><\/p>\n\n\n\n<p>Domenica 17 febbraio sar\u00e0 infatti l\u2019ultimo giorno di apertura\ndella mostra (aperta dal 18 ottobre scorso), che in 116 giorni ha\nabbondantemente superato i 200.000 visitatori.<\/p>\n\n\n\n<figure class=\"wp-block-image\"><img loading=\"lazy\" decoding=\"async\" width=\"1024\" height=\"710\" src=\"https:\/\/www.biancoscuro.it\/site\/wp-content\/uploads\/2019\/02\/PICASSO-allestimento-Donna-in-girdino-scultura-1024x710.jpg\" alt=\"\" class=\"wp-image-8712\" srcset=\"https:\/\/www.biancoscuro.it\/site\/wp-content\/uploads\/2019\/02\/PICASSO-allestimento-Donna-in-girdino-scultura-1024x710.jpg 1024w, https:\/\/www.biancoscuro.it\/site\/wp-content\/uploads\/2019\/02\/PICASSO-allestimento-Donna-in-girdino-scultura-300x208.jpg 300w, https:\/\/www.biancoscuro.it\/site\/wp-content\/uploads\/2019\/02\/PICASSO-allestimento-Donna-in-girdino-scultura-768x533.jpg 768w, https:\/\/www.biancoscuro.it\/site\/wp-content\/uploads\/2019\/02\/PICASSO-allestimento-Donna-in-girdino-scultura-600x416.jpg 600w, https:\/\/www.biancoscuro.it\/site\/wp-content\/uploads\/2019\/02\/PICASSO-allestimento-Donna-in-girdino-scultura.jpg 1153w\" sizes=\"auto, (max-width: 1024px) 100vw, 1024px\" \/><\/figure>\n\n\n\n<p>Dedicata al rapporto multiforme e fecondo che il genio\nspagnolo ha sviluppato, per tutta la sua straordinaria carriera, con il mito e\nl\u2019antichit\u00e0, si propone di esplorare per la prima volta da questa particolare\nprospettiva il suo intenso e complesso processo creativo.<\/p>\n\n\n\n<figure class=\"wp-block-image\"><img loading=\"lazy\" decoding=\"async\" width=\"1024\" height=\"683\" src=\"https:\/\/www.biancoscuro.it\/site\/wp-content\/uploads\/2019\/02\/PICASSO-allestimento-Labbraccio-Il-bacio-Rodin-1024x683.jpg\" alt=\"\" class=\"wp-image-8713\" srcset=\"https:\/\/www.biancoscuro.it\/site\/wp-content\/uploads\/2019\/02\/PICASSO-allestimento-Labbraccio-Il-bacio-Rodin-1024x683.jpg 1024w, https:\/\/www.biancoscuro.it\/site\/wp-content\/uploads\/2019\/02\/PICASSO-allestimento-Labbraccio-Il-bacio-Rodin-300x200.jpg 300w, https:\/\/www.biancoscuro.it\/site\/wp-content\/uploads\/2019\/02\/PICASSO-allestimento-Labbraccio-Il-bacio-Rodin-768x512.jpg 768w, https:\/\/www.biancoscuro.it\/site\/wp-content\/uploads\/2019\/02\/PICASSO-allestimento-Labbraccio-Il-bacio-Rodin-600x400.jpg 600w, https:\/\/www.biancoscuro.it\/site\/wp-content\/uploads\/2019\/02\/PICASSO-allestimento-Labbraccio-Il-bacio-Rodin.jpg 1200w\" sizes=\"auto, (max-width: 1024px) 100vw, 1024px\" \/><\/figure>\n\n\n\n<p>Promossa e prodotta da Comune di Milano &#8211; Cultura, Palazzo\nReale e MondoMostreSkira, la mostra \u00e8 curata da Pascale Picard, direttrice dei\nMusei civici di Avignone. Il progetto, tappa milanese della grande rassegna\neuropea triennale Picasso-M\u00e9diterran\u00e9e, promossa dal Mus\u00e9e Picasso di Parigi\ncon altre istituzioni internazionali, presenta circa 200 opere tra lavori di\nPicasso e opere d\u2019arte antica cui il grande maestro si \u00e8 ispirato, provenienti\ndal Mus\u00e9e National Picasso di Parigi e da altri importanti musei europei come,\ntra gli altri, il Mus\u00e9e du Louvre di Parigi,&nbsp;\ni Musei Vaticani di Roma, il Museo Archeologico Nazionale di Napoli, il\nMus\u00e9e Picasso di Antibes, il Mus\u00e9e des Beaux-Arts di Lione, il Centre Pompidou\ndi Parigi, il Mus\u00e9e de l\u2019Orangerie di Parigi, il Museu Picasso di Barcellona.<\/p>\n\n\n\n<figure class=\"wp-block-image\"><img loading=\"lazy\" decoding=\"async\" width=\"1024\" height=\"683\" src=\"https:\/\/www.biancoscuro.it\/site\/wp-content\/uploads\/2019\/02\/PICASSO-allestimento-Nudo-disteso-e-Arianna-addormentata-1024x683.jpg\" alt=\"\" class=\"wp-image-8714\" srcset=\"https:\/\/www.biancoscuro.it\/site\/wp-content\/uploads\/2019\/02\/PICASSO-allestimento-Nudo-disteso-e-Arianna-addormentata-1024x683.jpg 1024w, https:\/\/www.biancoscuro.it\/site\/wp-content\/uploads\/2019\/02\/PICASSO-allestimento-Nudo-disteso-e-Arianna-addormentata-300x200.jpg 300w, https:\/\/www.biancoscuro.it\/site\/wp-content\/uploads\/2019\/02\/PICASSO-allestimento-Nudo-disteso-e-Arianna-addormentata-768x512.jpg 768w, https:\/\/www.biancoscuro.it\/site\/wp-content\/uploads\/2019\/02\/PICASSO-allestimento-Nudo-disteso-e-Arianna-addormentata-600x400.jpg 600w, https:\/\/www.biancoscuro.it\/site\/wp-content\/uploads\/2019\/02\/PICASSO-allestimento-Nudo-disteso-e-Arianna-addormentata.jpg 1200w\" sizes=\"auto, (max-width: 1024px) 100vw, 1024px\" \/><\/figure>\n\n\n\n<p>Con Picasso Metamorfosi \u00e8 l\u2019antichit\u00e0 nelle sue diverse\nforme a declinarsi nelle mitologie reinventate da Picasso e presentate nelle\nsei sezioni della mostra con le opere del grande artista accostate a quelle di\narte antica \u2013 ceramiche, vasi, statue, placche votive, rilievi, idoli, stele &#8211;\nche lo hanno ispirato e profondamente influenzato.<\/p>\n\n\n\n<figure class=\"wp-block-image\"><img loading=\"lazy\" decoding=\"async\" width=\"1024\" height=\"683\" src=\"https:\/\/www.biancoscuro.it\/site\/wp-content\/uploads\/2019\/02\/PICASSO-allestimento-Torso-di-Minotauro-Testa-uomo-barbuto-1024x683.jpg\" alt=\"\" class=\"wp-image-8715\" srcset=\"https:\/\/www.biancoscuro.it\/site\/wp-content\/uploads\/2019\/02\/PICASSO-allestimento-Torso-di-Minotauro-Testa-uomo-barbuto-1024x683.jpg 1024w, https:\/\/www.biancoscuro.it\/site\/wp-content\/uploads\/2019\/02\/PICASSO-allestimento-Torso-di-Minotauro-Testa-uomo-barbuto-300x200.jpg 300w, https:\/\/www.biancoscuro.it\/site\/wp-content\/uploads\/2019\/02\/PICASSO-allestimento-Torso-di-Minotauro-Testa-uomo-barbuto-768x512.jpg 768w, https:\/\/www.biancoscuro.it\/site\/wp-content\/uploads\/2019\/02\/PICASSO-allestimento-Torso-di-Minotauro-Testa-uomo-barbuto-600x400.jpg 600w, https:\/\/www.biancoscuro.it\/site\/wp-content\/uploads\/2019\/02\/PICASSO-allestimento-Torso-di-Minotauro-Testa-uomo-barbuto.jpg 1200w\" sizes=\"auto, (max-width: 1024px) 100vw, 1024px\" \/><\/figure>\n\n\n\n<pre class=\"wp-block-preformatted\">Orari di visita:<br \/>Luned\u00ec 14.30 \u2013 19.30 <br \/>Marted\u00ec, mercoled\u00ec venerd\u00ec e domenica 9.30 \u2013 19.30 <br \/>Gioved\u00ec e sabato 9.30 \u2013 22.30 <br \/>Ultimo ingresso un\u2019ora prima della chiusura<br \/>www.mostrapicassomilano.it<\/pre>\n","protected":false},"excerpt":{"rendered":"<p><span class=\"span-reading-time rt-reading-time\" style=\"display: block;\"><span class=\"rt-label rt-prefix\">\u23f0 lettura <\/span> <span class=\"rt-time\"> 2<\/span> <span class=\"rt-label rt-postfix\">min. <\/p>\n<p><\/span><\/span>C\u2019\u00c8 ANCORA UNA SETTIMANA DI TEMPO PER VISITARE LA GRANDE MOSTRA PICASSO METAMORFOSI A MILANO A PALAZZO REALE. Domenica 17 febbraio sar\u00e0 infatti l\u2019ultimo giorno di apertura della mostra (aperta dal 18 ottobre scorso), che in 116 giorni ha abbondantemente superato i 200.000 visitatori. Dedicata al rapporto multiforme e fecondo che il genio spagnolo ha&hellip;&nbsp;<a href=\"https:\/\/www.biancoscuro.it\/site\/ultima-settimana-per-picasso-a-palazzo-reale-a-milano\/\" rel=\"bookmark\">Leggi tutto &raquo;<span class=\"screen-reader-text\">Ultima settimana per Picasso a Palazzo Reale a Milano<\/span><\/a><\/p>\n","protected":false},"author":917,"featured_media":8711,"comment_status":"closed","ping_status":"closed","sticky":false,"template":"","format":"standard","meta":{"neve_meta_sidebar":"","neve_meta_container":"","neve_meta_enable_content_width":"","neve_meta_content_width":0,"neve_meta_title_alignment":"","neve_meta_author_avatar":"","neve_post_elements_order":"","neve_meta_disable_header":"","neve_meta_disable_footer":"","neve_meta_disable_title":"","advanced_seo_description":"","jetpack_seo_html_title":"","jetpack_seo_noindex":false,"footnotes":""},"categories":[5],"tags":[],"class_list":["post-8710","post","type-post","status-publish","format-standard","has-post-thumbnail","hentry","category-arte"],"jetpack_featured_media_url":"https:\/\/www.biancoscuro.it\/site\/wp-content\/uploads\/2019\/02\/2.-PICASSO-Labbraccio.jpg","jetpack_sharing_enabled":true,"jetpack-related-posts":[{"id":7632,"url":"https:\/\/www.biancoscuro.it\/site\/giovedi-26-luglio-apertura-prevendite-grande-mostra-picasso-metamorfosi-a-palazzo-reale-a-milano-dal-18-ottobre-al-17-febbraio\/","url_meta":{"origin":8710,"position":0},"title":"Gioved\u00ec 26 luglio apertura prevendite grande mostra PICASSO METAMORFOSI a Palazzo Reale a Milano dal 18 ottobre al 17 febbraio","author":"Chiara","date":"23 Luglio 2018","format":false,"excerpt":"PICASSO\u00a0Metamorfosi Palazzo Reale, Milano dal 18 ottobre 2018 al 17 febbraio 2019 \u00a0 Dal 26 luglio aprono le prenotazioni anche ai singoli visitatori A partire dalle ore 9.00 di gioved\u00ec 26 luglio 2018 aprono le prevendite per la grande \u00a0mostra PICASSO METAMORFOSI in programma a Palazzo Reale a Milano dal\u2026","rel":"","context":"In &quot;arte&quot;","block_context":{"text":"arte","link":"https:\/\/www.biancoscuro.it\/site\/category\/arte\/"},"img":{"alt_text":"","src":"https:\/\/i0.wp.com\/www.biancoscuro.it\/site\/wp-content\/uploads\/2018\/07\/1.-PICASSO-Il-bacio.jpg?resize=350%2C200&ssl=1","width":350,"height":200,"srcset":"https:\/\/i0.wp.com\/www.biancoscuro.it\/site\/wp-content\/uploads\/2018\/07\/1.-PICASSO-Il-bacio.jpg?resize=350%2C200&ssl=1 1x, https:\/\/i0.wp.com\/www.biancoscuro.it\/site\/wp-content\/uploads\/2018\/07\/1.-PICASSO-Il-bacio.jpg?resize=525%2C300&ssl=1 1.5x, https:\/\/i0.wp.com\/www.biancoscuro.it\/site\/wp-content\/uploads\/2018\/07\/1.-PICASSO-Il-bacio.jpg?resize=700%2C400&ssl=1 2x, https:\/\/i0.wp.com\/www.biancoscuro.it\/site\/wp-content\/uploads\/2018\/07\/1.-PICASSO-Il-bacio.jpg?resize=1050%2C600&ssl=1 3x"},"classes":[]},{"id":10483,"url":"https:\/\/www.biancoscuro.it\/site\/prorogata-all8-marzo-la-mostra-guggenheim-la-collezione-thannhauser-da-van-gogh-a-picasso-a-palazzo-reale-a-milano\/","url_meta":{"origin":8710,"position":1},"title":"Prorogata all&#8217;8 marzo la mostra Guggenheim &#8220;La Collezione Thannhauser&#8221;","author":"Chiara","date":"3 Marzo 2020","format":false,"excerpt":"\"La Collezione Thannhauser\" da Van Gogh a Picasso a Palazzo Reale a Milano La splendida mostra\u00a0Guggenheim La Collezione Thannhauser da Van Gogh a Picasso,\u00a0rimasta chiusa la scorsa settimana in ottemperanza al decreto della Regione Lombardia relativo alle misure di contenimento del contagio da Coronavirus, \u00e8 stata prorogata e riapre da\u2026","rel":"","context":"In &quot;arte&quot;","block_context":{"text":"arte","link":"https:\/\/www.biancoscuro.it\/site\/category\/arte\/"},"img":{"alt_text":"","src":"https:\/\/i0.wp.com\/www.biancoscuro.it\/site\/wp-content\/uploads\/2020\/03\/15.-Rousseau-I-giocatori-di-football.jpg?resize=350%2C200&ssl=1","width":350,"height":200,"srcset":"https:\/\/i0.wp.com\/www.biancoscuro.it\/site\/wp-content\/uploads\/2020\/03\/15.-Rousseau-I-giocatori-di-football.jpg?resize=350%2C200&ssl=1 1x, https:\/\/i0.wp.com\/www.biancoscuro.it\/site\/wp-content\/uploads\/2020\/03\/15.-Rousseau-I-giocatori-di-football.jpg?resize=525%2C300&ssl=1 1.5x, https:\/\/i0.wp.com\/www.biancoscuro.it\/site\/wp-content\/uploads\/2020\/03\/15.-Rousseau-I-giocatori-di-football.jpg?resize=700%2C400&ssl=1 2x"},"classes":[]},{"id":6357,"url":"https:\/\/www.biancoscuro.it\/site\/prorogata-al-4-febbraio-la-mostra-dentro-caravaggio-palazzo-reale-milano\/","url_meta":{"origin":8710,"position":2},"title":"PROROGATA AL 4 FEBBRAIO LA MOSTRA DENTRO CARAVAGGIO A PALAZZO REALE A MILANO","author":"Chiara","date":"18 Gennaio 2018","format":false,"excerpt":"La mostra Dentro Caravaggio, aperta a Palazzo Reale il 28 settembre 2017, la cui chiusura era prevista per domenica 28 gennaio, viene prorogata sino a domenica 4 febbraio. La decisione, visto l\u2019esito straordinario della rassegna (gi\u00e0 visitata, a ieri, 17 gennaio, da oltre 320.000 visitatori) e l\u2019ancora vastissima richiesta di\u2026","rel":"","context":"In &quot;arte&quot;","block_context":{"text":"arte","link":"https:\/\/www.biancoscuro.it\/site\/category\/arte\/"},"img":{"alt_text":"","src":"https:\/\/i0.wp.com\/www.biancoscuro.it\/site\/wp-content\/uploads\/2018\/01\/Dentro-Caravaggio-02-Photo-Molteni-Motta.jpg?resize=350%2C200&ssl=1","width":350,"height":200,"srcset":"https:\/\/i0.wp.com\/www.biancoscuro.it\/site\/wp-content\/uploads\/2018\/01\/Dentro-Caravaggio-02-Photo-Molteni-Motta.jpg?resize=350%2C200&ssl=1 1x, https:\/\/i0.wp.com\/www.biancoscuro.it\/site\/wp-content\/uploads\/2018\/01\/Dentro-Caravaggio-02-Photo-Molteni-Motta.jpg?resize=525%2C300&ssl=1 1.5x, https:\/\/i0.wp.com\/www.biancoscuro.it\/site\/wp-content\/uploads\/2018\/01\/Dentro-Caravaggio-02-Photo-Molteni-Motta.jpg?resize=700%2C400&ssl=1 2x, https:\/\/i0.wp.com\/www.biancoscuro.it\/site\/wp-content\/uploads\/2018\/01\/Dentro-Caravaggio-02-Photo-Molteni-Motta.jpg?resize=1050%2C600&ssl=1 3x"},"classes":[]},{"id":12865,"url":"https:\/\/www.biancoscuro.it\/site\/al-via-le-prenotazioni-per-tiziano-a-palazzo-reale-a-milano\/","url_meta":{"origin":8710,"position":3},"title":"Al via le prenotazioni per Tiziano a Palazzo Reale a Milano","author":"Chiara","date":"31 Gennaio 2022","format":false,"excerpt":"Sono aperte le prenotazioni per la grande mostra\u00a0Tiziano e l\u2019immagine della donna nel Cinquecento veneziano\u00a0che sar\u00e0 aperta a Palazzo Reale dal 23 febbraio al 5 giugno prossimi. La mostra \u00e8\u00a0promossa e prodotta da Comune di Milano\u2013Cultura, Palazzo Reale e Skira editore,\u00a0in collaborazione con il\u00a0Kunsthistorisches Museum di Vienna.\u00a0 La Fondazione Bracco\u2026","rel":"","context":"In &quot;arte&quot;","block_context":{"text":"arte","link":"https:\/\/www.biancoscuro.it\/site\/category\/arte\/"},"img":{"alt_text":"","src":"https:\/\/i0.wp.com\/www.biancoscuro.it\/site\/wp-content\/uploads\/2022\/02\/6-TIZIANO-Lucrezia-e-suo-marito-1515-ca.jpg?resize=350%2C200&ssl=1","width":350,"height":200,"srcset":"https:\/\/i0.wp.com\/www.biancoscuro.it\/site\/wp-content\/uploads\/2022\/02\/6-TIZIANO-Lucrezia-e-suo-marito-1515-ca.jpg?resize=350%2C200&ssl=1 1x, https:\/\/i0.wp.com\/www.biancoscuro.it\/site\/wp-content\/uploads\/2022\/02\/6-TIZIANO-Lucrezia-e-suo-marito-1515-ca.jpg?resize=525%2C300&ssl=1 1.5x, https:\/\/i0.wp.com\/www.biancoscuro.it\/site\/wp-content\/uploads\/2022\/02\/6-TIZIANO-Lucrezia-e-suo-marito-1515-ca.jpg?resize=700%2C400&ssl=1 2x"},"classes":[]},{"id":12433,"url":"https:\/\/www.biancoscuro.it\/site\/a-palazzo-reale-a-milano-una-grande-monografica-di-tullio-pericoli\/","url_meta":{"origin":8710,"position":4},"title":"A Palazzo Reale a Milano una grande monografica di Tullio Pericoli","author":"Chiara","date":"12 Ottobre 2021","format":false,"excerpt":"Milano, sua citt\u00e0 di adozione, dedica a Tullio Pericoli una importante mostra che ripercorre la grande carriera dell'artista, personalit\u00e0 con una attivit\u00e0 feconda e multiforme, le cui opere hanno trovato accoglienza in esposizioni, pagine di giornali, volumi, committenze. Promossa e prodotta dal Comune di Milano Cultura, Palazzo Reale, Skira Editore\u2026","rel":"","context":"In &quot;arte&quot;","block_context":{"text":"arte","link":"https:\/\/www.biancoscuro.it\/site\/category\/arte\/"},"img":{"alt_text":"","src":"https:\/\/i0.wp.com\/www.biancoscuro.it\/site\/wp-content\/uploads\/2021\/10\/5.-PERICOLI-Combinazioni-2021.jpg?resize=350%2C200&ssl=1","width":350,"height":200,"srcset":"https:\/\/i0.wp.com\/www.biancoscuro.it\/site\/wp-content\/uploads\/2021\/10\/5.-PERICOLI-Combinazioni-2021.jpg?resize=350%2C200&ssl=1 1x, https:\/\/i0.wp.com\/www.biancoscuro.it\/site\/wp-content\/uploads\/2021\/10\/5.-PERICOLI-Combinazioni-2021.jpg?resize=525%2C300&ssl=1 1.5x, https:\/\/i0.wp.com\/www.biancoscuro.it\/site\/wp-content\/uploads\/2021\/10\/5.-PERICOLI-Combinazioni-2021.jpg?resize=700%2C400&ssl=1 2x"},"classes":[]},{"id":4156,"url":"https:\/\/www.biancoscuro.it\/site\/umberto-boccioni-genio-e-memoria-a-palazzo-reale-la-grande-celebrazione\/","url_meta":{"origin":8710,"position":5},"title":"Umberto Boccioni: genio e memoria","author":"Federica Senigagliesi","date":"10 Giugno 2016","format":false,"excerpt":"A Palazzo Reale la grande celebrazione di\u00a0Umberto Boccioni Cento anni fa, per una accidentale caduta da cavallo, moriva Umberto Boccioni, massimo esponente della corrente futurista in Italia. In occasione di questa ricorrenza, la citt\u00e0 di Milano, dove l\u2019Artista si stabil\u00ec nel 1907, gli rende omaggio con la retrospettiva allestita a\u2026","rel":"","context":"In &quot;arte&quot;","block_context":{"text":"arte","link":"https:\/\/www.biancoscuro.it\/site\/category\/arte\/"},"img":{"alt_text":"","src":"https:\/\/i0.wp.com\/www.biancoscuro.it\/site\/wp-content\/uploads\/2016\/07\/060.jpg?resize=350%2C200&ssl=1","width":350,"height":200,"srcset":"https:\/\/i0.wp.com\/www.biancoscuro.it\/site\/wp-content\/uploads\/2016\/07\/060.jpg?resize=350%2C200&ssl=1 1x, https:\/\/i0.wp.com\/www.biancoscuro.it\/site\/wp-content\/uploads\/2016\/07\/060.jpg?resize=525%2C300&ssl=1 1.5x, https:\/\/i0.wp.com\/www.biancoscuro.it\/site\/wp-content\/uploads\/2016\/07\/060.jpg?resize=700%2C400&ssl=1 2x, https:\/\/i0.wp.com\/www.biancoscuro.it\/site\/wp-content\/uploads\/2016\/07\/060.jpg?resize=1050%2C600&ssl=1 3x, https:\/\/i0.wp.com\/www.biancoscuro.it\/site\/wp-content\/uploads\/2016\/07\/060.jpg?resize=1400%2C800&ssl=1 4x"},"classes":[]}],"_links":{"self":[{"href":"https:\/\/www.biancoscuro.it\/site\/wp-json\/wp\/v2\/posts\/8710","targetHints":{"allow":["GET"]}}],"collection":[{"href":"https:\/\/www.biancoscuro.it\/site\/wp-json\/wp\/v2\/posts"}],"about":[{"href":"https:\/\/www.biancoscuro.it\/site\/wp-json\/wp\/v2\/types\/post"}],"author":[{"embeddable":true,"href":"https:\/\/www.biancoscuro.it\/site\/wp-json\/wp\/v2\/users\/917"}],"replies":[{"embeddable":true,"href":"https:\/\/www.biancoscuro.it\/site\/wp-json\/wp\/v2\/comments?post=8710"}],"version-history":[{"count":0,"href":"https:\/\/www.biancoscuro.it\/site\/wp-json\/wp\/v2\/posts\/8710\/revisions"}],"wp:featuredmedia":[{"embeddable":true,"href":"https:\/\/www.biancoscuro.it\/site\/wp-json\/wp\/v2\/media\/8711"}],"wp:attachment":[{"href":"https:\/\/www.biancoscuro.it\/site\/wp-json\/wp\/v2\/media?parent=8710"}],"wp:term":[{"taxonomy":"category","embeddable":true,"href":"https:\/\/www.biancoscuro.it\/site\/wp-json\/wp\/v2\/categories?post=8710"},{"taxonomy":"post_tag","embeddable":true,"href":"https:\/\/www.biancoscuro.it\/site\/wp-json\/wp\/v2\/tags?post=8710"}],"curies":[{"name":"wp","href":"https:\/\/api.w.org\/{rel}","templated":true}]}}