{"id":8734,"date":"2019-02-22T16:12:58","date_gmt":"2019-02-22T14:12:58","guid":{"rendered":"https:\/\/www.biancoscuro.it\/site\/?p=8734"},"modified":"2019-02-22T17:47:45","modified_gmt":"2019-02-22T15:47:45","slug":"il-bianco-e-nero-dallanalogico-al-digitale","status":"publish","type":"post","link":"https:\/\/www.biancoscuro.it\/site\/il-bianco-e-nero-dallanalogico-al-digitale\/","title":{"rendered":"&#8220;Il bianco e nero. Dall&#8217;analogico al digitale&#8221;"},"content":{"rendered":"<span class=\"span-reading-time rt-reading-time\" style=\"display: block;\"><span class=\"rt-label rt-prefix\">\u23f0 lettura <\/span> <span class=\"rt-time\"> &lt; 1<\/span> <span class=\"rt-label rt-postfix\">min. <br><br><\/span><\/span>\n<h4 class=\"wp-block-heading\"><strong>L\u2019Associazione culturale AmAMi partecipa alla seconda edizione della Milano Digital Week con un evento round table di importanza rilevante per il mondo digitale.<\/strong><\/h4>\n\n\n\n<p> <\/p>\n\n\n\n<p>Il titolo, emblematico, \u00e8 gi\u00e0 di per s\u00e9 il corpo ed il motore della tavola rotonda. Nel 2019 nell\u2019era del digitale dove vengono immesse quotidianamente nel web e sui social media, migliardi di immagini, dove le stesse vengono, modificate, copiate, molto spesso espropriate dal possesso del legittimo proprietario, dove vengono snaturate del significato che avevano nel nativo contesto, si \u00e8 deciso di parlare di bianco e nero. Perch\u00e9?<\/p>\n\n\n\n<p>Perch\u00e9 il bianco e nero nell\u2019era digitale non esiste pi\u00f9, non \u00e8 pi\u00f9 possibile comporre una fotografia come era possibile farlo invece con la pellicola analogica.&nbsp;<\/p>\n\n\n\n<p>Claudia Migliore, moderatore e curatore dell\u2019evento, porr\u00e0 questa ed altre domande a tre fotografi professionisti, a tre esperti di fotografia sia analogica che digitale.<\/p>\n\n\n\n<p>Massimo Bersanetti, Claudio C\u00f2mito e Mauro Mariani per un\u2019ora e mezza racconteranno e spiegheranno le loro esperienze fotografiche comparando con immagini il segno dei tempi.<\/p>\n\n\n\n<p>Un evento aperto a tutti, esperti di fotografia e non, sicuramente un dibattito coinvolgente ed entusiasmante, fatto non solo di&nbsp; nozioni tecniche ma anche&nbsp; di come la fotografia si sia trasformata e come continui a farlo. Una narrazione che ci coinvolge tutti, da chi le fotografie le scatta con il cellulare a chi invece utilizza macchine professionali.<\/p>\n\n\n\n<p>Racconteranno e ci parleranno del bianco e nero, della pellicola, della camera oscura e della loro evoluzione (involuzione) verso il digitale.<\/p>\n\n\n\n<figure class=\"wp-block-image\"><img loading=\"lazy\" decoding=\"async\" width=\"1000\" height=\"607\" src=\"https:\/\/www.biancoscuro.it\/site\/wp-content\/uploads\/2019\/02\/1000Digital-foto.jpg\" alt=\"\" class=\"wp-image-8739\" srcset=\"https:\/\/www.biancoscuro.it\/site\/wp-content\/uploads\/2019\/02\/1000Digital-foto.jpg 1000w, https:\/\/www.biancoscuro.it\/site\/wp-content\/uploads\/2019\/02\/1000Digital-foto-300x182.jpg 300w, https:\/\/www.biancoscuro.it\/site\/wp-content\/uploads\/2019\/02\/1000Digital-foto-768x466.jpg 768w, https:\/\/www.biancoscuro.it\/site\/wp-content\/uploads\/2019\/02\/1000Digital-foto-600x364.jpg 600w\" sizes=\"auto, (max-width: 1000px) 100vw, 1000px\" \/><\/figure>\n\n\n\n<pre class=\"wp-block-preformatted\"><strong>Museo Martinitt e Stelline<\/strong><br \/>15 Marzo 2109 <br \/>dalle ore 16.00 alle ore 17.30  <br \/>Ingresso libero<\/pre>\n\n\n\n<p><\/p>\n","protected":false},"excerpt":{"rendered":"<p><span class=\"span-reading-time rt-reading-time\" style=\"display: block;\"><span class=\"rt-label rt-prefix\">\u23f0 lettura <\/span> <span class=\"rt-time\"> &lt; 1<\/span> <span class=\"rt-label rt-postfix\">min. <\/p>\n<p><\/span><\/span>L\u2019Associazione culturale AmAMi partecipa alla seconda edizione della Milano Digital Week con un evento round table di importanza rilevante per il mondo digitale. Il titolo, emblematico, \u00e8 gi\u00e0 di per s\u00e9 il corpo ed il motore della tavola rotonda. Nel 2019 nell\u2019era del digitale dove vengono immesse quotidianamente nel web e sui social media, migliardi&hellip;&nbsp;<a href=\"https:\/\/www.biancoscuro.it\/site\/il-bianco-e-nero-dallanalogico-al-digitale\/\" rel=\"bookmark\">Leggi tutto &raquo;<span class=\"screen-reader-text\">&#8220;Il bianco e nero. Dall&#8217;analogico al digitale&#8221;<\/span><\/a><\/p>\n","protected":false},"author":1054,"featured_media":8741,"comment_status":"closed","ping_status":"closed","sticky":false,"template":"","format":"standard","meta":{"neve_meta_sidebar":"","neve_meta_container":"","neve_meta_enable_content_width":"","neve_meta_content_width":0,"neve_meta_title_alignment":"","neve_meta_author_avatar":"","neve_post_elements_order":"","neve_meta_disable_header":"","neve_meta_disable_footer":"","neve_meta_disable_title":"","advanced_seo_description":"","jetpack_seo_html_title":"","jetpack_seo_noindex":false,"footnotes":""},"categories":[5,8],"tags":[2005,273,2004,2006,464],"class_list":["post-8734","post","type-post","status-publish","format-standard","has-post-thumbnail","hentry","category-arte","category-fotografia","tag-claudio-comito","tag-evento","tag-massimo-bersanetti","tag-mauro-mariani","tag-milano"],"jetpack_featured_media_url":"https:\/\/www.biancoscuro.it\/site\/wp-content\/uploads\/2019\/02\/300Digital-foto.jpg","jetpack_sharing_enabled":true,"jetpack-related-posts":[{"id":1710,"url":"https:\/\/www.biancoscuro.it\/site\/unpainted-worlds\/","url_meta":{"origin":8734,"position":0},"title":"Unpainted Worlds","author":"Artmeet Gallery","date":"28 Agosto 2014","format":false,"excerpt":"Prende il via a Milano il prossimo 5 settembre \"Unpainted Worlds\", ciclo di mostre interamente dedicato all'arte visiva digitale. Organizzato e sostenuto dall'Artmeet Gallery, galleria di respiro internazionale, l'evento si inserisce in un contesto di valorizzazione dell'arte digitale nelle sue molteplici espressioni: dalla composizione digitale al retouching creativo, dalla fotomanipolazione\u2026","rel":"","context":"In &quot;arte&quot;","block_context":{"text":"arte","link":"https:\/\/www.biancoscuro.it\/site\/category\/arte\/"},"img":{"alt_text":"","src":"https:\/\/i0.wp.com\/www.biancoscuro.it\/site\/wp-content\/uploads\/2014\/08\/artmeet.jpg?resize=350%2C200&ssl=1","width":350,"height":200,"srcset":"https:\/\/i0.wp.com\/www.biancoscuro.it\/site\/wp-content\/uploads\/2014\/08\/artmeet.jpg?resize=350%2C200&ssl=1 1x, https:\/\/i0.wp.com\/www.biancoscuro.it\/site\/wp-content\/uploads\/2014\/08\/artmeet.jpg?resize=525%2C300&ssl=1 1.5x, https:\/\/i0.wp.com\/www.biancoscuro.it\/site\/wp-content\/uploads\/2014\/08\/artmeet.jpg?resize=700%2C400&ssl=1 2x"},"classes":[]},{"id":9056,"url":"https:\/\/www.biancoscuro.it\/site\/eppur-si-muove\/","url_meta":{"origin":8734,"position":1},"title":"&#8220;Eppur si muove!&#8221;","author":"Claudia Migliore","date":"12 Aprile 2019","format":false,"excerpt":"Mostra fotografica personale di Mauro Mariani \"Eppur si muove!\"\u00abQuesto \u00e8 il famoso Galileo, che fu sottoposto all'inquisizione\u00a0per sei anni, e torturato per aver detto che la terra si muoveva. Quando fu liberato, egli alzo' lo sguardo al cielo e gi\u00f9 verso terra e battendo il piede, con animo contemplativo disse:\u00a0Eppur\u2026","rel":"","context":"In &quot;arte&quot;","block_context":{"text":"arte","link":"https:\/\/www.biancoscuro.it\/site\/category\/arte\/"},"img":{"alt_text":"","src":"https:\/\/i0.wp.com\/www.biancoscuro.it\/site\/wp-content\/uploads\/2019\/04\/Giudici-ieratici444.jpg?resize=350%2C200&ssl=1","width":350,"height":200},"classes":[]},{"id":9085,"url":"https:\/\/www.biancoscuro.it\/site\/trasparente-come-lacqua-be-transparent-like-water\/","url_meta":{"origin":8734,"position":2},"title":"&#8220;Trasparente come l&#8217;acqua\/Be transparent like water&#8221;","author":"Claudia Migliore","date":"3 Maggio 2019","format":false,"excerpt":"Mostra fotografica collettiva a cura di Claudia Migliore Assenza, trasparenza, presenza, bianco e nero, colore il mondo reale si confonde con il mondo immaginato. Calati in atmosfere surreali dove lo spettatore indaga ed \u00e8 a sua volta indagato dall\u2019occhio della macchina fotografica, le immagini in mostra, reali, vere, a volte\u2026","rel":"","context":"In &quot;arte&quot;","block_context":{"text":"arte","link":"https:\/\/www.biancoscuro.it\/site\/category\/arte\/"},"img":{"alt_text":"","src":"https:\/\/i0.wp.com\/www.biancoscuro.it\/site\/wp-content\/uploads\/2019\/04\/300Ciascuno-al-suo-posto-autore-Mauro-Mariani.jpg?resize=350%2C200&ssl=1","width":350,"height":200},"classes":[]},{"id":3095,"url":"https:\/\/www.biancoscuro.it\/site\/warhol-inedito-le-prime-sperimentazioni-digitali-con-amiga\/","url_meta":{"origin":8734,"position":3},"title":"Warhol inedito: le prime sperimentazioni digitali con Amiga","author":"Redazione BIANCOSCURO","date":"9 Settembre 2015","format":false,"excerpt":"Una mostra documentario a Milano,\u00a0dal 22 ottobre al 21 novembre 2015\u00a0inaugurazione mercoled\u00ec 21 ottobre, ore 18.30 Un corpus di opere inedite di Warhol per la prima volta in Italia da Deodato Arte. L'esposizione celebra i trent'anni della presentazione di Amiga 1000 al Lincoln Center di New York e ricrea il\u2026","rel":"","context":"In &quot;arte&quot;","block_context":{"text":"arte","link":"https:\/\/www.biancoscuro.it\/site\/category\/arte\/"},"img":{"alt_text":"","src":"https:\/\/i0.wp.com\/www.biancoscuro.it\/site\/wp-content\/uploads\/2015\/09\/Andy-Warhol_Autoritratto_1985_Amiga-1000-2000-copia.jpg?resize=350%2C200&ssl=1","width":350,"height":200,"srcset":"https:\/\/i0.wp.com\/www.biancoscuro.it\/site\/wp-content\/uploads\/2015\/09\/Andy-Warhol_Autoritratto_1985_Amiga-1000-2000-copia.jpg?resize=350%2C200&ssl=1 1x, https:\/\/i0.wp.com\/www.biancoscuro.it\/site\/wp-content\/uploads\/2015\/09\/Andy-Warhol_Autoritratto_1985_Amiga-1000-2000-copia.jpg?resize=525%2C300&ssl=1 1.5x, https:\/\/i0.wp.com\/www.biancoscuro.it\/site\/wp-content\/uploads\/2015\/09\/Andy-Warhol_Autoritratto_1985_Amiga-1000-2000-copia.jpg?resize=700%2C400&ssl=1 2x, https:\/\/i0.wp.com\/www.biancoscuro.it\/site\/wp-content\/uploads\/2015\/09\/Andy-Warhol_Autoritratto_1985_Amiga-1000-2000-copia.jpg?resize=1050%2C600&ssl=1 3x, https:\/\/i0.wp.com\/www.biancoscuro.it\/site\/wp-content\/uploads\/2015\/09\/Andy-Warhol_Autoritratto_1985_Amiga-1000-2000-copia.jpg?resize=1400%2C800&ssl=1 4x"},"classes":[]},{"id":10816,"url":"https:\/\/www.biancoscuro.it\/site\/miart-in-digitale-per-il-2020\/","url_meta":{"origin":8734,"position":4},"title":"miart in digitale per il 2020","author":"Redazione BIANCOSCURO","date":"3 Luglio 2020","format":false,"excerpt":"La fiera d\u2019arte milanese posticipata al 2021 miart, la fiera internazionale d\u2019arte moderna e contemporanea di Milano, si terr\u00e0 in digitale dal 10 al 13 settembre 2020 in un appuntamento nuovo e in attesa dell\u2019edizione 2021 che sar\u00e0 sia fisica che online. Quella di settembre sar\u00e0 un\u2019occasione di incontro virtuale\u2026","rel":"","context":"In &quot;arte&quot;","block_context":{"text":"arte","link":"https:\/\/www.biancoscuro.it\/site\/category\/arte\/"},"img":{"alt_text":"","src":"https:\/\/i0.wp.com\/www.biancoscuro.it\/site\/wp-content\/uploads\/2020\/07\/miart-cattelan.jpg?resize=350%2C200&ssl=1","width":350,"height":200,"srcset":"https:\/\/i0.wp.com\/www.biancoscuro.it\/site\/wp-content\/uploads\/2020\/07\/miart-cattelan.jpg?resize=350%2C200&ssl=1 1x, https:\/\/i0.wp.com\/www.biancoscuro.it\/site\/wp-content\/uploads\/2020\/07\/miart-cattelan.jpg?resize=525%2C300&ssl=1 1.5x, https:\/\/i0.wp.com\/www.biancoscuro.it\/site\/wp-content\/uploads\/2020\/07\/miart-cattelan.jpg?resize=700%2C400&ssl=1 2x"},"classes":[]},{"id":18432,"url":"https:\/\/www.biancoscuro.it\/site\/architetture-e-visioni-il-racconto-fotografico-lungo-trentanni-di-alberto-lagomaggiore-a-villa-ghirlanda\/","url_meta":{"origin":8734,"position":5},"title":"Architetture e visioni","author":"Chiara","date":"6 Maggio 2025","format":false,"excerpt":"Il racconto fotografico lungo trent\u2019anni di Alberto Lagomaggiore\u00a0A VILLA GHIRLANDA Sabato 17 maggio alle ore 16 inaugura nelle sale di Villa Ghirlanda a Cinisello Balsamo (MI) la mostra personale di Alberto Lagomaggiore \u201cFotografie di architettura 1994-2024\u201d, a cura di Maria Fratelli e Giorgio Olivero, che ripercorre trent\u2019anni di fotografia d\u2019architettura\u2026","rel":"","context":"In &quot;arte&quot;","block_context":{"text":"arte","link":"https:\/\/www.biancoscuro.it\/site\/category\/arte\/"},"img":{"alt_text":"","src":"https:\/\/i0.wp.com\/www.biancoscuro.it\/site\/wp-content\/uploads\/2025\/05\/9-Villa-Belgiojoso-Bonaparte-Milano-2004-%C2%A9-Alberto-Lagomaggiore.jpg?resize=350%2C200&ssl=1","width":350,"height":200},"classes":[]}],"_links":{"self":[{"href":"https:\/\/www.biancoscuro.it\/site\/wp-json\/wp\/v2\/posts\/8734","targetHints":{"allow":["GET"]}}],"collection":[{"href":"https:\/\/www.biancoscuro.it\/site\/wp-json\/wp\/v2\/posts"}],"about":[{"href":"https:\/\/www.biancoscuro.it\/site\/wp-json\/wp\/v2\/types\/post"}],"author":[{"embeddable":true,"href":"https:\/\/www.biancoscuro.it\/site\/wp-json\/wp\/v2\/users\/1054"}],"replies":[{"embeddable":true,"href":"https:\/\/www.biancoscuro.it\/site\/wp-json\/wp\/v2\/comments?post=8734"}],"version-history":[{"count":0,"href":"https:\/\/www.biancoscuro.it\/site\/wp-json\/wp\/v2\/posts\/8734\/revisions"}],"wp:featuredmedia":[{"embeddable":true,"href":"https:\/\/www.biancoscuro.it\/site\/wp-json\/wp\/v2\/media\/8741"}],"wp:attachment":[{"href":"https:\/\/www.biancoscuro.it\/site\/wp-json\/wp\/v2\/media?parent=8734"}],"wp:term":[{"taxonomy":"category","embeddable":true,"href":"https:\/\/www.biancoscuro.it\/site\/wp-json\/wp\/v2\/categories?post=8734"},{"taxonomy":"post_tag","embeddable":true,"href":"https:\/\/www.biancoscuro.it\/site\/wp-json\/wp\/v2\/tags?post=8734"}],"curies":[{"name":"wp","href":"https:\/\/api.w.org\/{rel}","templated":true}]}}