{"id":8820,"date":"2019-03-04T18:11:54","date_gmt":"2019-03-04T16:11:54","guid":{"rendered":"https:\/\/www.biancoscuro.it\/site\/?p=8820"},"modified":"2019-03-05T11:40:18","modified_gmt":"2019-03-05T09:40:18","slug":"frank-bungarten-al-mast-a-bologna","status":"publish","type":"post","link":"https:\/\/www.biancoscuro.it\/site\/frank-bungarten-al-mast-a-bologna\/","title":{"rendered":"Frank Bungarten al MAST a Bologna"},"content":{"rendered":"<span class=\"span-reading-time rt-reading-time\" style=\"display: block;\"><span class=\"rt-label rt-prefix\">\u23f0 lettura <\/span> <span class=\"rt-time\"> 2<\/span> <span class=\"rt-label rt-postfix\">min. <br><br><\/span><\/span>\n<p><strong>In occasione della mostra di THOMAS STRUTH \u201cNATURE &amp; POLITCS\u201d in corso alla Mast PhotoGallery fino al 22 Aprile, la Fondazione MAST presenta CONCERTO E MASTERCLASS DEL CHITARRISTA FRANK BUNGARTEN, un\u2019occasione unica per ascoltare dal vivo il musicista tedesco e assistere ad una delle famose lezioni del maestro. <\/strong><\/p>\n\n\n\n<figure class=\"wp-block-image\"><img loading=\"lazy\" decoding=\"async\" width=\"1024\" height=\"834\" src=\"https:\/\/www.biancoscuro.it\/site\/wp-content\/uploads\/2019\/03\/Frank-Bungarten-Foto-Michael-Neugebauer-1024x834.jpg\" alt=\"\" class=\"wp-image-8821\" srcset=\"https:\/\/www.biancoscuro.it\/site\/wp-content\/uploads\/2019\/03\/Frank-Bungarten-Foto-Michael-Neugebauer-1024x834.jpg 1024w, https:\/\/www.biancoscuro.it\/site\/wp-content\/uploads\/2019\/03\/Frank-Bungarten-Foto-Michael-Neugebauer-300x244.jpg 300w, https:\/\/www.biancoscuro.it\/site\/wp-content\/uploads\/2019\/03\/Frank-Bungarten-Foto-Michael-Neugebauer-768x625.jpg 768w, https:\/\/www.biancoscuro.it\/site\/wp-content\/uploads\/2019\/03\/Frank-Bungarten-Foto-Michael-Neugebauer-600x489.jpg 600w, https:\/\/www.biancoscuro.it\/site\/wp-content\/uploads\/2019\/03\/Frank-Bungarten-Foto-Michael-Neugebauer-1320x1075.jpg 1320w, https:\/\/www.biancoscuro.it\/site\/wp-content\/uploads\/2019\/03\/Frank-Bungarten-Foto-Michael-Neugebauer.jpg 2048w\" sizes=\"auto, (max-width: 1024px) 100vw, 1024px\" \/><\/figure>\n\n\n\n<p><em>\u201cLa credibilit\u00e0 dell\u2019insegnante scaturisce dalla sua musica: prima d\u2019incoraggiare i giovani a cercare il loro personale stile artistico bisogna aver gi\u00e0 trovato il proprio\u201d<\/em>, afferma <strong>Frank Bungarten<\/strong> spiegando lo spirito che anima il <strong>CONCERTO DI CHITARRA CLASSICA<\/strong> che terr\u00e0 <strong>al MAST AUDITORIUM sabato 9 Marzo alle 20.00, con ingresso gratuito.<\/strong>Ispirandosi al principio del \u201cmettere in pratica ci\u00f2 che si predica\u201d il maestro Frank Bungarten eseguir\u00e0 brani di <strong>John Dowland<\/strong> e <strong>Johann Sebastian Bach<\/strong> con la replica di una chitarra storica a dieci corde creata a Vienna nel 1847 da Friedrich Schenk e brani dal repertorio classico spagnolo di <strong>Emilio Pujol <\/strong>e di <strong>Joaquin Rodrigo<\/strong>con la replica di una chitarra di Antonio de Torres del 1882.<\/p>\n\n\n\n<p>Al MAST AUDITORIUM si potr\u00e0 assistere dal vivo al processo dell\u2019apprendimento, durante la <strong>MASTERCLASS DI CHITARRA CLASSICA<\/strong> <strong>per 10 studenti<\/strong>, aperta al pubblico<strong>, domenica 10 Marzo dalle 11.00 alle 16.00<\/strong>. Il <strong>maestro Bungarten<\/strong> offrir\u00e0 l\u2019opportunit\u00e0 di vedere un interessante scambio tra insegnante e allievi, come avviene nella videoinstallazione <em>Read this as you have never seen it before<\/em> (Leggilo come se lo vedessi per la prima volta) che Thomas Struth ha realizzato nel 2003 alla Kunshalle Bern. Nel video, che fa parte della mostra <em>Nature &amp; Politics<\/em> in corso al MAST (livello 0), Frank Bungarten risponde con passione e precisione alle domande degli allievi del corso di chitarra dell\u2019Accademia di musica di Lucerna.<\/p>\n\n\n\n<p>Sia il concerto sia la masterclass mettono in risalto le potenzialit\u00e0 artistiche e creative dell\u2019uomo, la sua capacit\u00e0 di operare con la massima precisione manuale, in un\u2019epoca caratterizzata da una progressiva robotizzazione del mercato del lavoro.<\/p>\n\n\n\n<p><strong><em>Frank Bungarten<\/em><\/strong><em> \u00e8 un chitarrista classico nato a Colonia (Germania) nel 1958. Nel 1981 ha ricevuto da Andr\u00e9s Segovia il primo premio al Concorso di chitarra di Granada. Da allora si \u00e8 esibito in oltre 40 paesi in tutto il mondo. Ha suonato nelle istituzioni musicali pi\u00f9 celebri tra cui la Filarmonica di Berlino, l\u2019Arts and Convention Centre di Lucerna, il Gasteig Munich, il Festival di Salisburgo, lo Schleswig-Holstein e il Niedersachsen Music Festival, il Festival di chitarra del Mediterraneo e molte altre. Ha vinto due Echo Awards per la sua straordinaria versatilit\u00e0 stilistica nella chitarra classica e nel 2018 gli \u00e8 stato assegnato il premio Opus Klassik come miglior strumentista dell\u2019anno in Germania. Insegna alla Musikhochschule di Lucerna e alla Hochschule f\u00fcr Musik, Theater und Medien di Hannover.<\/em><strong> <\/strong><\/p>\n\n\n\n<p><strong>Info: www.mast.org<\/strong><\/p>\n","protected":false},"excerpt":{"rendered":"<p><span class=\"span-reading-time rt-reading-time\" style=\"display: block;\"><span class=\"rt-label rt-prefix\">\u23f0 lettura <\/span> <span class=\"rt-time\"> 2<\/span> <span class=\"rt-label rt-postfix\">min. <\/p>\n<p><\/span><\/span>In occasione della mostra di THOMAS STRUTH \u201cNATURE &amp; POLITCS\u201d in corso alla Mast PhotoGallery fino al 22 Aprile, la Fondazione MAST presenta CONCERTO E MASTERCLASS DEL CHITARRISTA FRANK BUNGARTEN, un\u2019occasione unica per ascoltare dal vivo il musicista tedesco e assistere ad una delle famose lezioni del maestro. \u201cLa credibilit\u00e0 dell\u2019insegnante scaturisce dalla sua musica:&hellip;&nbsp;<a href=\"https:\/\/www.biancoscuro.it\/site\/frank-bungarten-al-mast-a-bologna\/\" rel=\"bookmark\">Leggi tutto &raquo;<span class=\"screen-reader-text\">Frank Bungarten al MAST a Bologna<\/span><\/a><\/p>\n","protected":false},"author":917,"featured_media":8821,"comment_status":"closed","ping_status":"closed","sticky":false,"template":"","format":"standard","meta":{"neve_meta_sidebar":"","neve_meta_container":"","neve_meta_enable_content_width":"","neve_meta_content_width":0,"neve_meta_title_alignment":"","neve_meta_author_avatar":"","neve_post_elements_order":"","neve_meta_disable_header":"","neve_meta_disable_footer":"","neve_meta_disable_title":"","advanced_seo_description":"","jetpack_seo_html_title":"","jetpack_seo_noindex":false,"footnotes":""},"categories":[5],"tags":[],"class_list":["post-8820","post","type-post","status-publish","format-standard","has-post-thumbnail","hentry","category-arte"],"jetpack_featured_media_url":"https:\/\/www.biancoscuro.it\/site\/wp-content\/uploads\/2019\/03\/Frank-Bungarten-Foto-Michael-Neugebauer.jpg","jetpack_sharing_enabled":true,"jetpack-related-posts":[{"id":10242,"url":"https:\/\/www.biancoscuro.it\/site\/155-000-visitatori-per-la-mostra-anthropocene-al-mast-a-bologna\/","url_meta":{"origin":8820,"position":0},"title":"155.000 visitatori per la mostra Anthropocene al MAST a Bologna","author":"Chiara","date":"8 Gennaio 2020","format":false,"excerpt":"Numeri straordinari per l'esposizione multimediale Anthropocene che si \u00e8 chiusa domenica 5 gennaio al MAST a Bologna con un bilancio finale di 155.000 visitatori. Prorogata ben due volte, per lo straordinario afflusso di pubblico di ogni et\u00e0, la mostra \u00e8 nata dalla collaborazione tra il fotografo Edward Burtynski e i\u2026","rel":"","context":"In &quot;arte&quot;","block_context":{"text":"arte","link":"https:\/\/www.biancoscuro.it\/site\/category\/arte\/"},"img":{"alt_text":"","src":"https:\/\/i0.wp.com\/www.biancoscuro.it\/site\/wp-content\/uploads\/2020\/01\/6.-Dandora-Landfill-3-Plastics-Recycling-Nairobi-Kenya-2016_WEB.jpg?resize=350%2C200&ssl=1","width":350,"height":200,"srcset":"https:\/\/i0.wp.com\/www.biancoscuro.it\/site\/wp-content\/uploads\/2020\/01\/6.-Dandora-Landfill-3-Plastics-Recycling-Nairobi-Kenya-2016_WEB.jpg?resize=350%2C200&ssl=1 1x, https:\/\/i0.wp.com\/www.biancoscuro.it\/site\/wp-content\/uploads\/2020\/01\/6.-Dandora-Landfill-3-Plastics-Recycling-Nairobi-Kenya-2016_WEB.jpg?resize=525%2C300&ssl=1 1.5x, https:\/\/i0.wp.com\/www.biancoscuro.it\/site\/wp-content\/uploads\/2020\/01\/6.-Dandora-Landfill-3-Plastics-Recycling-Nairobi-Kenya-2016_WEB.jpg?resize=700%2C400&ssl=1 2x, https:\/\/i0.wp.com\/www.biancoscuro.it\/site\/wp-content\/uploads\/2020\/01\/6.-Dandora-Landfill-3-Plastics-Recycling-Nairobi-Kenya-2016_WEB.jpg?resize=1050%2C600&ssl=1 3x, https:\/\/i0.wp.com\/www.biancoscuro.it\/site\/wp-content\/uploads\/2020\/01\/6.-Dandora-Landfill-3-Plastics-Recycling-Nairobi-Kenya-2016_WEB.jpg?resize=1400%2C800&ssl=1 4x"},"classes":[]},{"id":11162,"url":"https:\/\/www.biancoscuro.it\/site\/al-mast-a-bologna-la-mostra-della-sesta-edizione-del-mast-foundation-for-photography-grant-on-industry-and-work\/","url_meta":{"origin":8820,"position":1},"title":"A Bologna la sesta edizione del MAST FOUNDATION FOR PHOTOGRAPHY","author":"Chiara","date":"16 Ottobre 2020","format":false,"excerpt":"Fino al 3 gennaio \u00e8 possibile visitare al MAST a Bologna la mostra del sesto concorso biennale per giovani fotografi MAST Photography Grant on Industry and Work, promosso da Fondazione Mast, che offre agli autori emergenti l\u2019opportunit\u00e0 di confrontarsi con le problematiche legate al mondo dell\u2019industria e della tecnica, con\u2026","rel":"","context":"In &quot;arte&quot;","block_context":{"text":"arte","link":"https:\/\/www.biancoscuro.it\/site\/category\/arte\/"},"img":{"alt_text":"","src":"https:\/\/i0.wp.com\/www.biancoscuro.it\/site\/wp-content\/uploads\/2020\/10\/2.-Alinka-Echeverria-Apparent-Feminity-Ada-Installation-View-Section-6.jpg?resize=350%2C200&ssl=1","width":350,"height":200,"srcset":"https:\/\/i0.wp.com\/www.biancoscuro.it\/site\/wp-content\/uploads\/2020\/10\/2.-Alinka-Echeverria-Apparent-Feminity-Ada-Installation-View-Section-6.jpg?resize=350%2C200&ssl=1 1x, https:\/\/i0.wp.com\/www.biancoscuro.it\/site\/wp-content\/uploads\/2020\/10\/2.-Alinka-Echeverria-Apparent-Feminity-Ada-Installation-View-Section-6.jpg?resize=525%2C300&ssl=1 1.5x, https:\/\/i0.wp.com\/www.biancoscuro.it\/site\/wp-content\/uploads\/2020\/10\/2.-Alinka-Echeverria-Apparent-Feminity-Ada-Installation-View-Section-6.jpg?resize=700%2C400&ssl=1 2x"},"classes":[]},{"id":10738,"url":"https:\/\/www.biancoscuro.it\/site\/uniform-mast-bologna-nuovi-ed-esclusivi-contenuti-on-line\/","url_meta":{"origin":8820,"position":2},"title":"UNIFORM Mast Bologna nuovi ed esclusivi contenuti on line","author":"Chiara","date":"12 Giugno 2020","format":false,"excerpt":"In attesa delle riapertura al pubblico delle due esposizioni al\u00a0MAST a Bologna a cura di Urs Stahel\u00a0UNIFORM INTO THE WORK\/OUT OF THE WORK. LA DIVISA DA LAVORO NELLE IMMAGINI DI 44 FOTOGRAFI\u00a0e\u00a0WALEAD BESHTY \u201cRITRATTI INDUSTRIALI\",\u00a0 sono disponibili on line nuovi approfondimenti e contenuti esclusivi: -\u00a0il fotografo tedesco Roland Fischer\u00a0spiega come\u2026","rel":"","context":"In &quot;arte&quot;","block_context":{"text":"arte","link":"https:\/\/www.biancoscuro.it\/site\/category\/arte\/"},"img":{"alt_text":"","src":"https:\/\/i0.wp.com\/www.biancoscuro.it\/site\/wp-content\/uploads\/2020\/06\/Uniform-Allestimento-23-ok.jpg?resize=350%2C200&ssl=1","width":350,"height":200,"srcset":"https:\/\/i0.wp.com\/www.biancoscuro.it\/site\/wp-content\/uploads\/2020\/06\/Uniform-Allestimento-23-ok.jpg?resize=350%2C200&ssl=1 1x, https:\/\/i0.wp.com\/www.biancoscuro.it\/site\/wp-content\/uploads\/2020\/06\/Uniform-Allestimento-23-ok.jpg?resize=525%2C300&ssl=1 1.5x, https:\/\/i0.wp.com\/www.biancoscuro.it\/site\/wp-content\/uploads\/2020\/06\/Uniform-Allestimento-23-ok.jpg?resize=700%2C400&ssl=1 2x, https:\/\/i0.wp.com\/www.biancoscuro.it\/site\/wp-content\/uploads\/2020\/06\/Uniform-Allestimento-23-ok.jpg?resize=1050%2C600&ssl=1 3x"},"classes":[]},{"id":5422,"url":"https:\/\/www.biancoscuro.it\/site\/al-mast-bologna-la-forza-delle-immagini\/","url_meta":{"origin":8820,"position":3},"title":"Al MAST a Bologna LA FORZA DELLE IMMAGINI","author":"Chiara","date":"3 Maggio 2017","format":false,"excerpt":"La Fondazione MAST presenta dal 3 maggio al 24 settembre una nuova grande mostra tratta dalla propria collezione di fotografia industriale, LA FORZA DELLE IMMAGINI, a cura di Urs Stahel. Sessanta autori dagli anni venti a oggi mostrano con oltre cento opere - alcune costituite da decine di scatti -\u2026","rel":"","context":"In &quot;eventi&quot;","block_context":{"text":"eventi","link":"https:\/\/www.biancoscuro.it\/site\/category\/eventi\/"},"img":{"alt_text":"","src":"https:\/\/i0.wp.com\/www.biancoscuro.it\/site\/wp-content\/uploads\/2017\/05\/6.-Re%CC%81my-Markowitsch.jpg?resize=350%2C200&ssl=1","width":350,"height":200,"srcset":"https:\/\/i0.wp.com\/www.biancoscuro.it\/site\/wp-content\/uploads\/2017\/05\/6.-Re%CC%81my-Markowitsch.jpg?resize=350%2C200&ssl=1 1x, https:\/\/i0.wp.com\/www.biancoscuro.it\/site\/wp-content\/uploads\/2017\/05\/6.-Re%CC%81my-Markowitsch.jpg?resize=525%2C300&ssl=1 1.5x, https:\/\/i0.wp.com\/www.biancoscuro.it\/site\/wp-content\/uploads\/2017\/05\/6.-Re%CC%81my-Markowitsch.jpg?resize=700%2C400&ssl=1 2x"},"classes":[]},{"id":6110,"url":"https:\/\/www.biancoscuro.it\/site\/mercoledi-1-novembre-incontro-lartista-walead-beshty-al-mast-bologna\/","url_meta":{"origin":8820,"position":4},"title":"MERCOLEDI&#8217; 1 NOVEMBRE INCONTRO CON L\u2019ARTISTA WALEAD BESHTY AL MAST DI BOLOGNA","author":"Chiara","date":"31 Ottobre 2017","format":false,"excerpt":"INCONTRO CON L\u2019ARTISTA WALEAD BESHTY AL MAST d Bologna Una riflessione sulle trasformazioni nella produzione e nella distribuzione delle immagini tecniche realizzate industrialmente In occasione della Biennale Foto\/Industria in corso a Bologna, mercoled\u00ec 1 novembre alle 18.30 si terr\u00e0 al MAST Auditorium (via Speranza 42) un incontro con il grande\u2026","rel":"","context":"In &quot;arte&quot;","block_context":{"text":"arte","link":"https:\/\/www.biancoscuro.it\/site\/category\/arte\/"},"img":{"alt_text":"","src":"https:\/\/i0.wp.com\/www.biancoscuro.it\/site\/wp-content\/uploads\/2017\/10\/Walead-Beshty.jpg?resize=350%2C200&ssl=1","width":350,"height":200,"srcset":"https:\/\/i0.wp.com\/www.biancoscuro.it\/site\/wp-content\/uploads\/2017\/10\/Walead-Beshty.jpg?resize=350%2C200&ssl=1 1x, https:\/\/i0.wp.com\/www.biancoscuro.it\/site\/wp-content\/uploads\/2017\/10\/Walead-Beshty.jpg?resize=525%2C300&ssl=1 1.5x, https:\/\/i0.wp.com\/www.biancoscuro.it\/site\/wp-content\/uploads\/2017\/10\/Walead-Beshty.jpg?resize=700%2C400&ssl=1 2x, https:\/\/i0.wp.com\/www.biancoscuro.it\/site\/wp-content\/uploads\/2017\/10\/Walead-Beshty.jpg?resize=1050%2C600&ssl=1 3x"},"classes":[]},{"id":6397,"url":"https:\/\/www.biancoscuro.it\/site\/mast-foundation-for-photography-grant-industry-and-work-bologna-1-febbraio-1-maggio-2018\/","url_meta":{"origin":8820,"position":5},"title":"GRANT ON INDUSTRY AND WORK &#8211;  Bologna MAST FOUNDATION","author":"Chiara","date":"31 Gennaio 2018","format":false,"excerpt":"La Fondazione MAST presenta la mostra dei finalisti del concorso GD4PhotoArt che dal 2018 diventa\u00a0MAST FOUNDATION FOR PHOTOGRAPHY GRANT ON INDUSTRY AND WORK. La selezione biennale di giovani fotografi, promossa dalla Fondazione MAST, ha lo scopo di documentare e\u00a0sostenere l\u2019attivit\u00e0 di ricerca sull\u2019immagine dell\u2019industria, le trasformazioni che questa induce nella\u00a0societ\u00e0\u2026","rel":"","context":"In &quot;arte&quot;","block_context":{"text":"arte","link":"https:\/\/www.biancoscuro.it\/site\/category\/arte\/"},"img":{"alt_text":"","src":"https:\/\/i0.wp.com\/www.biancoscuro.it\/site\/wp-content\/uploads\/2018\/01\/Sohei-Nishino-1.-Il-Po.jpg?resize=350%2C200&ssl=1","width":350,"height":200,"srcset":"https:\/\/i0.wp.com\/www.biancoscuro.it\/site\/wp-content\/uploads\/2018\/01\/Sohei-Nishino-1.-Il-Po.jpg?resize=350%2C200&ssl=1 1x, https:\/\/i0.wp.com\/www.biancoscuro.it\/site\/wp-content\/uploads\/2018\/01\/Sohei-Nishino-1.-Il-Po.jpg?resize=525%2C300&ssl=1 1.5x, https:\/\/i0.wp.com\/www.biancoscuro.it\/site\/wp-content\/uploads\/2018\/01\/Sohei-Nishino-1.-Il-Po.jpg?resize=700%2C400&ssl=1 2x, https:\/\/i0.wp.com\/www.biancoscuro.it\/site\/wp-content\/uploads\/2018\/01\/Sohei-Nishino-1.-Il-Po.jpg?resize=1050%2C600&ssl=1 3x, https:\/\/i0.wp.com\/www.biancoscuro.it\/site\/wp-content\/uploads\/2018\/01\/Sohei-Nishino-1.-Il-Po.jpg?resize=1400%2C800&ssl=1 4x"},"classes":[]}],"_links":{"self":[{"href":"https:\/\/www.biancoscuro.it\/site\/wp-json\/wp\/v2\/posts\/8820","targetHints":{"allow":["GET"]}}],"collection":[{"href":"https:\/\/www.biancoscuro.it\/site\/wp-json\/wp\/v2\/posts"}],"about":[{"href":"https:\/\/www.biancoscuro.it\/site\/wp-json\/wp\/v2\/types\/post"}],"author":[{"embeddable":true,"href":"https:\/\/www.biancoscuro.it\/site\/wp-json\/wp\/v2\/users\/917"}],"replies":[{"embeddable":true,"href":"https:\/\/www.biancoscuro.it\/site\/wp-json\/wp\/v2\/comments?post=8820"}],"version-history":[{"count":0,"href":"https:\/\/www.biancoscuro.it\/site\/wp-json\/wp\/v2\/posts\/8820\/revisions"}],"wp:featuredmedia":[{"embeddable":true,"href":"https:\/\/www.biancoscuro.it\/site\/wp-json\/wp\/v2\/media\/8821"}],"wp:attachment":[{"href":"https:\/\/www.biancoscuro.it\/site\/wp-json\/wp\/v2\/media?parent=8820"}],"wp:term":[{"taxonomy":"category","embeddable":true,"href":"https:\/\/www.biancoscuro.it\/site\/wp-json\/wp\/v2\/categories?post=8820"},{"taxonomy":"post_tag","embeddable":true,"href":"https:\/\/www.biancoscuro.it\/site\/wp-json\/wp\/v2\/tags?post=8820"}],"curies":[{"name":"wp","href":"https:\/\/api.w.org\/{rel}","templated":true}]}}