{"id":8857,"date":"2019-03-14T17:59:47","date_gmt":"2019-03-14T15:59:47","guid":{"rendered":"https:\/\/www.biancoscuro.it\/site\/?p=8857"},"modified":"2019-03-16T20:16:25","modified_gmt":"2019-03-16T18:16:25","slug":"alla-fondazione-ragghianti-a-lucca-la-mostra-lartista-bambino-infanzia-e-primitivismi-nellarte-italiana-del-primo-novecento","status":"publish","type":"post","link":"https:\/\/www.biancoscuro.it\/site\/alla-fondazione-ragghianti-a-lucca-la-mostra-lartista-bambino-infanzia-e-primitivismi-nellarte-italiana-del-primo-novecento\/","title":{"rendered":"Alla Fondazione Ragghianti a Lucca la mostra L&#8217;artista bambino. Infanzia e primitivismi nell\u2019arte italiana del primo Novecento"},"content":{"rendered":"<span class=\"span-reading-time rt-reading-time\" style=\"display: block;\"><span class=\"rt-label rt-prefix\">\u23f0 lettura <\/span> <span class=\"rt-time\"> 3<\/span> <span class=\"rt-label rt-postfix\">min. <br><br><\/span><\/span>\n<p><strong>Nel bellissimo complesso monumentale medievale di San Micheletto a Lucca ha sede la Fondazione &#8220;Centro Studi sull\u2019Arte Licia e Carlo Ludovico Ragghianti\u201d<\/strong>, importante istituzione culturale intitolata a <strong>Carlo Ludovico Ragghianti<\/strong> &#8211; critico, storico e teorico dell\u2019arte tra i maggiori del XX secolo in Italia &#8211; <strong>e alla moglie Licia Collobi<\/strong>.&nbsp;<\/p>\n\n\n\n<p><strong>La Fondazione conserva un vastissimo archivio di fondi librari specializzati in storia dell&#8217;arte e architettura<\/strong>: <strong>circa 80.000 volumi, quasi 800 testate di riviste, oltre 300.000 tra opuscoli e cataloghini d&#8217;arte. <\/strong>Conserva inoltre la <strong>corrispondenza dei coniugi Ragghianti<\/strong> e <strong>una fototeca con un archivio di immagini, circa 200.000<\/strong>. La videoteca annovera <strong>film sull\u2019arte, video di artisti e i critofilm di Carlo Ludovico Ragghianti<\/strong>, visionabili su appuntamento. <strong>La Fondazione, presieduta da Alberto Fontana e diretta da Paolo Bolpagni<\/strong>, <strong>conserva anche una raccolta di dipinti, disegni, opere grafiche e principalmente di sculture di arte contemporanea, esposte in permanenza nei chiostri medievali del Complesso monumentale.<\/strong><\/p>\n\n\n\n<p>Una delle attivit\u00e0 pi\u00f9 importanti della Fondazione \u00e8 costituita dall\u2019<strong>organizzazione di mostre<\/strong>, accompagnate dalla <strong>pubblicazione di cataloghi scientifici<\/strong>.<\/p>\n\n\n\n<p><strong>La prima mostra della stagione espositiva 2019, in apertura domenica 17 marzo, fino al 2 giugno, si intitola <em>L\u2019artista bambino. Infanzia e primitivismi nell\u2019arte italiana del primo Novecento<\/em><\/strong>. Curata da <strong>Nadia Marchioni<\/strong>, la mostra indaga il tema del \u201ctornare bambini\u201d, recuperando la freschezza e la libert\u00e0 del disegno infantile, esigenza sentita da molti artisti importanti dei primi decenni del Novecento: <strong>Balla, Carr\u00e0, Garbari, Soffici, Rosai e vari artisti toscani come Cecioni, Balduini, Magri, Viani<\/strong>. Un fenomeno, quello del Primitivismo, che non fu solo italiano, ma percorse l\u2019intera Europa. Articolata in sei sezioni,&nbsp;l&#8217;esposizione, partendo dalla <strong>fine dell\u2019Ottocento<\/strong>, ripercorre i <strong>primi decenni del XX secolo<\/strong>, mostrando <strong>opere di artisti affascinati dall\u2019universo infantile, di cui prendono in varie forme e stili l\u2019essenza: la semplicit\u00e0, la poesia, la soavit\u00e0 dei colori e dei soggetti rappresentati. <\/strong><\/p>\n\n\n\n<p>In occasione della mostra saranno organizzati <strong>tre laboratori didattici dal titolo&nbsp;<\/strong><em><strong>IN MOSTRA!&nbsp;Cuc\u00f9! Sono uno sgorbio o una sgorbia?&nbsp;<\/strong><\/em><strong>che si svolgeranno&nbsp;sabato 23 marzo, sabato 6 aprile e sabato 11 maggio <\/strong>dalle 16 alle 17.30. Il disegno infantile entra nell\u2019arte del Novecento facendo capolino dalle opere dei grandi maestri\u2026 Cuc\u00f9! Anche noi dovremo scovare antichi giochi, ingarbugliati scarabocchi e misteriose incisioni con una divertente caccia al tesoro nelle sale della mostra. Trovato il tesoro, realizzeremo una straordinaria opera grafica: ideandone il disegno, scavando con le sgorbie e creando una vera matrice per infinite stampe!<\/p>\n\n\n\n<p>Tra le attivit\u00e0 in avvio in primavera, per quanto riguarda la fototeca, <strong>nel mese di Marzo saranno messe on line circa 65.000 immagini<\/strong> (con relative schede) <strong>di opere d\u2019arte dell\u2019Ottocento e Novecento<\/strong>. Entro la fine di Marzo <strong>si concluder\u00e0 inoltre il lavoro di ordinamento e inventariazione dell\u2019archivio di Carlo Ludovico Ragghianti<\/strong>. Seguiranno le attivit\u00e0 dedicate all\u2019archivio di Licia Collobi e parallelamente a quello di <strong>Hugh Honour<\/strong> e<strong> John Fleming<\/strong>, <strong>i cui prestigiosi fondi sono stati donati di recente alla Fondazione<\/strong>.<\/p>\n\n\n\n<p>Oltre a diverse pubblicazioni curate dalla Fondazione in uscita nei prossimi mesi, <strong>da ottobre \u00e8 in programma la seconda mostra dell\u2019anno, <\/strong><em><strong>Bernardo Bellotto in Toscana<\/strong><\/em><strong>, a cura di Bo\u017cena Anna Kowalczyk<\/strong>. Alcune <strong>preziosissime opere<\/strong>, tra cui il pi\u00f9 importante dipinto della storia avente come soggetto la citt\u00e0 di Lucca <strong>e cinque disegni mai esposti di Bellotto<\/strong>, sempre di soggetto lucchese, <strong>prestati straordinariamente dalla British Library.<\/strong><\/p>\n\n\n\n<p><strong>PER INFORMAZIONI: www.fondazioneragghianti.it<\/strong><\/p>\n\n\n\n<figure class=\"wp-block-image\"><img loading=\"lazy\" decoding=\"async\" width=\"787\" height=\"735\" src=\"https:\/\/www.biancoscuro.it\/site\/wp-content\/uploads\/2019\/03\/7.-Gigiotti-Zanini-Paesaggio-con-carretto-1919-Trento-MART-Archivio-fotografico-e-mediateca.jpg\" alt=\"\" class=\"wp-image-8860\" srcset=\"https:\/\/www.biancoscuro.it\/site\/wp-content\/uploads\/2019\/03\/7.-Gigiotti-Zanini-Paesaggio-con-carretto-1919-Trento-MART-Archivio-fotografico-e-mediateca.jpg 787w, https:\/\/www.biancoscuro.it\/site\/wp-content\/uploads\/2019\/03\/7.-Gigiotti-Zanini-Paesaggio-con-carretto-1919-Trento-MART-Archivio-fotografico-e-mediateca-300x280.jpg 300w, https:\/\/www.biancoscuro.it\/site\/wp-content\/uploads\/2019\/03\/7.-Gigiotti-Zanini-Paesaggio-con-carretto-1919-Trento-MART-Archivio-fotografico-e-mediateca-768x717.jpg 768w, https:\/\/www.biancoscuro.it\/site\/wp-content\/uploads\/2019\/03\/7.-Gigiotti-Zanini-Paesaggio-con-carretto-1919-Trento-MART-Archivio-fotografico-e-mediateca-600x560.jpg 600w\" sizes=\"auto, (max-width: 787px) 100vw, 787px\" \/><figcaption>Gigiotti Zanini<br \/> <em>Paesaggio con carretto<\/em>, 1919<br \/> olio su tela, cm 85&#215;92 cm<br \/> Mart, Rovereto<br \/> Mart Archivio fotografico e mediateca <\/figcaption><\/figure>\n\n\n\n<figure class=\"wp-block-image\"><img loading=\"lazy\" decoding=\"async\" width=\"793\" height=\"1024\" src=\"https:\/\/www.biancoscuro.it\/site\/wp-content\/uploads\/2019\/03\/8.-Carlo-Carra\u0300-La-casa-dellamore-1922-Pinacoteca-di-Brera-Milano-793x1024.jpg\" alt=\"\" class=\"wp-image-8861\" srcset=\"https:\/\/www.biancoscuro.it\/site\/wp-content\/uploads\/2019\/03\/8.-Carlo-Carra\u0300-La-casa-dellamore-1922-Pinacoteca-di-Brera-Milano-793x1024.jpg 793w, https:\/\/www.biancoscuro.it\/site\/wp-content\/uploads\/2019\/03\/8.-Carlo-Carra\u0300-La-casa-dellamore-1922-Pinacoteca-di-Brera-Milano-232x300.jpg 232w, https:\/\/www.biancoscuro.it\/site\/wp-content\/uploads\/2019\/03\/8.-Carlo-Carra\u0300-La-casa-dellamore-1922-Pinacoteca-di-Brera-Milano-768x992.jpg 768w, https:\/\/www.biancoscuro.it\/site\/wp-content\/uploads\/2019\/03\/8.-Carlo-Carra\u0300-La-casa-dellamore-1922-Pinacoteca-di-Brera-Milano-600x775.jpg 600w, https:\/\/www.biancoscuro.it\/site\/wp-content\/uploads\/2019\/03\/8.-Carlo-Carra\u0300-La-casa-dellamore-1922-Pinacoteca-di-Brera-Milano-1320x1705.jpg 1320w, https:\/\/www.biancoscuro.it\/site\/wp-content\/uploads\/2019\/03\/8.-Carlo-Carra\u0300-La-casa-dellamore-1922-Pinacoteca-di-Brera-Milano.jpg 2011w\" sizes=\"auto, (max-width: 793px) 100vw, 793px\" \/><figcaption>  Carlo Carr\u00e0<br \/> <em>La casa dell\u2019amore<\/em>, 1922<br \/> olio su tela, cm 90&#215;70 cm<br \/> Collezione Jesi, Pinacoteca di Brera, Milano <\/figcaption><\/figure>\n\n\n\n<figure class=\"wp-block-image\"><img loading=\"lazy\" decoding=\"async\" width=\"706\" height=\"1024\" src=\"https:\/\/www.biancoscuro.it\/site\/wp-content\/uploads\/2019\/03\/12.-Gianfilippo-Usellini-Il-carnevale-dei-poveri-1941-VAF-2141-Trento-MART-Archivio-fotografico-e-Mediateca-706x1024.jpg\" alt=\"\" class=\"wp-image-8862\" srcset=\"https:\/\/www.biancoscuro.it\/site\/wp-content\/uploads\/2019\/03\/12.-Gianfilippo-Usellini-Il-carnevale-dei-poveri-1941-VAF-2141-Trento-MART-Archivio-fotografico-e-Mediateca-706x1024.jpg 706w, https:\/\/www.biancoscuro.it\/site\/wp-content\/uploads\/2019\/03\/12.-Gianfilippo-Usellini-Il-carnevale-dei-poveri-1941-VAF-2141-Trento-MART-Archivio-fotografico-e-Mediateca-207x300.jpg 207w, https:\/\/www.biancoscuro.it\/site\/wp-content\/uploads\/2019\/03\/12.-Gianfilippo-Usellini-Il-carnevale-dei-poveri-1941-VAF-2141-Trento-MART-Archivio-fotografico-e-Mediateca-768x1113.jpg 768w, https:\/\/www.biancoscuro.it\/site\/wp-content\/uploads\/2019\/03\/12.-Gianfilippo-Usellini-Il-carnevale-dei-poveri-1941-VAF-2141-Trento-MART-Archivio-fotografico-e-Mediateca-600x870.jpg 600w, https:\/\/www.biancoscuro.it\/site\/wp-content\/uploads\/2019\/03\/12.-Gianfilippo-Usellini-Il-carnevale-dei-poveri-1941-VAF-2141-Trento-MART-Archivio-fotografico-e-Mediateca-1320x1914.jpg 1320w, https:\/\/www.biancoscuro.it\/site\/wp-content\/uploads\/2019\/03\/12.-Gianfilippo-Usellini-Il-carnevale-dei-poveri-1941-VAF-2141-Trento-MART-Archivio-fotografico-e-Mediateca.jpg 1792w\" sizes=\"auto, (max-width: 706px) 100vw, 706px\" \/><figcaption> Gianfilippo Usellini<br \/> <em>Il carnevale dei poveri<\/em>, 1941<br \/> tempera su tavola, cm 130&#215;90<br \/> VAF Stiftung, Mart, Rovereto<br \/> Mart Archivio fotografico e mediateca <\/figcaption><\/figure>\n\n\n\n<figure class=\"wp-block-image\"><img loading=\"lazy\" decoding=\"async\" width=\"652\" height=\"1024\" src=\"https:\/\/www.biancoscuro.it\/site\/wp-content\/uploads\/2019\/03\/13.-Ardengo-Soffici-Cacio-e-pere-1914-collezione-privata-Courtesy-Farsettiarte-Prato-652x1024.jpg\" alt=\"\" class=\"wp-image-8863\" srcset=\"https:\/\/www.biancoscuro.it\/site\/wp-content\/uploads\/2019\/03\/13.-Ardengo-Soffici-Cacio-e-pere-1914-collezione-privata-Courtesy-Farsettiarte-Prato-652x1024.jpg 652w, https:\/\/www.biancoscuro.it\/site\/wp-content\/uploads\/2019\/03\/13.-Ardengo-Soffici-Cacio-e-pere-1914-collezione-privata-Courtesy-Farsettiarte-Prato-191x300.jpg 191w, https:\/\/www.biancoscuro.it\/site\/wp-content\/uploads\/2019\/03\/13.-Ardengo-Soffici-Cacio-e-pere-1914-collezione-privata-Courtesy-Farsettiarte-Prato-768x1207.jpg 768w, https:\/\/www.biancoscuro.it\/site\/wp-content\/uploads\/2019\/03\/13.-Ardengo-Soffici-Cacio-e-pere-1914-collezione-privata-Courtesy-Farsettiarte-Prato-600x943.jpg 600w, https:\/\/www.biancoscuro.it\/site\/wp-content\/uploads\/2019\/03\/13.-Ardengo-Soffici-Cacio-e-pere-1914-collezione-privata-Courtesy-Farsettiarte-Prato-1320x2074.jpg 1320w, https:\/\/www.biancoscuro.it\/site\/wp-content\/uploads\/2019\/03\/13.-Ardengo-Soffici-Cacio-e-pere-1914-collezione-privata-Courtesy-Farsettiarte-Prato.jpg 1879w\" sizes=\"auto, (max-width: 652px) 100vw, 652px\" \/><figcaption> Ardengo Soffici<br \/> <em>Cacio e pere<\/em>, 1914<br \/> Collezione privata, Courtesy Farsettiarte, Prato <\/figcaption><\/figure>\n\n\n\n<figure class=\"wp-block-image\"><img loading=\"lazy\" decoding=\"async\" width=\"979\" height=\"1024\" src=\"https:\/\/www.biancoscuro.it\/site\/wp-content\/uploads\/2019\/03\/10.-Renato-BirolliTassi\u0300-rosso1932olio-su-telacm.58x60-Collezione-Giuseppe-Iannaccone-Milano-979x1024.jpg\" alt=\"\" class=\"wp-image-8864\" srcset=\"https:\/\/www.biancoscuro.it\/site\/wp-content\/uploads\/2019\/03\/10.-Renato-BirolliTassi\u0300-rosso1932olio-su-telacm.58x60-Collezione-Giuseppe-Iannaccone-Milano-979x1024.jpg 979w, https:\/\/www.biancoscuro.it\/site\/wp-content\/uploads\/2019\/03\/10.-Renato-BirolliTassi\u0300-rosso1932olio-su-telacm.58x60-Collezione-Giuseppe-Iannaccone-Milano-287x300.jpg 287w, https:\/\/www.biancoscuro.it\/site\/wp-content\/uploads\/2019\/03\/10.-Renato-BirolliTassi\u0300-rosso1932olio-su-telacm.58x60-Collezione-Giuseppe-Iannaccone-Milano-768x803.jpg 768w, https:\/\/www.biancoscuro.it\/site\/wp-content\/uploads\/2019\/03\/10.-Renato-BirolliTassi\u0300-rosso1932olio-su-telacm.58x60-Collezione-Giuseppe-Iannaccone-Milano-600x627.jpg 600w, https:\/\/www.biancoscuro.it\/site\/wp-content\/uploads\/2019\/03\/10.-Renato-BirolliTassi\u0300-rosso1932olio-su-telacm.58x60-Collezione-Giuseppe-Iannaccone-Milano-1320x1380.jpg 1320w\" sizes=\"auto, (max-width: 979px) 100vw, 979px\" \/><figcaption> Renato Birolli<br \/> <em>Tass\u00ec rosso<\/em>, 1932<br \/> olio su tela, cm 58&#215;60 <br \/> Collezione Giuseppe Iannaccone, Milano <\/figcaption><\/figure>\n\n\n\n<figure class=\"wp-block-image\"><img loading=\"lazy\" decoding=\"async\" width=\"1024\" height=\"659\" src=\"https:\/\/www.biancoscuro.it\/site\/wp-content\/uploads\/2019\/03\/5.-Adolfo-Balduini-Bambine-che-raccolgono-fiori-1919-collezione-privata-1-1024x659.jpg\" alt=\"\" class=\"wp-image-8865\" srcset=\"https:\/\/www.biancoscuro.it\/site\/wp-content\/uploads\/2019\/03\/5.-Adolfo-Balduini-Bambine-che-raccolgono-fiori-1919-collezione-privata-1-1024x659.jpg 1024w, https:\/\/www.biancoscuro.it\/site\/wp-content\/uploads\/2019\/03\/5.-Adolfo-Balduini-Bambine-che-raccolgono-fiori-1919-collezione-privata-1-300x193.jpg 300w, https:\/\/www.biancoscuro.it\/site\/wp-content\/uploads\/2019\/03\/5.-Adolfo-Balduini-Bambine-che-raccolgono-fiori-1919-collezione-privata-1-768x495.jpg 768w, https:\/\/www.biancoscuro.it\/site\/wp-content\/uploads\/2019\/03\/5.-Adolfo-Balduini-Bambine-che-raccolgono-fiori-1919-collezione-privata-1-600x386.jpg 600w, https:\/\/www.biancoscuro.it\/site\/wp-content\/uploads\/2019\/03\/5.-Adolfo-Balduini-Bambine-che-raccolgono-fiori-1919-collezione-privata-1-1320x850.jpg 1320w\" sizes=\"auto, (max-width: 1024px) 100vw, 1024px\" \/><figcaption>  Adolfo Balduini<br \/> <em>Bambine che raccolgono fiori<\/em>, 1919<br \/> tempera su cartoncino preparato a gesso, cm 21&#215;33<br \/> collezione privata, Barga <\/figcaption><\/figure>\n","protected":false},"excerpt":{"rendered":"<p><span class=\"span-reading-time rt-reading-time\" style=\"display: block;\"><span class=\"rt-label rt-prefix\">\u23f0 lettura <\/span> <span class=\"rt-time\"> 3<\/span> <span class=\"rt-label rt-postfix\">min. <\/p>\n<p><\/span><\/span>Nel bellissimo complesso monumentale medievale di San Micheletto a Lucca ha sede la Fondazione &#8220;Centro Studi sull\u2019Arte Licia e Carlo Ludovico Ragghianti\u201d, importante istituzione culturale intitolata a Carlo Ludovico Ragghianti &#8211; critico, storico e teorico dell\u2019arte tra i maggiori del XX secolo in Italia &#8211; e alla moglie Licia Collobi.&nbsp; La Fondazione conserva un vastissimo&hellip;&nbsp;<a href=\"https:\/\/www.biancoscuro.it\/site\/alla-fondazione-ragghianti-a-lucca-la-mostra-lartista-bambino-infanzia-e-primitivismi-nellarte-italiana-del-primo-novecento\/\" rel=\"bookmark\">Leggi tutto &raquo;<span class=\"screen-reader-text\">Alla Fondazione Ragghianti a Lucca la mostra L&#8217;artista bambino. Infanzia e primitivismi nell\u2019arte italiana del primo Novecento<\/span><\/a><\/p>\n","protected":false},"author":917,"featured_media":8858,"comment_status":"closed","ping_status":"closed","sticky":false,"template":"","format":"standard","meta":{"neve_meta_sidebar":"","neve_meta_container":"","neve_meta_enable_content_width":"","neve_meta_content_width":0,"neve_meta_title_alignment":"","neve_meta_author_avatar":"","neve_post_elements_order":"","neve_meta_disable_header":"","neve_meta_disable_footer":"","neve_meta_disable_title":"","advanced_seo_description":"","jetpack_seo_html_title":"","jetpack_seo_noindex":false,"footnotes":""},"categories":[5],"tags":[],"class_list":["post-8857","post","type-post","status-publish","format-standard","has-post-thumbnail","hentry","category-arte"],"jetpack_featured_media_url":"https:\/\/www.biancoscuro.it\/site\/wp-content\/uploads\/2019\/03\/3.-Alberto-Magri-Il-bucato-tempera-su-tavola-1913-coll.-privata-002.jpg","jetpack_sharing_enabled":true,"jetpack-related-posts":[{"id":12758,"url":"https:\/\/www.biancoscuro.it\/site\/carlo-levi-e-carlo-ludovico-ragghianti-storia-di-unamicizia-tra-politica-e-arte\/","url_meta":{"origin":8857,"position":0},"title":"Levi e Ragghianti, storia di un&#8217;amicizia tra politica e arte","author":"Chiara","date":"23 Dicembre 2021","format":false,"excerpt":"Alla Fondazione Centro Studi Ragghianti a Lucca \u00e8 stata da poco inaugurata una mostra dedicata a due grandi intellettuali del Novecento, Carlo Levi (Torino, 1902 - Roma, 1975) e Carlo Ludovico Ragghianti (Lucca, 1910 - Firenze, 1987) e al loro fecondo rapporto di amicizia. Realizzata in collaborazione con la Fondazione\u2026","rel":"","context":"In &quot;arte&quot;","block_context":{"text":"arte","link":"https:\/\/www.biancoscuro.it\/site\/category\/arte\/"},"img":{"alt_text":"","src":"https:\/\/i0.wp.com\/www.biancoscuro.it\/site\/wp-content\/uploads\/2021\/12\/LEVI-RAGGHIANTI-Inizio-mostra-scaled.jpg?resize=350%2C200&ssl=1","width":350,"height":200,"srcset":"https:\/\/i0.wp.com\/www.biancoscuro.it\/site\/wp-content\/uploads\/2021\/12\/LEVI-RAGGHIANTI-Inizio-mostra-scaled.jpg?resize=350%2C200&ssl=1 1x, https:\/\/i0.wp.com\/www.biancoscuro.it\/site\/wp-content\/uploads\/2021\/12\/LEVI-RAGGHIANTI-Inizio-mostra-scaled.jpg?resize=525%2C300&ssl=1 1.5x, https:\/\/i0.wp.com\/www.biancoscuro.it\/site\/wp-content\/uploads\/2021\/12\/LEVI-RAGGHIANTI-Inizio-mostra-scaled.jpg?resize=700%2C400&ssl=1 2x, https:\/\/i0.wp.com\/www.biancoscuro.it\/site\/wp-content\/uploads\/2021\/12\/LEVI-RAGGHIANTI-Inizio-mostra-scaled.jpg?resize=1050%2C600&ssl=1 3x, https:\/\/i0.wp.com\/www.biancoscuro.it\/site\/wp-content\/uploads\/2021\/12\/LEVI-RAGGHIANTI-Inizio-mostra-scaled.jpg?resize=1400%2C800&ssl=1 4x"},"classes":[]},{"id":10283,"url":"https:\/\/www.biancoscuro.it\/site\/critica-darte-la-nuova-serie-della-storica-rivista-fondata-nel-1935-da-carlo-ludovico-ragghianti\/","url_meta":{"origin":8857,"position":1},"title":"CRITICA D&#8217;ARTE. La nuova serie della storica rivista fondata nel 1935 da Carlo Ludovico Ragghianti","author":"Chiara","date":"13 Gennaio 2020","format":false,"excerpt":"La Fondazione Ragghianti di Lucca pubblica in coedizione con la casa editrice Le Lettere la nuova serie della storica rivista CRITICA D'ARTE, fondata nel 1935 da Carlo Ludovico Ragghianti e Ranuccio Bianchi Bandinelli. La nuova serie viene presentata a Milano il 14 gennaio alle 18 presso la sede del Banco\u2026","rel":"","context":"In &quot;arte&quot;","block_context":{"text":"arte","link":"https:\/\/www.biancoscuro.it\/site\/category\/arte\/"},"img":{"alt_text":"","src":"https:\/\/i0.wp.com\/www.biancoscuro.it\/site\/wp-content\/uploads\/2020\/01\/cover-Critica-dArte.jpg?resize=350%2C200&ssl=1","width":350,"height":200,"srcset":"https:\/\/i0.wp.com\/www.biancoscuro.it\/site\/wp-content\/uploads\/2020\/01\/cover-Critica-dArte.jpg?resize=350%2C200&ssl=1 1x, https:\/\/i0.wp.com\/www.biancoscuro.it\/site\/wp-content\/uploads\/2020\/01\/cover-Critica-dArte.jpg?resize=525%2C300&ssl=1 1.5x, https:\/\/i0.wp.com\/www.biancoscuro.it\/site\/wp-content\/uploads\/2020\/01\/cover-Critica-dArte.jpg?resize=700%2C400&ssl=1 2x"},"classes":[]},{"id":11436,"url":"https:\/\/www.biancoscuro.it\/site\/riaperta-a-lucca-alla-fondazione-ragghianti-la-doppia-mostra-lavventura-dellarte-nuova-anni-60-80\/","url_meta":{"origin":8857,"position":2},"title":"Riaperta la doppia mostra L\u2019avventura dell\u2019arte nuova","author":"Chiara","date":"19 Gennaio 2021","format":false,"excerpt":"A Lucca, alla Fondazione Ragghianti In ottemperanza al DPCM del 15 gennaio 2021 la Fondazione Centro Studi sull\u2019Arte Licia e Carlo Ludovico Ragghianti di Lucca riapre dal 19 gennaio al 19 febbraio la doppia esposizione\u00a0\u201cL\u2019avventura dell\u2019arte nuova | anni 60-80. Cioni Carpi | Gianni Melotti\u201d. Inaugurate il 2 ottobre scorso\u2026","rel":"","context":"In &quot;arte&quot;","block_context":{"text":"arte","link":"https:\/\/www.biancoscuro.it\/site\/category\/arte\/"},"img":{"alt_text":"","src":"https:\/\/i0.wp.com\/www.biancoscuro.it\/site\/wp-content\/uploads\/2021\/01\/4.-Gianni-Melotti-GLI-ANGOLI-DELLA-BIENNALE_07-serie-di-8_1976.jpg?resize=350%2C200&ssl=1","width":350,"height":200,"srcset":"https:\/\/i0.wp.com\/www.biancoscuro.it\/site\/wp-content\/uploads\/2021\/01\/4.-Gianni-Melotti-GLI-ANGOLI-DELLA-BIENNALE_07-serie-di-8_1976.jpg?resize=350%2C200&ssl=1 1x, https:\/\/i0.wp.com\/www.biancoscuro.it\/site\/wp-content\/uploads\/2021\/01\/4.-Gianni-Melotti-GLI-ANGOLI-DELLA-BIENNALE_07-serie-di-8_1976.jpg?resize=525%2C300&ssl=1 1.5x, https:\/\/i0.wp.com\/www.biancoscuro.it\/site\/wp-content\/uploads\/2021\/01\/4.-Gianni-Melotti-GLI-ANGOLI-DELLA-BIENNALE_07-serie-di-8_1976.jpg?resize=700%2C400&ssl=1 2x"},"classes":[]},{"id":10919,"url":"https:\/\/www.biancoscuro.it\/site\/critica-darte-in-uscita-il-secondo-numero-della-nuova-serie-della-storica-rivista\/","url_meta":{"origin":8857,"position":3},"title":"CRITICA D&#8217;ARTE. In uscita il secondo numero della nuova serie della storica rivista","author":"Chiara","date":"21 Luglio 2020","format":false,"excerpt":"Esce in questi giorni il secondo numero della nona serie di \u00abCritica d\u2019Arte\u00bb, una delle riviste di storia dell\u2019arte pi\u00f9 longeve d\u2019Italia, fondata nel 1935 da Carlo Ludovico Ragghianti con Ranuccio Bianchi Bandinelli. Acquisita dalla Fondazione Ragghianti di Lucca, che la pubblica in coedizione con l\u2019Editoriale Le Lettere, la rivista\u2026","rel":"","context":"In &quot;arte&quot;","block_context":{"text":"arte","link":"https:\/\/www.biancoscuro.it\/site\/category\/arte\/"},"img":{"alt_text":"","src":"https:\/\/i0.wp.com\/www.biancoscuro.it\/site\/wp-content\/uploads\/2020\/07\/Critica-darte-3-4-copertina.jpg?resize=350%2C200&ssl=1","width":350,"height":200,"srcset":"https:\/\/i0.wp.com\/www.biancoscuro.it\/site\/wp-content\/uploads\/2020\/07\/Critica-darte-3-4-copertina.jpg?resize=350%2C200&ssl=1 1x, https:\/\/i0.wp.com\/www.biancoscuro.it\/site\/wp-content\/uploads\/2020\/07\/Critica-darte-3-4-copertina.jpg?resize=525%2C300&ssl=1 1.5x, https:\/\/i0.wp.com\/www.biancoscuro.it\/site\/wp-content\/uploads\/2020\/07\/Critica-darte-3-4-copertina.jpg?resize=700%2C400&ssl=1 2x, https:\/\/i0.wp.com\/www.biancoscuro.it\/site\/wp-content\/uploads\/2020\/07\/Critica-darte-3-4-copertina.jpg?resize=1050%2C600&ssl=1 3x"},"classes":[]},{"id":10652,"url":"https:\/\/www.biancoscuro.it\/site\/click-art-lo-scatto-dellarte-una-nuova-attivita-didattica-della-fondazione-ragghianti-disponibile-sul-web\/","url_meta":{"origin":8857,"position":4},"title":"CLICK ART | lo scatto dell&#8217;arte","author":"Chiara","date":"28 Maggio 2020","format":false,"excerpt":"Una nuova attivit\u00e0 didattica della Fondazione Ragghianti disponibile sul web Nell\u2019impossibilit\u00e0 di svolgere \u201cin presenza\u201d i laboratori artistici che avrebbero coinvolto decine di classi delle scuole della provincia di Lucca, la Fondazione Ragghianti propone un progetto online per stimolare anche a distanza la curiosit\u00e0 e il desiderio di conoscenza dei\u2026","rel":"","context":"In &quot;arte&quot;","block_context":{"text":"arte","link":"https:\/\/www.biancoscuro.it\/site\/category\/arte\/"},"img":{"alt_text":"","src":"https:\/\/i0.wp.com\/www.biancoscuro.it\/site\/wp-content\/uploads\/2020\/05\/LAB-WEB-MODI-0.jpg?resize=350%2C200&ssl=1","width":350,"height":200,"srcset":"https:\/\/i0.wp.com\/www.biancoscuro.it\/site\/wp-content\/uploads\/2020\/05\/LAB-WEB-MODI-0.jpg?resize=350%2C200&ssl=1 1x, https:\/\/i0.wp.com\/www.biancoscuro.it\/site\/wp-content\/uploads\/2020\/05\/LAB-WEB-MODI-0.jpg?resize=525%2C300&ssl=1 1.5x, https:\/\/i0.wp.com\/www.biancoscuro.it\/site\/wp-content\/uploads\/2020\/05\/LAB-WEB-MODI-0.jpg?resize=700%2C400&ssl=1 2x"},"classes":[]},{"id":11413,"url":"https:\/\/www.biancoscuro.it\/site\/critica-darte-esce-il-terzo-numero-della-storica-rivista\/","url_meta":{"origin":8857,"position":5},"title":"Critica d&#8217;arte. Esce il terzo numero della storica rivista","author":"Chiara","date":"17 Dicembre 2020","format":false,"excerpt":"Viene pubblicato in questi giorni il terzo numero della nuova serie di \u00abCritica d\u2019Arte\u00bb, una delle riviste di storia dell\u2019arte pi\u00f9 longeve d\u2019Italia, creata nel 1935 da Carlo Ludovico Ragghianti con Ranuccio Bianchi Bandinelli. La rivista \u00e8 stata acquisita dalla Fondazione Ragghianti, che la pubblica in coedizione con l\u2019Editoriale Le\u2026","rel":"","context":"In &quot;arte&quot;","block_context":{"text":"arte","link":"https:\/\/www.biancoscuro.it\/site\/category\/arte\/"},"img":{"alt_text":"","src":"https:\/\/i0.wp.com\/www.biancoscuro.it\/site\/wp-content\/uploads\/2020\/12\/Critica-darte-5-6-2020-cover-WEB.jpg?resize=350%2C200&ssl=1","width":350,"height":200,"srcset":"https:\/\/i0.wp.com\/www.biancoscuro.it\/site\/wp-content\/uploads\/2020\/12\/Critica-darte-5-6-2020-cover-WEB.jpg?resize=350%2C200&ssl=1 1x, https:\/\/i0.wp.com\/www.biancoscuro.it\/site\/wp-content\/uploads\/2020\/12\/Critica-darte-5-6-2020-cover-WEB.jpg?resize=525%2C300&ssl=1 1.5x, https:\/\/i0.wp.com\/www.biancoscuro.it\/site\/wp-content\/uploads\/2020\/12\/Critica-darte-5-6-2020-cover-WEB.jpg?resize=700%2C400&ssl=1 2x"},"classes":[]}],"_links":{"self":[{"href":"https:\/\/www.biancoscuro.it\/site\/wp-json\/wp\/v2\/posts\/8857","targetHints":{"allow":["GET"]}}],"collection":[{"href":"https:\/\/www.biancoscuro.it\/site\/wp-json\/wp\/v2\/posts"}],"about":[{"href":"https:\/\/www.biancoscuro.it\/site\/wp-json\/wp\/v2\/types\/post"}],"author":[{"embeddable":true,"href":"https:\/\/www.biancoscuro.it\/site\/wp-json\/wp\/v2\/users\/917"}],"replies":[{"embeddable":true,"href":"https:\/\/www.biancoscuro.it\/site\/wp-json\/wp\/v2\/comments?post=8857"}],"version-history":[{"count":0,"href":"https:\/\/www.biancoscuro.it\/site\/wp-json\/wp\/v2\/posts\/8857\/revisions"}],"wp:featuredmedia":[{"embeddable":true,"href":"https:\/\/www.biancoscuro.it\/site\/wp-json\/wp\/v2\/media\/8858"}],"wp:attachment":[{"href":"https:\/\/www.biancoscuro.it\/site\/wp-json\/wp\/v2\/media?parent=8857"}],"wp:term":[{"taxonomy":"category","embeddable":true,"href":"https:\/\/www.biancoscuro.it\/site\/wp-json\/wp\/v2\/categories?post=8857"},{"taxonomy":"post_tag","embeddable":true,"href":"https:\/\/www.biancoscuro.it\/site\/wp-json\/wp\/v2\/tags?post=8857"}],"curies":[{"name":"wp","href":"https:\/\/api.w.org\/{rel}","templated":true}]}}