{"id":8900,"date":"2019-03-25T19:52:29","date_gmt":"2019-03-25T17:52:29","guid":{"rendered":"https:\/\/www.biancoscuro.it\/site\/?p=8900"},"modified":"2019-03-25T19:52:31","modified_gmt":"2019-03-25T17:52:31","slug":"a-brera-la-storia-della-fibbia-tra-moda-e-gioiello-attraverso-la-collezione-pennasilico-un-volume-di-bianca-cappello-e-samuele-magri-skira","status":"publish","type":"post","link":"https:\/\/www.biancoscuro.it\/site\/a-brera-la-storia-della-fibbia-tra-moda-e-gioiello-attraverso-la-collezione-pennasilico-un-volume-di-bianca-cappello-e-samuele-magri-skira\/","title":{"rendered":"A Brera la storia della fibbia tra moda e gioiello attraverso la collezione Pennasilico. Un volume di Bianca Cappello e Samuele Magri, Skira."},"content":{"rendered":"<span class=\"span-reading-time rt-reading-time\" style=\"display: block;\"><span class=\"rt-label rt-prefix\">\u23f0 lettura <\/span> <span class=\"rt-time\"> 2<\/span> <span class=\"rt-label rt-postfix\">min. <br><br><\/span><\/span>\n<p><strong>Gioved\u00ec 28 marzo alle 14.30 <\/strong>alla\u00a0<strong>PINACOTECA DI BRERA, Sala della Passione <\/strong>(via Brera 28 Milano), si terr\u00e0 la <strong>presentazione del volume <\/strong><em><strong>STORIA DELLA FIBBIA TRA MODA E GIOIELLO\u00a0(1700-1950) attraverso la collezione Pennasilico<\/strong><\/em><strong> <\/strong>di<strong> Bianca Cappello e Samuele Magri<\/strong>, edito da <strong>SKIRA<\/strong>.<\/p>\n\n\n\n<p><em>Con gli autori intervengono<\/em><\/p>\n\n\n\n<p><strong>Roberto Favaro<\/strong> &nbsp;\t<em>Vicedirettore&nbsp;Accademia di Belle Arti di Brera<\/em><\/p>\n\n\n\n<p><strong>Luca Ghirardosi<\/strong>\t<em>Docente di Scenografia Accademia di Belle Arti di Brera<\/em><\/p>\n\n\n\n<p><strong>Paola Venturelli&nbsp;<\/strong>\t<em>Storica dell\u2019Arte. Conservatore museale e docente di Arti Orafe<\/em><\/p>\n\n\n\n<p><strong>Maurizio Manca<\/strong>\t<em>Bijoux Bozart<\/em><\/p>\n\n\n\n<p><strong>Antonella Garello<\/strong>&nbsp; &nbsp; &nbsp;<em>L\u2019Orafo Italiano<\/em><\/p>\n\n\n\n<p><strong>Una storia ricca e appassionante quella della fibbia, gioiello funzionale, indispensabile complemento dei migliori outfit fin dall\u2019antichit\u00e0 e ancora oggi utilizzata dalle pi\u00f9 importanti&nbsp;case di moda.<\/strong><\/p>\n\n\n\n<p>Uno studio attento che intreccia <strong>costume, arte e gioiello <\/strong>per tracciare un inedito percorso visivo e di ricerca mostrando come <strong>le fibbie \u2013 da scarpa, da cintura, da pantalone, da mantello, da cappello <\/strong>ecc. \u2013 siano state <strong>nel corso dei secoli fondamentali indicatori di status sociale<\/strong>, attente spie dei cambiamenti del gusto, sempre al passo con innovazioni estetiche, tecnologiche e materiche.<\/p>\n\n\n\n<p><strong>Un volume prezioso<\/strong> grazie alla <strong>selezione di fibbie provenienti dalla collezione Pennasilico<\/strong>, <strong>una tra le pi\u00f9 importanti al mondo<\/strong>, e una ricerca iconografica ricca di <strong>ritratti e illustrazioni d\u2019epoca<\/strong>&nbsp;che contestualizzano questo oggetto nell\u2019abito e sul corpo, testimoniando l\u2019evoluzione della moda da un nuovo punto di vista.<\/p>\n\n\n\n<p><strong>Uno strumento indispensabile per tutti gli addetti ai lavori e per gli appassionati, designer e collezionisti di moda, arte, gioiello e accessori.<\/strong><\/p>\n\n\n\n<p><strong>Bianca Cappello<\/strong>, storica e critica del gioiello, \u00e8 docente, coordinatore e curatore di conferenze e seminari sulla Storia del Gioiello, attivit\u00e0 che completa con pubblicazioni su questo argomento. \u00c8 curatore di mostre per musei ed enti pubblici e consulente curatoriale di collezioni museali.\u00a0<\/p>\n\n\n\n<p><strong>Samuele Magri<\/strong>, storico dell\u2019Arte e della Moda, docente presso IED Milano e per varie istituzioni fiorentine, relatore di incontri ed eventi su questi temi. Vive a Firenze.<\/p>\n\n\n\n<figure class=\"wp-block-image\"><img loading=\"lazy\" decoding=\"async\" width=\"953\" height=\"800\" src=\"https:\/\/www.biancoscuro.it\/site\/wp-content\/uploads\/2019\/03\/2.-Fibbie-con-serpenti.jpg\" alt=\"\" class=\"wp-image-8902\" srcset=\"https:\/\/www.biancoscuro.it\/site\/wp-content\/uploads\/2019\/03\/2.-Fibbie-con-serpenti.jpg 953w, https:\/\/www.biancoscuro.it\/site\/wp-content\/uploads\/2019\/03\/2.-Fibbie-con-serpenti-300x252.jpg 300w, https:\/\/www.biancoscuro.it\/site\/wp-content\/uploads\/2019\/03\/2.-Fibbie-con-serpenti-768x645.jpg 768w, https:\/\/www.biancoscuro.it\/site\/wp-content\/uploads\/2019\/03\/2.-Fibbie-con-serpenti-600x504.jpg 600w\" sizes=\"auto, (max-width: 953px) 100vw, 953px\" \/><\/figure>\n\n\n\n<figure class=\"wp-block-image\"><img loading=\"lazy\" decoding=\"async\" width=\"666\" height=\"1024\" src=\"https:\/\/www.biancoscuro.it\/site\/wp-content\/uploads\/2019\/03\/6.-Fibbia-ottone-dorato-pasta-vetro-666x1024.jpg\" alt=\"\" class=\"wp-image-8903\" srcset=\"https:\/\/www.biancoscuro.it\/site\/wp-content\/uploads\/2019\/03\/6.-Fibbia-ottone-dorato-pasta-vetro-666x1024.jpg 666w, https:\/\/www.biancoscuro.it\/site\/wp-content\/uploads\/2019\/03\/6.-Fibbia-ottone-dorato-pasta-vetro-195x300.jpg 195w, https:\/\/www.biancoscuro.it\/site\/wp-content\/uploads\/2019\/03\/6.-Fibbia-ottone-dorato-pasta-vetro-600x922.jpg 600w, https:\/\/www.biancoscuro.it\/site\/wp-content\/uploads\/2019\/03\/6.-Fibbia-ottone-dorato-pasta-vetro.jpg 712w\" sizes=\"auto, (max-width: 666px) 100vw, 666px\" \/><\/figure>\n\n\n\n<figure class=\"wp-block-image\"><img loading=\"lazy\" decoding=\"async\" width=\"685\" height=\"709\" src=\"https:\/\/www.biancoscuro.it\/site\/wp-content\/uploads\/2019\/03\/12.-Fibbia-Art-Nouveau.jpg\" alt=\"\" class=\"wp-image-8904\" srcset=\"https:\/\/www.biancoscuro.it\/site\/wp-content\/uploads\/2019\/03\/12.-Fibbia-Art-Nouveau.jpg 685w, https:\/\/www.biancoscuro.it\/site\/wp-content\/uploads\/2019\/03\/12.-Fibbia-Art-Nouveau-290x300.jpg 290w, https:\/\/www.biancoscuro.it\/site\/wp-content\/uploads\/2019\/03\/12.-Fibbia-Art-Nouveau-600x621.jpg 600w\" sizes=\"auto, (max-width: 685px) 100vw, 685px\" \/><\/figure>\n","protected":false},"excerpt":{"rendered":"<p><span class=\"span-reading-time rt-reading-time\" style=\"display: block;\"><span class=\"rt-label rt-prefix\">\u23f0 lettura <\/span> <span class=\"rt-time\"> 2<\/span> <span class=\"rt-label rt-postfix\">min. <\/p>\n<p><\/span><\/span>Gioved\u00ec 28 marzo alle 14.30 alla\u00a0PINACOTECA DI BRERA, Sala della Passione (via Brera 28 Milano), si terr\u00e0 la presentazione del volume STORIA DELLA FIBBIA TRA MODA E GIOIELLO\u00a0(1700-1950) attraverso la collezione Pennasilico di Bianca Cappello e Samuele Magri, edito da SKIRA. Con gli autori intervengono Roberto Favaro &nbsp; Vicedirettore&nbsp;Accademia di Belle Arti di Brera Luca&hellip;&nbsp;<a href=\"https:\/\/www.biancoscuro.it\/site\/a-brera-la-storia-della-fibbia-tra-moda-e-gioiello-attraverso-la-collezione-pennasilico-un-volume-di-bianca-cappello-e-samuele-magri-skira\/\" rel=\"bookmark\">Leggi tutto &raquo;<span class=\"screen-reader-text\">A Brera la storia della fibbia tra moda e gioiello attraverso la collezione Pennasilico. Un volume di Bianca Cappello e Samuele Magri, Skira.<\/span><\/a><\/p>\n","protected":false},"author":917,"featured_media":8901,"comment_status":"closed","ping_status":"closed","sticky":false,"template":"","format":"standard","meta":{"neve_meta_sidebar":"","neve_meta_container":"","neve_meta_enable_content_width":"","neve_meta_content_width":0,"neve_meta_title_alignment":"","neve_meta_author_avatar":"","neve_post_elements_order":"","neve_meta_disable_header":"","neve_meta_disable_footer":"","neve_meta_disable_title":"","advanced_seo_description":"","jetpack_seo_html_title":"","jetpack_seo_noindex":false,"footnotes":""},"categories":[5],"tags":[],"class_list":["post-8900","post","type-post","status-publish","format-standard","has-post-thumbnail","hentry","category-arte"],"jetpack_featured_media_url":"https:\/\/www.biancoscuro.it\/site\/wp-content\/uploads\/2019\/03\/Storia-Fibbia.jpg","jetpack_sharing_enabled":true,"jetpack-related-posts":[{"id":5860,"url":"https:\/\/www.biancoscuro.it\/site\/gioiello-nel-sistema-moda-storia-design-produzione-cura-bianca-cappello-skira\/","url_meta":{"origin":8900,"position":0},"title":"IL GIOIELLO NEL SISTEMA MODA | Storia, Design, Produzione  | Bianca Cappello &#8211; SKIRA","author":"Chiara","date":"7 Settembre 2017","format":false,"excerpt":"Martedi 12 settembre alle 18.30 alla Biblioteca della Moda a Milano (via Alessandria 8) si terr\u00e0 la presentazione del volume IL GIOIELLO NEL SISTEMA MODA a cura di Bianca Cappello, storica e critica del gioiello. Con la curatrice intervengono tre rappresentanti di noti marchi di gioielleria: De Liguoro, Swarovski e\u2026","rel":"","context":"In &quot;arte&quot;","block_context":{"text":"arte","link":"https:\/\/www.biancoscuro.it\/site\/category\/arte\/"},"img":{"alt_text":"","src":"https:\/\/i0.wp.com\/www.biancoscuro.it\/site\/wp-content\/uploads\/2017\/09\/Cappello-Gioiello-sistema-moda.jpg?resize=350%2C200&ssl=1","width":350,"height":200,"srcset":"https:\/\/i0.wp.com\/www.biancoscuro.it\/site\/wp-content\/uploads\/2017\/09\/Cappello-Gioiello-sistema-moda.jpg?resize=350%2C200&ssl=1 1x, https:\/\/i0.wp.com\/www.biancoscuro.it\/site\/wp-content\/uploads\/2017\/09\/Cappello-Gioiello-sistema-moda.jpg?resize=525%2C300&ssl=1 1.5x, https:\/\/i0.wp.com\/www.biancoscuro.it\/site\/wp-content\/uploads\/2017\/09\/Cappello-Gioiello-sistema-moda.jpg?resize=700%2C400&ssl=1 2x"},"classes":[]},{"id":7532,"url":"https:\/\/www.biancoscuro.it\/site\/sono-fernanda-wittgens-una-vita-per-brera-presentazione-del-volume-a-cura-di-giovanna-ginex-skira-editore\/","url_meta":{"origin":8900,"position":1},"title":"&#8220;Sono Fernanda Wittgens&#8221;. Presentazione a cura di Giovanna Ginex | Skira editore","author":"Chiara","date":"4 Luglio 2018","format":false,"excerpt":"Una vita per Brera Presentazione del volume a cura di Giovanna Ginex Skira editore Mercoled\u00ec 11 luglio alle ore 17.30 alla Pinacoteca di Brera, Sala della Passione\u00a0(via Brera 28 Milano) si terr\u00e0 la presentazione del volume \"SONO FERNANDA WITTGENS\u201d Una vita per Brera di Giovanna Ginex,\u00a0edito da SKIRA. Con l\u2019autrice\u2026","rel":"","context":"In &quot;arte&quot;","block_context":{"text":"arte","link":"https:\/\/www.biancoscuro.it\/site\/category\/arte\/"},"img":{"alt_text":"","src":"https:\/\/i0.wp.com\/www.biancoscuro.it\/site\/wp-content\/uploads\/2018\/07\/5.-Brera-in-guerra-il-cortile.-Le-opere-imballate-prima-della-partenza-verso-un-ricovero-sicuro-1942-43-300x221.jpg?resize=350%2C200&ssl=1","width":350,"height":200,"srcset":"https:\/\/i0.wp.com\/www.biancoscuro.it\/site\/wp-content\/uploads\/2018\/07\/5.-Brera-in-guerra-il-cortile.-Le-opere-imballate-prima-della-partenza-verso-un-ricovero-sicuro-1942-43-300x221.jpg?resize=350%2C200&ssl=1 1x, https:\/\/i0.wp.com\/www.biancoscuro.it\/site\/wp-content\/uploads\/2018\/07\/5.-Brera-in-guerra-il-cortile.-Le-opere-imballate-prima-della-partenza-verso-un-ricovero-sicuro-1942-43-300x221.jpg?resize=525%2C300&ssl=1 1.5x, https:\/\/i0.wp.com\/www.biancoscuro.it\/site\/wp-content\/uploads\/2018\/07\/5.-Brera-in-guerra-il-cortile.-Le-opere-imballate-prima-della-partenza-verso-un-ricovero-sicuro-1942-43-300x221.jpg?resize=700%2C400&ssl=1 2x, https:\/\/i0.wp.com\/www.biancoscuro.it\/site\/wp-content\/uploads\/2018\/07\/5.-Brera-in-guerra-il-cortile.-Le-opere-imballate-prima-della-partenza-verso-un-ricovero-sicuro-1942-43-300x221.jpg?resize=1050%2C600&ssl=1 3x, https:\/\/i0.wp.com\/www.biancoscuro.it\/site\/wp-content\/uploads\/2018\/07\/5.-Brera-in-guerra-il-cortile.-Le-opere-imballate-prima-della-partenza-verso-un-ricovero-sicuro-1942-43-300x221.jpg?resize=1400%2C800&ssl=1 4x"},"classes":[]},{"id":6029,"url":"https:\/\/www.biancoscuro.it\/site\/brera-la-presentazione-del-volume-museo-piranesi-pierluigi-panza-edito-skira\/","url_meta":{"origin":8900,"position":2},"title":"A Brera la presentazione del volume MUSEO PIRANESI di Pierluigi Panza edito da SKIRA","author":"Chiara","date":"9 Ottobre 2017","format":false,"excerpt":"Luned\u00ec 16 ottobre alle 18 alla Pinacoteca di Brera a Milano in Sala della Passione (Via Brera 28) avr\u00e0 luogo la presentazione del volume MUSEO PIRANESI di Pierluigi Panza edito da SKIRA. Con l\u2019autore intervengono Aldo Bassetti, Andrea Carandini, Philippe Daverio e Carlo Orsi. Giovan Battista Piranesi (1720-1778) fu il\u2026","rel":"","context":"In &quot;arte&quot;","block_context":{"text":"arte","link":"https:\/\/www.biancoscuro.it\/site\/category\/arte\/"},"img":{"alt_text":"","src":"https:\/\/i0.wp.com\/www.biancoscuro.it\/site\/wp-content\/uploads\/2017\/10\/Museo-Piranesi.jpg?resize=350%2C200&ssl=1","width":350,"height":200,"srcset":"https:\/\/i0.wp.com\/www.biancoscuro.it\/site\/wp-content\/uploads\/2017\/10\/Museo-Piranesi.jpg?resize=350%2C200&ssl=1 1x, https:\/\/i0.wp.com\/www.biancoscuro.it\/site\/wp-content\/uploads\/2017\/10\/Museo-Piranesi.jpg?resize=525%2C300&ssl=1 1.5x, https:\/\/i0.wp.com\/www.biancoscuro.it\/site\/wp-content\/uploads\/2017\/10\/Museo-Piranesi.jpg?resize=700%2C400&ssl=1 2x"},"classes":[]},{"id":8764,"url":"https:\/\/www.biancoscuro.it\/site\/per-le-strade-dellarte-a-brera-la-presentazione-del-volume-di-casimiro-porro-edito-da-skira\/","url_meta":{"origin":8900,"position":3},"title":"Per le strade dell\u2019arte. A Brera il volume di Casimiro Porro","author":"Chiara","date":"18 Febbraio 2019","format":false,"excerpt":"Mercoled\u00ec 6 marzo alla Pinacoteca di Brera a Milano, alle 18.15 in Sala della Passione, si terr\u00e0 la presentazione del volume di Casimiro Porro Per le strade dell\u2019arte. Ricordi e riflessioni di un protagonista, tra mercato e istituzioni, con il contributo di Gianpietro Borghini, SKIRA. Introduzione di James Bradburne -\u2026","rel":"","context":"In &quot;arte&quot;","block_context":{"text":"arte","link":"https:\/\/www.biancoscuro.it\/site\/category\/arte\/"},"img":{"alt_text":"","src":"https:\/\/i0.wp.com\/www.biancoscuro.it\/site\/wp-content\/uploads\/2019\/02\/Porro-Strade-dellArte.jpg?resize=350%2C200&ssl=1","width":350,"height":200,"srcset":"https:\/\/i0.wp.com\/www.biancoscuro.it\/site\/wp-content\/uploads\/2019\/02\/Porro-Strade-dellArte.jpg?resize=350%2C200&ssl=1 1x, https:\/\/i0.wp.com\/www.biancoscuro.it\/site\/wp-content\/uploads\/2019\/02\/Porro-Strade-dellArte.jpg?resize=525%2C300&ssl=1 1.5x, https:\/\/i0.wp.com\/www.biancoscuro.it\/site\/wp-content\/uploads\/2019\/02\/Porro-Strade-dellArte.jpg?resize=700%2C400&ssl=1 2x"},"classes":[]},{"id":15678,"url":"https:\/\/www.biancoscuro.it\/site\/larte-nelle-istituzioni-a-brera-la-presentazione-del-libro-di-tiziana-ferrari\/","url_meta":{"origin":8900,"position":4},"title":"L\u2019ARTE NELLE ISTITUZIONI.\u00a0A Brera la presentazione del libro di Tiziana Ferrari","author":"Chiara","date":"17 Marzo 2023","format":false,"excerpt":"Gioved\u00ec 23 marzo alle 17.30 si terr\u00e0 alla Pinacoteca di Brera a Milano (Sala della Passione) la presentazione del volume di Tiziana Ferrari L\u2019ARTE NELLE ISTITUZIONI\u00a0Opere ritrovate\u00a0nei\u00a0palazzi del potere\u00a0edito da Skira. Tiziana Ferrari \u00e8 stata la prima curatrice delle collezioni d\u2019arte presso la presidenza del Senato italiano.\u00a0 Il libro racconta\u2026","rel":"","context":"In &quot;arte&quot;","block_context":{"text":"arte","link":"https:\/\/www.biancoscuro.it\/site\/category\/arte\/"},"img":{"alt_text":"","src":"https:\/\/i0.wp.com\/www.biancoscuro.it\/site\/wp-content\/uploads\/2023\/03\/Ferrari-Arte-e-Istituzioni.jpg?resize=350%2C200&ssl=1","width":350,"height":200,"srcset":"https:\/\/i0.wp.com\/www.biancoscuro.it\/site\/wp-content\/uploads\/2023\/03\/Ferrari-Arte-e-Istituzioni.jpg?resize=350%2C200&ssl=1 1x, https:\/\/i0.wp.com\/www.biancoscuro.it\/site\/wp-content\/uploads\/2023\/03\/Ferrari-Arte-e-Istituzioni.jpg?resize=525%2C300&ssl=1 1.5x, https:\/\/i0.wp.com\/www.biancoscuro.it\/site\/wp-content\/uploads\/2023\/03\/Ferrari-Arte-e-Istituzioni.jpg?resize=700%2C400&ssl=1 2x"},"classes":[]},{"id":7093,"url":"https:\/\/www.biancoscuro.it\/site\/palazzo-citterio-verso-la-grande-brera-presentazione-del-volume-skira\/","url_meta":{"origin":8900,"position":5},"title":"Palazzo Citterio verso la Grande Brera | Presentazione del volume SKIRA","author":"Chiara","date":"16 Aprile 2018","format":false,"excerpt":"Mercoled\u00ec 18 aprile alle 17.30 si terr\u00e0 la presentazione\u00a0del volume Palazzo Citterio verso la Grande Brera a cura di Antonella Ranaldi, Paolo Savio, Annamaria Terafina, edito da SKIRA. Intervengono: Andrea Kerbaker, scrittore e direttore di \u201cTempo di Libri\u201d, Lorenzo Degli Esposti, architetto e autore di MCM. Milano capitale del moderno,\u2026","rel":"","context":"In &quot;arte&quot;","block_context":{"text":"arte","link":"https:\/\/www.biancoscuro.it\/site\/category\/arte\/"},"img":{"alt_text":"","src":"https:\/\/i0.wp.com\/www.biancoscuro.it\/site\/wp-content\/uploads\/2018\/04\/01-PALAZZO-CITTERIO-La-facciata-su-via-Brera-819x1024.jpg?resize=350%2C200&ssl=1","width":350,"height":200,"srcset":"https:\/\/i0.wp.com\/www.biancoscuro.it\/site\/wp-content\/uploads\/2018\/04\/01-PALAZZO-CITTERIO-La-facciata-su-via-Brera-819x1024.jpg?resize=350%2C200&ssl=1 1x, https:\/\/i0.wp.com\/www.biancoscuro.it\/site\/wp-content\/uploads\/2018\/04\/01-PALAZZO-CITTERIO-La-facciata-su-via-Brera-819x1024.jpg?resize=525%2C300&ssl=1 1.5x"},"classes":[]}],"_links":{"self":[{"href":"https:\/\/www.biancoscuro.it\/site\/wp-json\/wp\/v2\/posts\/8900","targetHints":{"allow":["GET"]}}],"collection":[{"href":"https:\/\/www.biancoscuro.it\/site\/wp-json\/wp\/v2\/posts"}],"about":[{"href":"https:\/\/www.biancoscuro.it\/site\/wp-json\/wp\/v2\/types\/post"}],"author":[{"embeddable":true,"href":"https:\/\/www.biancoscuro.it\/site\/wp-json\/wp\/v2\/users\/917"}],"replies":[{"embeddable":true,"href":"https:\/\/www.biancoscuro.it\/site\/wp-json\/wp\/v2\/comments?post=8900"}],"version-history":[{"count":0,"href":"https:\/\/www.biancoscuro.it\/site\/wp-json\/wp\/v2\/posts\/8900\/revisions"}],"wp:featuredmedia":[{"embeddable":true,"href":"https:\/\/www.biancoscuro.it\/site\/wp-json\/wp\/v2\/media\/8901"}],"wp:attachment":[{"href":"https:\/\/www.biancoscuro.it\/site\/wp-json\/wp\/v2\/media?parent=8900"}],"wp:term":[{"taxonomy":"category","embeddable":true,"href":"https:\/\/www.biancoscuro.it\/site\/wp-json\/wp\/v2\/categories?post=8900"},{"taxonomy":"post_tag","embeddable":true,"href":"https:\/\/www.biancoscuro.it\/site\/wp-json\/wp\/v2\/tags?post=8900"}],"curies":[{"name":"wp","href":"https:\/\/api.w.org\/{rel}","templated":true}]}}