{"id":9589,"date":"2019-09-03T10:40:44","date_gmt":"2019-09-03T08:40:44","guid":{"rendered":"https:\/\/www.biancoscuro.it\/site\/?p=9589"},"modified":"2019-09-06T12:30:05","modified_gmt":"2019-09-06T10:30:05","slug":"il-sangue-delle-donne-tracce-di-rosso-sul-panno-bianco","status":"publish","type":"post","link":"https:\/\/www.biancoscuro.it\/site\/il-sangue-delle-donne-tracce-di-rosso-sul-panno-bianco\/","title":{"rendered":"Il sangue delle donne. Tracce di rosso sul panno bianco"},"content":{"rendered":"<span class=\"span-reading-time rt-reading-time\" style=\"display: block;\"><span class=\"rt-label rt-prefix\">\u23f0 lettura <\/span> <span class=\"rt-time\"> 3<\/span> <span class=\"rt-label rt-postfix\">min. <br><br><\/span><\/span>\n<figure class=\"wp-block-image\"><img loading=\"lazy\" decoding=\"async\" width=\"683\" height=\"1024\" src=\"https:\/\/www.biancoscuro.it\/site\/wp-content\/uploads\/2019\/09\/2-Isabella-DucrotIl-sangue-\u00e8-rosso-2016-ph-Claire-de-Virieu-683x1024.jpg\" alt=\"\" class=\"wp-image-9590\" srcset=\"https:\/\/www.biancoscuro.it\/site\/wp-content\/uploads\/2019\/09\/2-Isabella-DucrotIl-sangue-\u00e8-rosso-2016-ph-Claire-de-Virieu-683x1024.jpg 683w, https:\/\/www.biancoscuro.it\/site\/wp-content\/uploads\/2019\/09\/2-Isabella-DucrotIl-sangue-\u00e8-rosso-2016-ph-Claire-de-Virieu-200x300.jpg 200w, https:\/\/www.biancoscuro.it\/site\/wp-content\/uploads\/2019\/09\/2-Isabella-DucrotIl-sangue-\u00e8-rosso-2016-ph-Claire-de-Virieu-768x1151.jpg 768w, https:\/\/www.biancoscuro.it\/site\/wp-content\/uploads\/2019\/09\/2-Isabella-DucrotIl-sangue-\u00e8-rosso-2016-ph-Claire-de-Virieu-600x899.jpg 600w, https:\/\/www.biancoscuro.it\/site\/wp-content\/uploads\/2019\/09\/2-Isabella-DucrotIl-sangue-\u00e8-rosso-2016-ph-Claire-de-Virieu-1320x1978.jpg 1320w\" sizes=\"auto, (max-width: 683px) 100vw, 683px\" \/><\/figure>\n\n\n\n<p><strong>Presentazione del progetto e del volume<\/strong><br \/>\n<strong>Il sangue delle donne. Tracce di rosso sul panno bianco<\/strong><\/p>\n\n\n\n<p><strong>6 settembre 2019 ore 19.00<\/strong><br \/>\n<strong>Chiesa Ognissanti di Cuti<\/strong><br \/>\nValenzano (BA)<\/p>\n\n\n\n<p><strong>Il giorno 5 settembre 2019 alle ore 19.00 <\/strong>sar\u00e0 inaugurata presso <strong>l\u2019Auditorium Vallisa di Bari, <\/strong>luogo dell\u2019XI secolo dal forte valore simbolico ed evocativo,la mostra <strong>Il sangue delle donne | The blood of women. Tracce di rosso sul panno bianco | Traces of red on a white cloth<\/strong>, ideata e curata da Manuela De Leonardis, promossa dalla<strong> Fondazione Pasquale Battista <\/strong>con il patrocinio dell\u2019Assessorato all\u2019Industria Turistica e Culturale \u2013 Gestione e Valorizzazione dei Beni Culturali della Regione Puglia, del Comune di Bari e dell\u2019Accademia di Belle Arti di Bari, che vede le opere di sessantotto straordinarie artiste internazionali esposte per la prima volta tutte insieme.&nbsp;<\/p>\n\n\n\n<p>Leartiste<strong> Il<\/strong><strong>aria Abbiento, Manal AlDowayan, Adele Angelone, Elizabeth Aro, Wafa Bahai, Alessandra Baldoni, Carolle B\u00e9nitah, Takoua Ben Mohamed, Sa\u0161a Bezjak, Tomaso Binga, Rosina Byrne, Giovanna Caimmi, Primarosa Cesarini Sforza, Rupa Chordia-Samdaria, Sara Ciuffetta, Lea Contestabile, Karmen Corak, Mila Dau, Vlasta Delimar, Kristien De Neve, Maria Diana, Isabella Ducrot, Nil\u00fcfer Ergin, Cristiana Fasano, Maimuna Feroze-Nana, Simona Filippini, Emita Frigato, Pilar, Barbara e Stella Marina Gallas, Silvia Giambrone, Felicity Griffin Clark, Ma\u00efmouna Guerresi, Susan Harbage Page, Sasha Huber, Susan Kammerer, Fariba Karimi, Egl\u0117 Kuckait\u0117, Hanako Kumazawa, Silvia Levenson, Wenwen (Vivienne) Liu, L\u00f4w (Estabrak Al Ansari, Raiya Al Rawahi, Tara Al Dughaither), Barbara Luisi, Anja Luithle, Victoria Manganiello, Florencia Martinez, Patrizia Molinari, Elly Nagaoka, Ana Maria Negar\u0103, Yasuko Oki, Novella Oliana, Sonya Orfalian, Lina Pallotta, Sara Palmieri, Chiara Pellegrin, Sofia Rocchetti, Elisa Roggio, Anna Romanello, Paola Romoli Venturi, Virginia Ryan, Cinzia Sarto, Ivana Spinelli, Silvia Stucky, Ketty Tagliatti, Judy Tuwaletstiwa, Laura VdB Facchini, Maria Angeles Vila, Nicole Voltan, Ruchika Wason Singh e Deborah Willis <\/strong>hanno accolto l\u2019invito &#8211; e la sfida &#8211; a partecipare a questo progetto corale che vede al centro della ricerca artistica un oggetto ormai quasi dimenticato: <em>il<\/em> <em>panno di lino<\/em>, un tempo usato per tamponare e assorbire il flusso mestruale.&nbsp;<\/p>\n\n\n\n<p>Un\u2019indagine coraggiosa che si \u00e8 sviluppata tra il 2014 e il 2018 affrontando molti aspetti legati al femminile, alcuni dei quali ancora tab\u00f9 sia in occidente che nel resto del mondo: la nascita, la pubert\u00e0, le mestruazioni, la menopausa, la sessualit\u00e0, i legami familiari, la violenza, il femminicidio.&nbsp;<\/p>\n\n\n\n<p>Nelle mani di queste artiste la \u201cpezza\u201d diventa portavoce di riflessioni che vanno al di l\u00e0 dei confini di genere: storie anonime, storie conosciute, storie di ordinaria quotidianit\u00e0, raccontate in prima persona, metabolizzate e rielaborate ricorrendo talvolta alla metafora, al potere dell\u2019ironia, alla citazione letteraria o pittorica, alla dimensione della poesia.&nbsp;<\/p>\n\n\n\n<p>Nel 2015 la mostra delle prime 14 opere \u00e8 stata esposta con la co-curatela di Rossella Alessandrucci e l\u2019organizzazione di LaStellina ArteContemporanea presso la Casa Internazionale delle Donne di Roma e nel 2016 presso il Teatro Stabile comunale di Isola del Liri (Frosinone). Successivamente sono state organizzate esposizioni presso il Centro per l\u2019Arte Contemporanea La Rocca di Umbertide (Perugia); Galerija Forum di Zagabria; Galeria Rigo di Novigrad-Cittanova (Croazia) e nel Monastero di S. Benedetto di Conversano (Bari) nell\u2019ambito del progetto La Citt\u00e0 delle Donne curato da Rocco De Benedictis (2017); Palazzo Fibbioni, L\u2019Aquila e Reparto di Radioterapia Oncologica &#8211; Ospedale Clinicizzato SS. Annunziata di Chieti (2018).&nbsp;<\/p>\n\n\n\n<p>Del progetto e del volume <strong>Il sangue delle donne | The blood of women. Tracce di rosso sul panno bianco | Traces of red on a white cloth<\/strong>, in cui sono raccolte le opere e i testi scritti dalle 68 artiste e realizzato con il sostegno della Fondazione Pasquale Battista (Postmedia Books 2019) si parler\u00e0 il <strong>6 settembre 2019 alle ore 19.00<\/strong>, in uno dei pi\u00f9 importanti edifici religiosi della provincia di Bari, la <strong>Chiesa di Ognissanti di Cuti<\/strong> &#8211; Valenzano (BA).&nbsp;<\/p>\n\n\n\n<p>L\u2019appuntamento \u00e8 organizzato dall&#8217;Associazione Triggianesi di Puglia nel mondo e vedr\u00e0 la partecipazione di <strong>Annalisa Zito<\/strong>, Direttrice della Fondazione Pasquale Battista, <strong>Rosanna Ventrella<\/strong>, Presidente dell\u2019Associazione Triggianesi di Puglia nel mondo, <strong>Manuela De Leonardis<\/strong>, storica dell\u2019arte e curatrice, e alcune artiste protagoniste del progetto.&nbsp;<\/p>\n\n\n\n<p><em>In copertina: ISABELLA DUCROT, Il sangue \u00e8 rosso, 2016 (ph Claire de Virieu) &#8211; Courtesy Isabella Ducrot for Fondazione Pasquale Battista<\/em><\/p>\n\n\n\n<pre class=\"wp-block-preformatted\"><strong>INFO<\/strong>\n<strong>Il sangue delle donne | The blood of women\u00a0<\/strong>\n<strong>Tracce di rosso sul panno bianco | Traces of red on a white cloth<\/strong>\n A cura di Manuela De Leonardis\n\n<strong>Inaugurazione 5 settembre 2019 ore 19.00<\/strong>\n\n<strong>Auditorium Vallisa<\/strong>\nPiazza del Ferrarese 4 - Bari\n<strong>Dal 5 al 19 settembre 2019<\/strong>\n\n<strong>Inaugurazione 5 settembre 2019 ore 19.00<\/strong>\n<strong>Auditorium Vallisa<\/strong>\nPiazza del Ferrarese 4 - Bari\n\n<strong>Dal 5 al 19 settembre 2019<\/strong>\n<strong>Orari: <\/strong>tutti i giorni 10.00\/13.00 - 17.30\/21.30\n<strong>Ingresso libero<\/strong>\n<strong>**********<\/strong>\n<a href=\"mailto:direzione@fondazionepasqualebattista.it\">direzione@fondazionepasqualebattista.it<\/a>\n<a href=\"http:\/\/www.fondazionepasqualebattista.it\">www.fondazionepasqualebattista.it<\/a><\/pre>\n","protected":false},"excerpt":{"rendered":"<p><span class=\"span-reading-time rt-reading-time\" style=\"display: block;\"><span class=\"rt-label rt-prefix\">\u23f0 lettura <\/span> <span class=\"rt-time\"> 3<\/span> <span class=\"rt-label rt-postfix\">min. <\/p>\n<p><\/span><\/span>Presentazione del progetto e del volume Il sangue delle donne. Tracce di rosso sul panno bianco 6 settembre 2019 ore 19.00 Chiesa Ognissanti di Cuti Valenzano (BA) Il giorno 5 settembre 2019 alle ore 19.00 sar\u00e0 inaugurata presso l\u2019Auditorium Vallisa di Bari, luogo dell\u2019XI secolo dal forte valore simbolico ed evocativo,la mostra Il sangue delle&hellip;&nbsp;<a href=\"https:\/\/www.biancoscuro.it\/site\/il-sangue-delle-donne-tracce-di-rosso-sul-panno-bianco\/\" rel=\"bookmark\">Leggi tutto &raquo;<span class=\"screen-reader-text\">Il sangue delle donne. Tracce di rosso sul panno bianco<\/span><\/a><\/p>\n","protected":false},"author":980,"featured_media":9591,"comment_status":"open","ping_status":"closed","sticky":false,"template":"","format":"standard","meta":{"neve_meta_sidebar":"","neve_meta_container":"","neve_meta_enable_content_width":"","neve_meta_content_width":0,"neve_meta_title_alignment":"","neve_meta_author_avatar":"","neve_post_elements_order":"","neve_meta_disable_header":"","neve_meta_disable_footer":"","neve_meta_disable_title":"","advanced_seo_description":"","jetpack_seo_html_title":"","jetpack_seo_noindex":false,"footnotes":""},"categories":[5,26,334,27,24,23],"tags":[],"class_list":["post-9589","post","type-post","status-publish","format-standard","has-post-thumbnail","hentry","category-arte","category-eventi","category-installazioni","category-manifestazione","category-mostre","category-pubblicazione-2"],"jetpack_featured_media_url":"https:\/\/www.biancoscuro.it\/site\/wp-content\/uploads\/2019\/09\/copertina-per-sito-copia.jpg","jetpack_sharing_enabled":true,"jetpack-related-posts":[{"id":8985,"url":"https:\/\/www.biancoscuro.it\/site\/presentazione-del-volume-il-sangue-delle-donne-tracce-di-rosso-sul-panno-bianco\/","url_meta":{"origin":9589,"position":0},"title":"Presentazione del volume &#8220;Il sangue delle donne. Tracce di rosso sul panno bianco&#8221;","author":"Roberta Melasecca","date":"4 Aprile 2019","format":false,"excerpt":"Museo Pignatelli\u00a0 Venerd\u00ec 5 aprile 2019 ore 11.30 Presentazione del volume Il sangue delle donne. Tracce di rosso sul panno bianco Postmedia Books a cura di Manuela De Leonardis Venerd\u00ec 5 aprile 2019 verr\u00e0 presentato, in collaborazione con ilPolo museale della Campania,il libro \u201cIl sangue delle donne. Tracce di rosso\u2026","rel":"","context":"In &quot;arte&quot;","block_context":{"text":"arte","link":"https:\/\/www.biancoscuro.it\/site\/category\/arte\/"},"img":{"alt_text":"","src":"https:\/\/i0.wp.com\/www.biancoscuro.it\/site\/wp-content\/uploads\/2019\/04\/Invito-Napoli-5-aprile-copia.jpg?resize=350%2C200&ssl=1","width":350,"height":200,"srcset":"https:\/\/i0.wp.com\/www.biancoscuro.it\/site\/wp-content\/uploads\/2019\/04\/Invito-Napoli-5-aprile-copia.jpg?resize=350%2C200&ssl=1 1x, https:\/\/i0.wp.com\/www.biancoscuro.it\/site\/wp-content\/uploads\/2019\/04\/Invito-Napoli-5-aprile-copia.jpg?resize=525%2C300&ssl=1 1.5x"},"classes":[]},{"id":9125,"url":"https:\/\/www.biancoscuro.it\/site\/presentazione-libro-il-sangue-delle-donne-tracce-di-rosso-sul-panno-bianco\/","url_meta":{"origin":9589,"position":1},"title":"Presentazione libro &#8220;Il sangue delle donne. Tracce di rosso sul panno bianco&#8221;","author":"Roberta Melasecca","date":"14 Maggio 2019","format":false,"excerpt":"Presentazione Il sangue delle donne. Tracce di rosso sul panno bianco Postmedia Books a cura di Manuela De Leonardis Gioved\u00ec 16 maggio 2019 ore 18.00 Sala Lettura MACRO Museo d\u2019Arte Contemporanea Via Nizza 138 - Roma Gioved\u00ec 16 maggio 2019 alle ore 18.00, presso la sala Lettura del MACRO Museo\u2026","rel":"","context":"In &quot;arte&quot;","block_context":{"text":"arte","link":"https:\/\/www.biancoscuro.it\/site\/category\/arte\/"},"img":{"alt_text":"","src":"https:\/\/i0.wp.com\/www.biancoscuro.it\/site\/wp-content\/uploads\/2019\/05\/evento-Roma-2019-MACRO-copia.jpg?resize=350%2C200&ssl=1","width":350,"height":200,"srcset":"https:\/\/i0.wp.com\/www.biancoscuro.it\/site\/wp-content\/uploads\/2019\/05\/evento-Roma-2019-MACRO-copia.jpg?resize=350%2C200&ssl=1 1x, https:\/\/i0.wp.com\/www.biancoscuro.it\/site\/wp-content\/uploads\/2019\/05\/evento-Roma-2019-MACRO-copia.jpg?resize=525%2C300&ssl=1 1.5x, https:\/\/i0.wp.com\/www.biancoscuro.it\/site\/wp-content\/uploads\/2019\/05\/evento-Roma-2019-MACRO-copia.jpg?resize=700%2C400&ssl=1 2x, https:\/\/i0.wp.com\/www.biancoscuro.it\/site\/wp-content\/uploads\/2019\/05\/evento-Roma-2019-MACRO-copia.jpg?resize=1050%2C600&ssl=1 3x, https:\/\/i0.wp.com\/www.biancoscuro.it\/site\/wp-content\/uploads\/2019\/05\/evento-Roma-2019-MACRO-copia.jpg?resize=1400%2C800&ssl=1 4x"},"classes":[]},{"id":8842,"url":"https:\/\/www.biancoscuro.it\/site\/presentazione-del-libro-il-sangue-delle-donne-tracce-di-rosso-sul-panno-bianco\/","url_meta":{"origin":9589,"position":2},"title":"Presentazione del libro &#8220;Il sangue delle donne. Tracce di rosso sul panno bianco&#8221;","author":"Roberta Melasecca","date":"11 Marzo 2019","format":false,"excerpt":"Presentazione del libro Il sangue delle donne. Tracce di rosso sul panno bianco a cura di Manuela De Leonardis Postmedia Books Venerd\u00ec 15 marzoore 17.00 Sala delle Colonne Galleria Nazionale d\u2019Arte Moderna e ContemporaneaIngresso Libero Intervengono: Manuela De Leonardis, storica dell\u2019arte e curatriceAnnalisa Zito, direttrice della Fondazione Pasquale BattistaMaria Cristina\u2026","rel":"","context":"In &quot;arte&quot;","block_context":{"text":"arte","link":"https:\/\/www.biancoscuro.it\/site\/category\/arte\/"},"img":{"alt_text":"","src":"https:\/\/i0.wp.com\/www.biancoscuro.it\/site\/wp-content\/uploads\/2019\/03\/evento-Roma-2019.jpg?resize=350%2C200&ssl=1","width":350,"height":200,"srcset":"https:\/\/i0.wp.com\/www.biancoscuro.it\/site\/wp-content\/uploads\/2019\/03\/evento-Roma-2019.jpg?resize=350%2C200&ssl=1 1x, https:\/\/i0.wp.com\/www.biancoscuro.it\/site\/wp-content\/uploads\/2019\/03\/evento-Roma-2019.jpg?resize=525%2C300&ssl=1 1.5x, https:\/\/i0.wp.com\/www.biancoscuro.it\/site\/wp-content\/uploads\/2019\/03\/evento-Roma-2019.jpg?resize=700%2C400&ssl=1 2x"},"classes":[]},{"id":8826,"url":"https:\/\/www.biancoscuro.it\/site\/presentazione-il-sangue-delle-donne-tracce-di-rosso-sul-panno-bianco\/","url_meta":{"origin":9589,"position":3},"title":"Presentazione &#8220;Il sangue delle donne. Tracce di rosso sul panno bianco&#8221;","author":"Roberta Melasecca","date":"4 Marzo 2019","format":false,"excerpt":"Venerd\u00ec 8 marzo 2019 alle ore 10.30, presso la Mediateca Regionale Pugliese di Bari, verr\u00e0 presentato il libro \u201cIl sangue delle donne. Tracce di rosso sul panno bianco\u201d, a cura di Manuela De Leonardis, edito da Postmedia Books.\u00a0 Interverranno Giusy Petruzzelli, docente di Storia dell'arte e vicedirettrice dell'Accademia di Belle\u2026","rel":"","context":"In &quot;arte&quot;","block_context":{"text":"arte","link":"https:\/\/www.biancoscuro.it\/site\/category\/arte\/"},"img":{"alt_text":"","src":"https:\/\/i0.wp.com\/www.biancoscuro.it\/site\/wp-content\/uploads\/2019\/03\/evento-Bari-2019-web.jpg?resize=350%2C200&ssl=1","width":350,"height":200,"srcset":"https:\/\/i0.wp.com\/www.biancoscuro.it\/site\/wp-content\/uploads\/2019\/03\/evento-Bari-2019-web.jpg?resize=350%2C200&ssl=1 1x, https:\/\/i0.wp.com\/www.biancoscuro.it\/site\/wp-content\/uploads\/2019\/03\/evento-Bari-2019-web.jpg?resize=525%2C300&ssl=1 1.5x"},"classes":[]},{"id":7850,"url":"https:\/\/www.biancoscuro.it\/site\/monica-pirone-home-sweet-home\/","url_meta":{"origin":9589,"position":4},"title":"Monica. Pirone Home Sweet Home","author":"Roberta Melasecca","date":"20 Settembre 2018","format":false,"excerpt":"Il giorno 23 settembre 2018 alle ore 19.00 Horti Lamiani Bettiv\u00f2 presenta la mostra personale Home Sweet Home di Monica Pirone a cura di Michela Becchis e Domenico Giglio.","rel":"","context":"In &quot;arte&quot;","block_context":{"text":"arte","link":"https:\/\/www.biancoscuro.it\/site\/category\/arte\/"},"img":{"alt_text":"","src":"https:\/\/i0.wp.com\/www.biancoscuro.it\/site\/wp-content\/uploads\/2018\/09\/Monica-Pirone-3.jpg?resize=350%2C200&ssl=1","width":350,"height":200,"srcset":"https:\/\/i0.wp.com\/www.biancoscuro.it\/site\/wp-content\/uploads\/2018\/09\/Monica-Pirone-3.jpg?resize=350%2C200&ssl=1 1x, https:\/\/i0.wp.com\/www.biancoscuro.it\/site\/wp-content\/uploads\/2018\/09\/Monica-Pirone-3.jpg?resize=525%2C300&ssl=1 1.5x, https:\/\/i0.wp.com\/www.biancoscuro.it\/site\/wp-content\/uploads\/2018\/09\/Monica-Pirone-3.jpg?resize=700%2C400&ssl=1 2x"},"classes":[]},{"id":7754,"url":"https:\/\/www.biancoscuro.it\/site\/giovanna-ranaldi-rosso-e-bosco\/","url_meta":{"origin":9589,"position":5},"title":"Giovanna Ranaldi. Rosso e Bosco","author":"Roberta Melasecca","date":"12 Settembre 2018","format":false,"excerpt":"13 settembre 2018 ore 19.00 | Officinenove | RomaA cura di Michela Becchis Il giorno 13 settembre 2018 alle ore 19.00, Officinenove presenta la mostra personale Rosso e Bosco di Giovanna Ranaldi a cura di Michela Becchis e con l\u2019allestimento di Monika Pirone: saranno esposte le tavole, realizzate con tecniche\u2026","rel":"","context":"In &quot;arte&quot;","block_context":{"text":"arte","link":"https:\/\/www.biancoscuro.it\/site\/category\/arte\/"},"img":{"alt_text":"","src":"https:\/\/i0.wp.com\/www.biancoscuro.it\/site\/wp-content\/uploads\/2018\/09\/Giovanna-Ranaldi.-Rosso-e-bosco.jpg?resize=350%2C200&ssl=1","width":350,"height":200,"srcset":"https:\/\/i0.wp.com\/www.biancoscuro.it\/site\/wp-content\/uploads\/2018\/09\/Giovanna-Ranaldi.-Rosso-e-bosco.jpg?resize=350%2C200&ssl=1 1x, https:\/\/i0.wp.com\/www.biancoscuro.it\/site\/wp-content\/uploads\/2018\/09\/Giovanna-Ranaldi.-Rosso-e-bosco.jpg?resize=525%2C300&ssl=1 1.5x, https:\/\/i0.wp.com\/www.biancoscuro.it\/site\/wp-content\/uploads\/2018\/09\/Giovanna-Ranaldi.-Rosso-e-bosco.jpg?resize=700%2C400&ssl=1 2x, https:\/\/i0.wp.com\/www.biancoscuro.it\/site\/wp-content\/uploads\/2018\/09\/Giovanna-Ranaldi.-Rosso-e-bosco.jpg?resize=1050%2C600&ssl=1 3x"},"classes":[]}],"_links":{"self":[{"href":"https:\/\/www.biancoscuro.it\/site\/wp-json\/wp\/v2\/posts\/9589","targetHints":{"allow":["GET"]}}],"collection":[{"href":"https:\/\/www.biancoscuro.it\/site\/wp-json\/wp\/v2\/posts"}],"about":[{"href":"https:\/\/www.biancoscuro.it\/site\/wp-json\/wp\/v2\/types\/post"}],"author":[{"embeddable":true,"href":"https:\/\/www.biancoscuro.it\/site\/wp-json\/wp\/v2\/users\/980"}],"replies":[{"embeddable":true,"href":"https:\/\/www.biancoscuro.it\/site\/wp-json\/wp\/v2\/comments?post=9589"}],"version-history":[{"count":0,"href":"https:\/\/www.biancoscuro.it\/site\/wp-json\/wp\/v2\/posts\/9589\/revisions"}],"wp:featuredmedia":[{"embeddable":true,"href":"https:\/\/www.biancoscuro.it\/site\/wp-json\/wp\/v2\/media\/9591"}],"wp:attachment":[{"href":"https:\/\/www.biancoscuro.it\/site\/wp-json\/wp\/v2\/media?parent=9589"}],"wp:term":[{"taxonomy":"category","embeddable":true,"href":"https:\/\/www.biancoscuro.it\/site\/wp-json\/wp\/v2\/categories?post=9589"},{"taxonomy":"post_tag","embeddable":true,"href":"https:\/\/www.biancoscuro.it\/site\/wp-json\/wp\/v2\/tags?post=9589"}],"curies":[{"name":"wp","href":"https:\/\/api.w.org\/{rel}","templated":true}]}}