{"id":986,"date":"2014-03-25T14:39:55","date_gmt":"2014-03-25T14:39:55","guid":{"rendered":"http:\/\/www.biancoscuro.it\/site\/?p=986"},"modified":"2014-03-26T09:23:44","modified_gmt":"2014-03-26T09:23:44","slug":"mille-sfumature-di-colori-a-vernice-art-fair","status":"publish","type":"post","link":"https:\/\/www.biancoscuro.it\/site\/mille-sfumature-di-colori-a-vernice-art-fair\/","title":{"rendered":"Mille sfumature di colori a Vernice Art Fair"},"content":{"rendered":"<span class=\"span-reading-time rt-reading-time\" style=\"display: block;\"><span class=\"rt-label rt-prefix\">\u23f0 lettura <\/span> <span class=\"rt-time\"> 3<\/span> <span class=\"rt-label rt-postfix\">min. <br><br><\/span><\/span><p>Forl\u00ec si \u00e8 colorata di mille sfumature e riempita di progetti realizzati e sogni, teorie e concretezza con la <strong>12 edizione di Vernice Art Fair<\/strong>, tenutasi dal 21 al 23 marzo 2014.<\/p>\n<div>Tanti gli artisti presenti, <strong>pittori<\/strong> e <strong>scultori<\/strong>, ma anche tanti <strong>fotografi<\/strong> e naturalmente <strong>Associazioni<\/strong> ed <strong>Editori<\/strong>. Tutti hanno esposto le proprie opere al meglio, con la speranza che oltre al <strong>Dott. Giorgio Grasso<\/strong>, presente fra gli stand tutti i giorni della fiera, anche l&#8217;On.<strong>Vittorio Sgarbi<\/strong> potesse notarli.<\/div>\n<div>Indimenticabile l&#8217;installazione &#8220;<strong>Cenere<\/strong>&#8221; di <strong>Ignazio Fresu,<\/strong> un vero e proprio percorso negli oggetti che magistralmente sistema l&#8217;artista, nessuno ha resistito a non fermarsi ad ammirare l&#8217;opera di Fresu, sempre presente nelle grandi manifestazioni e sempre con un nuovo carico di messaggi da farci capire.<\/div>\n<div><figure id=\"attachment_996\" aria-describedby=\"caption-attachment-996\" style=\"width: 500px\" class=\"wp-caption alignnone\"><img loading=\"lazy\" decoding=\"async\" class=\"size-full wp-image-996 \" alt=\"FRESU vernice art fair 2014 - biancoscuro art magazine\" src=\"http:\/\/www.biancoscuro.it\/site\/wp-content\/uploads\/2014\/03\/DSC_8119.jpg\" width=\"500\" height=\"332\" srcset=\"https:\/\/www.biancoscuro.it\/site\/wp-content\/uploads\/2014\/03\/DSC_8119.jpg 500w, https:\/\/www.biancoscuro.it\/site\/wp-content\/uploads\/2014\/03\/DSC_8119-300x199.jpg 300w\" sizes=\"auto, (max-width: 500px) 100vw, 500px\" \/><figcaption id=\"caption-attachment-996\" class=\"wp-caption-text\">CENERE di IGNAZIO FRESU @ vernice art fair 2014 &#8211; Photo by liberementi [www.liberementi.it] per Biancoscuro Rivista d&#8217;Arte [www.biancoscuro.it]<\/figcaption><\/figure><\/div>\n<div>Tra gli eventi collaterali &#8220;<strong>Protagonisti<\/strong>&#8220;, a cura di Rodolfo Bertozzi e Francesca Caldari, sei artisti diversi per tecniche, materiali, pensiero, ma egualmente talentuosi. Tutti insieme dimostrano che l&#8217;arte \u00e8 viva e presente in qualunque forma si manifesti.<\/div>\n<div>Abbiamo rivisto con piacere &#8220;<strong>All you need is paint<\/strong>&#8220;, mostra collettiva itinerante dedicata ai Beatles, siamo stati piacevolmente sorpresi dalla creativit\u00e0 dei bambini che hanno partecipato al concorso d&#8217;arte per le scuole primarie e secondaria.<\/div>\n<div>Domenica pomeriggio il padiglione dedicato a Vernice \u00e8 stato letteralmente preso d&#8217;assalto, tra la folla appassionati, artisti, collezionisti, tanti i visitatori che oltre ad ammirare le bellissime opere esposte hanno avuto modo di ascoltare le parole di Giorgio Grasso nella conferenza &#8220;Il Potere dell&#8217;Arte&#8221;.<\/div>\n<div><figure id=\"attachment_988\" aria-describedby=\"caption-attachment-988\" style=\"width: 500px\" class=\"wp-caption alignnone\"><a href=\"http:\/\/www.biancoscuro.it\/site\/wp-content\/uploads\/2014\/03\/DSC_8461.jpg\"><img loading=\"lazy\" decoding=\"async\" class=\"size-full wp-image-988\" alt=\"VITTORIO SGARBI GIORGIO GRASSO - vernice art fair 2014 - biancoscuro art magazine\" src=\"http:\/\/www.biancoscuro.it\/site\/wp-content\/uploads\/2014\/03\/DSC_8461.jpg\" width=\"500\" height=\"332\" srcset=\"https:\/\/www.biancoscuro.it\/site\/wp-content\/uploads\/2014\/03\/DSC_8461.jpg 500w, https:\/\/www.biancoscuro.it\/site\/wp-content\/uploads\/2014\/03\/DSC_8461-300x199.jpg 300w\" sizes=\"auto, (max-width: 500px) 100vw, 500px\" \/><\/a><figcaption id=\"caption-attachment-988\" class=\"wp-caption-text\">VITTORIO SGARBI e GIORGIO GRASSO @ vernice art fair 2014 &#8211; Photo by liberementi [www.liberementi.it] per Biancoscuro Rivista d&#8217;Arte [www.biancoscuro.it]<\/figcaption><\/figure><\/div>\n<p><strong>Grasso<\/strong> ha parlato di come gli ora emergenti saranno i futuri &#8220;<strong>Picasso, Kandinsky, Klimt<\/strong>&#8220;, solo per citarne alcuni, ha esortato i collezionisti a scovare i grandi talenti, comprare le loro opere ed esporle, per poter regalare la loro bellezza anche a chi ancora non li possiede.<br \/>\nDopo di lui \u00e8 stata la volta dell&#8217;<strong>On.Vittorio Sgarbi<\/strong>, anche lui noto critico d&#8217;Arte, che ha presentato il suo nuovo libro e si \u00e8 piacevolmente fermato a firmarne alcune copie ed ha ammirato anche lui la creativit\u00e0 ed il talento degli artisti esposti a Vernice concedendosi una veloce passeggiata fra gli stand: una conferma ancora maggiore di quanto alto sia il livello di questa manifestazione.<\/p>\n<div>\u00a0<figure id=\"attachment_989\" aria-describedby=\"caption-attachment-989\" style=\"width: 500px\" class=\"wp-caption alignnone\"><img loading=\"lazy\" decoding=\"async\" class=\"size-full wp-image-989\" alt=\"vernice art fair 2014 - biancoscuro art magazine\" src=\"http:\/\/www.biancoscuro.it\/site\/wp-content\/uploads\/2014\/03\/DSC_8223.jpg\" width=\"500\" height=\"332\" srcset=\"https:\/\/www.biancoscuro.it\/site\/wp-content\/uploads\/2014\/03\/DSC_8223.jpg 500w, https:\/\/www.biancoscuro.it\/site\/wp-content\/uploads\/2014\/03\/DSC_8223-300x199.jpg 300w\" sizes=\"auto, (max-width: 500px) 100vw, 500px\" \/><figcaption id=\"caption-attachment-989\" class=\"wp-caption-text\">TERRA PROMESSA di FABLO&#8217;-VINCZELA @ vernice art fair 2014 &#8211; Photo by liberementi [www.liberementi.it] per Biancoscuro Rivista d&#8217;Arte [www.biancoscuro.it]<\/figcaption><\/figure><\/div>\n<p>Ma la domenica ha visto anche la premiazione del concorso Coin\u00e8 per l&#8217;Arte, legato a Vernice Art Fair 2014. Tra gli artisti selezionati <strong>Alessandro Casetti<\/strong>, con l&#8217;opera &#8220;Il ribelle&#8221;, realizzata con fuoco e cera su assi di legno, <strong>Giorgio Gost<\/strong> con l&#8217;opera &#8220;N.1493 percorso nella old economy&#8221;, tecnica mista su tela, <strong>Svitlana Itsenko<\/strong> (vincitrice del premio della stampa) con &#8220;Natura al risveglio&#8221;, olio su tela del 2012, <strong>Eugenio Marchesi<\/strong>, artista fotografo che con la sua &#8220;Propagazione&#8221;, stampa fotografica gicl\u00e8e, ha riscosso molto interesse.<\/p>\n<p><figure id=\"attachment_987\" aria-describedby=\"caption-attachment-987\" style=\"width: 500px\" class=\"wp-caption alignnone\"><a href=\"http:\/\/www.biancoscuro.it\/site\/wp-content\/uploads\/2014\/03\/DSC_8385.jpg\"><img loading=\"lazy\" decoding=\"async\" class=\"size-full wp-image-987\" alt=\"vernice art fair 2014 - biancoscuro art magazine\" src=\"http:\/\/www.biancoscuro.it\/site\/wp-content\/uploads\/2014\/03\/DSC_8385.jpg\" width=\"500\" height=\"332\" srcset=\"https:\/\/www.biancoscuro.it\/site\/wp-content\/uploads\/2014\/03\/DSC_8385.jpg 500w, https:\/\/www.biancoscuro.it\/site\/wp-content\/uploads\/2014\/03\/DSC_8385-300x199.jpg 300w\" sizes=\"auto, (max-width: 500px) 100vw, 500px\" \/><\/a><figcaption id=\"caption-attachment-987\" class=\"wp-caption-text\">VINCENZO CHETTA ed il vincitore del concorso COINE, DONATO LAROTONDA @ vernice art fair 2014 &#8211; Photo by liberementi [www.liberementi.it] per Biancoscuro Rivista d&#8217;Arte [www.biancoscuro.it]<\/figcaption><\/figure>Il concorso ha visto sul podio, al 2 posto exaequo, <strong>Skim<\/strong> con &#8220;Penso che un sogno sia cos\u00ec&#8221;, tecnica mista su tela, e gli artisti <strong>Mirco Mainetti<\/strong> e <strong>Gabriele Catozzi<\/strong>, che insieme hanno realizzato &#8220;<strong>Works<\/strong>&#8220;, una tela incorniciata e corredata di &#8220;finestra&#8221;. Il primo premio, meritatissimo, a <strong>Donato Larotonda<\/strong>, che con il suo &#8220;Dedicato ai sognatori&#8221;, tecnica mista su tela, che ha attirato gli sguardi di tutti i visitatori e su cui tanti si sono soffermati quell&#8217;istante in pi\u00f9.<\/p>\n<div>\n<p>In occasione di Vernice, lo stand\u00a0<strong>Liberementi for Biancoscuro<\/strong> ha avuto un grande spazio a disposizione, dando ancora pi\u00f9 risalto alla rivista d&#8217;Arte Biancoscuro e agli artisti in essa presentati.<\/p>\n<p><strong>Vernice Art Fair 2014<\/strong> si conclude con un bilancio molto positivo, contenti gli artisti espositori e gli organizzatori, a cui vanno i nostri complimenti per la qualit\u00e0 dell&#8217;arte presentata e per l&#8217;organizzazione tutta.<\/p>\n<p><strong><a href=\"https:\/\/www.facebook.com\/media\/set\/?set=a.676459945746179.1073741841.254147374644107&amp;type=1\" target=\"_blank\">Clicca \u00a0qui per guardare la galleria fotografica su Facebook<\/a>.<\/strong><\/p>\n<\/div>\n<div id=\"fb-root\"><\/div>\n<p><script type=\"text\/javascript\">\/\/ < ![CDATA[\n\/\/ < ![CDATA[\n(function(d, s, id) { var js, fjs = d.getElementsByTagName(s)[0]; if (d.getElementById(id)) return; js = d.createElement(s); js.id = id; js.src = \"\/\/connect.facebook.net\/it_IT\/all.js#xfbml=1\"; fjs.parentNode.insertBefore(js, fjs); }(document, 'script', 'facebook-jssdk'));\n\/\/ ]]><\/script><\/p>\n<div class=\"fb-post\" data-href=\"https:\/\/www.facebook.com\/media\/set\/?set=a.676459945746179.1073741841.254147374644107&amp;type=1\" data-width=\"466\">\n<div class=\"fb-xfbml-parse-ignore\"><a href=\"https:\/\/www.facebook.com\/media\/set\/?set=a.676459945746179.1073741841.254147374644107&amp;type=1\">Pubblicazione<\/a> di <a href=\"https:\/\/www.facebook.com\/LibereMenti\">liberementi<\/a>.<\/div>\n<\/div>\n","protected":false},"excerpt":{"rendered":"<p><span class=\"span-reading-time rt-reading-time\" style=\"display: block;\"><span class=\"rt-label rt-prefix\">\u23f0 lettura <\/span> <span class=\"rt-time\"> 3<\/span> <span class=\"rt-label rt-postfix\">min. <\/p>\n<p><\/span><\/span>Forl\u00ec si \u00e8 colorata di mille sfumature e riempita di progetti realizzati e sogni, teorie e concretezza con la 12 edizione di Vernice Art Fair, tenutasi dal 21 al 23 marzo 2014. Tanti gli artisti presenti, pittori e scultori, ma anche tanti fotografi e naturalmente Associazioni ed Editori. Tutti hanno esposto le proprie opere al&hellip;&nbsp;<a href=\"https:\/\/www.biancoscuro.it\/site\/mille-sfumature-di-colori-a-vernice-art-fair\/\" rel=\"bookmark\">Leggi tutto &raquo;<span class=\"screen-reader-text\">Mille sfumature di colori a Vernice Art Fair<\/span><\/a><\/p>\n","protected":false},"author":1,"featured_media":0,"comment_status":"closed","ping_status":"closed","sticky":false,"template":"","format":"standard","meta":{"neve_meta_sidebar":"","neve_meta_container":"","neve_meta_enable_content_width":"","neve_meta_content_width":0,"neve_meta_title_alignment":"","neve_meta_author_avatar":"","neve_post_elements_order":"","neve_meta_disable_header":"","neve_meta_disable_footer":"","neve_meta_disable_title":"","advanced_seo_description":"","jetpack_seo_html_title":"","jetpack_seo_noindex":false,"footnotes":""},"categories":[5,26,25,8,27,6,15,7],"tags":[],"class_list":["post-986","post","type-post","status-publish","format-standard","hentry","category-arte","category-eventi","category-fiere","category-fotografia","category-manifestazione","category-pittura","category-rivista-darte","category-scultura"],"jetpack_featured_media_url":"","jetpack_sharing_enabled":true,"jetpack-related-posts":[{"id":8811,"url":"https:\/\/www.biancoscuro.it\/site\/vernice-art-fair-2019\/","url_meta":{"origin":986,"position":0},"title":"Vernice Art Fair 2019","author":"Redazione BIANCOSCURO","date":"21 Febbraio 2019","format":false,"excerpt":"La 17\u00aa edizione della fiera dedicata agli artisti La 17\u00aa edizione di Vernice Art Fair, sar\u00e0 aperta al pubblico dal 15 al 17 marzo, come di consueto presso la Fiera di Forl\u00ec. Molte le importanti conferme: torner\u00e0 infatti a pregiarsi della presenza di un grande artista che ormai da anni\u2026","rel":"","context":"In &quot;arte&quot;","block_context":{"text":"arte","link":"https:\/\/www.biancoscuro.it\/site\/category\/arte\/"},"img":{"alt_text":"","src":"https:\/\/i0.wp.com\/www.biancoscuro.it\/site\/wp-content\/uploads\/2019\/02\/52586312_536527016756160_7310173073825595392_o.jpg?resize=350%2C200&ssl=1","width":350,"height":200,"srcset":"https:\/\/i0.wp.com\/www.biancoscuro.it\/site\/wp-content\/uploads\/2019\/02\/52586312_536527016756160_7310173073825595392_o.jpg?resize=350%2C200&ssl=1 1x, https:\/\/i0.wp.com\/www.biancoscuro.it\/site\/wp-content\/uploads\/2019\/02\/52586312_536527016756160_7310173073825595392_o.jpg?resize=525%2C300&ssl=1 1.5x, https:\/\/i0.wp.com\/www.biancoscuro.it\/site\/wp-content\/uploads\/2019\/02\/52586312_536527016756160_7310173073825595392_o.jpg?resize=700%2C400&ssl=1 2x, https:\/\/i0.wp.com\/www.biancoscuro.it\/site\/wp-content\/uploads\/2019\/02\/52586312_536527016756160_7310173073825595392_o.jpg?resize=1050%2C600&ssl=1 3x"},"classes":[]},{"id":908,"url":"https:\/\/www.biancoscuro.it\/site\/vernice-art-fair-dal-21-al-23-marzo-2014-forli\/","url_meta":{"origin":986,"position":1},"title":"Vernice Art Fair dal 21 al 23 Marzo 2014 &#8211; Forl\u00ec","author":"Redazione BIANCOSCURO","date":"14 Marzo 2014","format":false,"excerpt":"Vernice art fair 2014 \u00a0fiera d\u2019arte ideata e creata da Romagna Fiere\u00a0per la crescita e la valorizzazione degli artisti e delle associazioni\u00a0culturali. Di anno in anno sempre pi\u00f9 attenta alla scoperta di nuove forme\u00a0espressive, offre la possibilit\u00e0 agli artisti gi\u00e0 affermati di\u00a0consolidare i propri successi e a quelli emergenti di\u2026","rel":"","context":"In &quot;arte&quot;","block_context":{"text":"arte","link":"https:\/\/www.biancoscuro.it\/site\/category\/arte\/"},"img":{"alt_text":"vernice art fair @ biancoscuro rivista d'arte","src":"https:\/\/i0.wp.com\/www.verniceartfair.it\/image\/index_vernice.jpg?resize=350%2C200","width":350,"height":200,"srcset":"https:\/\/i0.wp.com\/www.verniceartfair.it\/image\/index_vernice.jpg?resize=350%2C200 1x, https:\/\/i0.wp.com\/www.verniceartfair.it\/image\/index_vernice.jpg?resize=525%2C300 1.5x, https:\/\/i0.wp.com\/www.verniceartfair.it\/image\/index_vernice.jpg?resize=700%2C400 2x"},"classes":[]},{"id":474,"url":"https:\/\/www.biancoscuro.it\/site\/vernice-art-fair-2013-biancoscuro-rivista-darte\/","url_meta":{"origin":986,"position":2},"title":"Vernice Art Fair 2013 e BIANCOSCURO rivista d&#8217;arte","author":"Redazione BIANCOSCURO","date":"10 Dicembre 2013","format":"gallery","excerpt":"Si \u00e8 conclusa domenica 8 dicembre la prima edizione di Vernice \"Artisti in Fiera\", fiera di arte contemporanea e moderna, in cui gli artisti e le associazioni culturali hanno potuto esporre le loro opere al grande pubblico accorso al polo fieristico di Reggio Emilia. L'inaugurazione si \u00e8 tenuta venerd\u00ec alle\u2026","rel":"","context":"In &quot;arte&quot;","block_context":{"text":"arte","link":"https:\/\/www.biancoscuro.it\/site\/category\/arte\/"},"img":{"alt_text":"","src":"https:\/\/i0.wp.com\/www.biancoscuro.it\/site\/wp-content\/uploads\/2013\/12\/05.jpg?resize=350%2C200&ssl=1","width":350,"height":200,"srcset":"https:\/\/i0.wp.com\/www.biancoscuro.it\/site\/wp-content\/uploads\/2013\/12\/05.jpg?resize=350%2C200&ssl=1 1x, https:\/\/i0.wp.com\/www.biancoscuro.it\/site\/wp-content\/uploads\/2013\/12\/05.jpg?resize=525%2C300&ssl=1 1.5x, https:\/\/i0.wp.com\/www.biancoscuro.it\/site\/wp-content\/uploads\/2013\/12\/05.jpg?resize=700%2C400&ssl=1 2x, https:\/\/i0.wp.com\/www.biancoscuro.it\/site\/wp-content\/uploads\/2013\/12\/05.jpg?resize=1050%2C600&ssl=1 3x"},"classes":[]},{"id":12316,"url":"https:\/\/www.biancoscuro.it\/site\/conclusa-la-18a-edizione-di-vernice-art-fair\/","url_meta":{"origin":986,"position":3},"title":"Conclusa la 18\u00aa edizione di Vernice Art Fair","author":"Redazione BIANCOSCURO","date":"20 Settembre 2021","format":false,"excerpt":"Si \u00e8 tenuta il 17 settembre, presso i padiglioni della Fiera di Forl\u00ec, l\u2019inaugurazione della 18esima edizione di Vernice Art Fair, con il taglio del nastro alla presenza del Sindaco di Forl\u00ec Gian Luca Zattini, il presidente della Fiera di Forl\u00ec Valerio Roccalbegni, la curatrice dell\u2019evento Francesca Caldari e il\u2026","rel":"","context":"In &quot;arte&quot;","block_context":{"text":"arte","link":"https:\/\/www.biancoscuro.it\/site\/category\/arte\/"},"img":{"alt_text":"","src":"https:\/\/i0.wp.com\/www.biancoscuro.it\/site\/wp-content\/uploads\/2021\/09\/WhatsApp-Image-2021-09-19-at-09.58.28.jpg?resize=350%2C200&ssl=1","width":350,"height":200,"srcset":"https:\/\/i0.wp.com\/www.biancoscuro.it\/site\/wp-content\/uploads\/2021\/09\/WhatsApp-Image-2021-09-19-at-09.58.28.jpg?resize=350%2C200&ssl=1 1x, https:\/\/i0.wp.com\/www.biancoscuro.it\/site\/wp-content\/uploads\/2021\/09\/WhatsApp-Image-2021-09-19-at-09.58.28.jpg?resize=525%2C300&ssl=1 1.5x, https:\/\/i0.wp.com\/www.biancoscuro.it\/site\/wp-content\/uploads\/2021\/09\/WhatsApp-Image-2021-09-19-at-09.58.28.jpg?resize=700%2C400&ssl=1 2x"},"classes":[]},{"id":12966,"url":"https:\/\/www.biancoscuro.it\/site\/vernice-art-fair-2022\/","url_meta":{"origin":986,"position":4},"title":"Vernice Art Fair 2022","author":"Vincenzo Chetta","date":"28 Febbraio 2022","format":false,"excerpt":"Dopo il successo dell\u2019edizione straordinaria di settembre 2021, Vernice Art Fair, ritorna a Forl\u00ec dal 4 al 6 marzo 2022 per la 19\u00aa edizione. Ad ampliare l\u2019offerta artistica di Vernice Art Fair ogni anno vengono realizzati eventi artistici per arricchire ulteriormente la visita.Molte le assolute novit\u00e0, prima tra tutte, quella\u2026","rel":"","context":"In &quot;arte&quot;","block_context":{"text":"arte","link":"https:\/\/www.biancoscuro.it\/site\/category\/arte\/"},"img":{"alt_text":"","src":"https:\/\/i0.wp.com\/www.biancoscuro.it\/site\/wp-content\/uploads\/2022\/03\/vaf21.jpg?resize=350%2C200&ssl=1","width":350,"height":200,"srcset":"https:\/\/i0.wp.com\/www.biancoscuro.it\/site\/wp-content\/uploads\/2022\/03\/vaf21.jpg?resize=350%2C200&ssl=1 1x, https:\/\/i0.wp.com\/www.biancoscuro.it\/site\/wp-content\/uploads\/2022\/03\/vaf21.jpg?resize=525%2C300&ssl=1 1.5x, https:\/\/i0.wp.com\/www.biancoscuro.it\/site\/wp-content\/uploads\/2022\/03\/vaf21.jpg?resize=700%2C400&ssl=1 2x"},"classes":[]},{"id":6719,"url":"https:\/\/www.biancoscuro.it\/site\/vernice-art-fair-2018\/","url_meta":{"origin":986,"position":5},"title":"Vernice Art Fair 2018","author":"Redazione BIANCOSCURO","date":"12 Marzo 2018","format":false,"excerpt":"Vernice Art Fair 2018 . 16\u00aa edizione \u00a0A Forl\u00ec dal 16 al 18 marzo 2018\u00a0si torna a dare spazio al talento, alla sperimentazione e all\u2019avanguardia artistica trasformando il quartiere fieristico di via Punta di Ferro in una grande Galleria d\u2019Arte in cui passare in rassegna centinaia di opere di pittura,\u2026","rel":"","context":"In &quot;arte&quot;","block_context":{"text":"arte","link":"https:\/\/www.biancoscuro.it\/site\/category\/arte\/"},"img":{"alt_text":"","src":"https:\/\/i0.wp.com\/www.biancoscuro.it\/site\/wp-content\/uploads\/2018\/03\/KEV8088-600.jpg?resize=350%2C200&ssl=1","width":350,"height":200,"srcset":"https:\/\/i0.wp.com\/www.biancoscuro.it\/site\/wp-content\/uploads\/2018\/03\/KEV8088-600.jpg?resize=350%2C200&ssl=1 1x, https:\/\/i0.wp.com\/www.biancoscuro.it\/site\/wp-content\/uploads\/2018\/03\/KEV8088-600.jpg?resize=525%2C300&ssl=1 1.5x"},"classes":[]}],"_links":{"self":[{"href":"https:\/\/www.biancoscuro.it\/site\/wp-json\/wp\/v2\/posts\/986","targetHints":{"allow":["GET"]}}],"collection":[{"href":"https:\/\/www.biancoscuro.it\/site\/wp-json\/wp\/v2\/posts"}],"about":[{"href":"https:\/\/www.biancoscuro.it\/site\/wp-json\/wp\/v2\/types\/post"}],"author":[{"embeddable":true,"href":"https:\/\/www.biancoscuro.it\/site\/wp-json\/wp\/v2\/users\/1"}],"replies":[{"embeddable":true,"href":"https:\/\/www.biancoscuro.it\/site\/wp-json\/wp\/v2\/comments?post=986"}],"version-history":[{"count":0,"href":"https:\/\/www.biancoscuro.it\/site\/wp-json\/wp\/v2\/posts\/986\/revisions"}],"wp:attachment":[{"href":"https:\/\/www.biancoscuro.it\/site\/wp-json\/wp\/v2\/media?parent=986"}],"wp:term":[{"taxonomy":"category","embeddable":true,"href":"https:\/\/www.biancoscuro.it\/site\/wp-json\/wp\/v2\/categories?post=986"},{"taxonomy":"post_tag","embeddable":true,"href":"https:\/\/www.biancoscuro.it\/site\/wp-json\/wp\/v2\/tags?post=986"}],"curies":[{"name":"wp","href":"https:\/\/api.w.org\/{rel}","templated":true}]}}